{"id":7419,"date":"2026-03-10T14:57:43","date_gmt":"2026-03-10T17:57:43","guid":{"rendered":"https:\/\/diariodelsurdigital.com.ar\/?p=7419"},"modified":"2026-03-10T14:57:44","modified_gmt":"2026-03-10T17:57:44","slug":"el-pj-no-acompano-el-dictamen-para-crear-una-comision-investigadora-de-la-deuda-que-propone-frigerio","status":"publish","type":"post","link":"https:\/\/diariodelsurdigital.com.ar\/?p=7419","title":{"rendered":"El PJ no acompa\u00f1\u00f3 el dictamen para crear una comisi\u00f3n investigadora de la deuda que propone Frigerio"},"content":{"rendered":"\n<p>El bloque \u201cM\u00e1s Para Entre R\u00edos\u201d no acompa\u00f1\u00f3 el dictamen favorable que emiti\u00f3 este martes la Comisi\u00f3n de Legislaci\u00f3n General de la C\u00e1mara de Diputados respecto del proyecto de ley enviado por el Poder Ejecutivo que propone crear una \u201cComisi\u00f3n Especial Investigadora de la Deuda P\u00fablica\u201d. Los motivos.<\/p>\n\n\n\n<p><\/p>\n\n\n\n<p>La presidenta de la bancada justicialista, Laura Stratta, se\u00f1al\u00f3 como principal objeci\u00f3n ante esa iniciativa la existencia de un organismo espec\u00edfico como es la Contadur\u00eda General de la Provincia, que se encarga de auditar la deuda p\u00fablica, y tiene cargada informaci\u00f3n referida a ese tema en su p\u00e1gina web oficial. Igualmente el Tribunal de Cuentas realiza el control posterior en la materia.<\/p>\n\n\n\n<p>Este martes Diputados comienza a tratar el proyecto que crea una comisi\u00f3n para investigar la deuda de Entre R\u00edos<br>En ese sentido, Stratta remarc\u00f3 que se trata de un proyecto \u201cque genera m\u00e1s dudas que certezas y que superpone funciones, en el marco de una comisi\u00f3n en la que el oficialismo va a tener siete de sus nueve integrantes\u201d, dado que el proyecto contempla que la integren tres legisladores por cada C\u00e1mara, indicando que al menos uno de ellos sea de la oposici\u00f3n; adem\u00e1s de tres funcionarios designados por el Ejecutivo provincial.<\/p>\n\n\n\n<p>Igualmente, desde el justicialismo se se\u00f1alaron otros aspectos del proyecto que resultan contradictorios. Por ejemplo, el recorte temporal propuesto inicialmente por el Ejecutivo, que marca el inicio de la investigaci\u00f3n en 1995 cuando se sabe que antes de esa fecha se iniciaron muchas de las situaciones que dieron origen al endeudamiento de las provincias (transferencia de servicios educativos, pactos fiscales, merma de la coparticipaci\u00f3n), por lo que se entiende que el an\u00e1lisis propuesto deber\u00eda comprender al menos lo ocurrido desde 1991.<\/p>\n\n\n\n<p>Tambi\u00e9n desde el justicialismo las diputadas Stratta, Andrea Zoff y Lorena Arrozogaray remarcaron que existen en la sociedad civil organismos capacitados para realizar este trabajo a los cuales no se convoca, ya que el proyecto no incluye especialistas independientes (economistas, universidades, organismos de control externo y representantes de la sociedad civil).<\/p>\n\n\n\n<p>En el mismo sentido, entre otros aspectos, desde el bloque opositor se se\u00f1al\u00f3 -en coincidencia con integrantes de otras bancadas- que el origen de la informaci\u00f3n con la que se deber\u00eda trabajar en la Comisi\u00f3n Investigadora es la Contadur\u00eda, es decir el mismo organismo que resulta indirectamente cuestionado por el supuesto objetivo de creaci\u00f3n de la Comisi\u00f3n de develar aspectos ocultos del endeudamiento provincial; o que no est\u00e1n previstas las responsabilidades de quienes integrar\u00edan la comisi\u00f3n investigadora.<\/p>\n","protected":false},"excerpt":{"rendered":"<p>El bloque \u201cM\u00e1s Para Entre R\u00edos\u201d no acompa\u00f1\u00f3 el dictamen favorable que emiti\u00f3 este martes la Comisi\u00f3n de Legislaci\u00f3n General de la C\u00e1mara de Diputados respecto del proyecto de ley enviado por el Poder Ejecutivo que propone crear una \u201cComisi\u00f3n Especial Investigadora de la Deuda P\u00fablica\u201d. Los motivos. La presidenta de la bancada justicialista, Laura [&hellip;]<\/p>\n","protected":false},"author":4,"featured_media":7420,"comment_status":"open","ping_status":"open","sticky":false,"template":"","format":"standard","meta":{"footnotes":""},"categories":[22,17],"tags":[],"class_list":{"0":"post-7419","1":"post","2":"type-post","3":"status-publish","4":"format-standard","5":"has-post-thumbnail","7":"category-politica","8":"category-provinciales"},"yoast_head":"<!-- This site is optimized with the Yoast SEO plugin v27.4 - https:\/\/yoast.com\/product\/yoast-seo-wordpress\/ -->\n<title>El PJ no acompa\u00f1\u00f3 el dictamen para crear una comisi\u00f3n investigadora de la deuda que propone Frigerio - Diario del Sur<\/title>\n<meta name=\"robots\" content=\"index, follow, max-snippet:-1, max-image-preview:large, max-video-preview:-1\" \/>\n<link rel=\"canonical\" href=\"https:\/\/diariodelsurdigital.com.ar\/?p=7419\" \/>\n<meta property=\"og:locale\" content=\"es_ES\" \/>\n<meta property=\"og:type\" content=\"article\" \/>\n<meta property=\"og:title\" content=\"El PJ no acompa\u00f1\u00f3 el dictamen para crear una comisi\u00f3n investigadora de la deuda que propone Frigerio - Diario del Sur\" \/>\n<meta property=\"og:description\" content=\"El bloque \u201cM\u00e1s Para Entre R\u00edos\u201d no acompa\u00f1\u00f3 el dictamen favorable que emiti\u00f3 este martes la Comisi\u00f3n de Legislaci\u00f3n General de la C\u00e1mara de Diputados respecto del proyecto de ley enviado por el Poder Ejecutivo que propone crear una \u201cComisi\u00f3n Especial Investigadora de la Deuda P\u00fablica\u201d. Los motivos. La presidenta de la bancada justicialista, Laura [&hellip;]\" \/>\n<meta property=\"og:url\" content=\"https:\/\/diariodelsurdigital.com.ar\/?p=7419\" \/>\n<meta property=\"og:site_name\" content=\"Diario del Sur\" \/>\n<meta property=\"article:published_time\" content=\"2026-03-10T17:57:43+00:00\" \/>\n<meta property=\"article:modified_time\" content=\"2026-03-10T17:57:44+00:00\" \/>\n<meta property=\"og:image\" content=\"https:\/\/diariodelsurdigital.com.ar\/wp-content\/uploads\/2026\/03\/md-85.webp\" \/>\n\t<meta property=\"og:image:width\" content=\"992\" \/>\n\t<meta property=\"og:image:height\" content=\"661\" \/>\n\t<meta property=\"og:image:type\" content=\"image\/webp\" \/>\n<meta name=\"author\" content=\"Diario del Sur Digital\" \/>\n<meta name=\"twitter:card\" content=\"summary_large_image\" \/>\n<meta name=\"twitter:label1\" content=\"Escrito por\" \/>\n\t<meta name=\"twitter:data1\" content=\"Diario del Sur Digital\" \/>\n\t<meta name=\"twitter:label2\" content=\"Tiempo de lectura\" \/>\n\t<meta name=\"twitter:data2\" content=\"3 minutos\" \/>\n<script type=\"application\/ld+json\" class=\"yoast-schema-graph\">{\"@context\":\"https:\\\/\\\/schema.org\",\"@graph\":[{\"@type\":\"Article\",\"@id\":\"https:\\\/\\\/diariodelsurdigital.com.ar\\\/?p=7419#article\",\"isPartOf\":{\"@id\":\"https:\\\/\\\/diariodelsurdigital.com.ar\\\/?p=7419\"},\"author\":{\"name\":\"Diario del Sur Digital\",\"@id\":\"https:\\\/\\\/diariodelsurdigital.com.ar\\\/#\\\/schema\\\/person\\\/1a4992532ed62965c968031b49195c81\"},\"headline\":\"El PJ no acompa\u00f1\u00f3 el dictamen para crear una comisi\u00f3n investigadora de la deuda que propone Frigerio\",\"datePublished\":\"2026-03-10T17:57:43+00:00\",\"dateModified\":\"2026-03-10T17:57:44+00:00\",\"mainEntityOfPage\":{\"@id\":\"https:\\\/\\\/diariodelsurdigital.com.ar\\\/?p=7419\"},\"wordCount\":463,\"commentCount\":0,\"image\":{\"@id\":\"https:\\\/\\\/diariodelsurdigital.com.ar\\\/?p=7419#primaryimage\"},\"thumbnailUrl\":\"https:\\\/\\\/diariodelsurdigital.com.ar\\\/wp-content\\\/uploads\\\/2026\\\/03\\\/md-85.webp\",\"articleSection\":[\"Pol\u00edtica\",\"Provinciales\"],\"inLanguage\":\"es\",\"potentialAction\":[{\"@type\":\"CommentAction\",\"name\":\"Comment\",\"target\":[\"https:\\\/\\\/diariodelsurdigital.com.ar\\\/?p=7419#respond\"]}]},{\"@type\":\"WebPage\",\"@id\":\"https:\\\/\\\/diariodelsurdigital.com.ar\\\/?p=7419\",\"url\":\"https:\\\/\\\/diariodelsurdigital.com.ar\\\/?p=7419\",\"name\":\"El PJ no acompa\u00f1\u00f3 el dictamen para crear una comisi\u00f3n investigadora de la deuda que propone Frigerio - Diario del Sur\",\"isPartOf\":{\"@id\":\"https:\\\/\\\/diariodelsurdigital.com.ar\\\/#website\"},\"primaryImageOfPage\":{\"@id\":\"https:\\\/\\\/diariodelsurdigital.com.ar\\\/?p=7419#primaryimage\"},\"image\":{\"@id\":\"https:\\\/\\\/diariodelsurdigital.com.ar\\\/?p=7419#primaryimage\"},\"thumbnailUrl\":\"https:\\\/\\\/diariodelsurdigital.com.ar\\\/wp-content\\\/uploads\\\/2026\\\/03\\\/md-85.webp\",\"datePublished\":\"2026-03-10T17:57:43+00:00\",\"dateModified\":\"2026-03-10T17:57:44+00:00\",\"author\":{\"@id\":\"https:\\\/\\\/diariodelsurdigital.com.ar\\\/#\\\/schema\\\/person\\\/1a4992532ed62965c968031b49195c81\"},\"breadcrumb\":{\"@id\":\"https:\\\/\\\/diariodelsurdigital.com.ar\\\/?p=7419#breadcrumb\"},\"inLanguage\":\"es\",\"potentialAction\":[{\"@type\":\"ReadAction\",\"target\":[\"https:\\\/\\\/diariodelsurdigital.com.ar\\\/?p=7419\"]}]},{\"@type\":\"ImageObject\",\"inLanguage\":\"es\",\"@id\":\"https:\\\/\\\/diariodelsurdigital.com.ar\\\/?p=7419#primaryimage\",\"url\":\"https:\\\/\\\/diariodelsurdigital.com.ar\\\/wp-content\\\/uploads\\\/2026\\\/03\\\/md-85.webp\",\"contentUrl\":\"https:\\\/\\\/diariodelsurdigital.com.ar\\\/wp-content\\\/uploads\\\/2026\\\/03\\\/md-85.webp\",\"width\":992,\"height\":661},{\"@type\":\"BreadcrumbList\",\"@id\":\"https:\\\/\\\/diariodelsurdigital.com.ar\\\/?p=7419#breadcrumb\",\"itemListElement\":[{\"@type\":\"ListItem\",\"position\":1,\"name\":\"Portada\",\"item\":\"https:\\\/\\\/diariodelsurdigital.com.ar\\\/\"},{\"@type\":\"ListItem\",\"position\":2,\"name\":\"El PJ no acompa\u00f1\u00f3 el dictamen para crear una comisi\u00f3n investigadora de la deuda que propone Frigerio\"}]},{\"@type\":\"WebSite\",\"@id\":\"https:\\\/\\\/diariodelsurdigital.com.ar\\\/#website\",\"url\":\"https:\\\/\\\/diariodelsurdigital.com.ar\\\/\",\"name\":\"Diario del Sur\",\"description\":\"Digital\",\"potentialAction\":[{\"@type\":\"SearchAction\",\"target\":{\"@type\":\"EntryPoint\",\"urlTemplate\":\"https:\\\/\\\/diariodelsurdigital.com.ar\\\/?s={search_term_string}\"},\"query-input\":{\"@type\":\"PropertyValueSpecification\",\"valueRequired\":true,\"valueName\":\"search_term_string\"}}],\"inLanguage\":\"es\"},{\"@type\":\"Person\",\"@id\":\"https:\\\/\\\/diariodelsurdigital.com.ar\\\/#\\\/schema\\\/person\\\/1a4992532ed62965c968031b49195c81\",\"name\":\"Diario del Sur Digital\",\"image\":{\"@type\":\"ImageObject\",\"inLanguage\":\"es\",\"@id\":\"https:\\\/\\\/secure.gravatar.com\\\/avatar\\\/f0c7c47fc7146d19828273b9b8eda651c9c7ab583767e6338d3d3bee825adf76?s=96&d=mm&r=g\",\"url\":\"https:\\\/\\\/secure.gravatar.com\\\/avatar\\\/f0c7c47fc7146d19828273b9b8eda651c9c7ab583767e6338d3d3bee825adf76?s=96&d=mm&r=g\",\"contentUrl\":\"https:\\\/\\\/secure.gravatar.com\\\/avatar\\\/f0c7c47fc7146d19828273b9b8eda651c9c7ab583767e6338d3d3bee825adf76?s=96&d=mm&r=g\",\"caption\":\"Diario del Sur Digital\"},\"url\":\"https:\\\/\\\/diariodelsurdigital.com.ar\\\/?author=4\"}]}<\/script>\n<!-- \/ Yoast SEO plugin. -->","yoast_head_json":{"title":"El PJ no acompa\u00f1\u00f3 el dictamen para crear una comisi\u00f3n investigadora de la deuda que propone Frigerio - Diario del Sur","robots":{"index":"index","follow":"follow","max-snippet":"max-snippet:-1","max-image-preview":"max-image-preview:large","max-video-preview":"max-video-preview:-1"},"canonical":"https:\/\/diariodelsurdigital.com.ar\/?p=7419","og_locale":"es_ES","og_type":"article","og_title":"El PJ no acompa\u00f1\u00f3 el dictamen para crear una comisi\u00f3n investigadora de la deuda que propone Frigerio - Diario del Sur","og_description":"El bloque \u201cM\u00e1s Para Entre R\u00edos\u201d no acompa\u00f1\u00f3 el dictamen favorable que emiti\u00f3 este martes la Comisi\u00f3n de Legislaci\u00f3n General de la C\u00e1mara de Diputados respecto del proyecto de ley enviado por el Poder Ejecutivo que propone crear una \u201cComisi\u00f3n Especial Investigadora de la Deuda P\u00fablica\u201d. Los motivos. La presidenta de la bancada justicialista, Laura [&hellip;]","og_url":"https:\/\/diariodelsurdigital.com.ar\/?p=7419","og_site_name":"Diario del Sur","article_published_time":"2026-03-10T17:57:43+00:00","article_modified_time":"2026-03-10T17:57:44+00:00","og_image":[{"width":992,"height":661,"url":"https:\/\/diariodelsurdigital.com.ar\/wp-content\/uploads\/2026\/03\/md-85.webp","type":"image\/webp"}],"author":"Diario del Sur Digital","twitter_card":"summary_large_image","twitter_misc":{"Escrito por":"Diario del Sur Digital","Tiempo de lectura":"3 minutos"},"schema":{"@context":"https:\/\/schema.org","@graph":[{"@type":"Article","@id":"https:\/\/diariodelsurdigital.com.ar\/?p=7419#article","isPartOf":{"@id":"https:\/\/diariodelsurdigital.com.ar\/?p=7419"},"author":{"name":"Diario del Sur Digital","@id":"https:\/\/diariodelsurdigital.com.ar\/#\/schema\/person\/1a4992532ed62965c968031b49195c81"},"headline":"El PJ no acompa\u00f1\u00f3 el dictamen para crear una comisi\u00f3n investigadora de la deuda que propone Frigerio","datePublished":"2026-03-10T17:57:43+00:00","dateModified":"2026-03-10T17:57:44+00:00","mainEntityOfPage":{"@id":"https:\/\/diariodelsurdigital.com.ar\/?p=7419"},"wordCount":463,"commentCount":0,"image":{"@id":"https:\/\/diariodelsurdigital.com.ar\/?p=7419#primaryimage"},"thumbnailUrl":"https:\/\/diariodelsurdigital.com.ar\/wp-content\/uploads\/2026\/03\/md-85.webp","articleSection":["Pol\u00edtica","Provinciales"],"inLanguage":"es","potentialAction":[{"@type":"CommentAction","name":"Comment","target":["https:\/\/diariodelsurdigital.com.ar\/?p=7419#respond"]}]},{"@type":"WebPage","@id":"https:\/\/diariodelsurdigital.com.ar\/?p=7419","url":"https:\/\/diariodelsurdigital.com.ar\/?p=7419","name":"El PJ no acompa\u00f1\u00f3 el dictamen para crear una comisi\u00f3n investigadora de la deuda que propone Frigerio - Diario del Sur","isPartOf":{"@id":"https:\/\/diariodelsurdigital.com.ar\/#website"},"primaryImageOfPage":{"@id":"https:\/\/diariodelsurdigital.com.ar\/?p=7419#primaryimage"},"image":{"@id":"https:\/\/diariodelsurdigital.com.ar\/?p=7419#primaryimage"},"thumbnailUrl":"https:\/\/diariodelsurdigital.com.ar\/wp-content\/uploads\/2026\/03\/md-85.webp","datePublished":"2026-03-10T17:57:43+00:00","dateModified":"2026-03-10T17:57:44+00:00","author":{"@id":"https:\/\/diariodelsurdigital.com.ar\/#\/schema\/person\/1a4992532ed62965c968031b49195c81"},"breadcrumb":{"@id":"https:\/\/diariodelsurdigital.com.ar\/?p=7419#breadcrumb"},"inLanguage":"es","potentialAction":[{"@type":"ReadAction","target":["https:\/\/diariodelsurdigital.com.ar\/?p=7419"]}]},{"@type":"ImageObject","inLanguage":"es","@id":"https:\/\/diariodelsurdigital.com.ar\/?p=7419#primaryimage","url":"https:\/\/diariodelsurdigital.com.ar\/wp-content\/uploads\/2026\/03\/md-85.webp","contentUrl":"https:\/\/diariodelsurdigital.com.ar\/wp-content\/uploads\/2026\/03\/md-85.webp","width":992,"height":661},{"@type":"BreadcrumbList","@id":"https:\/\/diariodelsurdigital.com.ar\/?p=7419#breadcrumb","itemListElement":[{"@type":"ListItem","position":1,"name":"Portada","item":"https:\/\/diariodelsurdigital.com.ar\/"},{"@type":"ListItem","position":2,"name":"El PJ no acompa\u00f1\u00f3 el dictamen para crear una comisi\u00f3n investigadora de la deuda que propone Frigerio"}]},{"@type":"WebSite","@id":"https:\/\/diariodelsurdigital.com.ar\/#website","url":"https:\/\/diariodelsurdigital.com.ar\/","name":"Diario del Sur","description":"Digital","potentialAction":[{"@type":"SearchAction","target":{"@type":"EntryPoint","urlTemplate":"https:\/\/diariodelsurdigital.com.ar\/?s={search_term_string}"},"query-input":{"@type":"PropertyValueSpecification","valueRequired":true,"valueName":"search_term_string"}}],"inLanguage":"es"},{"@type":"Person","@id":"https:\/\/diariodelsurdigital.com.ar\/#\/schema\/person\/1a4992532ed62965c968031b49195c81","name":"Diario del Sur Digital","image":{"@type":"ImageObject","inLanguage":"es","@id":"https:\/\/secure.gravatar.com\/avatar\/f0c7c47fc7146d19828273b9b8eda651c9c7ab583767e6338d3d3bee825adf76?s=96&d=mm&r=g","url":"https:\/\/secure.gravatar.com\/avatar\/f0c7c47fc7146d19828273b9b8eda651c9c7ab583767e6338d3d3bee825adf76?s=96&d=mm&r=g","contentUrl":"https:\/\/secure.gravatar.com\/avatar\/f0c7c47fc7146d19828273b9b8eda651c9c7ab583767e6338d3d3bee825adf76?s=96&d=mm&r=g","caption":"Diario del Sur Digital"},"url":"https:\/\/diariodelsurdigital.com.ar\/?author=4"}]}},"_links":{"self":[{"href":"https:\/\/diariodelsurdigital.com.ar\/index.php?rest_route=\/wp\/v2\/posts\/7419","targetHints":{"allow":["GET"]}}],"collection":[{"href":"https:\/\/diariodelsurdigital.com.ar\/index.php?rest_route=\/wp\/v2\/posts"}],"about":[{"href":"https:\/\/diariodelsurdigital.com.ar\/index.php?rest_route=\/wp\/v2\/types\/post"}],"author":[{"embeddable":true,"href":"https:\/\/diariodelsurdigital.com.ar\/index.php?rest_route=\/wp\/v2\/users\/4"}],"replies":[{"embeddable":true,"href":"https:\/\/diariodelsurdigital.com.ar\/index.php?rest_route=%2Fwp%2Fv2%2Fcomments&post=7419"}],"version-history":[{"count":1,"href":"https:\/\/diariodelsurdigital.com.ar\/index.php?rest_route=\/wp\/v2\/posts\/7419\/revisions"}],"predecessor-version":[{"id":7421,"href":"https:\/\/diariodelsurdigital.com.ar\/index.php?rest_route=\/wp\/v2\/posts\/7419\/revisions\/7421"}],"wp:featuredmedia":[{"embeddable":true,"href":"https:\/\/diariodelsurdigital.com.ar\/index.php?rest_route=\/wp\/v2\/media\/7420"}],"wp:attachment":[{"href":"https:\/\/diariodelsurdigital.com.ar\/index.php?rest_route=%2Fwp%2Fv2%2Fmedia&parent=7419"}],"wp:term":[{"taxonomy":"category","embeddable":true,"href":"https:\/\/diariodelsurdigital.com.ar\/index.php?rest_route=%2Fwp%2Fv2%2Fcategories&post=7419"},{"taxonomy":"post_tag","embeddable":true,"href":"https:\/\/diariodelsurdigital.com.ar\/index.php?rest_route=%2Fwp%2Fv2%2Ftags&post=7419"}],"curies":[{"name":"wp","href":"https:\/\/api.w.org\/{rel}","templated":true}]}}