{"id":7422,"date":"2026-03-10T21:06:02","date_gmt":"2026-03-11T00:06:02","guid":{"rendered":"https:\/\/diariodelsurdigital.com.ar\/?p=7422"},"modified":"2026-03-10T21:10:13","modified_gmt":"2026-03-11T00:10:13","slug":"silvia-dri-lo-que-azcue-dice-de-los-demas-habla-mas-de-azcue-que-de-los-otros","status":"publish","type":"post","link":"https:\/\/diariodelsurdigital.com.ar\/?p=7422","title":{"rendered":"Silvia Dri: \u201cLo que Azcu\u00e9 dice de los dem\u00e1s habla m\u00e1s de Azcu\u00e9 que de los otros\u201d"},"content":{"rendered":"\n<p><\/p>\n\n\n\n<p>Desde<strong> Compromiso por Concordia<\/strong>, la vicepresidenta del partido, Lic. Silvia Maria Hilda Dri, cuestion\u00f3 con dureza el discurso del intendente Francisco Azcu\u00e9 en la apertura de sesiones del Concejo Deliberante y advirti\u00f3 que, a dos a\u00f1os de gesti\u00f3n, \u201cel oficialismo sigue atrapado en el pasado, repitiendo excusas, mientras Concordia permanece estancada y sin rumbo claro\u201d.<\/p>\n\n\n\n<p>Dri se\u00f1al\u00f3 que el mensaje de Azcu\u00e9 volvi\u00f3 a girar, una vez m\u00e1s, alrededor de la herencia recibida, como si el tiempo no hubiese pasado y como si dos a\u00f1os de gobierno no alcanzaran para empezar a hacerse cargo de los resultados propios. La sociedad espera respuestas sobre el presente y, sobre todo, una visi\u00f3n seria del futuro. Pero otra vez escuchamos el mismo discurso repetido, cargado de pasado y vac\u00edo de transformaciones reales\u201d, afirm\u00f3.<\/p>\n\n\n\n<p><strong>SOBRE LA EJECUCI\u00d3N DE LA OBRA P\u00daBLICA<\/strong><\/p>\n\n\n\n<p>Desde los equipos t\u00e9cnicos de Compromiso por Concordia tambi\u00e9n pusieron en duda varios de los anuncios realizados por el intendente, especialmente en materia de obra p\u00fablica. Para Dri, plantear que este ser\u00e1 \u201cel gran a\u00f1o de la obra p\u00fablica\u201d, ejecutando m\u00e1s del 20% del presupuesto con recursos propios y con un municipio equilibrado, no resiste el menor an\u00e1lisis t\u00e9cnico.<\/p>\n\n\n\n<p>\u201cNo hay respaldo financiero serio para sostener semejante afirmaci\u00f3n. En 2025, la ejecuci\u00f3n en obras p\u00fablicas fue de apenas el 5% del presupuesto. Y en los primeros meses de este a\u00f1o ronda apenas el 2%. Pretender que ahora se llegar\u00e1 al 20% y luego al 35% no es una proyecci\u00f3n seria: es, lisa y llanamente, un intento discursivo de instalar expectativas sin respaldo en la realidad\u201d, remarc\u00f3.<\/p>\n\n\n\n<p><strong>CONTRADICCIONES DEL OFICIALISMO<\/strong><\/p>\n\n\n\n<p>Otro de los puntos que marc\u00f3 la dirigente fue la evidente contradicci\u00f3n del oficialismo respecto de la propuesta impulsada por su espacio para disolver el Instituto de Vivienda. \u201cCuando profesionales de nuestro partido lo plantearon, fueron fuertemente criticados. Pero ahora el propio intendente termina anunciando exactamente lo mismo. La diferencia es que cuando la propuesta viene de afuera, se la descalifica; cuando despu\u00e9s la toma el oficialismo, se la presenta como si fuera una revelaci\u00f3n de gesti\u00f3n\u201d.<\/p>\n\n\n\n<p>Dri record\u00f3 adem\u00e1s que hace apenas dos meses esta misma administraci\u00f3n aprob\u00f3 un presupuesto de m\u00e1s de 4.500 millones de pesos para sostener el Instituto de Vivienda (INVyTAM), acompa\u00f1ado de elogios hacia ese organismo. \u201cPasaron de defenderlo a anunciar su disoluci\u00f3n en un lapso m\u00ednimo. Eso no muestra firmeza de gesti\u00f3n; muestra improvisaci\u00f3n, incoherencia y falta de rumbo\u201d.<\/p>\n\n\n\n<p>Tambi\u00e9n rechaz\u00f3 el tono con el que Azcu\u00e9 pretende invalidar toda cr\u00edtica apelando al pasado de quienes opinan. \u201cEs falso y c\u00f3modo descalificar a todos diciendo que estuvieron en otras gestiones. En nuestro partido nadie fue intendente ni concejal. Y aunque alguien haya ocupado un cargo t\u00e9cnico o pol\u00edtico, las pol\u00edticas de cambios estructurales las toma quien gobierna. Lo que hacemos nosotros es proponer cambios y reformas que esta gesti\u00f3n hasta el momento no supo impulsar\u201d.<\/p>\n\n\n\n<p>En ese sentido, ratific\u00f3 que Compromiso por Concordia seguir\u00e1 presentando propuestas, proyectos e iniciativas para mejorar el funcionamiento del municipio y la realidad de la ciudad. \u201cVamos a seguir opinando y proponiendo, le guste o no a Azcu\u00e9. Porque callarse frente al estancamiento ser\u00eda ser c\u00f3mplices de una gesti\u00f3n que, a esta altura, muestra m\u00e1s marketing discursivo que resultados concretos\u201d.<\/p>\n\n\n\n<p><strong>\u00abGOBERNAR NO ES PELEARSE CON TODOS\u00bb<\/strong><\/p>\n\n\n\n<p>Por \u00faltimo, la Lic. Dri cuestion\u00f3 el estilo de conducci\u00f3n pol\u00edtica del intendente y advirti\u00f3 que gobernar desde el agravio, la descalificaci\u00f3n y la soberbia s\u00f3lo profundiza el aislamiento del oficialismo. \u201cAzcu\u00e9 deber\u00eda entender que Concordia no necesita un intendente en guerra permanente con todos los que piensan distinto. Necesita di\u00e1logo, apertura, escucha y capacidad de construir consensos. Gobernar no es pelearse con todos; gobernar es conducir, convocar y resolver\u201d.<\/p>\n\n\n\n<p>Y concluy\u00f3: \u201cCuando un intendente dedica m\u00e1s tiempo a se\u00f1alar a otros que a explicar por qu\u00e9 no cumple lo que promete, termina exponi\u00e9ndose solo. Por eso, lo que Azcu\u00e9 dice de los dem\u00e1s habla mucho m\u00e1s de Azcu\u00e9 que de los otros\u201d.<\/p>\n\n\n\n<p><\/p>\n","protected":false},"excerpt":{"rendered":"<p>Desde Compromiso por Concordia, la vicepresidenta del partido, Lic. Silvia Maria Hilda Dri, cuestion\u00f3 con dureza el discurso del intendente Francisco Azcu\u00e9 en la apertura de sesiones del Concejo Deliberante y advirti\u00f3 que, a dos a\u00f1os de gesti\u00f3n, \u201cel oficialismo sigue atrapado en el pasado, repitiendo excusas, mientras Concordia permanece estancada y sin rumbo claro\u201d. [&hellip;]<\/p>\n","protected":false},"author":2,"featured_media":7423,"comment_status":"open","ping_status":"open","sticky":false,"template":"","format":"standard","meta":{"footnotes":""},"categories":[16,22],"tags":[],"class_list":{"0":"post-7422","1":"post","2":"type-post","3":"status-publish","4":"format-standard","5":"has-post-thumbnail","7":"category-locales","8":"category-politica"},"yoast_head":"<!-- This site is optimized with the Yoast SEO plugin v27.4 - https:\/\/yoast.com\/product\/yoast-seo-wordpress\/ -->\n<title>Silvia Dri: \u201cLo que Azcu\u00e9 dice de los dem\u00e1s habla m\u00e1s de Azcu\u00e9 que de los otros\u201d - Diario del Sur<\/title>\n<meta name=\"robots\" content=\"index, follow, max-snippet:-1, max-image-preview:large, max-video-preview:-1\" \/>\n<link rel=\"canonical\" href=\"https:\/\/diariodelsurdigital.com.ar\/?p=7422\" \/>\n<meta property=\"og:locale\" content=\"es_ES\" \/>\n<meta property=\"og:type\" content=\"article\" \/>\n<meta property=\"og:title\" content=\"Silvia Dri: \u201cLo que Azcu\u00e9 dice de los dem\u00e1s habla m\u00e1s de Azcu\u00e9 que de los otros\u201d - Diario del Sur\" \/>\n<meta property=\"og:description\" content=\"Desde Compromiso por Concordia, la vicepresidenta del partido, Lic. Silvia Maria Hilda Dri, cuestion\u00f3 con dureza el discurso del intendente Francisco Azcu\u00e9 en la apertura de sesiones del Concejo Deliberante y advirti\u00f3 que, a dos a\u00f1os de gesti\u00f3n, \u201cel oficialismo sigue atrapado en el pasado, repitiendo excusas, mientras Concordia permanece estancada y sin rumbo claro\u201d. [&hellip;]\" \/>\n<meta property=\"og:url\" content=\"https:\/\/diariodelsurdigital.com.ar\/?p=7422\" \/>\n<meta property=\"og:site_name\" content=\"Diario del Sur\" \/>\n<meta property=\"article:published_time\" content=\"2026-03-11T00:06:02+00:00\" \/>\n<meta property=\"article:modified_time\" content=\"2026-03-11T00:10:13+00:00\" \/>\n<meta property=\"og:image\" content=\"https:\/\/diariodelsurdigital.com.ar\/wp-content\/uploads\/2026\/03\/WhatsApp-Image-2026-03-10-at-20.50.47.jpeg\" \/>\n\t<meta property=\"og:image:width\" content=\"444\" \/>\n\t<meta property=\"og:image:height\" content=\"282\" \/>\n\t<meta property=\"og:image:type\" content=\"image\/jpeg\" \/>\n<meta name=\"author\" content=\"Diario del Sur Digital\" \/>\n<meta name=\"twitter:card\" content=\"summary_large_image\" \/>\n<meta name=\"twitter:label1\" content=\"Escrito por\" \/>\n\t<meta name=\"twitter:data1\" content=\"Diario del Sur Digital\" \/>\n\t<meta name=\"twitter:label2\" content=\"Tiempo de lectura\" \/>\n\t<meta name=\"twitter:data2\" content=\"4 minutos\" \/>\n<script type=\"application\/ld+json\" class=\"yoast-schema-graph\">{\"@context\":\"https:\\\/\\\/schema.org\",\"@graph\":[{\"@type\":\"Article\",\"@id\":\"https:\\\/\\\/diariodelsurdigital.com.ar\\\/?p=7422#article\",\"isPartOf\":{\"@id\":\"https:\\\/\\\/diariodelsurdigital.com.ar\\\/?p=7422\"},\"author\":{\"name\":\"Diario del Sur Digital\",\"@id\":\"https:\\\/\\\/diariodelsurdigital.com.ar\\\/#\\\/schema\\\/person\\\/6136a32571657f7dba980b88b04c5465\"},\"headline\":\"Silvia Dri: \u201cLo que Azcu\u00e9 dice de los dem\u00e1s habla m\u00e1s de Azcu\u00e9 que de los otros\u201d\",\"datePublished\":\"2026-03-11T00:06:02+00:00\",\"dateModified\":\"2026-03-11T00:10:13+00:00\",\"mainEntityOfPage\":{\"@id\":\"https:\\\/\\\/diariodelsurdigital.com.ar\\\/?p=7422\"},\"wordCount\":724,\"commentCount\":0,\"image\":{\"@id\":\"https:\\\/\\\/diariodelsurdigital.com.ar\\\/?p=7422#primaryimage\"},\"thumbnailUrl\":\"https:\\\/\\\/diariodelsurdigital.com.ar\\\/wp-content\\\/uploads\\\/2026\\\/03\\\/WhatsApp-Image-2026-03-10-at-20.50.47.jpeg\",\"articleSection\":[\"Locales\",\"Pol\u00edtica\"],\"inLanguage\":\"es\",\"potentialAction\":[{\"@type\":\"CommentAction\",\"name\":\"Comment\",\"target\":[\"https:\\\/\\\/diariodelsurdigital.com.ar\\\/?p=7422#respond\"]}]},{\"@type\":\"WebPage\",\"@id\":\"https:\\\/\\\/diariodelsurdigital.com.ar\\\/?p=7422\",\"url\":\"https:\\\/\\\/diariodelsurdigital.com.ar\\\/?p=7422\",\"name\":\"Silvia Dri: \u201cLo que Azcu\u00e9 dice de los dem\u00e1s habla m\u00e1s de Azcu\u00e9 que de los otros\u201d - Diario del Sur\",\"isPartOf\":{\"@id\":\"https:\\\/\\\/diariodelsurdigital.com.ar\\\/#website\"},\"primaryImageOfPage\":{\"@id\":\"https:\\\/\\\/diariodelsurdigital.com.ar\\\/?p=7422#primaryimage\"},\"image\":{\"@id\":\"https:\\\/\\\/diariodelsurdigital.com.ar\\\/?p=7422#primaryimage\"},\"thumbnailUrl\":\"https:\\\/\\\/diariodelsurdigital.com.ar\\\/wp-content\\\/uploads\\\/2026\\\/03\\\/WhatsApp-Image-2026-03-10-at-20.50.47.jpeg\",\"datePublished\":\"2026-03-11T00:06:02+00:00\",\"dateModified\":\"2026-03-11T00:10:13+00:00\",\"author\":{\"@id\":\"https:\\\/\\\/diariodelsurdigital.com.ar\\\/#\\\/schema\\\/person\\\/6136a32571657f7dba980b88b04c5465\"},\"breadcrumb\":{\"@id\":\"https:\\\/\\\/diariodelsurdigital.com.ar\\\/?p=7422#breadcrumb\"},\"inLanguage\":\"es\",\"potentialAction\":[{\"@type\":\"ReadAction\",\"target\":[\"https:\\\/\\\/diariodelsurdigital.com.ar\\\/?p=7422\"]}]},{\"@type\":\"ImageObject\",\"inLanguage\":\"es\",\"@id\":\"https:\\\/\\\/diariodelsurdigital.com.ar\\\/?p=7422#primaryimage\",\"url\":\"https:\\\/\\\/diariodelsurdigital.com.ar\\\/wp-content\\\/uploads\\\/2026\\\/03\\\/WhatsApp-Image-2026-03-10-at-20.50.47.jpeg\",\"contentUrl\":\"https:\\\/\\\/diariodelsurdigital.com.ar\\\/wp-content\\\/uploads\\\/2026\\\/03\\\/WhatsApp-Image-2026-03-10-at-20.50.47.jpeg\",\"width\":444,\"height\":282},{\"@type\":\"BreadcrumbList\",\"@id\":\"https:\\\/\\\/diariodelsurdigital.com.ar\\\/?p=7422#breadcrumb\",\"itemListElement\":[{\"@type\":\"ListItem\",\"position\":1,\"name\":\"Portada\",\"item\":\"https:\\\/\\\/diariodelsurdigital.com.ar\\\/\"},{\"@type\":\"ListItem\",\"position\":2,\"name\":\"Silvia Dri: \u201cLo que Azcu\u00e9 dice de los dem\u00e1s habla m\u00e1s de Azcu\u00e9 que de los otros\u201d\"}]},{\"@type\":\"WebSite\",\"@id\":\"https:\\\/\\\/diariodelsurdigital.com.ar\\\/#website\",\"url\":\"https:\\\/\\\/diariodelsurdigital.com.ar\\\/\",\"name\":\"Diario del Sur\",\"description\":\"Digital\",\"potentialAction\":[{\"@type\":\"SearchAction\",\"target\":{\"@type\":\"EntryPoint\",\"urlTemplate\":\"https:\\\/\\\/diariodelsurdigital.com.ar\\\/?s={search_term_string}\"},\"query-input\":{\"@type\":\"PropertyValueSpecification\",\"valueRequired\":true,\"valueName\":\"search_term_string\"}}],\"inLanguage\":\"es\"},{\"@type\":\"Person\",\"@id\":\"https:\\\/\\\/diariodelsurdigital.com.ar\\\/#\\\/schema\\\/person\\\/6136a32571657f7dba980b88b04c5465\",\"name\":\"Diario del Sur Digital\",\"image\":{\"@type\":\"ImageObject\",\"inLanguage\":\"es\",\"@id\":\"https:\\\/\\\/secure.gravatar.com\\\/avatar\\\/4c29ceac98541dd42460b2474aaa5dd37594d6ce6cb3cf2c101d09b48ee287ba?s=96&d=mm&r=g\",\"url\":\"https:\\\/\\\/secure.gravatar.com\\\/avatar\\\/4c29ceac98541dd42460b2474aaa5dd37594d6ce6cb3cf2c101d09b48ee287ba?s=96&d=mm&r=g\",\"contentUrl\":\"https:\\\/\\\/secure.gravatar.com\\\/avatar\\\/4c29ceac98541dd42460b2474aaa5dd37594d6ce6cb3cf2c101d09b48ee287ba?s=96&d=mm&r=g\",\"caption\":\"Diario del Sur Digital\"},\"url\":\"https:\\\/\\\/diariodelsurdigital.com.ar\\\/?author=2\"}]}<\/script>\n<!-- \/ Yoast SEO plugin. -->","yoast_head_json":{"title":"Silvia Dri: \u201cLo que Azcu\u00e9 dice de los dem\u00e1s habla m\u00e1s de Azcu\u00e9 que de los otros\u201d - Diario del Sur","robots":{"index":"index","follow":"follow","max-snippet":"max-snippet:-1","max-image-preview":"max-image-preview:large","max-video-preview":"max-video-preview:-1"},"canonical":"https:\/\/diariodelsurdigital.com.ar\/?p=7422","og_locale":"es_ES","og_type":"article","og_title":"Silvia Dri: \u201cLo que Azcu\u00e9 dice de los dem\u00e1s habla m\u00e1s de Azcu\u00e9 que de los otros\u201d - Diario del Sur","og_description":"Desde Compromiso por Concordia, la vicepresidenta del partido, Lic. Silvia Maria Hilda Dri, cuestion\u00f3 con dureza el discurso del intendente Francisco Azcu\u00e9 en la apertura de sesiones del Concejo Deliberante y advirti\u00f3 que, a dos a\u00f1os de gesti\u00f3n, \u201cel oficialismo sigue atrapado en el pasado, repitiendo excusas, mientras Concordia permanece estancada y sin rumbo claro\u201d. [&hellip;]","og_url":"https:\/\/diariodelsurdigital.com.ar\/?p=7422","og_site_name":"Diario del Sur","article_published_time":"2026-03-11T00:06:02+00:00","article_modified_time":"2026-03-11T00:10:13+00:00","og_image":[{"width":444,"height":282,"url":"https:\/\/diariodelsurdigital.com.ar\/wp-content\/uploads\/2026\/03\/WhatsApp-Image-2026-03-10-at-20.50.47.jpeg","type":"image\/jpeg"}],"author":"Diario del Sur Digital","twitter_card":"summary_large_image","twitter_misc":{"Escrito por":"Diario del Sur Digital","Tiempo de lectura":"4 minutos"},"schema":{"@context":"https:\/\/schema.org","@graph":[{"@type":"Article","@id":"https:\/\/diariodelsurdigital.com.ar\/?p=7422#article","isPartOf":{"@id":"https:\/\/diariodelsurdigital.com.ar\/?p=7422"},"author":{"name":"Diario del Sur Digital","@id":"https:\/\/diariodelsurdigital.com.ar\/#\/schema\/person\/6136a32571657f7dba980b88b04c5465"},"headline":"Silvia Dri: \u201cLo que Azcu\u00e9 dice de los dem\u00e1s habla m\u00e1s de Azcu\u00e9 que de los otros\u201d","datePublished":"2026-03-11T00:06:02+00:00","dateModified":"2026-03-11T00:10:13+00:00","mainEntityOfPage":{"@id":"https:\/\/diariodelsurdigital.com.ar\/?p=7422"},"wordCount":724,"commentCount":0,"image":{"@id":"https:\/\/diariodelsurdigital.com.ar\/?p=7422#primaryimage"},"thumbnailUrl":"https:\/\/diariodelsurdigital.com.ar\/wp-content\/uploads\/2026\/03\/WhatsApp-Image-2026-03-10-at-20.50.47.jpeg","articleSection":["Locales","Pol\u00edtica"],"inLanguage":"es","potentialAction":[{"@type":"CommentAction","name":"Comment","target":["https:\/\/diariodelsurdigital.com.ar\/?p=7422#respond"]}]},{"@type":"WebPage","@id":"https:\/\/diariodelsurdigital.com.ar\/?p=7422","url":"https:\/\/diariodelsurdigital.com.ar\/?p=7422","name":"Silvia Dri: \u201cLo que Azcu\u00e9 dice de los dem\u00e1s habla m\u00e1s de Azcu\u00e9 que de los otros\u201d - Diario del Sur","isPartOf":{"@id":"https:\/\/diariodelsurdigital.com.ar\/#website"},"primaryImageOfPage":{"@id":"https:\/\/diariodelsurdigital.com.ar\/?p=7422#primaryimage"},"image":{"@id":"https:\/\/diariodelsurdigital.com.ar\/?p=7422#primaryimage"},"thumbnailUrl":"https:\/\/diariodelsurdigital.com.ar\/wp-content\/uploads\/2026\/03\/WhatsApp-Image-2026-03-10-at-20.50.47.jpeg","datePublished":"2026-03-11T00:06:02+00:00","dateModified":"2026-03-11T00:10:13+00:00","author":{"@id":"https:\/\/diariodelsurdigital.com.ar\/#\/schema\/person\/6136a32571657f7dba980b88b04c5465"},"breadcrumb":{"@id":"https:\/\/diariodelsurdigital.com.ar\/?p=7422#breadcrumb"},"inLanguage":"es","potentialAction":[{"@type":"ReadAction","target":["https:\/\/diariodelsurdigital.com.ar\/?p=7422"]}]},{"@type":"ImageObject","inLanguage":"es","@id":"https:\/\/diariodelsurdigital.com.ar\/?p=7422#primaryimage","url":"https:\/\/diariodelsurdigital.com.ar\/wp-content\/uploads\/2026\/03\/WhatsApp-Image-2026-03-10-at-20.50.47.jpeg","contentUrl":"https:\/\/diariodelsurdigital.com.ar\/wp-content\/uploads\/2026\/03\/WhatsApp-Image-2026-03-10-at-20.50.47.jpeg","width":444,"height":282},{"@type":"BreadcrumbList","@id":"https:\/\/diariodelsurdigital.com.ar\/?p=7422#breadcrumb","itemListElement":[{"@type":"ListItem","position":1,"name":"Portada","item":"https:\/\/diariodelsurdigital.com.ar\/"},{"@type":"ListItem","position":2,"name":"Silvia Dri: \u201cLo que Azcu\u00e9 dice de los dem\u00e1s habla m\u00e1s de Azcu\u00e9 que de los otros\u201d"}]},{"@type":"WebSite","@id":"https:\/\/diariodelsurdigital.com.ar\/#website","url":"https:\/\/diariodelsurdigital.com.ar\/","name":"Diario del Sur","description":"Digital","potentialAction":[{"@type":"SearchAction","target":{"@type":"EntryPoint","urlTemplate":"https:\/\/diariodelsurdigital.com.ar\/?s={search_term_string}"},"query-input":{"@type":"PropertyValueSpecification","valueRequired":true,"valueName":"search_term_string"}}],"inLanguage":"es"},{"@type":"Person","@id":"https:\/\/diariodelsurdigital.com.ar\/#\/schema\/person\/6136a32571657f7dba980b88b04c5465","name":"Diario del Sur Digital","image":{"@type":"ImageObject","inLanguage":"es","@id":"https:\/\/secure.gravatar.com\/avatar\/4c29ceac98541dd42460b2474aaa5dd37594d6ce6cb3cf2c101d09b48ee287ba?s=96&d=mm&r=g","url":"https:\/\/secure.gravatar.com\/avatar\/4c29ceac98541dd42460b2474aaa5dd37594d6ce6cb3cf2c101d09b48ee287ba?s=96&d=mm&r=g","contentUrl":"https:\/\/secure.gravatar.com\/avatar\/4c29ceac98541dd42460b2474aaa5dd37594d6ce6cb3cf2c101d09b48ee287ba?s=96&d=mm&r=g","caption":"Diario del Sur Digital"},"url":"https:\/\/diariodelsurdigital.com.ar\/?author=2"}]}},"_links":{"self":[{"href":"https:\/\/diariodelsurdigital.com.ar\/index.php?rest_route=\/wp\/v2\/posts\/7422","targetHints":{"allow":["GET"]}}],"collection":[{"href":"https:\/\/diariodelsurdigital.com.ar\/index.php?rest_route=\/wp\/v2\/posts"}],"about":[{"href":"https:\/\/diariodelsurdigital.com.ar\/index.php?rest_route=\/wp\/v2\/types\/post"}],"author":[{"embeddable":true,"href":"https:\/\/diariodelsurdigital.com.ar\/index.php?rest_route=\/wp\/v2\/users\/2"}],"replies":[{"embeddable":true,"href":"https:\/\/diariodelsurdigital.com.ar\/index.php?rest_route=%2Fwp%2Fv2%2Fcomments&post=7422"}],"version-history":[{"count":2,"href":"https:\/\/diariodelsurdigital.com.ar\/index.php?rest_route=\/wp\/v2\/posts\/7422\/revisions"}],"predecessor-version":[{"id":7426,"href":"https:\/\/diariodelsurdigital.com.ar\/index.php?rest_route=\/wp\/v2\/posts\/7422\/revisions\/7426"}],"wp:featuredmedia":[{"embeddable":true,"href":"https:\/\/diariodelsurdigital.com.ar\/index.php?rest_route=\/wp\/v2\/media\/7423"}],"wp:attachment":[{"href":"https:\/\/diariodelsurdigital.com.ar\/index.php?rest_route=%2Fwp%2Fv2%2Fmedia&parent=7422"}],"wp:term":[{"taxonomy":"category","embeddable":true,"href":"https:\/\/diariodelsurdigital.com.ar\/index.php?rest_route=%2Fwp%2Fv2%2Fcategories&post=7422"},{"taxonomy":"post_tag","embeddable":true,"href":"https:\/\/diariodelsurdigital.com.ar\/index.php?rest_route=%2Fwp%2Fv2%2Ftags&post=7422"}],"curies":[{"name":"wp","href":"https:\/\/api.w.org\/{rel}","templated":true}]}}