{"id":7428,"date":"2026-03-11T09:57:49","date_gmt":"2026-03-11T12:57:49","guid":{"rendered":"https:\/\/diariodelsurdigital.com.ar\/?p=7428"},"modified":"2026-03-11T09:57:50","modified_gmt":"2026-03-11T12:57:50","slug":"boric-se-despidio-de-la-presidencia-de-chile-me-voy-con-la-frente-en-alto-y-las-manos-limpias","status":"publish","type":"post","link":"https:\/\/diariodelsurdigital.com.ar\/?p=7428","title":{"rendered":"Boric se despidi\u00f3 de la presidencia de Chile: \u00abMe voy con la frente en alto y las manos limpias\u00bb"},"content":{"rendered":"\n<p>El presidente de Chile, Gabriel Boric, se dirigi\u00f3 este martes por \u00faltima vez al pa\u00eds en una cadena nacional transmitida en vivo, a pocas horas del cambio de mando presidencial, en el que entregar\u00e1 la banda al mandatario electo Jos\u00e9 Antonio Kast.<\/p>\n\n\n\n<p><\/p>\n\n\n\n<p>Durante un discurso de 11 minutos, que no fue grabado previamente, el mandatario realiz\u00f3 un balance de su gesti\u00f3n, agradeci\u00f3 el respaldo ciudadano durante su administraci\u00f3n y repas\u00f3 tanto los logros como las dificultades que marcaron su paso por La Moneda.<\/p>\n\n\n\n<p>En uno de los momentos centrales del mensaje, el jefe de Estado afirm\u00f3: \u201cPuedo decirles con tranquilidad, tal como lo se\u00f1al\u00e9 el d\u00eda s\u00e1bado, que me voy con la frente en alto y con las manos limpias\u201d.<\/p>\n\n\n\n<p>Balance de su gesti\u00f3n<\/p>\n\n\n\n<p>Al iniciar su intervenci\u00f3n, Boric record\u00f3 los recorridos que realiz\u00f3 por distintas regiones durante su mandato y destac\u00f3 el contacto directo con la ciudadan\u00eda.<\/p>\n\n\n\n<p>\u201cHe recorrido Chile entero, desde el seco desierto del norte hasta los vientos creadores del sur\u2026 En todos esos lugares me he encontrado con ustedes, con el pueblo chileno que construye patria d\u00eda a d\u00eda\u201d, expres\u00f3.<\/p>\n\n\n\n<p>A partir de esa experiencia, sostuvo que el pa\u00eds se encuentra en mejores condiciones que al comienzo de su gobierno. \u201cEs justamente porque he recorrido Chile entero que puedo afirmar hoy que nuestro pa\u00eds es un mejor lugar que el que era hace cuatro a\u00f1os atr\u00e1s\u201d, se\u00f1al\u00f3.<\/p>\n\n\n\n<p>El mandatario tambi\u00e9n destac\u00f3 la continuidad institucional del pa\u00eds y mencion\u00f3 a los expresidentes Patricio Aylwin, Eduardo Frei Ruiz-Tagle, Ricardo Lagos, Michelle Bachelet y Sebasti\u00e1n Pi\u00f1era.<\/p>\n\n\n\n<p>\u201cSomos en el fondo parte de una larga posta, porque as\u00ed se construye Chile, con continuidad y cambio\u201d, afirm\u00f3.<\/p>\n\n\n\n<p>Reformas y pol\u00edticas impulsadas para Chile<\/p>\n\n\n\n<p>Durante su discurso, el presidente enumer\u00f3 varias iniciativas impulsadas durante su gobierno en \u00e1reas sociales, econ\u00f3micas y de seguridad.<\/p>\n\n\n\n<p>Entre ellas mencion\u00f3 la reducci\u00f3n de la pobreza, se\u00f1alando que m\u00e1s de 600.000 familias habr\u00edan salido de esa situaci\u00f3n durante su administraci\u00f3n, as\u00ed como el aumento del salario m\u00ednimo.<\/p>\n\n\n\n<p>Tambi\u00e9n destac\u00f3 programas y leyes como la reducci\u00f3n de la jornada laboral a 40 horas, la Ley de Pago Efectivo de Pensiones de Alimentos, conocida como \u201cLey Papito Coraz\u00f3n\u201d, y el Copago Cero en Fonasa.<\/p>\n\n\n\n<p>Asimismo, destac\u00f3 la sani\u00f3n de la Ley TEA, orientada a la inclusi\u00f3n de personas con trastorno del espectro autista, y la Ley Integral contra la Violencia hacia las Mujeres. Adem\u00e1s, mencion\u00f3 iniciativas estrat\u00e9gicas como la Estrategia Nacional del Litio y el Plan de Emergencia Habitacional.<\/p>\n\n\n\n<p>En materia de infraestructura y transporte, destac\u00f3 el impulso a la electromovilidad, el programa Trenes para Chile y el legado deportivo generado por los Juegos Panamericanos y Parapanamericanos Santiago 2023.<\/p>\n\n\n\n<p>Los errores y los proyectos que no se concretaron para Boric<\/p>\n\n\n\n<p>El mandatario tambi\u00e9n reconoci\u00f3 que algunas iniciativas emblem\u00e1ticas de su gobierno no lograron concretarse. \u201cMe duele especialmente no haber logrado en nuestro periodo terminar con el CAE y haber aprobado un nuevo financiamiento de Educaci\u00f3n Superior\u201d, expres\u00f3.<\/p>\n\n\n\n<p>Tambi\u00e9n lament\u00f3 que no se haya alcanzado consenso pol\u00edtico para impulsar el proyecto Sala Cuna para Chile, pese a que, seg\u00fan indic\u00f3, exist\u00eda acuerdo t\u00e9cnico sobre la iniciativa: \u201cEspero que no cejemos en la voluntad por sacarlos adelante porque Chile los necesita\u201d.<\/p>\n\n\n\n<p>En su \u00faltima cadena nacional, Boric realiz\u00f3 adem\u00e1s una autocr\u00edtica sobre errores cometidos durante su gesti\u00f3n: \u201cTambi\u00e9n hubo errores que no puedo desconocer y ya habr\u00e1 tiempo para revisarlos con calma\u00bb.<\/p>\n\n\n\n<p>Entre los casos mencionados incluy\u00f3 el manejo del caso Monsalve y el fallido proceso de compra de la casa del expresidente Salvador Allende. \u201cEn ambos asumo la responsabilidad\u201d, sostuvo.<\/p>\n\n\n\n<p>Traspaso de mando con Jos\u00e9 Antonio Kast<\/p>\n\n\n\n<p>El presidente tambi\u00e9n se refiri\u00f3 al traspaso de mando que se realizar\u00e1 este mi\u00e9rcoles y asegur\u00f3 que la ceremonia se desarrollar\u00e1 con normalidad. \u201cLes aseguro chilenos y chilenas que tendremos un cambio de mando impecable\u201d, se\u00f1al\u00f3, tras confirmar que mantuvo conversaciones con el presidente electo Jos\u00e9 Antonio Kast.<\/p>\n\n\n\n<p>Adem\u00e1s, subray\u00f3 la importancia de cuidar la institucionalidad democr\u00e1tica: \u201cChile est\u00e1 primero y la democracia que tanto nos cost\u00f3 recuperar es importante cultivarla d\u00eda a d\u00eda\u201d.<\/p>\n\n\n\n<p>\u201cCuando termine la ceremonia y hayamos hecho entrega de la banda presidencial saldr\u00e9 del Congreso como un ciudadano m\u00e1s y me ir\u00e9 con Paula, con el Vale y con Violeta a construir una vida lejos de la primera l\u00ednea\u201d, expres\u00f3 Boric asegurando que tras dejar el cargo regresar\u00e1 a la vida privada junto a su familia.<\/p>\n\n\n\n<p>Sin embargo, asegur\u00f3 que seguir\u00e1 disponible para colaborar en asuntos de Estado cuando sea necesario: \u201cComo expresidente uno tiene responsabilidades\u2026 y el futuro presidente siempre contar\u00e1 conmigo para los temas de Estado\u201d, public\u00f3 \u00c1mbito.<\/p>\n\n\n\n<p>\u201cMe despido con gran emoci\u00f3n y con la certeza de que desde cualquier lugar vamos a seguir trabajando por construir un Chile m\u00e1s justo, m\u00e1s digno y m\u00e1s igualitario\u2026 aqu\u00ed nada termina, aqu\u00ed cada d\u00eda es continuar\u201d, concluy\u00f3 el mandatario.<\/p>\n","protected":false},"excerpt":{"rendered":"<p>El presidente de Chile, Gabriel Boric, se dirigi\u00f3 este martes por \u00faltima vez al pa\u00eds en una cadena nacional transmitida en vivo, a pocas horas del cambio de mando presidencial, en el que entregar\u00e1 la banda al mandatario electo Jos\u00e9 Antonio Kast. Durante un discurso de 11 minutos, que no fue grabado previamente, el mandatario [&hellip;]<\/p>\n","protected":false},"author":4,"featured_media":7429,"comment_status":"open","ping_status":"open","sticky":false,"template":"","format":"standard","meta":{"footnotes":""},"categories":[20],"tags":[],"class_list":{"0":"post-7428","1":"post","2":"type-post","3":"status-publish","4":"format-standard","5":"has-post-thumbnail","7":"category-internacionales"},"yoast_head":"<!-- This site is optimized with the Yoast SEO plugin v27.4 - https:\/\/yoast.com\/product\/yoast-seo-wordpress\/ -->\n<title>Boric se despidi\u00f3 de la presidencia de Chile: &quot;Me voy con la frente en alto y las manos limpias&quot; - Diario del Sur<\/title>\n<meta name=\"robots\" content=\"index, follow, max-snippet:-1, max-image-preview:large, max-video-preview:-1\" \/>\n<link rel=\"canonical\" href=\"https:\/\/diariodelsurdigital.com.ar\/?p=7428\" \/>\n<meta property=\"og:locale\" content=\"es_ES\" \/>\n<meta property=\"og:type\" content=\"article\" \/>\n<meta property=\"og:title\" content=\"Boric se despidi\u00f3 de la presidencia de Chile: &quot;Me voy con la frente en alto y las manos limpias&quot; - Diario del Sur\" \/>\n<meta property=\"og:description\" content=\"El presidente de Chile, Gabriel Boric, se dirigi\u00f3 este martes por \u00faltima vez al pa\u00eds en una cadena nacional transmitida en vivo, a pocas horas del cambio de mando presidencial, en el que entregar\u00e1 la banda al mandatario electo Jos\u00e9 Antonio Kast. Durante un discurso de 11 minutos, que no fue grabado previamente, el mandatario [&hellip;]\" \/>\n<meta property=\"og:url\" content=\"https:\/\/diariodelsurdigital.com.ar\/?p=7428\" \/>\n<meta property=\"og:site_name\" content=\"Diario del Sur\" \/>\n<meta property=\"article:published_time\" content=\"2026-03-11T12:57:49+00:00\" \/>\n<meta property=\"article:modified_time\" content=\"2026-03-11T12:57:50+00:00\" \/>\n<meta property=\"og:image\" content=\"https:\/\/diariodelsurdigital.com.ar\/wp-content\/uploads\/2026\/03\/md-86.webp\" \/>\n\t<meta property=\"og:image:width\" content=\"992\" \/>\n\t<meta property=\"og:image:height\" content=\"557\" \/>\n\t<meta property=\"og:image:type\" content=\"image\/webp\" \/>\n<meta name=\"author\" content=\"Diario del Sur Digital\" \/>\n<meta name=\"twitter:card\" content=\"summary_large_image\" \/>\n<meta name=\"twitter:label1\" content=\"Escrito por\" \/>\n\t<meta name=\"twitter:data1\" content=\"Diario del Sur Digital\" \/>\n\t<meta name=\"twitter:label2\" content=\"Tiempo de lectura\" \/>\n\t<meta name=\"twitter:data2\" content=\"4 minutos\" \/>\n<script type=\"application\/ld+json\" class=\"yoast-schema-graph\">{\"@context\":\"https:\\\/\\\/schema.org\",\"@graph\":[{\"@type\":\"Article\",\"@id\":\"https:\\\/\\\/diariodelsurdigital.com.ar\\\/?p=7428#article\",\"isPartOf\":{\"@id\":\"https:\\\/\\\/diariodelsurdigital.com.ar\\\/?p=7428\"},\"author\":{\"name\":\"Diario del Sur Digital\",\"@id\":\"https:\\\/\\\/diariodelsurdigital.com.ar\\\/#\\\/schema\\\/person\\\/1a4992532ed62965c968031b49195c81\"},\"headline\":\"Boric se despidi\u00f3 de la presidencia de Chile: \u00abMe voy con la frente en alto y las manos limpias\u00bb\",\"datePublished\":\"2026-03-11T12:57:49+00:00\",\"dateModified\":\"2026-03-11T12:57:50+00:00\",\"mainEntityOfPage\":{\"@id\":\"https:\\\/\\\/diariodelsurdigital.com.ar\\\/?p=7428\"},\"wordCount\":878,\"commentCount\":0,\"image\":{\"@id\":\"https:\\\/\\\/diariodelsurdigital.com.ar\\\/?p=7428#primaryimage\"},\"thumbnailUrl\":\"https:\\\/\\\/diariodelsurdigital.com.ar\\\/wp-content\\\/uploads\\\/2026\\\/03\\\/md-86.webp\",\"articleSection\":[\"Internacionales\"],\"inLanguage\":\"es\",\"potentialAction\":[{\"@type\":\"CommentAction\",\"name\":\"Comment\",\"target\":[\"https:\\\/\\\/diariodelsurdigital.com.ar\\\/?p=7428#respond\"]}]},{\"@type\":\"WebPage\",\"@id\":\"https:\\\/\\\/diariodelsurdigital.com.ar\\\/?p=7428\",\"url\":\"https:\\\/\\\/diariodelsurdigital.com.ar\\\/?p=7428\",\"name\":\"Boric se despidi\u00f3 de la presidencia de Chile: \\\"Me voy con la frente en alto y las manos limpias\\\" - Diario del Sur\",\"isPartOf\":{\"@id\":\"https:\\\/\\\/diariodelsurdigital.com.ar\\\/#website\"},\"primaryImageOfPage\":{\"@id\":\"https:\\\/\\\/diariodelsurdigital.com.ar\\\/?p=7428#primaryimage\"},\"image\":{\"@id\":\"https:\\\/\\\/diariodelsurdigital.com.ar\\\/?p=7428#primaryimage\"},\"thumbnailUrl\":\"https:\\\/\\\/diariodelsurdigital.com.ar\\\/wp-content\\\/uploads\\\/2026\\\/03\\\/md-86.webp\",\"datePublished\":\"2026-03-11T12:57:49+00:00\",\"dateModified\":\"2026-03-11T12:57:50+00:00\",\"author\":{\"@id\":\"https:\\\/\\\/diariodelsurdigital.com.ar\\\/#\\\/schema\\\/person\\\/1a4992532ed62965c968031b49195c81\"},\"breadcrumb\":{\"@id\":\"https:\\\/\\\/diariodelsurdigital.com.ar\\\/?p=7428#breadcrumb\"},\"inLanguage\":\"es\",\"potentialAction\":[{\"@type\":\"ReadAction\",\"target\":[\"https:\\\/\\\/diariodelsurdigital.com.ar\\\/?p=7428\"]}]},{\"@type\":\"ImageObject\",\"inLanguage\":\"es\",\"@id\":\"https:\\\/\\\/diariodelsurdigital.com.ar\\\/?p=7428#primaryimage\",\"url\":\"https:\\\/\\\/diariodelsurdigital.com.ar\\\/wp-content\\\/uploads\\\/2026\\\/03\\\/md-86.webp\",\"contentUrl\":\"https:\\\/\\\/diariodelsurdigital.com.ar\\\/wp-content\\\/uploads\\\/2026\\\/03\\\/md-86.webp\",\"width\":992,\"height\":557},{\"@type\":\"BreadcrumbList\",\"@id\":\"https:\\\/\\\/diariodelsurdigital.com.ar\\\/?p=7428#breadcrumb\",\"itemListElement\":[{\"@type\":\"ListItem\",\"position\":1,\"name\":\"Portada\",\"item\":\"https:\\\/\\\/diariodelsurdigital.com.ar\\\/\"},{\"@type\":\"ListItem\",\"position\":2,\"name\":\"Boric se despidi\u00f3 de la presidencia de Chile: \u00abMe voy con la frente en alto y las manos limpias\u00bb\"}]},{\"@type\":\"WebSite\",\"@id\":\"https:\\\/\\\/diariodelsurdigital.com.ar\\\/#website\",\"url\":\"https:\\\/\\\/diariodelsurdigital.com.ar\\\/\",\"name\":\"Diario del Sur\",\"description\":\"Digital\",\"potentialAction\":[{\"@type\":\"SearchAction\",\"target\":{\"@type\":\"EntryPoint\",\"urlTemplate\":\"https:\\\/\\\/diariodelsurdigital.com.ar\\\/?s={search_term_string}\"},\"query-input\":{\"@type\":\"PropertyValueSpecification\",\"valueRequired\":true,\"valueName\":\"search_term_string\"}}],\"inLanguage\":\"es\"},{\"@type\":\"Person\",\"@id\":\"https:\\\/\\\/diariodelsurdigital.com.ar\\\/#\\\/schema\\\/person\\\/1a4992532ed62965c968031b49195c81\",\"name\":\"Diario del Sur Digital\",\"image\":{\"@type\":\"ImageObject\",\"inLanguage\":\"es\",\"@id\":\"https:\\\/\\\/secure.gravatar.com\\\/avatar\\\/f0c7c47fc7146d19828273b9b8eda651c9c7ab583767e6338d3d3bee825adf76?s=96&d=mm&r=g\",\"url\":\"https:\\\/\\\/secure.gravatar.com\\\/avatar\\\/f0c7c47fc7146d19828273b9b8eda651c9c7ab583767e6338d3d3bee825adf76?s=96&d=mm&r=g\",\"contentUrl\":\"https:\\\/\\\/secure.gravatar.com\\\/avatar\\\/f0c7c47fc7146d19828273b9b8eda651c9c7ab583767e6338d3d3bee825adf76?s=96&d=mm&r=g\",\"caption\":\"Diario del Sur Digital\"},\"url\":\"https:\\\/\\\/diariodelsurdigital.com.ar\\\/?author=4\"}]}<\/script>\n<!-- \/ Yoast SEO plugin. -->","yoast_head_json":{"title":"Boric se despidi\u00f3 de la presidencia de Chile: \"Me voy con la frente en alto y las manos limpias\" - Diario del Sur","robots":{"index":"index","follow":"follow","max-snippet":"max-snippet:-1","max-image-preview":"max-image-preview:large","max-video-preview":"max-video-preview:-1"},"canonical":"https:\/\/diariodelsurdigital.com.ar\/?p=7428","og_locale":"es_ES","og_type":"article","og_title":"Boric se despidi\u00f3 de la presidencia de Chile: \"Me voy con la frente en alto y las manos limpias\" - Diario del Sur","og_description":"El presidente de Chile, Gabriel Boric, se dirigi\u00f3 este martes por \u00faltima vez al pa\u00eds en una cadena nacional transmitida en vivo, a pocas horas del cambio de mando presidencial, en el que entregar\u00e1 la banda al mandatario electo Jos\u00e9 Antonio Kast. Durante un discurso de 11 minutos, que no fue grabado previamente, el mandatario [&hellip;]","og_url":"https:\/\/diariodelsurdigital.com.ar\/?p=7428","og_site_name":"Diario del Sur","article_published_time":"2026-03-11T12:57:49+00:00","article_modified_time":"2026-03-11T12:57:50+00:00","og_image":[{"width":992,"height":557,"url":"https:\/\/diariodelsurdigital.com.ar\/wp-content\/uploads\/2026\/03\/md-86.webp","type":"image\/webp"}],"author":"Diario del Sur Digital","twitter_card":"summary_large_image","twitter_misc":{"Escrito por":"Diario del Sur Digital","Tiempo de lectura":"4 minutos"},"schema":{"@context":"https:\/\/schema.org","@graph":[{"@type":"Article","@id":"https:\/\/diariodelsurdigital.com.ar\/?p=7428#article","isPartOf":{"@id":"https:\/\/diariodelsurdigital.com.ar\/?p=7428"},"author":{"name":"Diario del Sur Digital","@id":"https:\/\/diariodelsurdigital.com.ar\/#\/schema\/person\/1a4992532ed62965c968031b49195c81"},"headline":"Boric se despidi\u00f3 de la presidencia de Chile: \u00abMe voy con la frente en alto y las manos limpias\u00bb","datePublished":"2026-03-11T12:57:49+00:00","dateModified":"2026-03-11T12:57:50+00:00","mainEntityOfPage":{"@id":"https:\/\/diariodelsurdigital.com.ar\/?p=7428"},"wordCount":878,"commentCount":0,"image":{"@id":"https:\/\/diariodelsurdigital.com.ar\/?p=7428#primaryimage"},"thumbnailUrl":"https:\/\/diariodelsurdigital.com.ar\/wp-content\/uploads\/2026\/03\/md-86.webp","articleSection":["Internacionales"],"inLanguage":"es","potentialAction":[{"@type":"CommentAction","name":"Comment","target":["https:\/\/diariodelsurdigital.com.ar\/?p=7428#respond"]}]},{"@type":"WebPage","@id":"https:\/\/diariodelsurdigital.com.ar\/?p=7428","url":"https:\/\/diariodelsurdigital.com.ar\/?p=7428","name":"Boric se despidi\u00f3 de la presidencia de Chile: \"Me voy con la frente en alto y las manos limpias\" - Diario del Sur","isPartOf":{"@id":"https:\/\/diariodelsurdigital.com.ar\/#website"},"primaryImageOfPage":{"@id":"https:\/\/diariodelsurdigital.com.ar\/?p=7428#primaryimage"},"image":{"@id":"https:\/\/diariodelsurdigital.com.ar\/?p=7428#primaryimage"},"thumbnailUrl":"https:\/\/diariodelsurdigital.com.ar\/wp-content\/uploads\/2026\/03\/md-86.webp","datePublished":"2026-03-11T12:57:49+00:00","dateModified":"2026-03-11T12:57:50+00:00","author":{"@id":"https:\/\/diariodelsurdigital.com.ar\/#\/schema\/person\/1a4992532ed62965c968031b49195c81"},"breadcrumb":{"@id":"https:\/\/diariodelsurdigital.com.ar\/?p=7428#breadcrumb"},"inLanguage":"es","potentialAction":[{"@type":"ReadAction","target":["https:\/\/diariodelsurdigital.com.ar\/?p=7428"]}]},{"@type":"ImageObject","inLanguage":"es","@id":"https:\/\/diariodelsurdigital.com.ar\/?p=7428#primaryimage","url":"https:\/\/diariodelsurdigital.com.ar\/wp-content\/uploads\/2026\/03\/md-86.webp","contentUrl":"https:\/\/diariodelsurdigital.com.ar\/wp-content\/uploads\/2026\/03\/md-86.webp","width":992,"height":557},{"@type":"BreadcrumbList","@id":"https:\/\/diariodelsurdigital.com.ar\/?p=7428#breadcrumb","itemListElement":[{"@type":"ListItem","position":1,"name":"Portada","item":"https:\/\/diariodelsurdigital.com.ar\/"},{"@type":"ListItem","position":2,"name":"Boric se despidi\u00f3 de la presidencia de Chile: \u00abMe voy con la frente en alto y las manos limpias\u00bb"}]},{"@type":"WebSite","@id":"https:\/\/diariodelsurdigital.com.ar\/#website","url":"https:\/\/diariodelsurdigital.com.ar\/","name":"Diario del Sur","description":"Digital","potentialAction":[{"@type":"SearchAction","target":{"@type":"EntryPoint","urlTemplate":"https:\/\/diariodelsurdigital.com.ar\/?s={search_term_string}"},"query-input":{"@type":"PropertyValueSpecification","valueRequired":true,"valueName":"search_term_string"}}],"inLanguage":"es"},{"@type":"Person","@id":"https:\/\/diariodelsurdigital.com.ar\/#\/schema\/person\/1a4992532ed62965c968031b49195c81","name":"Diario del Sur Digital","image":{"@type":"ImageObject","inLanguage":"es","@id":"https:\/\/secure.gravatar.com\/avatar\/f0c7c47fc7146d19828273b9b8eda651c9c7ab583767e6338d3d3bee825adf76?s=96&d=mm&r=g","url":"https:\/\/secure.gravatar.com\/avatar\/f0c7c47fc7146d19828273b9b8eda651c9c7ab583767e6338d3d3bee825adf76?s=96&d=mm&r=g","contentUrl":"https:\/\/secure.gravatar.com\/avatar\/f0c7c47fc7146d19828273b9b8eda651c9c7ab583767e6338d3d3bee825adf76?s=96&d=mm&r=g","caption":"Diario del Sur Digital"},"url":"https:\/\/diariodelsurdigital.com.ar\/?author=4"}]}},"_links":{"self":[{"href":"https:\/\/diariodelsurdigital.com.ar\/index.php?rest_route=\/wp\/v2\/posts\/7428","targetHints":{"allow":["GET"]}}],"collection":[{"href":"https:\/\/diariodelsurdigital.com.ar\/index.php?rest_route=\/wp\/v2\/posts"}],"about":[{"href":"https:\/\/diariodelsurdigital.com.ar\/index.php?rest_route=\/wp\/v2\/types\/post"}],"author":[{"embeddable":true,"href":"https:\/\/diariodelsurdigital.com.ar\/index.php?rest_route=\/wp\/v2\/users\/4"}],"replies":[{"embeddable":true,"href":"https:\/\/diariodelsurdigital.com.ar\/index.php?rest_route=%2Fwp%2Fv2%2Fcomments&post=7428"}],"version-history":[{"count":1,"href":"https:\/\/diariodelsurdigital.com.ar\/index.php?rest_route=\/wp\/v2\/posts\/7428\/revisions"}],"predecessor-version":[{"id":7430,"href":"https:\/\/diariodelsurdigital.com.ar\/index.php?rest_route=\/wp\/v2\/posts\/7428\/revisions\/7430"}],"wp:featuredmedia":[{"embeddable":true,"href":"https:\/\/diariodelsurdigital.com.ar\/index.php?rest_route=\/wp\/v2\/media\/7429"}],"wp:attachment":[{"href":"https:\/\/diariodelsurdigital.com.ar\/index.php?rest_route=%2Fwp%2Fv2%2Fmedia&parent=7428"}],"wp:term":[{"taxonomy":"category","embeddable":true,"href":"https:\/\/diariodelsurdigital.com.ar\/index.php?rest_route=%2Fwp%2Fv2%2Fcategories&post=7428"},{"taxonomy":"post_tag","embeddable":true,"href":"https:\/\/diariodelsurdigital.com.ar\/index.php?rest_route=%2Fwp%2Fv2%2Ftags&post=7428"}],"curies":[{"name":"wp","href":"https:\/\/api.w.org\/{rel}","templated":true}]}}