{"id":743,"date":"2025-01-27T14:00:14","date_gmt":"2025-01-27T17:00:14","guid":{"rendered":"https:\/\/diariodelsurdigital.com.ar\/?p=743"},"modified":"2025-01-27T14:00:15","modified_gmt":"2025-01-27T17:00:15","slug":"echaron-a-edgardo-kueider-y-a-su-secretaria-del-departamento-en-el-que-cumplian-prision-domiciliaria","status":"publish","type":"post","link":"https:\/\/diariodelsurdigital.com.ar\/?p=743","title":{"rendered":"Echaron a Edgardo Kueider y a su secretaria del departamento en el que cumpl\u00edan prisi\u00f3n domiciliaria"},"content":{"rendered":"\n<p>El consorcio de propietarios del edificio elev\u00f3 una queja para que le rescindan el alquiler a los dos imputados. La Justicia orden\u00f3 el cambio de domicilio y ya fueron trasladados.<\/p>\n\n\n\n<p>El ex senador Edgardo Kueider y su secretaria privada, Iara Guinsel Costa, fueron echados del departamento en el que cumpl\u00edan prisi\u00f3n domiciliaria y trasladados a un nuevo domicilio por disposici\u00f3n de la Justicia.<\/p>\n\n\n\n<p>El juez penal, Humberto Otaz\u00fa, ratific\u00f3 la decisi\u00f3n de darles prisi\u00f3n domiciliaria a ambos imputados y orden\u00f3 que sean trasladados a una casa en el barrio San Vicente de Asunci\u00f3n, donde quedaron bajo jurisdicci\u00f3n de la Comisar\u00eda 14\u00b0 Metropolitana.<\/p>\n\n\n\n<p>La defensa de Kueider y de Guinsel Costa elev\u00f3 la solicitud del cambio de domicilio el 20 de enero pasado, luego de recibir la notificaci\u00f3n de que los propietarios del departamento quer\u00eda rescindirles el contrato de alquiler.<\/p>\n\n\n\n<p>El pedido de rescisi\u00f3n de contrato lleg\u00f3 tras una solicitud del consorcio de propietarios del edificio Tierra Alta del Maestro, ubicado sobre la calle Del Maestro, en pleno cetro de Asunci\u00f3n.<\/p>\n\n\n\n<p>Por este motivo, el abogado defensor inform\u00f3 que el 14 de enero los imputados se hab\u00edan trasladado a un nuevo domicilio, ubicado sobre la calle Jos\u00e9 F\u00e9lix Bogado del Barrio San Vicente, tambi\u00e9n ubicado en la capital paraguaya.<\/p>\n\n\n\n<p>El fiscal que lleva adelante la investigaci\u00f3n notific\u00f3 al juez de la solicitud enviada por la defensa y agreg\u00f3 que consideraba \u201cviable el cambio de domicilio peticionado\u201d.<\/p>\n\n\n\n<p>De esta manera, el juez decidi\u00f3 hacer lugar al pedido de cambio de domicilio del arresto domiciliario y encargar a la Comisar\u00eda 14\u00b0 Metropolitana y a la Polic\u00eda Nacional del control permanente de los imputados.<\/p>\n\n\n\n<p>Tras esta decisi\u00f3n que acept\u00f3 Humberto Otaz\u00fa, la Justicia de Paraguay debe definir si acepta el pedido de extradici\u00f3n de Edgardo Kueider y de Iara Guinsel Costa que realiz\u00f3 la jueza Sandra Arroyo Salgado.<\/p>\n\n\n\n<p>El pedido se realiz\u00f3 en los primeros d\u00edas del a\u00f1o y la justicia paraguaya deber\u00e1 sortear a un juez que se har\u00e1 cargo del proceso para definir el futuro del exsenador. Seg\u00fan pudo saber TN, las autoridades del pa\u00eds vecino analizan dos alternativas, que ambas terminar\u00e1n con Kueider en la Argentina pero con tiempos diferentes.<\/p>\n\n\n\n<p>Una opci\u00f3n es que la Justicia de Paraguay acepte la extradici\u00f3n de Kueider y lo env\u00ede directamente a la Argentina, en donde el exlegislador pidi\u00f3 atravesar el proceso en libertad, pero la jueza Arroyo Salgado le neg\u00f3 esa posibilidad. El entrerriano apel\u00f3 y ahora define la C\u00e1mara de Apelaciones. Para la magistrada existe peligro real de fuga y entorpecimiento de la investigaci\u00f3n.<\/p>\n\n\n\n<p>Aunque otra opci\u00f3n, tal vez menos probable, es que la Justicia de Paraguay quiera juzgar primero a Kueider en ese pa\u00eds y una vez terminado ese proceso lo env\u00ede a la Argentina para que enfrente aqu\u00ed las investigaciones en su contra. A Kueider no solo lo investiga Arroyo Salgado por enriquecimiento il\u00edcito sino tambi\u00e9n hay otro caso abierto en Entre R\u00edos.<\/p>\n\n\n\n<p>Fuentes consultadas por TN aseguraron que la Justicia de Paraguay aceptar\u00eda el pedido de extradici\u00f3n de la jueza Arroyo Salgado, por lo que pronto el ex legislador podr\u00eda abandonar el nuevo domicilio al que fue trasladado.&nbsp;<\/p>\n","protected":false},"excerpt":{"rendered":"<p>El consorcio de propietarios del edificio elev\u00f3 una queja para que le rescindan el alquiler a los dos imputados. La Justicia orden\u00f3 el cambio de domicilio y ya fueron trasladados. El ex senador Edgardo Kueider y su secretaria privada, Iara Guinsel Costa, fueron echados del departamento en el que cumpl\u00edan prisi\u00f3n domiciliaria y trasladados a [&hellip;]<\/p>\n","protected":false},"author":4,"featured_media":744,"comment_status":"open","ping_status":"open","sticky":false,"template":"","format":"standard","meta":{"footnotes":""},"categories":[19,22],"tags":[],"class_list":{"0":"post-743","1":"post","2":"type-post","3":"status-publish","4":"format-standard","5":"has-post-thumbnail","7":"category-interes-general","8":"category-politica"},"yoast_head":"<!-- This site is optimized with the Yoast SEO plugin v27.4 - https:\/\/yoast.com\/product\/yoast-seo-wordpress\/ -->\n<title>Echaron a Edgardo Kueider y a su secretaria del departamento en el que cumpl\u00edan prisi\u00f3n domiciliaria - Diario del Sur<\/title>\n<meta name=\"robots\" content=\"index, follow, max-snippet:-1, max-image-preview:large, max-video-preview:-1\" \/>\n<link rel=\"canonical\" href=\"https:\/\/diariodelsurdigital.com.ar\/?p=743\" \/>\n<meta property=\"og:locale\" content=\"es_ES\" \/>\n<meta property=\"og:type\" content=\"article\" \/>\n<meta property=\"og:title\" content=\"Echaron a Edgardo Kueider y a su secretaria del departamento en el que cumpl\u00edan prisi\u00f3n domiciliaria - Diario del Sur\" \/>\n<meta property=\"og:description\" content=\"El consorcio de propietarios del edificio elev\u00f3 una queja para que le rescindan el alquiler a los dos imputados. La Justicia orden\u00f3 el cambio de domicilio y ya fueron trasladados. El ex senador Edgardo Kueider y su secretaria privada, Iara Guinsel Costa, fueron echados del departamento en el que cumpl\u00edan prisi\u00f3n domiciliaria y trasladados a [&hellip;]\" \/>\n<meta property=\"og:url\" content=\"https:\/\/diariodelsurdigital.com.ar\/?p=743\" \/>\n<meta property=\"og:site_name\" content=\"Diario del Sur\" \/>\n<meta property=\"article:published_time\" content=\"2025-01-27T17:00:14+00:00\" \/>\n<meta property=\"article:modified_time\" content=\"2025-01-27T17:00:15+00:00\" \/>\n<meta property=\"og:image\" content=\"https:\/\/diariodelsurdigital.com.ar\/wp-content\/uploads\/2025\/01\/md-2025-01-27T135859.884.webp\" \/>\n\t<meta property=\"og:image:width\" content=\"992\" \/>\n\t<meta property=\"og:image:height\" content=\"606\" \/>\n\t<meta property=\"og:image:type\" content=\"image\/webp\" \/>\n<meta name=\"author\" content=\"Diario del Sur Digital\" \/>\n<meta name=\"twitter:card\" content=\"summary_large_image\" \/>\n<meta name=\"twitter:label1\" content=\"Escrito por\" \/>\n\t<meta name=\"twitter:data1\" content=\"Diario del Sur Digital\" \/>\n\t<meta name=\"twitter:label2\" content=\"Tiempo de lectura\" \/>\n\t<meta name=\"twitter:data2\" content=\"3 minutos\" \/>\n<script type=\"application\/ld+json\" class=\"yoast-schema-graph\">{\"@context\":\"https:\\\/\\\/schema.org\",\"@graph\":[{\"@type\":\"Article\",\"@id\":\"https:\\\/\\\/diariodelsurdigital.com.ar\\\/?p=743#article\",\"isPartOf\":{\"@id\":\"https:\\\/\\\/diariodelsurdigital.com.ar\\\/?p=743\"},\"author\":{\"name\":\"Diario del Sur Digital\",\"@id\":\"https:\\\/\\\/diariodelsurdigital.com.ar\\\/#\\\/schema\\\/person\\\/1a4992532ed62965c968031b49195c81\"},\"headline\":\"Echaron a Edgardo Kueider y a su secretaria del departamento en el que cumpl\u00edan prisi\u00f3n domiciliaria\",\"datePublished\":\"2025-01-27T17:00:14+00:00\",\"dateModified\":\"2025-01-27T17:00:15+00:00\",\"mainEntityOfPage\":{\"@id\":\"https:\\\/\\\/diariodelsurdigital.com.ar\\\/?p=743\"},\"wordCount\":572,\"commentCount\":0,\"image\":{\"@id\":\"https:\\\/\\\/diariodelsurdigital.com.ar\\\/?p=743#primaryimage\"},\"thumbnailUrl\":\"https:\\\/\\\/diariodelsurdigital.com.ar\\\/wp-content\\\/uploads\\\/2025\\\/01\\\/md-2025-01-27T135859.884.webp\",\"articleSection\":[\"Inter\u00e9s General\",\"Pol\u00edtica\"],\"inLanguage\":\"es\",\"potentialAction\":[{\"@type\":\"CommentAction\",\"name\":\"Comment\",\"target\":[\"https:\\\/\\\/diariodelsurdigital.com.ar\\\/?p=743#respond\"]}]},{\"@type\":\"WebPage\",\"@id\":\"https:\\\/\\\/diariodelsurdigital.com.ar\\\/?p=743\",\"url\":\"https:\\\/\\\/diariodelsurdigital.com.ar\\\/?p=743\",\"name\":\"Echaron a Edgardo Kueider y a su secretaria del departamento en el que cumpl\u00edan prisi\u00f3n domiciliaria - Diario del Sur\",\"isPartOf\":{\"@id\":\"https:\\\/\\\/diariodelsurdigital.com.ar\\\/#website\"},\"primaryImageOfPage\":{\"@id\":\"https:\\\/\\\/diariodelsurdigital.com.ar\\\/?p=743#primaryimage\"},\"image\":{\"@id\":\"https:\\\/\\\/diariodelsurdigital.com.ar\\\/?p=743#primaryimage\"},\"thumbnailUrl\":\"https:\\\/\\\/diariodelsurdigital.com.ar\\\/wp-content\\\/uploads\\\/2025\\\/01\\\/md-2025-01-27T135859.884.webp\",\"datePublished\":\"2025-01-27T17:00:14+00:00\",\"dateModified\":\"2025-01-27T17:00:15+00:00\",\"author\":{\"@id\":\"https:\\\/\\\/diariodelsurdigital.com.ar\\\/#\\\/schema\\\/person\\\/1a4992532ed62965c968031b49195c81\"},\"breadcrumb\":{\"@id\":\"https:\\\/\\\/diariodelsurdigital.com.ar\\\/?p=743#breadcrumb\"},\"inLanguage\":\"es\",\"potentialAction\":[{\"@type\":\"ReadAction\",\"target\":[\"https:\\\/\\\/diariodelsurdigital.com.ar\\\/?p=743\"]}]},{\"@type\":\"ImageObject\",\"inLanguage\":\"es\",\"@id\":\"https:\\\/\\\/diariodelsurdigital.com.ar\\\/?p=743#primaryimage\",\"url\":\"https:\\\/\\\/diariodelsurdigital.com.ar\\\/wp-content\\\/uploads\\\/2025\\\/01\\\/md-2025-01-27T135859.884.webp\",\"contentUrl\":\"https:\\\/\\\/diariodelsurdigital.com.ar\\\/wp-content\\\/uploads\\\/2025\\\/01\\\/md-2025-01-27T135859.884.webp\",\"width\":992,\"height\":606},{\"@type\":\"BreadcrumbList\",\"@id\":\"https:\\\/\\\/diariodelsurdigital.com.ar\\\/?p=743#breadcrumb\",\"itemListElement\":[{\"@type\":\"ListItem\",\"position\":1,\"name\":\"Portada\",\"item\":\"https:\\\/\\\/diariodelsurdigital.com.ar\\\/\"},{\"@type\":\"ListItem\",\"position\":2,\"name\":\"Echaron a Edgardo Kueider y a su secretaria del departamento en el que cumpl\u00edan prisi\u00f3n domiciliaria\"}]},{\"@type\":\"WebSite\",\"@id\":\"https:\\\/\\\/diariodelsurdigital.com.ar\\\/#website\",\"url\":\"https:\\\/\\\/diariodelsurdigital.com.ar\\\/\",\"name\":\"Diario del Sur\",\"description\":\"Digital\",\"potentialAction\":[{\"@type\":\"SearchAction\",\"target\":{\"@type\":\"EntryPoint\",\"urlTemplate\":\"https:\\\/\\\/diariodelsurdigital.com.ar\\\/?s={search_term_string}\"},\"query-input\":{\"@type\":\"PropertyValueSpecification\",\"valueRequired\":true,\"valueName\":\"search_term_string\"}}],\"inLanguage\":\"es\"},{\"@type\":\"Person\",\"@id\":\"https:\\\/\\\/diariodelsurdigital.com.ar\\\/#\\\/schema\\\/person\\\/1a4992532ed62965c968031b49195c81\",\"name\":\"Diario del Sur Digital\",\"image\":{\"@type\":\"ImageObject\",\"inLanguage\":\"es\",\"@id\":\"https:\\\/\\\/secure.gravatar.com\\\/avatar\\\/f0c7c47fc7146d19828273b9b8eda651c9c7ab583767e6338d3d3bee825adf76?s=96&d=mm&r=g\",\"url\":\"https:\\\/\\\/secure.gravatar.com\\\/avatar\\\/f0c7c47fc7146d19828273b9b8eda651c9c7ab583767e6338d3d3bee825adf76?s=96&d=mm&r=g\",\"contentUrl\":\"https:\\\/\\\/secure.gravatar.com\\\/avatar\\\/f0c7c47fc7146d19828273b9b8eda651c9c7ab583767e6338d3d3bee825adf76?s=96&d=mm&r=g\",\"caption\":\"Diario del Sur Digital\"},\"url\":\"https:\\\/\\\/diariodelsurdigital.com.ar\\\/?author=4\"}]}<\/script>\n<!-- \/ Yoast SEO plugin. -->","yoast_head_json":{"title":"Echaron a Edgardo Kueider y a su secretaria del departamento en el que cumpl\u00edan prisi\u00f3n domiciliaria - Diario del Sur","robots":{"index":"index","follow":"follow","max-snippet":"max-snippet:-1","max-image-preview":"max-image-preview:large","max-video-preview":"max-video-preview:-1"},"canonical":"https:\/\/diariodelsurdigital.com.ar\/?p=743","og_locale":"es_ES","og_type":"article","og_title":"Echaron a Edgardo Kueider y a su secretaria del departamento en el que cumpl\u00edan prisi\u00f3n domiciliaria - Diario del Sur","og_description":"El consorcio de propietarios del edificio elev\u00f3 una queja para que le rescindan el alquiler a los dos imputados. La Justicia orden\u00f3 el cambio de domicilio y ya fueron trasladados. El ex senador Edgardo Kueider y su secretaria privada, Iara Guinsel Costa, fueron echados del departamento en el que cumpl\u00edan prisi\u00f3n domiciliaria y trasladados a [&hellip;]","og_url":"https:\/\/diariodelsurdigital.com.ar\/?p=743","og_site_name":"Diario del Sur","article_published_time":"2025-01-27T17:00:14+00:00","article_modified_time":"2025-01-27T17:00:15+00:00","og_image":[{"width":992,"height":606,"url":"https:\/\/diariodelsurdigital.com.ar\/wp-content\/uploads\/2025\/01\/md-2025-01-27T135859.884.webp","type":"image\/webp"}],"author":"Diario del Sur Digital","twitter_card":"summary_large_image","twitter_misc":{"Escrito por":"Diario del Sur Digital","Tiempo de lectura":"3 minutos"},"schema":{"@context":"https:\/\/schema.org","@graph":[{"@type":"Article","@id":"https:\/\/diariodelsurdigital.com.ar\/?p=743#article","isPartOf":{"@id":"https:\/\/diariodelsurdigital.com.ar\/?p=743"},"author":{"name":"Diario del Sur Digital","@id":"https:\/\/diariodelsurdigital.com.ar\/#\/schema\/person\/1a4992532ed62965c968031b49195c81"},"headline":"Echaron a Edgardo Kueider y a su secretaria del departamento en el que cumpl\u00edan prisi\u00f3n domiciliaria","datePublished":"2025-01-27T17:00:14+00:00","dateModified":"2025-01-27T17:00:15+00:00","mainEntityOfPage":{"@id":"https:\/\/diariodelsurdigital.com.ar\/?p=743"},"wordCount":572,"commentCount":0,"image":{"@id":"https:\/\/diariodelsurdigital.com.ar\/?p=743#primaryimage"},"thumbnailUrl":"https:\/\/diariodelsurdigital.com.ar\/wp-content\/uploads\/2025\/01\/md-2025-01-27T135859.884.webp","articleSection":["Inter\u00e9s General","Pol\u00edtica"],"inLanguage":"es","potentialAction":[{"@type":"CommentAction","name":"Comment","target":["https:\/\/diariodelsurdigital.com.ar\/?p=743#respond"]}]},{"@type":"WebPage","@id":"https:\/\/diariodelsurdigital.com.ar\/?p=743","url":"https:\/\/diariodelsurdigital.com.ar\/?p=743","name":"Echaron a Edgardo Kueider y a su secretaria del departamento en el que cumpl\u00edan prisi\u00f3n domiciliaria - Diario del Sur","isPartOf":{"@id":"https:\/\/diariodelsurdigital.com.ar\/#website"},"primaryImageOfPage":{"@id":"https:\/\/diariodelsurdigital.com.ar\/?p=743#primaryimage"},"image":{"@id":"https:\/\/diariodelsurdigital.com.ar\/?p=743#primaryimage"},"thumbnailUrl":"https:\/\/diariodelsurdigital.com.ar\/wp-content\/uploads\/2025\/01\/md-2025-01-27T135859.884.webp","datePublished":"2025-01-27T17:00:14+00:00","dateModified":"2025-01-27T17:00:15+00:00","author":{"@id":"https:\/\/diariodelsurdigital.com.ar\/#\/schema\/person\/1a4992532ed62965c968031b49195c81"},"breadcrumb":{"@id":"https:\/\/diariodelsurdigital.com.ar\/?p=743#breadcrumb"},"inLanguage":"es","potentialAction":[{"@type":"ReadAction","target":["https:\/\/diariodelsurdigital.com.ar\/?p=743"]}]},{"@type":"ImageObject","inLanguage":"es","@id":"https:\/\/diariodelsurdigital.com.ar\/?p=743#primaryimage","url":"https:\/\/diariodelsurdigital.com.ar\/wp-content\/uploads\/2025\/01\/md-2025-01-27T135859.884.webp","contentUrl":"https:\/\/diariodelsurdigital.com.ar\/wp-content\/uploads\/2025\/01\/md-2025-01-27T135859.884.webp","width":992,"height":606},{"@type":"BreadcrumbList","@id":"https:\/\/diariodelsurdigital.com.ar\/?p=743#breadcrumb","itemListElement":[{"@type":"ListItem","position":1,"name":"Portada","item":"https:\/\/diariodelsurdigital.com.ar\/"},{"@type":"ListItem","position":2,"name":"Echaron a Edgardo Kueider y a su secretaria del departamento en el que cumpl\u00edan prisi\u00f3n domiciliaria"}]},{"@type":"WebSite","@id":"https:\/\/diariodelsurdigital.com.ar\/#website","url":"https:\/\/diariodelsurdigital.com.ar\/","name":"Diario del Sur","description":"Digital","potentialAction":[{"@type":"SearchAction","target":{"@type":"EntryPoint","urlTemplate":"https:\/\/diariodelsurdigital.com.ar\/?s={search_term_string}"},"query-input":{"@type":"PropertyValueSpecification","valueRequired":true,"valueName":"search_term_string"}}],"inLanguage":"es"},{"@type":"Person","@id":"https:\/\/diariodelsurdigital.com.ar\/#\/schema\/person\/1a4992532ed62965c968031b49195c81","name":"Diario del Sur Digital","image":{"@type":"ImageObject","inLanguage":"es","@id":"https:\/\/secure.gravatar.com\/avatar\/f0c7c47fc7146d19828273b9b8eda651c9c7ab583767e6338d3d3bee825adf76?s=96&d=mm&r=g","url":"https:\/\/secure.gravatar.com\/avatar\/f0c7c47fc7146d19828273b9b8eda651c9c7ab583767e6338d3d3bee825adf76?s=96&d=mm&r=g","contentUrl":"https:\/\/secure.gravatar.com\/avatar\/f0c7c47fc7146d19828273b9b8eda651c9c7ab583767e6338d3d3bee825adf76?s=96&d=mm&r=g","caption":"Diario del Sur Digital"},"url":"https:\/\/diariodelsurdigital.com.ar\/?author=4"}]}},"_links":{"self":[{"href":"https:\/\/diariodelsurdigital.com.ar\/index.php?rest_route=\/wp\/v2\/posts\/743","targetHints":{"allow":["GET"]}}],"collection":[{"href":"https:\/\/diariodelsurdigital.com.ar\/index.php?rest_route=\/wp\/v2\/posts"}],"about":[{"href":"https:\/\/diariodelsurdigital.com.ar\/index.php?rest_route=\/wp\/v2\/types\/post"}],"author":[{"embeddable":true,"href":"https:\/\/diariodelsurdigital.com.ar\/index.php?rest_route=\/wp\/v2\/users\/4"}],"replies":[{"embeddable":true,"href":"https:\/\/diariodelsurdigital.com.ar\/index.php?rest_route=%2Fwp%2Fv2%2Fcomments&post=743"}],"version-history":[{"count":1,"href":"https:\/\/diariodelsurdigital.com.ar\/index.php?rest_route=\/wp\/v2\/posts\/743\/revisions"}],"predecessor-version":[{"id":745,"href":"https:\/\/diariodelsurdigital.com.ar\/index.php?rest_route=\/wp\/v2\/posts\/743\/revisions\/745"}],"wp:featuredmedia":[{"embeddable":true,"href":"https:\/\/diariodelsurdigital.com.ar\/index.php?rest_route=\/wp\/v2\/media\/744"}],"wp:attachment":[{"href":"https:\/\/diariodelsurdigital.com.ar\/index.php?rest_route=%2Fwp%2Fv2%2Fmedia&parent=743"}],"wp:term":[{"taxonomy":"category","embeddable":true,"href":"https:\/\/diariodelsurdigital.com.ar\/index.php?rest_route=%2Fwp%2Fv2%2Fcategories&post=743"},{"taxonomy":"post_tag","embeddable":true,"href":"https:\/\/diariodelsurdigital.com.ar\/index.php?rest_route=%2Fwp%2Fv2%2Ftags&post=743"}],"curies":[{"name":"wp","href":"https:\/\/api.w.org\/{rel}","templated":true}]}}