{"id":7431,"date":"2026-03-11T10:06:54","date_gmt":"2026-03-11T13:06:54","guid":{"rendered":"https:\/\/diariodelsurdigital.com.ar\/?p=7431"},"modified":"2026-03-11T10:06:55","modified_gmt":"2026-03-11T13:06:55","slug":"segun-un-informe-de-la-uca-seis-de-cada-diez-trabajadores-se-saltean-comidas-en-el-trabajo","status":"publish","type":"post","link":"https:\/\/diariodelsurdigital.com.ar\/?p=7431","title":{"rendered":"Seg\u00fan un informe de la UCA, seis de cada diez trabajadores se saltean comidas en el trabajo"},"content":{"rendered":"\n<p>El estudio de la Universidad Cat\u00f3lica Argentina revela que la mayor\u00eda de los asalariados reduce la cantidad o calidad de sus comidas durante la jornada laboral por motivos econ\u00f3micos.<\/p>\n\n\n\n<p><\/p>\n\n\n\n<p>La alimentaci\u00f3n durante la jornada laboral se convirti\u00f3 en un reflejo de las desigualdades econ\u00f3micas y del deterioro del poder adquisitivo en la Argentina. As\u00ed lo revela el informe \u201cLa alimentaci\u00f3n y comensalidad en poblaci\u00f3n asalariada de la Argentina\u201d, elaborado por el Observatorio de la Deuda Social Argentina de la Universidad Cat\u00f3lica Argentina, en colaboraci\u00f3n con la empresa Edenred.<\/p>\n\n\n\n<p>El estudio, basado en una encuesta nacional a 1.171 trabajadores asalariados formales, presenta un panorama cr\u00edtico: solo el 16,5% de la fuerza laboral est\u00e1 libre de privaciones alimentarias. El 83,5% restante enfrenta alg\u00fan tipo de vulnerabilidad, ya sea por reducir la cantidad de comida o por resignar calidad nutricional debido a limitaciones econ\u00f3micas.<\/p>\n\n\n\n<p>Uno de los datos m\u00e1s preocupantes es que el 61,1% de los trabajadores admite haber tenido que saltearse alguna comida durante la jornada laboral por falta de recursos. En el detalle, el 46,7% lo hace de manera ocasional y el 14,4% de forma habitual.<\/p>\n\n\n\n<p>La situaci\u00f3n es a\u00fan m\u00e1s marcada entre los trabajadores j\u00f3venes. El 70,7% de las personas de entre 18 y 29 a\u00f1os reconoce omitir comidas, un ajuste que, seg\u00fan el informe, est\u00e1 directamente vinculado con los salarios iniciales m\u00e1s bajos.<\/p>\n\n\n\n<p>A su vez, el 78,5% de los asalariados asegura haber optado por alimentos m\u00e1s econ\u00f3micos y menos nutritivos para poder alimentarse. Dentro de ese grupo, casi uno de cada cuatro (24,6%) ya incorpor\u00f3 esa elecci\u00f3n como una pr\u00e1ctica habitual.<\/p>\n\n\n\n<p>\u201cLa mayor\u00eda de la fuerza laboral no logra cubrir los costos de alimentaci\u00f3n durante la jornada con sus ingresos, lo que obliga a sacrificar calidad nutricional como mecanismo de ajuste frente al costo de vida\u201d, explic\u00f3 Ianina Tu\u00f1\u00f3n, responsable del informe.<\/p>\n\n\n\n<p>Un gasto creciente<\/p>\n\n\n\n<p>El estudio tambi\u00e9n dimensiona el impacto econ\u00f3mico de la comida diaria. El 43,9% de los trabajadores gasta entre $5.001 y $10.000 por d\u00eda para almorzar durante la jornada laboral, mientras que el 20% supera los $10.000 diarios. En ese contexto, la alimentaci\u00f3n pasa a funcionar como un \u201ccosto operativo\u201d que presiona directamente sobre el salario real.<\/p>\n\n\n\n<p>Frente a este escenario, la demanda de apoyo empresarial es contundente. El 80,4% de los trabajadores se manifiesta a favor de recibir un aporte de su empleador para la alimentaci\u00f3n, con libertad para elegir c\u00f3mo utilizarlo. El respaldo es a\u00fan mayor entre algunos sectores. Entre los trabajadores de la construcci\u00f3n alcanza el 90,1%, mientras que entre los j\u00f3venes llega al 84,9%. En el caso de quienes padecen simult\u00e1neamente privaciones en cantidad y calidad de alimentos, el apoyo al beneficio asciende al 91,5%.<\/p>\n\n\n\n<p>Adem\u00e1s, el 58,7% de los asalariados considera que recibir este tipo de aporte mejorar\u00eda significativamente su bienestar, una percepci\u00f3n que se intensifica entre mujeres, j\u00f3venes y trabajadores del sector p\u00fablico.<\/p>\n\n\n\n<p>Desigualdad seg\u00fan regi\u00f3n<\/p>\n\n\n\n<p>El informe tambi\u00e9n revela fuertes disparidades en el acceso a la alimentaci\u00f3n durante la jornada laboral. El 22,6% de los trabajadores directamente no come durante su jornada, una situaci\u00f3n que se concentra principalmente en el sector p\u00fablico, en las peque\u00f1as empresas y en determinadas regiones del pa\u00eds. La problem\u00e1tica es particularmente marcada en el Noreste Argentino, donde el 50,1% de los trabajadores declara no alimentarse durante la jornada laboral.<\/p>\n\n\n\n<p>Las condiciones de infraestructura en el lugar de trabajo tambi\u00e9n inciden. Entre quienes no cuentan con heladera o microondas, el porcentaje de trabajadores que saltea comidas asciende al 72%.<\/p>\n\n\n\n<p>En cambio, recibir alg\u00fan aporte del empleador reduce esa incidencia al 43,9%, lo que muestra el impacto que este tipo de beneficios puede tener sobre el bienestar laboral.<\/p>\n\n\n\n<p>Beneficios que no llegan a todos<\/p>\n\n\n\n<p>Pese a esa evidencia, el acceso a este tipo de apoyo sigue siendo limitado. El 55,6% de los trabajadores formales no recibe ning\u00fan tipo de contribuci\u00f3n de su empleador para alimentarse durante la jornada laboral.<\/p>\n\n\n\n<p>Adem\u00e1s, el acceso a estos beneficios presenta un sesgo regresivo: es m\u00e1s frecuente entre los trabajadores con salarios m\u00e1s altos y menos com\u00fan entre los ingresos bajos. El informe muestra con claridad esa brecha. El 41,8% de quienes perciben ingresos de hasta $800.000 considera que su dieta es poco saludable, mientras que ese porcentaje se reduce al 23,8% entre quienes ganan m\u00e1s de $2.000.000.<\/p>\n\n\n\n<p>El informe concluye que la alimentaci\u00f3n durante la jornada laboral constituye un \u201cnudo cr\u00edtico\u201d que conecta econom\u00eda, salud y equidad social. Desde esa perspectiva, los investigadores sostienen que garantizar el acceso a una alimentaci\u00f3n adecuada en el trabajo no debe interpretarse como un gasto, sino como una inversi\u00f3n estrat\u00e9gica en capital humano y salud p\u00fablica.<\/p>\n\n\n\n<p>\u201cMejorar la alimentaci\u00f3n laboral implica mejorar la calidad del trabajo y, por extensi\u00f3n, la salud colectiva. Los datos muestran la necesidad de un cambio de paradigma: dejar de considerar la comida laboral como un beneficio discrecional y empezar a entenderla como un pilar del bienestar y la productividad\u201d, resalta el estudio.<\/p>\n\n\n\n<p>El informe se basa en la \u201cEncuesta Alimentaci\u00f3n de los Trabajadores Asalariados en Argentina 2025\u201d, realizada por el Observatorio de la Deuda Social Argentina en el marco de un convenio con Edenred. La muestra es representativa a nivel nacional de trabajadores asalariados del sector formal.<\/p>\n","protected":false},"excerpt":{"rendered":"<p>El estudio de la Universidad Cat\u00f3lica Argentina revela que la mayor\u00eda de los asalariados reduce la cantidad o calidad de sus comidas durante la jornada laboral por motivos econ\u00f3micos. La alimentaci\u00f3n durante la jornada laboral se convirti\u00f3 en un reflejo de las desigualdades econ\u00f3micas y del deterioro del poder adquisitivo en la Argentina. As\u00ed lo [&hellip;]<\/p>\n","protected":false},"author":4,"featured_media":7432,"comment_status":"open","ping_status":"open","sticky":false,"template":"","format":"standard","meta":{"footnotes":""},"categories":[19,18],"tags":[],"class_list":{"0":"post-7431","1":"post","2":"type-post","3":"status-publish","4":"format-standard","5":"has-post-thumbnail","7":"category-interes-general","8":"category-nacionales"},"yoast_head":"<!-- This site is optimized with the Yoast SEO plugin v27.4 - https:\/\/yoast.com\/product\/yoast-seo-wordpress\/ -->\n<title>Seg\u00fan un informe de la UCA, seis de cada diez trabajadores se saltean comidas en el trabajo - Diario del Sur<\/title>\n<meta name=\"robots\" content=\"index, follow, max-snippet:-1, max-image-preview:large, max-video-preview:-1\" \/>\n<link rel=\"canonical\" href=\"https:\/\/diariodelsurdigital.com.ar\/?p=7431\" \/>\n<meta property=\"og:locale\" content=\"es_ES\" \/>\n<meta property=\"og:type\" content=\"article\" \/>\n<meta property=\"og:title\" content=\"Seg\u00fan un informe de la UCA, seis de cada diez trabajadores se saltean comidas en el trabajo - Diario del Sur\" \/>\n<meta property=\"og:description\" content=\"El estudio de la Universidad Cat\u00f3lica Argentina revela que la mayor\u00eda de los asalariados reduce la cantidad o calidad de sus comidas durante la jornada laboral por motivos econ\u00f3micos. La alimentaci\u00f3n durante la jornada laboral se convirti\u00f3 en un reflejo de las desigualdades econ\u00f3micas y del deterioro del poder adquisitivo en la Argentina. As\u00ed lo [&hellip;]\" \/>\n<meta property=\"og:url\" content=\"https:\/\/diariodelsurdigital.com.ar\/?p=7431\" \/>\n<meta property=\"og:site_name\" content=\"Diario del Sur\" \/>\n<meta property=\"article:published_time\" content=\"2026-03-11T13:06:54+00:00\" \/>\n<meta property=\"article:modified_time\" content=\"2026-03-11T13:06:55+00:00\" \/>\n<meta property=\"og:image\" content=\"https:\/\/diariodelsurdigital.com.ar\/wp-content\/uploads\/2026\/03\/md-87.webp\" \/>\n\t<meta property=\"og:image:width\" content=\"992\" \/>\n\t<meta property=\"og:image:height\" content=\"503\" \/>\n\t<meta property=\"og:image:type\" content=\"image\/webp\" \/>\n<meta name=\"author\" content=\"Diario del Sur Digital\" \/>\n<meta name=\"twitter:card\" content=\"summary_large_image\" \/>\n<meta name=\"twitter:label1\" content=\"Escrito por\" \/>\n\t<meta name=\"twitter:data1\" content=\"Diario del Sur Digital\" \/>\n\t<meta name=\"twitter:label2\" content=\"Tiempo de lectura\" \/>\n\t<meta name=\"twitter:data2\" content=\"5 minutos\" \/>\n<script type=\"application\/ld+json\" class=\"yoast-schema-graph\">{\"@context\":\"https:\\\/\\\/schema.org\",\"@graph\":[{\"@type\":\"Article\",\"@id\":\"https:\\\/\\\/diariodelsurdigital.com.ar\\\/?p=7431#article\",\"isPartOf\":{\"@id\":\"https:\\\/\\\/diariodelsurdigital.com.ar\\\/?p=7431\"},\"author\":{\"name\":\"Diario del Sur Digital\",\"@id\":\"https:\\\/\\\/diariodelsurdigital.com.ar\\\/#\\\/schema\\\/person\\\/1a4992532ed62965c968031b49195c81\"},\"headline\":\"Seg\u00fan un informe de la UCA, seis de cada diez trabajadores se saltean comidas en el trabajo\",\"datePublished\":\"2026-03-11T13:06:54+00:00\",\"dateModified\":\"2026-03-11T13:06:55+00:00\",\"mainEntityOfPage\":{\"@id\":\"https:\\\/\\\/diariodelsurdigital.com.ar\\\/?p=7431\"},\"wordCount\":917,\"commentCount\":0,\"image\":{\"@id\":\"https:\\\/\\\/diariodelsurdigital.com.ar\\\/?p=7431#primaryimage\"},\"thumbnailUrl\":\"https:\\\/\\\/diariodelsurdigital.com.ar\\\/wp-content\\\/uploads\\\/2026\\\/03\\\/md-87.webp\",\"articleSection\":[\"Inter\u00e9s General\",\"Nacionales\"],\"inLanguage\":\"es\",\"potentialAction\":[{\"@type\":\"CommentAction\",\"name\":\"Comment\",\"target\":[\"https:\\\/\\\/diariodelsurdigital.com.ar\\\/?p=7431#respond\"]}]},{\"@type\":\"WebPage\",\"@id\":\"https:\\\/\\\/diariodelsurdigital.com.ar\\\/?p=7431\",\"url\":\"https:\\\/\\\/diariodelsurdigital.com.ar\\\/?p=7431\",\"name\":\"Seg\u00fan un informe de la UCA, seis de cada diez trabajadores se saltean comidas en el trabajo - Diario del Sur\",\"isPartOf\":{\"@id\":\"https:\\\/\\\/diariodelsurdigital.com.ar\\\/#website\"},\"primaryImageOfPage\":{\"@id\":\"https:\\\/\\\/diariodelsurdigital.com.ar\\\/?p=7431#primaryimage\"},\"image\":{\"@id\":\"https:\\\/\\\/diariodelsurdigital.com.ar\\\/?p=7431#primaryimage\"},\"thumbnailUrl\":\"https:\\\/\\\/diariodelsurdigital.com.ar\\\/wp-content\\\/uploads\\\/2026\\\/03\\\/md-87.webp\",\"datePublished\":\"2026-03-11T13:06:54+00:00\",\"dateModified\":\"2026-03-11T13:06:55+00:00\",\"author\":{\"@id\":\"https:\\\/\\\/diariodelsurdigital.com.ar\\\/#\\\/schema\\\/person\\\/1a4992532ed62965c968031b49195c81\"},\"breadcrumb\":{\"@id\":\"https:\\\/\\\/diariodelsurdigital.com.ar\\\/?p=7431#breadcrumb\"},\"inLanguage\":\"es\",\"potentialAction\":[{\"@type\":\"ReadAction\",\"target\":[\"https:\\\/\\\/diariodelsurdigital.com.ar\\\/?p=7431\"]}]},{\"@type\":\"ImageObject\",\"inLanguage\":\"es\",\"@id\":\"https:\\\/\\\/diariodelsurdigital.com.ar\\\/?p=7431#primaryimage\",\"url\":\"https:\\\/\\\/diariodelsurdigital.com.ar\\\/wp-content\\\/uploads\\\/2026\\\/03\\\/md-87.webp\",\"contentUrl\":\"https:\\\/\\\/diariodelsurdigital.com.ar\\\/wp-content\\\/uploads\\\/2026\\\/03\\\/md-87.webp\",\"width\":992,\"height\":503},{\"@type\":\"BreadcrumbList\",\"@id\":\"https:\\\/\\\/diariodelsurdigital.com.ar\\\/?p=7431#breadcrumb\",\"itemListElement\":[{\"@type\":\"ListItem\",\"position\":1,\"name\":\"Portada\",\"item\":\"https:\\\/\\\/diariodelsurdigital.com.ar\\\/\"},{\"@type\":\"ListItem\",\"position\":2,\"name\":\"Seg\u00fan un informe de la UCA, seis de cada diez trabajadores se saltean comidas en el trabajo\"}]},{\"@type\":\"WebSite\",\"@id\":\"https:\\\/\\\/diariodelsurdigital.com.ar\\\/#website\",\"url\":\"https:\\\/\\\/diariodelsurdigital.com.ar\\\/\",\"name\":\"Diario del Sur\",\"description\":\"Digital\",\"potentialAction\":[{\"@type\":\"SearchAction\",\"target\":{\"@type\":\"EntryPoint\",\"urlTemplate\":\"https:\\\/\\\/diariodelsurdigital.com.ar\\\/?s={search_term_string}\"},\"query-input\":{\"@type\":\"PropertyValueSpecification\",\"valueRequired\":true,\"valueName\":\"search_term_string\"}}],\"inLanguage\":\"es\"},{\"@type\":\"Person\",\"@id\":\"https:\\\/\\\/diariodelsurdigital.com.ar\\\/#\\\/schema\\\/person\\\/1a4992532ed62965c968031b49195c81\",\"name\":\"Diario del Sur Digital\",\"image\":{\"@type\":\"ImageObject\",\"inLanguage\":\"es\",\"@id\":\"https:\\\/\\\/secure.gravatar.com\\\/avatar\\\/f0c7c47fc7146d19828273b9b8eda651c9c7ab583767e6338d3d3bee825adf76?s=96&d=mm&r=g\",\"url\":\"https:\\\/\\\/secure.gravatar.com\\\/avatar\\\/f0c7c47fc7146d19828273b9b8eda651c9c7ab583767e6338d3d3bee825adf76?s=96&d=mm&r=g\",\"contentUrl\":\"https:\\\/\\\/secure.gravatar.com\\\/avatar\\\/f0c7c47fc7146d19828273b9b8eda651c9c7ab583767e6338d3d3bee825adf76?s=96&d=mm&r=g\",\"caption\":\"Diario del Sur Digital\"},\"url\":\"https:\\\/\\\/diariodelsurdigital.com.ar\\\/?author=4\"}]}<\/script>\n<!-- \/ Yoast SEO plugin. -->","yoast_head_json":{"title":"Seg\u00fan un informe de la UCA, seis de cada diez trabajadores se saltean comidas en el trabajo - Diario del Sur","robots":{"index":"index","follow":"follow","max-snippet":"max-snippet:-1","max-image-preview":"max-image-preview:large","max-video-preview":"max-video-preview:-1"},"canonical":"https:\/\/diariodelsurdigital.com.ar\/?p=7431","og_locale":"es_ES","og_type":"article","og_title":"Seg\u00fan un informe de la UCA, seis de cada diez trabajadores se saltean comidas en el trabajo - Diario del Sur","og_description":"El estudio de la Universidad Cat\u00f3lica Argentina revela que la mayor\u00eda de los asalariados reduce la cantidad o calidad de sus comidas durante la jornada laboral por motivos econ\u00f3micos. La alimentaci\u00f3n durante la jornada laboral se convirti\u00f3 en un reflejo de las desigualdades econ\u00f3micas y del deterioro del poder adquisitivo en la Argentina. As\u00ed lo [&hellip;]","og_url":"https:\/\/diariodelsurdigital.com.ar\/?p=7431","og_site_name":"Diario del Sur","article_published_time":"2026-03-11T13:06:54+00:00","article_modified_time":"2026-03-11T13:06:55+00:00","og_image":[{"width":992,"height":503,"url":"https:\/\/diariodelsurdigital.com.ar\/wp-content\/uploads\/2026\/03\/md-87.webp","type":"image\/webp"}],"author":"Diario del Sur Digital","twitter_card":"summary_large_image","twitter_misc":{"Escrito por":"Diario del Sur Digital","Tiempo de lectura":"5 minutos"},"schema":{"@context":"https:\/\/schema.org","@graph":[{"@type":"Article","@id":"https:\/\/diariodelsurdigital.com.ar\/?p=7431#article","isPartOf":{"@id":"https:\/\/diariodelsurdigital.com.ar\/?p=7431"},"author":{"name":"Diario del Sur Digital","@id":"https:\/\/diariodelsurdigital.com.ar\/#\/schema\/person\/1a4992532ed62965c968031b49195c81"},"headline":"Seg\u00fan un informe de la UCA, seis de cada diez trabajadores se saltean comidas en el trabajo","datePublished":"2026-03-11T13:06:54+00:00","dateModified":"2026-03-11T13:06:55+00:00","mainEntityOfPage":{"@id":"https:\/\/diariodelsurdigital.com.ar\/?p=7431"},"wordCount":917,"commentCount":0,"image":{"@id":"https:\/\/diariodelsurdigital.com.ar\/?p=7431#primaryimage"},"thumbnailUrl":"https:\/\/diariodelsurdigital.com.ar\/wp-content\/uploads\/2026\/03\/md-87.webp","articleSection":["Inter\u00e9s General","Nacionales"],"inLanguage":"es","potentialAction":[{"@type":"CommentAction","name":"Comment","target":["https:\/\/diariodelsurdigital.com.ar\/?p=7431#respond"]}]},{"@type":"WebPage","@id":"https:\/\/diariodelsurdigital.com.ar\/?p=7431","url":"https:\/\/diariodelsurdigital.com.ar\/?p=7431","name":"Seg\u00fan un informe de la UCA, seis de cada diez trabajadores se saltean comidas en el trabajo - Diario del Sur","isPartOf":{"@id":"https:\/\/diariodelsurdigital.com.ar\/#website"},"primaryImageOfPage":{"@id":"https:\/\/diariodelsurdigital.com.ar\/?p=7431#primaryimage"},"image":{"@id":"https:\/\/diariodelsurdigital.com.ar\/?p=7431#primaryimage"},"thumbnailUrl":"https:\/\/diariodelsurdigital.com.ar\/wp-content\/uploads\/2026\/03\/md-87.webp","datePublished":"2026-03-11T13:06:54+00:00","dateModified":"2026-03-11T13:06:55+00:00","author":{"@id":"https:\/\/diariodelsurdigital.com.ar\/#\/schema\/person\/1a4992532ed62965c968031b49195c81"},"breadcrumb":{"@id":"https:\/\/diariodelsurdigital.com.ar\/?p=7431#breadcrumb"},"inLanguage":"es","potentialAction":[{"@type":"ReadAction","target":["https:\/\/diariodelsurdigital.com.ar\/?p=7431"]}]},{"@type":"ImageObject","inLanguage":"es","@id":"https:\/\/diariodelsurdigital.com.ar\/?p=7431#primaryimage","url":"https:\/\/diariodelsurdigital.com.ar\/wp-content\/uploads\/2026\/03\/md-87.webp","contentUrl":"https:\/\/diariodelsurdigital.com.ar\/wp-content\/uploads\/2026\/03\/md-87.webp","width":992,"height":503},{"@type":"BreadcrumbList","@id":"https:\/\/diariodelsurdigital.com.ar\/?p=7431#breadcrumb","itemListElement":[{"@type":"ListItem","position":1,"name":"Portada","item":"https:\/\/diariodelsurdigital.com.ar\/"},{"@type":"ListItem","position":2,"name":"Seg\u00fan un informe de la UCA, seis de cada diez trabajadores se saltean comidas en el trabajo"}]},{"@type":"WebSite","@id":"https:\/\/diariodelsurdigital.com.ar\/#website","url":"https:\/\/diariodelsurdigital.com.ar\/","name":"Diario del Sur","description":"Digital","potentialAction":[{"@type":"SearchAction","target":{"@type":"EntryPoint","urlTemplate":"https:\/\/diariodelsurdigital.com.ar\/?s={search_term_string}"},"query-input":{"@type":"PropertyValueSpecification","valueRequired":true,"valueName":"search_term_string"}}],"inLanguage":"es"},{"@type":"Person","@id":"https:\/\/diariodelsurdigital.com.ar\/#\/schema\/person\/1a4992532ed62965c968031b49195c81","name":"Diario del Sur Digital","image":{"@type":"ImageObject","inLanguage":"es","@id":"https:\/\/secure.gravatar.com\/avatar\/f0c7c47fc7146d19828273b9b8eda651c9c7ab583767e6338d3d3bee825adf76?s=96&d=mm&r=g","url":"https:\/\/secure.gravatar.com\/avatar\/f0c7c47fc7146d19828273b9b8eda651c9c7ab583767e6338d3d3bee825adf76?s=96&d=mm&r=g","contentUrl":"https:\/\/secure.gravatar.com\/avatar\/f0c7c47fc7146d19828273b9b8eda651c9c7ab583767e6338d3d3bee825adf76?s=96&d=mm&r=g","caption":"Diario del Sur Digital"},"url":"https:\/\/diariodelsurdigital.com.ar\/?author=4"}]}},"_links":{"self":[{"href":"https:\/\/diariodelsurdigital.com.ar\/index.php?rest_route=\/wp\/v2\/posts\/7431","targetHints":{"allow":["GET"]}}],"collection":[{"href":"https:\/\/diariodelsurdigital.com.ar\/index.php?rest_route=\/wp\/v2\/posts"}],"about":[{"href":"https:\/\/diariodelsurdigital.com.ar\/index.php?rest_route=\/wp\/v2\/types\/post"}],"author":[{"embeddable":true,"href":"https:\/\/diariodelsurdigital.com.ar\/index.php?rest_route=\/wp\/v2\/users\/4"}],"replies":[{"embeddable":true,"href":"https:\/\/diariodelsurdigital.com.ar\/index.php?rest_route=%2Fwp%2Fv2%2Fcomments&post=7431"}],"version-history":[{"count":1,"href":"https:\/\/diariodelsurdigital.com.ar\/index.php?rest_route=\/wp\/v2\/posts\/7431\/revisions"}],"predecessor-version":[{"id":7433,"href":"https:\/\/diariodelsurdigital.com.ar\/index.php?rest_route=\/wp\/v2\/posts\/7431\/revisions\/7433"}],"wp:featuredmedia":[{"embeddable":true,"href":"https:\/\/diariodelsurdigital.com.ar\/index.php?rest_route=\/wp\/v2\/media\/7432"}],"wp:attachment":[{"href":"https:\/\/diariodelsurdigital.com.ar\/index.php?rest_route=%2Fwp%2Fv2%2Fmedia&parent=7431"}],"wp:term":[{"taxonomy":"category","embeddable":true,"href":"https:\/\/diariodelsurdigital.com.ar\/index.php?rest_route=%2Fwp%2Fv2%2Fcategories&post=7431"},{"taxonomy":"post_tag","embeddable":true,"href":"https:\/\/diariodelsurdigital.com.ar\/index.php?rest_route=%2Fwp%2Fv2%2Ftags&post=7431"}],"curies":[{"name":"wp","href":"https:\/\/api.w.org\/{rel}","templated":true}]}}