{"id":7441,"date":"2026-03-12T10:29:00","date_gmt":"2026-03-12T13:29:00","guid":{"rendered":"https:\/\/diariodelsurdigital.com.ar\/?p=7441"},"modified":"2026-03-12T10:29:01","modified_gmt":"2026-03-12T13:29:01","slug":"concordia-disponen-prision-preventiva-para-un-delincuente-que-fue-aprehendido-tres-veces-en-una-semana","status":"publish","type":"post","link":"https:\/\/diariodelsurdigital.com.ar\/?p=7441","title":{"rendered":"Concordia: disponen prisi\u00f3n preventiva para un delincuente que fue aprehendido tres veces en una semana"},"content":{"rendered":"\n<p>Por pedido de la Fiscal\u00eda, la justicia dispuso la detenci\u00f3n de un hombre que cometi\u00f3 una seguidilla de robos en Concordia. La medida es por 30 d\u00edas.<\/p>\n\n\n\n<p>En una audiencia celebrada este mi\u00e9rcoles 11 de marzo en los tribunales de Concordia, la jueza de Garant\u00edas, Gabriela Ser\u00f3, hizo lugar a lo solicitado por el fiscal Mario Figueroa y dispuso la prisi\u00f3n preventiva para Cristian \u201cEl Yaguar\u201d Salas.<\/p>\n\n\n\n<p>Seg\u00fan inform\u00f3 Concordia Policiales, el acusado permanecer\u00e1 detenido por el plazo de 30 d\u00edas, mientras el representante del Ministerio P\u00fablico Fiscal contin\u00faa avanzando con la investigaci\u00f3n.<\/p>\n\n\n\n<p>El caso tom\u00f3 notoriedad debido a que Salas fue aprehendido tres veces en una misma semana y ya suma seis detenciones en lo que va del a\u00f1o. La \u00faltima aprehensi\u00f3n ocurri\u00f3 durante la madrugada del lunes, cuando fue interceptado con elementos de dudosa procedencia que, seg\u00fan la investigaci\u00f3n, habr\u00edan sido sustra\u00eddos minutos antes de un local comercial.<\/p>\n\n\n\n<p>La seguidilla de detenciones hab\u00eda comenzado d\u00edas antes. El martes, el hombre fue detenido con una motosierra, un taladro percutor, una bolsa con botines y otros elementos deportivos, cuya procedencia no pudo justificar.<\/p>\n\n\n\n<p>Posteriormente, el s\u00e1bado por la ma\u00f1ana, personal de la Comisar\u00eda Tercera volvi\u00f3 a interceptarlo con diversos objetos de dudosa procedencia, entre ellos una ca\u00f1a de pescar, un cable de alargue y herramientas. En todos esos casos el individuo hab\u00eda recuperado la libertad y, seg\u00fan la investigaci\u00f3n, volvi\u00f3 a delinquir.<\/p>\n\n\n\n<p>Ahora, con la causa a cargo del fiscal Mario Figueroa, Cristian \u201cEl Yaguar\u201d Salas permanecer\u00e1 privado de su libertad durante 30 d\u00edas mientras contin\u00faa la investigaci\u00f3n judicial.<\/p>\n","protected":false},"excerpt":{"rendered":"<p>Por pedido de la Fiscal\u00eda, la justicia dispuso la detenci\u00f3n de un hombre que cometi\u00f3 una seguidilla de robos en Concordia. La medida es por 30 d\u00edas. En una audiencia celebrada este mi\u00e9rcoles 11 de marzo en los tribunales de Concordia, la jueza de Garant\u00edas, Gabriela Ser\u00f3, hizo lugar a lo solicitado por el fiscal [&hellip;]<\/p>\n","protected":false},"author":4,"featured_media":7442,"comment_status":"open","ping_status":"open","sticky":false,"template":"","format":"standard","meta":{"footnotes":""},"categories":[16,21],"tags":[],"class_list":{"0":"post-7441","1":"post","2":"type-post","3":"status-publish","4":"format-standard","5":"has-post-thumbnail","7":"category-locales","8":"category-policiales"},"yoast_head":"<!-- This site is optimized with the Yoast SEO plugin v27.4 - https:\/\/yoast.com\/product\/yoast-seo-wordpress\/ -->\n<title>Concordia: disponen prisi\u00f3n preventiva para un delincuente que fue aprehendido tres veces en una semana - Diario del Sur<\/title>\n<meta name=\"robots\" content=\"index, follow, max-snippet:-1, max-image-preview:large, max-video-preview:-1\" \/>\n<link rel=\"canonical\" href=\"https:\/\/diariodelsurdigital.com.ar\/?p=7441\" \/>\n<meta property=\"og:locale\" content=\"es_ES\" \/>\n<meta property=\"og:type\" content=\"article\" \/>\n<meta property=\"og:title\" content=\"Concordia: disponen prisi\u00f3n preventiva para un delincuente que fue aprehendido tres veces en una semana - Diario del Sur\" \/>\n<meta property=\"og:description\" content=\"Por pedido de la Fiscal\u00eda, la justicia dispuso la detenci\u00f3n de un hombre que cometi\u00f3 una seguidilla de robos en Concordia. La medida es por 30 d\u00edas. En una audiencia celebrada este mi\u00e9rcoles 11 de marzo en los tribunales de Concordia, la jueza de Garant\u00edas, Gabriela Ser\u00f3, hizo lugar a lo solicitado por el fiscal [&hellip;]\" \/>\n<meta property=\"og:url\" content=\"https:\/\/diariodelsurdigital.com.ar\/?p=7441\" \/>\n<meta property=\"og:site_name\" content=\"Diario del Sur\" \/>\n<meta property=\"article:published_time\" content=\"2026-03-12T13:29:00+00:00\" \/>\n<meta property=\"article:modified_time\" content=\"2026-03-12T13:29:01+00:00\" \/>\n<meta property=\"og:image\" content=\"https:\/\/diariodelsurdigital.com.ar\/wp-content\/uploads\/2026\/03\/md.webp\" \/>\n\t<meta property=\"og:image:width\" content=\"992\" \/>\n\t<meta property=\"og:image:height\" content=\"651\" \/>\n\t<meta property=\"og:image:type\" content=\"image\/webp\" \/>\n<meta name=\"author\" content=\"Diario del Sur Digital\" \/>\n<meta name=\"twitter:card\" content=\"summary_large_image\" \/>\n<meta name=\"twitter:label1\" content=\"Escrito por\" \/>\n\t<meta name=\"twitter:data1\" content=\"Diario del Sur Digital\" \/>\n\t<meta name=\"twitter:label2\" content=\"Tiempo de lectura\" \/>\n\t<meta name=\"twitter:data2\" content=\"2 minutos\" \/>\n<script type=\"application\/ld+json\" class=\"yoast-schema-graph\">{\"@context\":\"https:\\\/\\\/schema.org\",\"@graph\":[{\"@type\":\"Article\",\"@id\":\"https:\\\/\\\/diariodelsurdigital.com.ar\\\/?p=7441#article\",\"isPartOf\":{\"@id\":\"https:\\\/\\\/diariodelsurdigital.com.ar\\\/?p=7441\"},\"author\":{\"name\":\"Diario del Sur Digital\",\"@id\":\"https:\\\/\\\/diariodelsurdigital.com.ar\\\/#\\\/schema\\\/person\\\/1a4992532ed62965c968031b49195c81\"},\"headline\":\"Concordia: disponen prisi\u00f3n preventiva para un delincuente que fue aprehendido tres veces en una semana\",\"datePublished\":\"2026-03-12T13:29:00+00:00\",\"dateModified\":\"2026-03-12T13:29:01+00:00\",\"mainEntityOfPage\":{\"@id\":\"https:\\\/\\\/diariodelsurdigital.com.ar\\\/?p=7441\"},\"wordCount\":300,\"commentCount\":0,\"image\":{\"@id\":\"https:\\\/\\\/diariodelsurdigital.com.ar\\\/?p=7441#primaryimage\"},\"thumbnailUrl\":\"https:\\\/\\\/diariodelsurdigital.com.ar\\\/wp-content\\\/uploads\\\/2026\\\/03\\\/md.webp\",\"articleSection\":[\"Locales\",\"Policiales\"],\"inLanguage\":\"es\",\"potentialAction\":[{\"@type\":\"CommentAction\",\"name\":\"Comment\",\"target\":[\"https:\\\/\\\/diariodelsurdigital.com.ar\\\/?p=7441#respond\"]}]},{\"@type\":\"WebPage\",\"@id\":\"https:\\\/\\\/diariodelsurdigital.com.ar\\\/?p=7441\",\"url\":\"https:\\\/\\\/diariodelsurdigital.com.ar\\\/?p=7441\",\"name\":\"Concordia: disponen prisi\u00f3n preventiva para un delincuente que fue aprehendido tres veces en una semana - Diario del Sur\",\"isPartOf\":{\"@id\":\"https:\\\/\\\/diariodelsurdigital.com.ar\\\/#website\"},\"primaryImageOfPage\":{\"@id\":\"https:\\\/\\\/diariodelsurdigital.com.ar\\\/?p=7441#primaryimage\"},\"image\":{\"@id\":\"https:\\\/\\\/diariodelsurdigital.com.ar\\\/?p=7441#primaryimage\"},\"thumbnailUrl\":\"https:\\\/\\\/diariodelsurdigital.com.ar\\\/wp-content\\\/uploads\\\/2026\\\/03\\\/md.webp\",\"datePublished\":\"2026-03-12T13:29:00+00:00\",\"dateModified\":\"2026-03-12T13:29:01+00:00\",\"author\":{\"@id\":\"https:\\\/\\\/diariodelsurdigital.com.ar\\\/#\\\/schema\\\/person\\\/1a4992532ed62965c968031b49195c81\"},\"breadcrumb\":{\"@id\":\"https:\\\/\\\/diariodelsurdigital.com.ar\\\/?p=7441#breadcrumb\"},\"inLanguage\":\"es\",\"potentialAction\":[{\"@type\":\"ReadAction\",\"target\":[\"https:\\\/\\\/diariodelsurdigital.com.ar\\\/?p=7441\"]}]},{\"@type\":\"ImageObject\",\"inLanguage\":\"es\",\"@id\":\"https:\\\/\\\/diariodelsurdigital.com.ar\\\/?p=7441#primaryimage\",\"url\":\"https:\\\/\\\/diariodelsurdigital.com.ar\\\/wp-content\\\/uploads\\\/2026\\\/03\\\/md.webp\",\"contentUrl\":\"https:\\\/\\\/diariodelsurdigital.com.ar\\\/wp-content\\\/uploads\\\/2026\\\/03\\\/md.webp\",\"width\":992,\"height\":651},{\"@type\":\"BreadcrumbList\",\"@id\":\"https:\\\/\\\/diariodelsurdigital.com.ar\\\/?p=7441#breadcrumb\",\"itemListElement\":[{\"@type\":\"ListItem\",\"position\":1,\"name\":\"Portada\",\"item\":\"https:\\\/\\\/diariodelsurdigital.com.ar\\\/\"},{\"@type\":\"ListItem\",\"position\":2,\"name\":\"Concordia: disponen prisi\u00f3n preventiva para un delincuente que fue aprehendido tres veces en una semana\"}]},{\"@type\":\"WebSite\",\"@id\":\"https:\\\/\\\/diariodelsurdigital.com.ar\\\/#website\",\"url\":\"https:\\\/\\\/diariodelsurdigital.com.ar\\\/\",\"name\":\"Diario del Sur\",\"description\":\"Digital\",\"potentialAction\":[{\"@type\":\"SearchAction\",\"target\":{\"@type\":\"EntryPoint\",\"urlTemplate\":\"https:\\\/\\\/diariodelsurdigital.com.ar\\\/?s={search_term_string}\"},\"query-input\":{\"@type\":\"PropertyValueSpecification\",\"valueRequired\":true,\"valueName\":\"search_term_string\"}}],\"inLanguage\":\"es\"},{\"@type\":\"Person\",\"@id\":\"https:\\\/\\\/diariodelsurdigital.com.ar\\\/#\\\/schema\\\/person\\\/1a4992532ed62965c968031b49195c81\",\"name\":\"Diario del Sur Digital\",\"image\":{\"@type\":\"ImageObject\",\"inLanguage\":\"es\",\"@id\":\"https:\\\/\\\/secure.gravatar.com\\\/avatar\\\/f0c7c47fc7146d19828273b9b8eda651c9c7ab583767e6338d3d3bee825adf76?s=96&d=mm&r=g\",\"url\":\"https:\\\/\\\/secure.gravatar.com\\\/avatar\\\/f0c7c47fc7146d19828273b9b8eda651c9c7ab583767e6338d3d3bee825adf76?s=96&d=mm&r=g\",\"contentUrl\":\"https:\\\/\\\/secure.gravatar.com\\\/avatar\\\/f0c7c47fc7146d19828273b9b8eda651c9c7ab583767e6338d3d3bee825adf76?s=96&d=mm&r=g\",\"caption\":\"Diario del Sur Digital\"},\"url\":\"https:\\\/\\\/diariodelsurdigital.com.ar\\\/?author=4\"}]}<\/script>\n<!-- \/ Yoast SEO plugin. -->","yoast_head_json":{"title":"Concordia: disponen prisi\u00f3n preventiva para un delincuente que fue aprehendido tres veces en una semana - Diario del Sur","robots":{"index":"index","follow":"follow","max-snippet":"max-snippet:-1","max-image-preview":"max-image-preview:large","max-video-preview":"max-video-preview:-1"},"canonical":"https:\/\/diariodelsurdigital.com.ar\/?p=7441","og_locale":"es_ES","og_type":"article","og_title":"Concordia: disponen prisi\u00f3n preventiva para un delincuente que fue aprehendido tres veces en una semana - Diario del Sur","og_description":"Por pedido de la Fiscal\u00eda, la justicia dispuso la detenci\u00f3n de un hombre que cometi\u00f3 una seguidilla de robos en Concordia. La medida es por 30 d\u00edas. En una audiencia celebrada este mi\u00e9rcoles 11 de marzo en los tribunales de Concordia, la jueza de Garant\u00edas, Gabriela Ser\u00f3, hizo lugar a lo solicitado por el fiscal [&hellip;]","og_url":"https:\/\/diariodelsurdigital.com.ar\/?p=7441","og_site_name":"Diario del Sur","article_published_time":"2026-03-12T13:29:00+00:00","article_modified_time":"2026-03-12T13:29:01+00:00","og_image":[{"width":992,"height":651,"url":"https:\/\/diariodelsurdigital.com.ar\/wp-content\/uploads\/2026\/03\/md.webp","type":"image\/webp"}],"author":"Diario del Sur Digital","twitter_card":"summary_large_image","twitter_misc":{"Escrito por":"Diario del Sur Digital","Tiempo de lectura":"2 minutos"},"schema":{"@context":"https:\/\/schema.org","@graph":[{"@type":"Article","@id":"https:\/\/diariodelsurdigital.com.ar\/?p=7441#article","isPartOf":{"@id":"https:\/\/diariodelsurdigital.com.ar\/?p=7441"},"author":{"name":"Diario del Sur Digital","@id":"https:\/\/diariodelsurdigital.com.ar\/#\/schema\/person\/1a4992532ed62965c968031b49195c81"},"headline":"Concordia: disponen prisi\u00f3n preventiva para un delincuente que fue aprehendido tres veces en una semana","datePublished":"2026-03-12T13:29:00+00:00","dateModified":"2026-03-12T13:29:01+00:00","mainEntityOfPage":{"@id":"https:\/\/diariodelsurdigital.com.ar\/?p=7441"},"wordCount":300,"commentCount":0,"image":{"@id":"https:\/\/diariodelsurdigital.com.ar\/?p=7441#primaryimage"},"thumbnailUrl":"https:\/\/diariodelsurdigital.com.ar\/wp-content\/uploads\/2026\/03\/md.webp","articleSection":["Locales","Policiales"],"inLanguage":"es","potentialAction":[{"@type":"CommentAction","name":"Comment","target":["https:\/\/diariodelsurdigital.com.ar\/?p=7441#respond"]}]},{"@type":"WebPage","@id":"https:\/\/diariodelsurdigital.com.ar\/?p=7441","url":"https:\/\/diariodelsurdigital.com.ar\/?p=7441","name":"Concordia: disponen prisi\u00f3n preventiva para un delincuente que fue aprehendido tres veces en una semana - Diario del Sur","isPartOf":{"@id":"https:\/\/diariodelsurdigital.com.ar\/#website"},"primaryImageOfPage":{"@id":"https:\/\/diariodelsurdigital.com.ar\/?p=7441#primaryimage"},"image":{"@id":"https:\/\/diariodelsurdigital.com.ar\/?p=7441#primaryimage"},"thumbnailUrl":"https:\/\/diariodelsurdigital.com.ar\/wp-content\/uploads\/2026\/03\/md.webp","datePublished":"2026-03-12T13:29:00+00:00","dateModified":"2026-03-12T13:29:01+00:00","author":{"@id":"https:\/\/diariodelsurdigital.com.ar\/#\/schema\/person\/1a4992532ed62965c968031b49195c81"},"breadcrumb":{"@id":"https:\/\/diariodelsurdigital.com.ar\/?p=7441#breadcrumb"},"inLanguage":"es","potentialAction":[{"@type":"ReadAction","target":["https:\/\/diariodelsurdigital.com.ar\/?p=7441"]}]},{"@type":"ImageObject","inLanguage":"es","@id":"https:\/\/diariodelsurdigital.com.ar\/?p=7441#primaryimage","url":"https:\/\/diariodelsurdigital.com.ar\/wp-content\/uploads\/2026\/03\/md.webp","contentUrl":"https:\/\/diariodelsurdigital.com.ar\/wp-content\/uploads\/2026\/03\/md.webp","width":992,"height":651},{"@type":"BreadcrumbList","@id":"https:\/\/diariodelsurdigital.com.ar\/?p=7441#breadcrumb","itemListElement":[{"@type":"ListItem","position":1,"name":"Portada","item":"https:\/\/diariodelsurdigital.com.ar\/"},{"@type":"ListItem","position":2,"name":"Concordia: disponen prisi\u00f3n preventiva para un delincuente que fue aprehendido tres veces en una semana"}]},{"@type":"WebSite","@id":"https:\/\/diariodelsurdigital.com.ar\/#website","url":"https:\/\/diariodelsurdigital.com.ar\/","name":"Diario del Sur","description":"Digital","potentialAction":[{"@type":"SearchAction","target":{"@type":"EntryPoint","urlTemplate":"https:\/\/diariodelsurdigital.com.ar\/?s={search_term_string}"},"query-input":{"@type":"PropertyValueSpecification","valueRequired":true,"valueName":"search_term_string"}}],"inLanguage":"es"},{"@type":"Person","@id":"https:\/\/diariodelsurdigital.com.ar\/#\/schema\/person\/1a4992532ed62965c968031b49195c81","name":"Diario del Sur Digital","image":{"@type":"ImageObject","inLanguage":"es","@id":"https:\/\/secure.gravatar.com\/avatar\/f0c7c47fc7146d19828273b9b8eda651c9c7ab583767e6338d3d3bee825adf76?s=96&d=mm&r=g","url":"https:\/\/secure.gravatar.com\/avatar\/f0c7c47fc7146d19828273b9b8eda651c9c7ab583767e6338d3d3bee825adf76?s=96&d=mm&r=g","contentUrl":"https:\/\/secure.gravatar.com\/avatar\/f0c7c47fc7146d19828273b9b8eda651c9c7ab583767e6338d3d3bee825adf76?s=96&d=mm&r=g","caption":"Diario del Sur Digital"},"url":"https:\/\/diariodelsurdigital.com.ar\/?author=4"}]}},"_links":{"self":[{"href":"https:\/\/diariodelsurdigital.com.ar\/index.php?rest_route=\/wp\/v2\/posts\/7441","targetHints":{"allow":["GET"]}}],"collection":[{"href":"https:\/\/diariodelsurdigital.com.ar\/index.php?rest_route=\/wp\/v2\/posts"}],"about":[{"href":"https:\/\/diariodelsurdigital.com.ar\/index.php?rest_route=\/wp\/v2\/types\/post"}],"author":[{"embeddable":true,"href":"https:\/\/diariodelsurdigital.com.ar\/index.php?rest_route=\/wp\/v2\/users\/4"}],"replies":[{"embeddable":true,"href":"https:\/\/diariodelsurdigital.com.ar\/index.php?rest_route=%2Fwp%2Fv2%2Fcomments&post=7441"}],"version-history":[{"count":1,"href":"https:\/\/diariodelsurdigital.com.ar\/index.php?rest_route=\/wp\/v2\/posts\/7441\/revisions"}],"predecessor-version":[{"id":7443,"href":"https:\/\/diariodelsurdigital.com.ar\/index.php?rest_route=\/wp\/v2\/posts\/7441\/revisions\/7443"}],"wp:featuredmedia":[{"embeddable":true,"href":"https:\/\/diariodelsurdigital.com.ar\/index.php?rest_route=\/wp\/v2\/media\/7442"}],"wp:attachment":[{"href":"https:\/\/diariodelsurdigital.com.ar\/index.php?rest_route=%2Fwp%2Fv2%2Fmedia&parent=7441"}],"wp:term":[{"taxonomy":"category","embeddable":true,"href":"https:\/\/diariodelsurdigital.com.ar\/index.php?rest_route=%2Fwp%2Fv2%2Fcategories&post=7441"},{"taxonomy":"post_tag","embeddable":true,"href":"https:\/\/diariodelsurdigital.com.ar\/index.php?rest_route=%2Fwp%2Fv2%2Ftags&post=7441"}],"curies":[{"name":"wp","href":"https:\/\/api.w.org\/{rel}","templated":true}]}}