{"id":7444,"date":"2026-03-12T10:31:19","date_gmt":"2026-03-12T13:31:19","guid":{"rendered":"https:\/\/diariodelsurdigital.com.ar\/?p=7444"},"modified":"2026-03-12T10:31:20","modified_gmt":"2026-03-12T13:31:20","slug":"consultoras-preven-un-indice-de-inflacion-entre-27-y-29-que-anticipa-cuanto-aumentarian-jubilaciones-y-asignaciones","status":"publish","type":"post","link":"https:\/\/diariodelsurdigital.com.ar\/?p=7444","title":{"rendered":"Consultoras prev\u00e9n un \u00edndice de inflaci\u00f3n entre 2,7 y 2,9 que anticipa cu\u00e1nto aumentar\u00edan jubilaciones y asignaciones"},"content":{"rendered":"\n<p>Miles de jubilados y beneficiarios de asignaciones sociales esperan conocer este jueves el nuevo aumento que aplicar\u00e1 el Gobierno en abril. El ajuste depende del \u00edndice de inflaci\u00f3n correspondiente a febrero. La inflaci\u00f3n de febrero se conocer\u00e1 este jueves 12 de marzo a las 16.<\/p>\n\n\n\n<p>El dato ser\u00e1 publicado por el Instituto Nacional de Estad\u00edstica y Censos (Indec) y definir\u00e1 la actualizaci\u00f3n mensual que reciben las prestaciones de Anses bajo el esquema establecido por el Decreto 274\/2024. La inflaci\u00f3n de febrero se conocer\u00e1 este jueves 12 de marzo a las 16 horas. A partir de ese n\u00famero se calcular\u00e1 el aumento que recibir\u00e1n jubilaciones, pensiones y asignaciones como la AUH.<\/p>\n\n\n\n<p>Consultoras privadas ya difundieron estimaciones sobre el IPC del segundo mes del a\u00f1o. La mayor\u00eda ubica el \u00edndice en torno al 2,7% o 2,9%, lo que permite anticipar cu\u00e1nto podr\u00edan subir los haberes, public\u00f3 el portal baenegocios.com.<\/p>\n\n\n\n<p>Si ese porcentaje se confirma, los valores estimados para abril quedar\u00edan aproximadamente as\u00ed:<\/p>\n\n\n\n<p>Jubilados de Anses: estimaci\u00f3n del aumento de abril<\/p>\n\n\n\n<p>Jubilaci\u00f3n m\u00ednima actual: $369.600,88<br>Jubilaci\u00f3n m\u00ednima estimada con aumento: cerca de $379.900<br>Si el Gobierno decide mantener el refuerzo previsional:<\/p>\n\n\n\n<p>Bono estimado: $70.000<\/p>\n\n\n\n<p>Total posible para jubilados con la m\u00ednima: alrededor de $449.900<\/p>\n\n\n\n<p>El bono todav\u00eda no fue confirmado oficialmente. En los \u00faltimos meses el Gobierno lo estableci\u00f3 mediante decretos publicados en el Bolet\u00edn Oficial.<\/p>\n\n\n\n<p>AUH de Anses: cu\u00e1nto podr\u00eda subir con el nuevo aumento<\/p>\n\n\n\n<p>El ajuste tambi\u00e9n impactar\u00e1 en las asignaciones sociales que paga el organismo.<\/p>\n\n\n\n<p>Con una suba cercana al 2,8%, el c\u00e1lculo estimado ser\u00eda:<\/p>\n\n\n\n<p>AUH actual: $132.814<\/p>\n\n\n\n<p>AUH estimada para abril: cerca de $136.500.<\/p>\n","protected":false},"excerpt":{"rendered":"<p>Miles de jubilados y beneficiarios de asignaciones sociales esperan conocer este jueves el nuevo aumento que aplicar\u00e1 el Gobierno en abril. El ajuste depende del \u00edndice de inflaci\u00f3n correspondiente a febrero. La inflaci\u00f3n de febrero se conocer\u00e1 este jueves 12 de marzo a las 16. El dato ser\u00e1 publicado por el Instituto Nacional de Estad\u00edstica [&hellip;]<\/p>\n","protected":false},"author":4,"featured_media":7445,"comment_status":"open","ping_status":"open","sticky":false,"template":"","format":"standard","meta":{"footnotes":""},"categories":[19,18],"tags":[],"class_list":{"0":"post-7444","1":"post","2":"type-post","3":"status-publish","4":"format-standard","5":"has-post-thumbnail","7":"category-interes-general","8":"category-nacionales"},"yoast_head":"<!-- This site is optimized with the Yoast SEO plugin v27.4 - https:\/\/yoast.com\/product\/yoast-seo-wordpress\/ -->\n<title>Consultoras prev\u00e9n un \u00edndice de inflaci\u00f3n entre 2,7 y 2,9 que anticipa cu\u00e1nto aumentar\u00edan jubilaciones y asignaciones - Diario del Sur<\/title>\n<meta name=\"robots\" content=\"index, follow, max-snippet:-1, max-image-preview:large, max-video-preview:-1\" \/>\n<link rel=\"canonical\" href=\"https:\/\/diariodelsurdigital.com.ar\/?p=7444\" \/>\n<meta property=\"og:locale\" content=\"es_ES\" \/>\n<meta property=\"og:type\" content=\"article\" \/>\n<meta property=\"og:title\" content=\"Consultoras prev\u00e9n un \u00edndice de inflaci\u00f3n entre 2,7 y 2,9 que anticipa cu\u00e1nto aumentar\u00edan jubilaciones y asignaciones - Diario del Sur\" \/>\n<meta property=\"og:description\" content=\"Miles de jubilados y beneficiarios de asignaciones sociales esperan conocer este jueves el nuevo aumento que aplicar\u00e1 el Gobierno en abril. El ajuste depende del \u00edndice de inflaci\u00f3n correspondiente a febrero. La inflaci\u00f3n de febrero se conocer\u00e1 este jueves 12 de marzo a las 16. El dato ser\u00e1 publicado por el Instituto Nacional de Estad\u00edstica [&hellip;]\" \/>\n<meta property=\"og:url\" content=\"https:\/\/diariodelsurdigital.com.ar\/?p=7444\" \/>\n<meta property=\"og:site_name\" content=\"Diario del Sur\" \/>\n<meta property=\"article:published_time\" content=\"2026-03-12T13:31:19+00:00\" \/>\n<meta property=\"article:modified_time\" content=\"2026-03-12T13:31:20+00:00\" \/>\n<meta property=\"og:image\" content=\"https:\/\/diariodelsurdigital.com.ar\/wp-content\/uploads\/2026\/03\/md-1.webp\" \/>\n\t<meta property=\"og:image:width\" content=\"992\" \/>\n\t<meta property=\"og:image:height\" content=\"612\" \/>\n\t<meta property=\"og:image:type\" content=\"image\/webp\" \/>\n<meta name=\"author\" content=\"Diario del Sur Digital\" \/>\n<meta name=\"twitter:card\" content=\"summary_large_image\" \/>\n<meta name=\"twitter:label1\" content=\"Escrito por\" \/>\n\t<meta name=\"twitter:data1\" content=\"Diario del Sur Digital\" \/>\n\t<meta name=\"twitter:label2\" content=\"Tiempo de lectura\" \/>\n\t<meta name=\"twitter:data2\" content=\"2 minutos\" \/>\n<script type=\"application\/ld+json\" class=\"yoast-schema-graph\">{\"@context\":\"https:\\\/\\\/schema.org\",\"@graph\":[{\"@type\":\"Article\",\"@id\":\"https:\\\/\\\/diariodelsurdigital.com.ar\\\/?p=7444#article\",\"isPartOf\":{\"@id\":\"https:\\\/\\\/diariodelsurdigital.com.ar\\\/?p=7444\"},\"author\":{\"name\":\"Diario del Sur Digital\",\"@id\":\"https:\\\/\\\/diariodelsurdigital.com.ar\\\/#\\\/schema\\\/person\\\/1a4992532ed62965c968031b49195c81\"},\"headline\":\"Consultoras prev\u00e9n un \u00edndice de inflaci\u00f3n entre 2,7 y 2,9 que anticipa cu\u00e1nto aumentar\u00edan jubilaciones y asignaciones\",\"datePublished\":\"2026-03-12T13:31:19+00:00\",\"dateModified\":\"2026-03-12T13:31:20+00:00\",\"mainEntityOfPage\":{\"@id\":\"https:\\\/\\\/diariodelsurdigital.com.ar\\\/?p=7444\"},\"wordCount\":296,\"commentCount\":0,\"image\":{\"@id\":\"https:\\\/\\\/diariodelsurdigital.com.ar\\\/?p=7444#primaryimage\"},\"thumbnailUrl\":\"https:\\\/\\\/diariodelsurdigital.com.ar\\\/wp-content\\\/uploads\\\/2026\\\/03\\\/md-1.webp\",\"articleSection\":[\"Inter\u00e9s General\",\"Nacionales\"],\"inLanguage\":\"es\",\"potentialAction\":[{\"@type\":\"CommentAction\",\"name\":\"Comment\",\"target\":[\"https:\\\/\\\/diariodelsurdigital.com.ar\\\/?p=7444#respond\"]}]},{\"@type\":\"WebPage\",\"@id\":\"https:\\\/\\\/diariodelsurdigital.com.ar\\\/?p=7444\",\"url\":\"https:\\\/\\\/diariodelsurdigital.com.ar\\\/?p=7444\",\"name\":\"Consultoras prev\u00e9n un \u00edndice de inflaci\u00f3n entre 2,7 y 2,9 que anticipa cu\u00e1nto aumentar\u00edan jubilaciones y asignaciones - Diario del Sur\",\"isPartOf\":{\"@id\":\"https:\\\/\\\/diariodelsurdigital.com.ar\\\/#website\"},\"primaryImageOfPage\":{\"@id\":\"https:\\\/\\\/diariodelsurdigital.com.ar\\\/?p=7444#primaryimage\"},\"image\":{\"@id\":\"https:\\\/\\\/diariodelsurdigital.com.ar\\\/?p=7444#primaryimage\"},\"thumbnailUrl\":\"https:\\\/\\\/diariodelsurdigital.com.ar\\\/wp-content\\\/uploads\\\/2026\\\/03\\\/md-1.webp\",\"datePublished\":\"2026-03-12T13:31:19+00:00\",\"dateModified\":\"2026-03-12T13:31:20+00:00\",\"author\":{\"@id\":\"https:\\\/\\\/diariodelsurdigital.com.ar\\\/#\\\/schema\\\/person\\\/1a4992532ed62965c968031b49195c81\"},\"breadcrumb\":{\"@id\":\"https:\\\/\\\/diariodelsurdigital.com.ar\\\/?p=7444#breadcrumb\"},\"inLanguage\":\"es\",\"potentialAction\":[{\"@type\":\"ReadAction\",\"target\":[\"https:\\\/\\\/diariodelsurdigital.com.ar\\\/?p=7444\"]}]},{\"@type\":\"ImageObject\",\"inLanguage\":\"es\",\"@id\":\"https:\\\/\\\/diariodelsurdigital.com.ar\\\/?p=7444#primaryimage\",\"url\":\"https:\\\/\\\/diariodelsurdigital.com.ar\\\/wp-content\\\/uploads\\\/2026\\\/03\\\/md-1.webp\",\"contentUrl\":\"https:\\\/\\\/diariodelsurdigital.com.ar\\\/wp-content\\\/uploads\\\/2026\\\/03\\\/md-1.webp\",\"width\":992,\"height\":612},{\"@type\":\"BreadcrumbList\",\"@id\":\"https:\\\/\\\/diariodelsurdigital.com.ar\\\/?p=7444#breadcrumb\",\"itemListElement\":[{\"@type\":\"ListItem\",\"position\":1,\"name\":\"Portada\",\"item\":\"https:\\\/\\\/diariodelsurdigital.com.ar\\\/\"},{\"@type\":\"ListItem\",\"position\":2,\"name\":\"Consultoras prev\u00e9n un \u00edndice de inflaci\u00f3n entre 2,7 y 2,9 que anticipa cu\u00e1nto aumentar\u00edan jubilaciones y asignaciones\"}]},{\"@type\":\"WebSite\",\"@id\":\"https:\\\/\\\/diariodelsurdigital.com.ar\\\/#website\",\"url\":\"https:\\\/\\\/diariodelsurdigital.com.ar\\\/\",\"name\":\"Diario del Sur\",\"description\":\"Digital\",\"potentialAction\":[{\"@type\":\"SearchAction\",\"target\":{\"@type\":\"EntryPoint\",\"urlTemplate\":\"https:\\\/\\\/diariodelsurdigital.com.ar\\\/?s={search_term_string}\"},\"query-input\":{\"@type\":\"PropertyValueSpecification\",\"valueRequired\":true,\"valueName\":\"search_term_string\"}}],\"inLanguage\":\"es\"},{\"@type\":\"Person\",\"@id\":\"https:\\\/\\\/diariodelsurdigital.com.ar\\\/#\\\/schema\\\/person\\\/1a4992532ed62965c968031b49195c81\",\"name\":\"Diario del Sur Digital\",\"image\":{\"@type\":\"ImageObject\",\"inLanguage\":\"es\",\"@id\":\"https:\\\/\\\/secure.gravatar.com\\\/avatar\\\/f0c7c47fc7146d19828273b9b8eda651c9c7ab583767e6338d3d3bee825adf76?s=96&d=mm&r=g\",\"url\":\"https:\\\/\\\/secure.gravatar.com\\\/avatar\\\/f0c7c47fc7146d19828273b9b8eda651c9c7ab583767e6338d3d3bee825adf76?s=96&d=mm&r=g\",\"contentUrl\":\"https:\\\/\\\/secure.gravatar.com\\\/avatar\\\/f0c7c47fc7146d19828273b9b8eda651c9c7ab583767e6338d3d3bee825adf76?s=96&d=mm&r=g\",\"caption\":\"Diario del Sur Digital\"},\"url\":\"https:\\\/\\\/diariodelsurdigital.com.ar\\\/?author=4\"}]}<\/script>\n<!-- \/ Yoast SEO plugin. -->","yoast_head_json":{"title":"Consultoras prev\u00e9n un \u00edndice de inflaci\u00f3n entre 2,7 y 2,9 que anticipa cu\u00e1nto aumentar\u00edan jubilaciones y asignaciones - Diario del Sur","robots":{"index":"index","follow":"follow","max-snippet":"max-snippet:-1","max-image-preview":"max-image-preview:large","max-video-preview":"max-video-preview:-1"},"canonical":"https:\/\/diariodelsurdigital.com.ar\/?p=7444","og_locale":"es_ES","og_type":"article","og_title":"Consultoras prev\u00e9n un \u00edndice de inflaci\u00f3n entre 2,7 y 2,9 que anticipa cu\u00e1nto aumentar\u00edan jubilaciones y asignaciones - Diario del Sur","og_description":"Miles de jubilados y beneficiarios de asignaciones sociales esperan conocer este jueves el nuevo aumento que aplicar\u00e1 el Gobierno en abril. El ajuste depende del \u00edndice de inflaci\u00f3n correspondiente a febrero. La inflaci\u00f3n de febrero se conocer\u00e1 este jueves 12 de marzo a las 16. El dato ser\u00e1 publicado por el Instituto Nacional de Estad\u00edstica [&hellip;]","og_url":"https:\/\/diariodelsurdigital.com.ar\/?p=7444","og_site_name":"Diario del Sur","article_published_time":"2026-03-12T13:31:19+00:00","article_modified_time":"2026-03-12T13:31:20+00:00","og_image":[{"width":992,"height":612,"url":"https:\/\/diariodelsurdigital.com.ar\/wp-content\/uploads\/2026\/03\/md-1.webp","type":"image\/webp"}],"author":"Diario del Sur Digital","twitter_card":"summary_large_image","twitter_misc":{"Escrito por":"Diario del Sur Digital","Tiempo de lectura":"2 minutos"},"schema":{"@context":"https:\/\/schema.org","@graph":[{"@type":"Article","@id":"https:\/\/diariodelsurdigital.com.ar\/?p=7444#article","isPartOf":{"@id":"https:\/\/diariodelsurdigital.com.ar\/?p=7444"},"author":{"name":"Diario del Sur Digital","@id":"https:\/\/diariodelsurdigital.com.ar\/#\/schema\/person\/1a4992532ed62965c968031b49195c81"},"headline":"Consultoras prev\u00e9n un \u00edndice de inflaci\u00f3n entre 2,7 y 2,9 que anticipa cu\u00e1nto aumentar\u00edan jubilaciones y asignaciones","datePublished":"2026-03-12T13:31:19+00:00","dateModified":"2026-03-12T13:31:20+00:00","mainEntityOfPage":{"@id":"https:\/\/diariodelsurdigital.com.ar\/?p=7444"},"wordCount":296,"commentCount":0,"image":{"@id":"https:\/\/diariodelsurdigital.com.ar\/?p=7444#primaryimage"},"thumbnailUrl":"https:\/\/diariodelsurdigital.com.ar\/wp-content\/uploads\/2026\/03\/md-1.webp","articleSection":["Inter\u00e9s General","Nacionales"],"inLanguage":"es","potentialAction":[{"@type":"CommentAction","name":"Comment","target":["https:\/\/diariodelsurdigital.com.ar\/?p=7444#respond"]}]},{"@type":"WebPage","@id":"https:\/\/diariodelsurdigital.com.ar\/?p=7444","url":"https:\/\/diariodelsurdigital.com.ar\/?p=7444","name":"Consultoras prev\u00e9n un \u00edndice de inflaci\u00f3n entre 2,7 y 2,9 que anticipa cu\u00e1nto aumentar\u00edan jubilaciones y asignaciones - Diario del Sur","isPartOf":{"@id":"https:\/\/diariodelsurdigital.com.ar\/#website"},"primaryImageOfPage":{"@id":"https:\/\/diariodelsurdigital.com.ar\/?p=7444#primaryimage"},"image":{"@id":"https:\/\/diariodelsurdigital.com.ar\/?p=7444#primaryimage"},"thumbnailUrl":"https:\/\/diariodelsurdigital.com.ar\/wp-content\/uploads\/2026\/03\/md-1.webp","datePublished":"2026-03-12T13:31:19+00:00","dateModified":"2026-03-12T13:31:20+00:00","author":{"@id":"https:\/\/diariodelsurdigital.com.ar\/#\/schema\/person\/1a4992532ed62965c968031b49195c81"},"breadcrumb":{"@id":"https:\/\/diariodelsurdigital.com.ar\/?p=7444#breadcrumb"},"inLanguage":"es","potentialAction":[{"@type":"ReadAction","target":["https:\/\/diariodelsurdigital.com.ar\/?p=7444"]}]},{"@type":"ImageObject","inLanguage":"es","@id":"https:\/\/diariodelsurdigital.com.ar\/?p=7444#primaryimage","url":"https:\/\/diariodelsurdigital.com.ar\/wp-content\/uploads\/2026\/03\/md-1.webp","contentUrl":"https:\/\/diariodelsurdigital.com.ar\/wp-content\/uploads\/2026\/03\/md-1.webp","width":992,"height":612},{"@type":"BreadcrumbList","@id":"https:\/\/diariodelsurdigital.com.ar\/?p=7444#breadcrumb","itemListElement":[{"@type":"ListItem","position":1,"name":"Portada","item":"https:\/\/diariodelsurdigital.com.ar\/"},{"@type":"ListItem","position":2,"name":"Consultoras prev\u00e9n un \u00edndice de inflaci\u00f3n entre 2,7 y 2,9 que anticipa cu\u00e1nto aumentar\u00edan jubilaciones y asignaciones"}]},{"@type":"WebSite","@id":"https:\/\/diariodelsurdigital.com.ar\/#website","url":"https:\/\/diariodelsurdigital.com.ar\/","name":"Diario del Sur","description":"Digital","potentialAction":[{"@type":"SearchAction","target":{"@type":"EntryPoint","urlTemplate":"https:\/\/diariodelsurdigital.com.ar\/?s={search_term_string}"},"query-input":{"@type":"PropertyValueSpecification","valueRequired":true,"valueName":"search_term_string"}}],"inLanguage":"es"},{"@type":"Person","@id":"https:\/\/diariodelsurdigital.com.ar\/#\/schema\/person\/1a4992532ed62965c968031b49195c81","name":"Diario del Sur Digital","image":{"@type":"ImageObject","inLanguage":"es","@id":"https:\/\/secure.gravatar.com\/avatar\/f0c7c47fc7146d19828273b9b8eda651c9c7ab583767e6338d3d3bee825adf76?s=96&d=mm&r=g","url":"https:\/\/secure.gravatar.com\/avatar\/f0c7c47fc7146d19828273b9b8eda651c9c7ab583767e6338d3d3bee825adf76?s=96&d=mm&r=g","contentUrl":"https:\/\/secure.gravatar.com\/avatar\/f0c7c47fc7146d19828273b9b8eda651c9c7ab583767e6338d3d3bee825adf76?s=96&d=mm&r=g","caption":"Diario del Sur Digital"},"url":"https:\/\/diariodelsurdigital.com.ar\/?author=4"}]}},"_links":{"self":[{"href":"https:\/\/diariodelsurdigital.com.ar\/index.php?rest_route=\/wp\/v2\/posts\/7444","targetHints":{"allow":["GET"]}}],"collection":[{"href":"https:\/\/diariodelsurdigital.com.ar\/index.php?rest_route=\/wp\/v2\/posts"}],"about":[{"href":"https:\/\/diariodelsurdigital.com.ar\/index.php?rest_route=\/wp\/v2\/types\/post"}],"author":[{"embeddable":true,"href":"https:\/\/diariodelsurdigital.com.ar\/index.php?rest_route=\/wp\/v2\/users\/4"}],"replies":[{"embeddable":true,"href":"https:\/\/diariodelsurdigital.com.ar\/index.php?rest_route=%2Fwp%2Fv2%2Fcomments&post=7444"}],"version-history":[{"count":1,"href":"https:\/\/diariodelsurdigital.com.ar\/index.php?rest_route=\/wp\/v2\/posts\/7444\/revisions"}],"predecessor-version":[{"id":7446,"href":"https:\/\/diariodelsurdigital.com.ar\/index.php?rest_route=\/wp\/v2\/posts\/7444\/revisions\/7446"}],"wp:featuredmedia":[{"embeddable":true,"href":"https:\/\/diariodelsurdigital.com.ar\/index.php?rest_route=\/wp\/v2\/media\/7445"}],"wp:attachment":[{"href":"https:\/\/diariodelsurdigital.com.ar\/index.php?rest_route=%2Fwp%2Fv2%2Fmedia&parent=7444"}],"wp:term":[{"taxonomy":"category","embeddable":true,"href":"https:\/\/diariodelsurdigital.com.ar\/index.php?rest_route=%2Fwp%2Fv2%2Fcategories&post=7444"},{"taxonomy":"post_tag","embeddable":true,"href":"https:\/\/diariodelsurdigital.com.ar\/index.php?rest_route=%2Fwp%2Fv2%2Ftags&post=7444"}],"curies":[{"name":"wp","href":"https:\/\/api.w.org\/{rel}","templated":true}]}}