{"id":7447,"date":"2026-03-12T10:34:03","date_gmt":"2026-03-12T13:34:03","guid":{"rendered":"https:\/\/diariodelsurdigital.com.ar\/?p=7447"},"modified":"2026-03-12T10:34:04","modified_gmt":"2026-03-12T13:34:04","slug":"frigerio-analizo-con-su-gabinete-el-proyecto-borrador-de-la-reforma-previsional","status":"publish","type":"post","link":"https:\/\/diariodelsurdigital.com.ar\/?p=7447","title":{"rendered":"Frigerio analiz\u00f3 con su gabinete el proyecto borrador de la reforma previsional"},"content":{"rendered":"\n<p>Tras el encuentro, la vicegobernadora inform\u00f3 que el proyecto borrador ser\u00e1 enviado en los pr\u00f3ximos d\u00edas a los distintos sectores para que se interioricen y realicen sus aportes. \u201cQue los futuros jubilados puedan recibir, despu\u00e9s de tantos a\u00f1os de trabajo, la jubilaci\u00f3n que merecen\u00bb, expres\u00f3 Alicia Aluani.<\/p>\n\n\n\n<p>El gobernador de Rogelio Frigerio presidi\u00f3 este mi\u00e9rcoles una nueva reuni\u00f3n de gabinete en Casa de Gobierno, donde junto a autoridades provinciales y funcionarios del Poder Ejecutivo se abordaron distintos temas de gesti\u00f3n y se avanz\u00f3 en el an\u00e1lisis del borrador del proyecto de reforma previsional.<\/p>\n\n\n\n<p>El encuentro se realiz\u00f3 en el Sal\u00f3n de los Gobernadores y cont\u00f3 con la participaci\u00f3n de la vicegobernadora y presidenta del Senado, Alicia Aluani; el presidente de la C\u00e1mara de Diputados, Gustavo Hein; adem\u00e1s de ministros y secretarios del gabinete provincial.<\/p>\n\n\n\n<p>Tras la reuni\u00f3n, Aluani explic\u00f3 que estos encuentros permiten realizar un seguimiento del trabajo de cada \u00e1rea del gobierno. \u00abEs una nueva reuni\u00f3n con todas las \u00e1reas, con todos los ministerios, donde uno releva cu\u00e1l es el trabajo que est\u00e1 haciendo cada uno y, fundamentalmente, cu\u00e1les son los temas m\u00e1s urgentes para ver en qu\u00e9 etapa est\u00e1n y poder avanzar para resolverlos lo m\u00e1s pronto posible\u00bb, se\u00f1al\u00f3.<\/p>\n\n\n\n<p>La vicegobernadora destac\u00f3 adem\u00e1s la importancia de que todas las \u00e1reas del gobierno compartan informaci\u00f3n sobre sus acciones. \u00abSiempre tratamos de conocer qu\u00e9 se est\u00e1 haciendo en cada \u00e1rea, porque de eso se trata: todos tenemos que estar en conocimiento de lo que hace el otro para tener una mejor comunicaci\u00f3n y tambi\u00e9n una mayor fluidez con el ciudadano\u00bb, indic\u00f3. Y agreg\u00f3: \u00abQueremos que sepan que estamos trabajando todos los d\u00edas desde las distintas \u00e1reas para resolver los problemas m\u00e1s urgentes, sin dejar de lado los que requieren m\u00e1s tiempo pero que tambi\u00e9n se siguen abordando\u00bb.<\/p>\n\n\n\n<p>Durante la reuni\u00f3n se trabaj\u00f3 especialmente en el borrador del proyecto de reforma previsional que el Ejecutivo provincial prev\u00e9 presentar para su an\u00e1lisis a legisladores y gremios.<\/p>\n\n\n\n<p>\u00abEs un trabajo que se realiza de manera articulada, no solamente con los ministros y directores, sino tambi\u00e9n con los gremios y los legisladores, para que cada uno pueda aportar su mirada y ver qu\u00e9 aspectos se pueden nutrir o modificar\u00bb, explic\u00f3 Aluani.<\/p>\n\n\n\n<p>En ese sentido, remarc\u00f3 que el objetivo es construir una propuesta consensuada que garantice la sostenibilidad del sistema previsional. \u00abLa idea es que entre todos podamos sacar adelante algo tan importante como la reforma previsional\u00bb, sostuvo.<\/p>\n\n\n\n<p>Respecto al cronograma de trabajo, adelant\u00f3 que el borrador ser\u00e1 enviado en los pr\u00f3ximos d\u00edas a los distintos sectores para su an\u00e1lisis, \u00aba los ministerios, los gremios y legisladores para que puedan interiorizarse de la informaci\u00f3n y luego recibir sus aportes\u00bb, apunt\u00f3.<\/p>\n\n\n\n<p>Finalmente, subray\u00f3 que el prop\u00f3sito de este proceso es fortalecer la sustentabilidad del sistema jubilatorio provincial. \u00abQueremos que nuestra Caja de Jubilaciones sea sustentable en el tiempo y que los futuros jubilados puedan recibir, despu\u00e9s de tantos a\u00f1os de trabajo, la jubilaci\u00f3n que merecen\u00bb, concluy\u00f3. <\/p>\n","protected":false},"excerpt":{"rendered":"<p>Tras el encuentro, la vicegobernadora inform\u00f3 que el proyecto borrador ser\u00e1 enviado en los pr\u00f3ximos d\u00edas a los distintos sectores para que se interioricen y realicen sus aportes. \u201cQue los futuros jubilados puedan recibir, despu\u00e9s de tantos a\u00f1os de trabajo, la jubilaci\u00f3n que merecen\u00bb, expres\u00f3 Alicia Aluani. El gobernador de Rogelio Frigerio presidi\u00f3 este mi\u00e9rcoles [&hellip;]<\/p>\n","protected":false},"author":4,"featured_media":7448,"comment_status":"open","ping_status":"open","sticky":false,"template":"","format":"standard","meta":{"footnotes":""},"categories":[22,17],"tags":[],"class_list":{"0":"post-7447","1":"post","2":"type-post","3":"status-publish","4":"format-standard","5":"has-post-thumbnail","7":"category-politica","8":"category-provinciales"},"yoast_head":"<!-- This site is optimized with the Yoast SEO plugin v27.4 - https:\/\/yoast.com\/product\/yoast-seo-wordpress\/ -->\n<title>Frigerio analiz\u00f3 con su gabinete el proyecto borrador de la reforma previsional - Diario del Sur<\/title>\n<meta name=\"robots\" content=\"index, follow, max-snippet:-1, max-image-preview:large, max-video-preview:-1\" \/>\n<link rel=\"canonical\" href=\"https:\/\/diariodelsurdigital.com.ar\/?p=7447\" \/>\n<meta property=\"og:locale\" content=\"es_ES\" \/>\n<meta property=\"og:type\" content=\"article\" \/>\n<meta property=\"og:title\" content=\"Frigerio analiz\u00f3 con su gabinete el proyecto borrador de la reforma previsional - Diario del Sur\" \/>\n<meta property=\"og:description\" content=\"Tras el encuentro, la vicegobernadora inform\u00f3 que el proyecto borrador ser\u00e1 enviado en los pr\u00f3ximos d\u00edas a los distintos sectores para que se interioricen y realicen sus aportes. \u201cQue los futuros jubilados puedan recibir, despu\u00e9s de tantos a\u00f1os de trabajo, la jubilaci\u00f3n que merecen\u00bb, expres\u00f3 Alicia Aluani. El gobernador de Rogelio Frigerio presidi\u00f3 este mi\u00e9rcoles [&hellip;]\" \/>\n<meta property=\"og:url\" content=\"https:\/\/diariodelsurdigital.com.ar\/?p=7447\" \/>\n<meta property=\"og:site_name\" content=\"Diario del Sur\" \/>\n<meta property=\"article:published_time\" content=\"2026-03-12T13:34:03+00:00\" \/>\n<meta property=\"article:modified_time\" content=\"2026-03-12T13:34:04+00:00\" \/>\n<meta property=\"og:image\" content=\"https:\/\/diariodelsurdigital.com.ar\/wp-content\/uploads\/2026\/03\/md-2.webp\" \/>\n\t<meta property=\"og:image:width\" content=\"992\" \/>\n\t<meta property=\"og:image:height\" content=\"661\" \/>\n\t<meta property=\"og:image:type\" content=\"image\/webp\" \/>\n<meta name=\"author\" content=\"Diario del Sur Digital\" \/>\n<meta name=\"twitter:card\" content=\"summary_large_image\" \/>\n<meta name=\"twitter:label1\" content=\"Escrito por\" \/>\n\t<meta name=\"twitter:data1\" content=\"Diario del Sur Digital\" \/>\n\t<meta name=\"twitter:label2\" content=\"Tiempo de lectura\" \/>\n\t<meta name=\"twitter:data2\" content=\"3 minutos\" \/>\n<script type=\"application\/ld+json\" class=\"yoast-schema-graph\">{\"@context\":\"https:\\\/\\\/schema.org\",\"@graph\":[{\"@type\":\"Article\",\"@id\":\"https:\\\/\\\/diariodelsurdigital.com.ar\\\/?p=7447#article\",\"isPartOf\":{\"@id\":\"https:\\\/\\\/diariodelsurdigital.com.ar\\\/?p=7447\"},\"author\":{\"name\":\"Diario del Sur Digital\",\"@id\":\"https:\\\/\\\/diariodelsurdigital.com.ar\\\/#\\\/schema\\\/person\\\/1a4992532ed62965c968031b49195c81\"},\"headline\":\"Frigerio analiz\u00f3 con su gabinete el proyecto borrador de la reforma previsional\",\"datePublished\":\"2026-03-12T13:34:03+00:00\",\"dateModified\":\"2026-03-12T13:34:04+00:00\",\"mainEntityOfPage\":{\"@id\":\"https:\\\/\\\/diariodelsurdigital.com.ar\\\/?p=7447\"},\"wordCount\":542,\"commentCount\":0,\"image\":{\"@id\":\"https:\\\/\\\/diariodelsurdigital.com.ar\\\/?p=7447#primaryimage\"},\"thumbnailUrl\":\"https:\\\/\\\/diariodelsurdigital.com.ar\\\/wp-content\\\/uploads\\\/2026\\\/03\\\/md-2.webp\",\"articleSection\":[\"Pol\u00edtica\",\"Provinciales\"],\"inLanguage\":\"es\",\"potentialAction\":[{\"@type\":\"CommentAction\",\"name\":\"Comment\",\"target\":[\"https:\\\/\\\/diariodelsurdigital.com.ar\\\/?p=7447#respond\"]}]},{\"@type\":\"WebPage\",\"@id\":\"https:\\\/\\\/diariodelsurdigital.com.ar\\\/?p=7447\",\"url\":\"https:\\\/\\\/diariodelsurdigital.com.ar\\\/?p=7447\",\"name\":\"Frigerio analiz\u00f3 con su gabinete el proyecto borrador de la reforma previsional - Diario del Sur\",\"isPartOf\":{\"@id\":\"https:\\\/\\\/diariodelsurdigital.com.ar\\\/#website\"},\"primaryImageOfPage\":{\"@id\":\"https:\\\/\\\/diariodelsurdigital.com.ar\\\/?p=7447#primaryimage\"},\"image\":{\"@id\":\"https:\\\/\\\/diariodelsurdigital.com.ar\\\/?p=7447#primaryimage\"},\"thumbnailUrl\":\"https:\\\/\\\/diariodelsurdigital.com.ar\\\/wp-content\\\/uploads\\\/2026\\\/03\\\/md-2.webp\",\"datePublished\":\"2026-03-12T13:34:03+00:00\",\"dateModified\":\"2026-03-12T13:34:04+00:00\",\"author\":{\"@id\":\"https:\\\/\\\/diariodelsurdigital.com.ar\\\/#\\\/schema\\\/person\\\/1a4992532ed62965c968031b49195c81\"},\"breadcrumb\":{\"@id\":\"https:\\\/\\\/diariodelsurdigital.com.ar\\\/?p=7447#breadcrumb\"},\"inLanguage\":\"es\",\"potentialAction\":[{\"@type\":\"ReadAction\",\"target\":[\"https:\\\/\\\/diariodelsurdigital.com.ar\\\/?p=7447\"]}]},{\"@type\":\"ImageObject\",\"inLanguage\":\"es\",\"@id\":\"https:\\\/\\\/diariodelsurdigital.com.ar\\\/?p=7447#primaryimage\",\"url\":\"https:\\\/\\\/diariodelsurdigital.com.ar\\\/wp-content\\\/uploads\\\/2026\\\/03\\\/md-2.webp\",\"contentUrl\":\"https:\\\/\\\/diariodelsurdigital.com.ar\\\/wp-content\\\/uploads\\\/2026\\\/03\\\/md-2.webp\",\"width\":992,\"height\":661},{\"@type\":\"BreadcrumbList\",\"@id\":\"https:\\\/\\\/diariodelsurdigital.com.ar\\\/?p=7447#breadcrumb\",\"itemListElement\":[{\"@type\":\"ListItem\",\"position\":1,\"name\":\"Portada\",\"item\":\"https:\\\/\\\/diariodelsurdigital.com.ar\\\/\"},{\"@type\":\"ListItem\",\"position\":2,\"name\":\"Frigerio analiz\u00f3 con su gabinete el proyecto borrador de la reforma previsional\"}]},{\"@type\":\"WebSite\",\"@id\":\"https:\\\/\\\/diariodelsurdigital.com.ar\\\/#website\",\"url\":\"https:\\\/\\\/diariodelsurdigital.com.ar\\\/\",\"name\":\"Diario del Sur\",\"description\":\"Digital\",\"potentialAction\":[{\"@type\":\"SearchAction\",\"target\":{\"@type\":\"EntryPoint\",\"urlTemplate\":\"https:\\\/\\\/diariodelsurdigital.com.ar\\\/?s={search_term_string}\"},\"query-input\":{\"@type\":\"PropertyValueSpecification\",\"valueRequired\":true,\"valueName\":\"search_term_string\"}}],\"inLanguage\":\"es\"},{\"@type\":\"Person\",\"@id\":\"https:\\\/\\\/diariodelsurdigital.com.ar\\\/#\\\/schema\\\/person\\\/1a4992532ed62965c968031b49195c81\",\"name\":\"Diario del Sur Digital\",\"image\":{\"@type\":\"ImageObject\",\"inLanguage\":\"es\",\"@id\":\"https:\\\/\\\/secure.gravatar.com\\\/avatar\\\/f0c7c47fc7146d19828273b9b8eda651c9c7ab583767e6338d3d3bee825adf76?s=96&d=mm&r=g\",\"url\":\"https:\\\/\\\/secure.gravatar.com\\\/avatar\\\/f0c7c47fc7146d19828273b9b8eda651c9c7ab583767e6338d3d3bee825adf76?s=96&d=mm&r=g\",\"contentUrl\":\"https:\\\/\\\/secure.gravatar.com\\\/avatar\\\/f0c7c47fc7146d19828273b9b8eda651c9c7ab583767e6338d3d3bee825adf76?s=96&d=mm&r=g\",\"caption\":\"Diario del Sur Digital\"},\"url\":\"https:\\\/\\\/diariodelsurdigital.com.ar\\\/?author=4\"}]}<\/script>\n<!-- \/ Yoast SEO plugin. -->","yoast_head_json":{"title":"Frigerio analiz\u00f3 con su gabinete el proyecto borrador de la reforma previsional - Diario del Sur","robots":{"index":"index","follow":"follow","max-snippet":"max-snippet:-1","max-image-preview":"max-image-preview:large","max-video-preview":"max-video-preview:-1"},"canonical":"https:\/\/diariodelsurdigital.com.ar\/?p=7447","og_locale":"es_ES","og_type":"article","og_title":"Frigerio analiz\u00f3 con su gabinete el proyecto borrador de la reforma previsional - Diario del Sur","og_description":"Tras el encuentro, la vicegobernadora inform\u00f3 que el proyecto borrador ser\u00e1 enviado en los pr\u00f3ximos d\u00edas a los distintos sectores para que se interioricen y realicen sus aportes. \u201cQue los futuros jubilados puedan recibir, despu\u00e9s de tantos a\u00f1os de trabajo, la jubilaci\u00f3n que merecen\u00bb, expres\u00f3 Alicia Aluani. El gobernador de Rogelio Frigerio presidi\u00f3 este mi\u00e9rcoles [&hellip;]","og_url":"https:\/\/diariodelsurdigital.com.ar\/?p=7447","og_site_name":"Diario del Sur","article_published_time":"2026-03-12T13:34:03+00:00","article_modified_time":"2026-03-12T13:34:04+00:00","og_image":[{"width":992,"height":661,"url":"https:\/\/diariodelsurdigital.com.ar\/wp-content\/uploads\/2026\/03\/md-2.webp","type":"image\/webp"}],"author":"Diario del Sur Digital","twitter_card":"summary_large_image","twitter_misc":{"Escrito por":"Diario del Sur Digital","Tiempo de lectura":"3 minutos"},"schema":{"@context":"https:\/\/schema.org","@graph":[{"@type":"Article","@id":"https:\/\/diariodelsurdigital.com.ar\/?p=7447#article","isPartOf":{"@id":"https:\/\/diariodelsurdigital.com.ar\/?p=7447"},"author":{"name":"Diario del Sur Digital","@id":"https:\/\/diariodelsurdigital.com.ar\/#\/schema\/person\/1a4992532ed62965c968031b49195c81"},"headline":"Frigerio analiz\u00f3 con su gabinete el proyecto borrador de la reforma previsional","datePublished":"2026-03-12T13:34:03+00:00","dateModified":"2026-03-12T13:34:04+00:00","mainEntityOfPage":{"@id":"https:\/\/diariodelsurdigital.com.ar\/?p=7447"},"wordCount":542,"commentCount":0,"image":{"@id":"https:\/\/diariodelsurdigital.com.ar\/?p=7447#primaryimage"},"thumbnailUrl":"https:\/\/diariodelsurdigital.com.ar\/wp-content\/uploads\/2026\/03\/md-2.webp","articleSection":["Pol\u00edtica","Provinciales"],"inLanguage":"es","potentialAction":[{"@type":"CommentAction","name":"Comment","target":["https:\/\/diariodelsurdigital.com.ar\/?p=7447#respond"]}]},{"@type":"WebPage","@id":"https:\/\/diariodelsurdigital.com.ar\/?p=7447","url":"https:\/\/diariodelsurdigital.com.ar\/?p=7447","name":"Frigerio analiz\u00f3 con su gabinete el proyecto borrador de la reforma previsional - Diario del Sur","isPartOf":{"@id":"https:\/\/diariodelsurdigital.com.ar\/#website"},"primaryImageOfPage":{"@id":"https:\/\/diariodelsurdigital.com.ar\/?p=7447#primaryimage"},"image":{"@id":"https:\/\/diariodelsurdigital.com.ar\/?p=7447#primaryimage"},"thumbnailUrl":"https:\/\/diariodelsurdigital.com.ar\/wp-content\/uploads\/2026\/03\/md-2.webp","datePublished":"2026-03-12T13:34:03+00:00","dateModified":"2026-03-12T13:34:04+00:00","author":{"@id":"https:\/\/diariodelsurdigital.com.ar\/#\/schema\/person\/1a4992532ed62965c968031b49195c81"},"breadcrumb":{"@id":"https:\/\/diariodelsurdigital.com.ar\/?p=7447#breadcrumb"},"inLanguage":"es","potentialAction":[{"@type":"ReadAction","target":["https:\/\/diariodelsurdigital.com.ar\/?p=7447"]}]},{"@type":"ImageObject","inLanguage":"es","@id":"https:\/\/diariodelsurdigital.com.ar\/?p=7447#primaryimage","url":"https:\/\/diariodelsurdigital.com.ar\/wp-content\/uploads\/2026\/03\/md-2.webp","contentUrl":"https:\/\/diariodelsurdigital.com.ar\/wp-content\/uploads\/2026\/03\/md-2.webp","width":992,"height":661},{"@type":"BreadcrumbList","@id":"https:\/\/diariodelsurdigital.com.ar\/?p=7447#breadcrumb","itemListElement":[{"@type":"ListItem","position":1,"name":"Portada","item":"https:\/\/diariodelsurdigital.com.ar\/"},{"@type":"ListItem","position":2,"name":"Frigerio analiz\u00f3 con su gabinete el proyecto borrador de la reforma previsional"}]},{"@type":"WebSite","@id":"https:\/\/diariodelsurdigital.com.ar\/#website","url":"https:\/\/diariodelsurdigital.com.ar\/","name":"Diario del Sur","description":"Digital","potentialAction":[{"@type":"SearchAction","target":{"@type":"EntryPoint","urlTemplate":"https:\/\/diariodelsurdigital.com.ar\/?s={search_term_string}"},"query-input":{"@type":"PropertyValueSpecification","valueRequired":true,"valueName":"search_term_string"}}],"inLanguage":"es"},{"@type":"Person","@id":"https:\/\/diariodelsurdigital.com.ar\/#\/schema\/person\/1a4992532ed62965c968031b49195c81","name":"Diario del Sur Digital","image":{"@type":"ImageObject","inLanguage":"es","@id":"https:\/\/secure.gravatar.com\/avatar\/f0c7c47fc7146d19828273b9b8eda651c9c7ab583767e6338d3d3bee825adf76?s=96&d=mm&r=g","url":"https:\/\/secure.gravatar.com\/avatar\/f0c7c47fc7146d19828273b9b8eda651c9c7ab583767e6338d3d3bee825adf76?s=96&d=mm&r=g","contentUrl":"https:\/\/secure.gravatar.com\/avatar\/f0c7c47fc7146d19828273b9b8eda651c9c7ab583767e6338d3d3bee825adf76?s=96&d=mm&r=g","caption":"Diario del Sur Digital"},"url":"https:\/\/diariodelsurdigital.com.ar\/?author=4"}]}},"_links":{"self":[{"href":"https:\/\/diariodelsurdigital.com.ar\/index.php?rest_route=\/wp\/v2\/posts\/7447","targetHints":{"allow":["GET"]}}],"collection":[{"href":"https:\/\/diariodelsurdigital.com.ar\/index.php?rest_route=\/wp\/v2\/posts"}],"about":[{"href":"https:\/\/diariodelsurdigital.com.ar\/index.php?rest_route=\/wp\/v2\/types\/post"}],"author":[{"embeddable":true,"href":"https:\/\/diariodelsurdigital.com.ar\/index.php?rest_route=\/wp\/v2\/users\/4"}],"replies":[{"embeddable":true,"href":"https:\/\/diariodelsurdigital.com.ar\/index.php?rest_route=%2Fwp%2Fv2%2Fcomments&post=7447"}],"version-history":[{"count":1,"href":"https:\/\/diariodelsurdigital.com.ar\/index.php?rest_route=\/wp\/v2\/posts\/7447\/revisions"}],"predecessor-version":[{"id":7449,"href":"https:\/\/diariodelsurdigital.com.ar\/index.php?rest_route=\/wp\/v2\/posts\/7447\/revisions\/7449"}],"wp:featuredmedia":[{"embeddable":true,"href":"https:\/\/diariodelsurdigital.com.ar\/index.php?rest_route=\/wp\/v2\/media\/7448"}],"wp:attachment":[{"href":"https:\/\/diariodelsurdigital.com.ar\/index.php?rest_route=%2Fwp%2Fv2%2Fmedia&parent=7447"}],"wp:term":[{"taxonomy":"category","embeddable":true,"href":"https:\/\/diariodelsurdigital.com.ar\/index.php?rest_route=%2Fwp%2Fv2%2Fcategories&post=7447"},{"taxonomy":"post_tag","embeddable":true,"href":"https:\/\/diariodelsurdigital.com.ar\/index.php?rest_route=%2Fwp%2Fv2%2Ftags&post=7447"}],"curies":[{"name":"wp","href":"https:\/\/api.w.org\/{rel}","templated":true}]}}