{"id":7450,"date":"2026-03-12T10:40:27","date_gmt":"2026-03-12T13:40:27","guid":{"rendered":"https:\/\/diariodelsurdigital.com.ar\/?p=7450"},"modified":"2026-03-12T10:40:28","modified_gmt":"2026-03-12T13:40:28","slug":"tras-el-reves-judicial-que-caminos-le-quedan-a-la-cgt-para-frenar-la-reforma-laboral","status":"publish","type":"post","link":"https:\/\/diariodelsurdigital.com.ar\/?p=7450","title":{"rendered":"Tras el rev\u00e9s judicial, qu\u00e9 caminos le quedan a la CGT para frenar la reforma laboral"},"content":{"rendered":"\n<p>La Justicia dio un primer rev\u00e9s a la estrategia de la Confederaci\u00f3n General del Trabajo (CGT) para frenar el contenido de la reforma laboral. Sin embargo, la batalla judicial reci\u00e9n empieza y desde la central obrera anticiparon cu\u00e1les ser\u00e1n los caminos a tomar para evitar la implementaci\u00f3n de la ley sancionada por el Congreso a fines de febrero.<\/p>\n\n\n\n<p><\/p>\n\n\n\n<p>Este mi\u00e9rcoles, el Juzgado Contencioso Administrativo Federal N\u00b07 desestim\u00f3 el primer planteo de la CGT para rechazar de manera inmediata los art\u00edculos 90 y 91 de la norma que habilitan el traspaso de la Justicia Laboral Nacional a la \u00f3rbita de la Ciudad de Buenos Aires, complementarios del convenio firmado por el jefe de Gabinete, Manuel Adorni, y autoridades del gobierno de Jorge Macri.<\/p>\n\n\n\n<p><br>En su presentaci\u00f3n, la central sindical hab\u00eda presentado un amparo y una medida cautelar \u201cinnovativa\u201d para suspender la aplicaci\u00f3n de ambos puntos hasta que se resolviera el fondo del asunto. Argumentaban que el traslado de competencias implicar\u00eda la disoluci\u00f3n del Fuero Laboral -tal como indica el convenio- lo que podr\u00eda generar dificultades para revertir si en un futuro la ley es declarada inconstitucional.<\/p>\n\n\n\n<p>Pero el magistrado resolvi\u00f3 rechazar la medida cautelar solicitada ya que, seg\u00fan consider\u00f3, no correspond\u00eda hacer lugar en esta etapa del proceso. As\u00ed las cosas, el traspaso seguir\u00e1 vigente mientras contin\u00faa el tr\u00e1mite de la causa y hasta que exista una sentencia definitiva sobre la constitucionalidad de los art\u00edculos cuestionados.<\/p>\n\n\n\n<p>La CGT confirm\u00f3 que apelar\u00e1 el fallo judicial por el traspaso de fuero laboral<\/p>\n\n\n\n<p>En di\u00e1logo con \u00c1mbito, fuentes de la CGT anticiparon que el siguiente paso es recurrir ante una instancia superior para que revise el fallo del juez. \u00abEsto es apelable y lo vamos a hacer. Nos vamos a presentar en los pr\u00f3ximos d\u00edas ante la C\u00e1mara de Apelaciones\u00bb, confirmaron.<\/p>\n\n\n\n<p>La resoluci\u00f3n fue el primer rev\u00e9s judicial para el sindicalismo en intento de frenar uno de los bloques de la reforma laboral, en este caso el Cap\u00edtulo V de la ley que gener\u00f3 rechazo en el mundo judicial, particularmente dentro de los empleados del propio fuero que ven con preocupaci\u00f3n el futuro de sus puestos de trabajo.<\/p>\n\n\n\n<p>La Uni\u00f3n de Empleados de la Justicia de la Naci\u00f3n (UEJN) advirti\u00f3 que por la supresi\u00f3n de la instancia judicial nacional podr\u00edan estar en riesgo 1.600 puestos de trabajo. Ante ese panorama, activaron medidas gremiales que incluyeron paros e incluso la toma de la sede del fuero ubicada en Roque S\u00e1enz Pe\u00f1a 760, CABA.<\/p>\n\n\n\n<p>El oficialismo nacional asegura que uno de los objetivos de la reforma y del traspaso es terminar con lo que denominan como la \u00abIndustria del Juicio\u00bb. Aseguran que el fuero laboral es \u00abaf\u00edn al kirchnerismo\u00bb y \u00abanti empresa\u00bb.<\/p>\n\n\n\n<p>El jefe de Gabinete de CABA, Gabriel S\u00e1nchez Zinny, coincidi\u00f3 con la visi\u00f3n de Naci\u00f3n al afirmar que la transferencia \u00abse termina la persecuci\u00f3n sistem\u00e1tica a los empleadores\u00bb. \u00abDurante a\u00f1os la capacidad de emprender de PYMES y comercios fue perjudicada por la industria del juicio\u00bb, dijo. Aunque fuentes porte\u00f1as involucradas en el traspaso aseguran que apuntan principalmente a mejorar la eficiencia y a acelerar los fallos.<\/p>\n\n\n\n<p>La CGT prepara presentaci\u00f3n contra la reforma laboral<\/p>\n\n\n\n<p>En paralelo, la CGT est\u00e1 trabajando en la redacci\u00f3n de una presentaci\u00f3n que apuntar\u00e1, ya no al traspaso en s\u00ed, sino a derrumbar la ley en su totalidad. El escrito se llevar\u00e1 a la Justicia \u00aben los pr\u00f3ximos d\u00edas\u00bb. \u00abTenemos buenas expectativas con respecto a que avance\u00bb, aseguraron a este medio.<\/p>\n\n\n\n<p>La normativa habilita que la jornada diaria pueda extenderse hasta 12 horas, siempre que exista un acuerdo escrito entre empleador y trabajador. A su vez, se crea un banco de horas, que permitir\u00e1 compensar horas extra con d\u00edas de descanso. El esquema deber\u00e1 respetar los l\u00edmites legales vigentes y tendr\u00e1 que haber un m\u00ednimo de 12 horas de descanso entre turnos.<\/p>\n\n\n\n<p>La reforma incorpora la figura del \u201csalario din\u00e1mico\u201d, que podr\u00e1 establecerse en convenios colectivos y vincular la remuneraci\u00f3n con el desempe\u00f1o o m\u00e9rito individual del trabajador.<\/p>\n\n\n\n<p>Asimismo, para calcular la indemnizaci\u00f3n por despido sin causa se considerar\u00e1 \u00fanicamente la remuneraci\u00f3n mensual, normal y habitual, excluyendo conceptos como el aguinaldo o las vacaciones.<\/p>\n\n\n\n<p>La normativa fija que la indemnizaci\u00f3n ser\u00e1 la \u00fanica reparaci\u00f3n econ\u00f3mica frente al despido y establece un nuevo mecanismo de actualizaci\u00f3n de cr\u00e9ditos laborales, que se ajustar\u00e1n por IPC m\u00e1s un 3% anual, public\u00f3 \u00c1mbito.<\/p>\n\n\n\n<p>Se crea el Fondo de Asistencia Laboral (FAL), destinado a cubrir costos de desvinculaci\u00f3n. Este fondo se financiar\u00e1 con aportes mensuales de los empleadores: 1% de las remuneraciones para grandes empresas y 2,5% para micro, peque\u00f1as y medianas empresas. El Poder Ejecutivo podr\u00e1 elevar esos porcentajes hasta 1,5% y 3%, respectivamente, con aval de la Comisi\u00f3n Bicameral.<\/p>\n","protected":false},"excerpt":{"rendered":"<p>La Justicia dio un primer rev\u00e9s a la estrategia de la Confederaci\u00f3n General del Trabajo (CGT) para frenar el contenido de la reforma laboral. Sin embargo, la batalla judicial reci\u00e9n empieza y desde la central obrera anticiparon cu\u00e1les ser\u00e1n los caminos a tomar para evitar la implementaci\u00f3n de la ley sancionada por el Congreso a [&hellip;]<\/p>\n","protected":false},"author":4,"featured_media":7451,"comment_status":"open","ping_status":"open","sticky":false,"template":"","format":"standard","meta":{"footnotes":""},"categories":[19,18],"tags":[],"class_list":{"0":"post-7450","1":"post","2":"type-post","3":"status-publish","4":"format-standard","5":"has-post-thumbnail","7":"category-interes-general","8":"category-nacionales"},"yoast_head":"<!-- This site is optimized with the Yoast SEO plugin v27.4 - https:\/\/yoast.com\/product\/yoast-seo-wordpress\/ -->\n<title>Tras el rev\u00e9s judicial, qu\u00e9 caminos le quedan a la CGT para frenar la reforma laboral - Diario del Sur<\/title>\n<meta name=\"robots\" content=\"index, follow, max-snippet:-1, max-image-preview:large, max-video-preview:-1\" \/>\n<link rel=\"canonical\" href=\"https:\/\/diariodelsurdigital.com.ar\/?p=7450\" \/>\n<meta property=\"og:locale\" content=\"es_ES\" \/>\n<meta property=\"og:type\" content=\"article\" \/>\n<meta property=\"og:title\" content=\"Tras el rev\u00e9s judicial, qu\u00e9 caminos le quedan a la CGT para frenar la reforma laboral - Diario del Sur\" \/>\n<meta property=\"og:description\" content=\"La Justicia dio un primer rev\u00e9s a la estrategia de la Confederaci\u00f3n General del Trabajo (CGT) para frenar el contenido de la reforma laboral. Sin embargo, la batalla judicial reci\u00e9n empieza y desde la central obrera anticiparon cu\u00e1les ser\u00e1n los caminos a tomar para evitar la implementaci\u00f3n de la ley sancionada por el Congreso a [&hellip;]\" \/>\n<meta property=\"og:url\" content=\"https:\/\/diariodelsurdigital.com.ar\/?p=7450\" \/>\n<meta property=\"og:site_name\" content=\"Diario del Sur\" \/>\n<meta property=\"article:published_time\" content=\"2026-03-12T13:40:27+00:00\" \/>\n<meta property=\"article:modified_time\" content=\"2026-03-12T13:40:28+00:00\" \/>\n<meta property=\"og:image\" content=\"https:\/\/diariodelsurdigital.com.ar\/wp-content\/uploads\/2026\/03\/md-4.webp\" \/>\n\t<meta property=\"og:image:width\" content=\"992\" \/>\n\t<meta property=\"og:image:height\" content=\"660\" \/>\n\t<meta property=\"og:image:type\" content=\"image\/webp\" \/>\n<meta name=\"author\" content=\"Diario del Sur Digital\" \/>\n<meta name=\"twitter:card\" content=\"summary_large_image\" \/>\n<meta name=\"twitter:label1\" content=\"Escrito por\" \/>\n\t<meta name=\"twitter:data1\" content=\"Diario del Sur Digital\" \/>\n\t<meta name=\"twitter:label2\" content=\"Tiempo de lectura\" \/>\n\t<meta name=\"twitter:data2\" content=\"4 minutos\" \/>\n<script type=\"application\/ld+json\" class=\"yoast-schema-graph\">{\"@context\":\"https:\\\/\\\/schema.org\",\"@graph\":[{\"@type\":\"Article\",\"@id\":\"https:\\\/\\\/diariodelsurdigital.com.ar\\\/?p=7450#article\",\"isPartOf\":{\"@id\":\"https:\\\/\\\/diariodelsurdigital.com.ar\\\/?p=7450\"},\"author\":{\"name\":\"Diario del Sur Digital\",\"@id\":\"https:\\\/\\\/diariodelsurdigital.com.ar\\\/#\\\/schema\\\/person\\\/1a4992532ed62965c968031b49195c81\"},\"headline\":\"Tras el rev\u00e9s judicial, qu\u00e9 caminos le quedan a la CGT para frenar la reforma laboral\",\"datePublished\":\"2026-03-12T13:40:27+00:00\",\"dateModified\":\"2026-03-12T13:40:28+00:00\",\"mainEntityOfPage\":{\"@id\":\"https:\\\/\\\/diariodelsurdigital.com.ar\\\/?p=7450\"},\"wordCount\":847,\"commentCount\":1,\"image\":{\"@id\":\"https:\\\/\\\/diariodelsurdigital.com.ar\\\/?p=7450#primaryimage\"},\"thumbnailUrl\":\"https:\\\/\\\/diariodelsurdigital.com.ar\\\/wp-content\\\/uploads\\\/2026\\\/03\\\/md-4.webp\",\"articleSection\":[\"Inter\u00e9s General\",\"Nacionales\"],\"inLanguage\":\"es\",\"potentialAction\":[{\"@type\":\"CommentAction\",\"name\":\"Comment\",\"target\":[\"https:\\\/\\\/diariodelsurdigital.com.ar\\\/?p=7450#respond\"]}]},{\"@type\":\"WebPage\",\"@id\":\"https:\\\/\\\/diariodelsurdigital.com.ar\\\/?p=7450\",\"url\":\"https:\\\/\\\/diariodelsurdigital.com.ar\\\/?p=7450\",\"name\":\"Tras el rev\u00e9s judicial, qu\u00e9 caminos le quedan a la CGT para frenar la reforma laboral - Diario del Sur\",\"isPartOf\":{\"@id\":\"https:\\\/\\\/diariodelsurdigital.com.ar\\\/#website\"},\"primaryImageOfPage\":{\"@id\":\"https:\\\/\\\/diariodelsurdigital.com.ar\\\/?p=7450#primaryimage\"},\"image\":{\"@id\":\"https:\\\/\\\/diariodelsurdigital.com.ar\\\/?p=7450#primaryimage\"},\"thumbnailUrl\":\"https:\\\/\\\/diariodelsurdigital.com.ar\\\/wp-content\\\/uploads\\\/2026\\\/03\\\/md-4.webp\",\"datePublished\":\"2026-03-12T13:40:27+00:00\",\"dateModified\":\"2026-03-12T13:40:28+00:00\",\"author\":{\"@id\":\"https:\\\/\\\/diariodelsurdigital.com.ar\\\/#\\\/schema\\\/person\\\/1a4992532ed62965c968031b49195c81\"},\"breadcrumb\":{\"@id\":\"https:\\\/\\\/diariodelsurdigital.com.ar\\\/?p=7450#breadcrumb\"},\"inLanguage\":\"es\",\"potentialAction\":[{\"@type\":\"ReadAction\",\"target\":[\"https:\\\/\\\/diariodelsurdigital.com.ar\\\/?p=7450\"]}]},{\"@type\":\"ImageObject\",\"inLanguage\":\"es\",\"@id\":\"https:\\\/\\\/diariodelsurdigital.com.ar\\\/?p=7450#primaryimage\",\"url\":\"https:\\\/\\\/diariodelsurdigital.com.ar\\\/wp-content\\\/uploads\\\/2026\\\/03\\\/md-4.webp\",\"contentUrl\":\"https:\\\/\\\/diariodelsurdigital.com.ar\\\/wp-content\\\/uploads\\\/2026\\\/03\\\/md-4.webp\",\"width\":992,\"height\":660},{\"@type\":\"BreadcrumbList\",\"@id\":\"https:\\\/\\\/diariodelsurdigital.com.ar\\\/?p=7450#breadcrumb\",\"itemListElement\":[{\"@type\":\"ListItem\",\"position\":1,\"name\":\"Portada\",\"item\":\"https:\\\/\\\/diariodelsurdigital.com.ar\\\/\"},{\"@type\":\"ListItem\",\"position\":2,\"name\":\"Tras el rev\u00e9s judicial, qu\u00e9 caminos le quedan a la CGT para frenar la reforma laboral\"}]},{\"@type\":\"WebSite\",\"@id\":\"https:\\\/\\\/diariodelsurdigital.com.ar\\\/#website\",\"url\":\"https:\\\/\\\/diariodelsurdigital.com.ar\\\/\",\"name\":\"Diario del Sur\",\"description\":\"Digital\",\"potentialAction\":[{\"@type\":\"SearchAction\",\"target\":{\"@type\":\"EntryPoint\",\"urlTemplate\":\"https:\\\/\\\/diariodelsurdigital.com.ar\\\/?s={search_term_string}\"},\"query-input\":{\"@type\":\"PropertyValueSpecification\",\"valueRequired\":true,\"valueName\":\"search_term_string\"}}],\"inLanguage\":\"es\"},{\"@type\":\"Person\",\"@id\":\"https:\\\/\\\/diariodelsurdigital.com.ar\\\/#\\\/schema\\\/person\\\/1a4992532ed62965c968031b49195c81\",\"name\":\"Diario del Sur Digital\",\"image\":{\"@type\":\"ImageObject\",\"inLanguage\":\"es\",\"@id\":\"https:\\\/\\\/secure.gravatar.com\\\/avatar\\\/f0c7c47fc7146d19828273b9b8eda651c9c7ab583767e6338d3d3bee825adf76?s=96&d=mm&r=g\",\"url\":\"https:\\\/\\\/secure.gravatar.com\\\/avatar\\\/f0c7c47fc7146d19828273b9b8eda651c9c7ab583767e6338d3d3bee825adf76?s=96&d=mm&r=g\",\"contentUrl\":\"https:\\\/\\\/secure.gravatar.com\\\/avatar\\\/f0c7c47fc7146d19828273b9b8eda651c9c7ab583767e6338d3d3bee825adf76?s=96&d=mm&r=g\",\"caption\":\"Diario del Sur Digital\"},\"url\":\"https:\\\/\\\/diariodelsurdigital.com.ar\\\/?author=4\"}]}<\/script>\n<!-- \/ Yoast SEO plugin. -->","yoast_head_json":{"title":"Tras el rev\u00e9s judicial, qu\u00e9 caminos le quedan a la CGT para frenar la reforma laboral - Diario del Sur","robots":{"index":"index","follow":"follow","max-snippet":"max-snippet:-1","max-image-preview":"max-image-preview:large","max-video-preview":"max-video-preview:-1"},"canonical":"https:\/\/diariodelsurdigital.com.ar\/?p=7450","og_locale":"es_ES","og_type":"article","og_title":"Tras el rev\u00e9s judicial, qu\u00e9 caminos le quedan a la CGT para frenar la reforma laboral - Diario del Sur","og_description":"La Justicia dio un primer rev\u00e9s a la estrategia de la Confederaci\u00f3n General del Trabajo (CGT) para frenar el contenido de la reforma laboral. Sin embargo, la batalla judicial reci\u00e9n empieza y desde la central obrera anticiparon cu\u00e1les ser\u00e1n los caminos a tomar para evitar la implementaci\u00f3n de la ley sancionada por el Congreso a [&hellip;]","og_url":"https:\/\/diariodelsurdigital.com.ar\/?p=7450","og_site_name":"Diario del Sur","article_published_time":"2026-03-12T13:40:27+00:00","article_modified_time":"2026-03-12T13:40:28+00:00","og_image":[{"width":992,"height":660,"url":"https:\/\/diariodelsurdigital.com.ar\/wp-content\/uploads\/2026\/03\/md-4.webp","type":"image\/webp"}],"author":"Diario del Sur Digital","twitter_card":"summary_large_image","twitter_misc":{"Escrito por":"Diario del Sur Digital","Tiempo de lectura":"4 minutos"},"schema":{"@context":"https:\/\/schema.org","@graph":[{"@type":"Article","@id":"https:\/\/diariodelsurdigital.com.ar\/?p=7450#article","isPartOf":{"@id":"https:\/\/diariodelsurdigital.com.ar\/?p=7450"},"author":{"name":"Diario del Sur Digital","@id":"https:\/\/diariodelsurdigital.com.ar\/#\/schema\/person\/1a4992532ed62965c968031b49195c81"},"headline":"Tras el rev\u00e9s judicial, qu\u00e9 caminos le quedan a la CGT para frenar la reforma laboral","datePublished":"2026-03-12T13:40:27+00:00","dateModified":"2026-03-12T13:40:28+00:00","mainEntityOfPage":{"@id":"https:\/\/diariodelsurdigital.com.ar\/?p=7450"},"wordCount":847,"commentCount":1,"image":{"@id":"https:\/\/diariodelsurdigital.com.ar\/?p=7450#primaryimage"},"thumbnailUrl":"https:\/\/diariodelsurdigital.com.ar\/wp-content\/uploads\/2026\/03\/md-4.webp","articleSection":["Inter\u00e9s General","Nacionales"],"inLanguage":"es","potentialAction":[{"@type":"CommentAction","name":"Comment","target":["https:\/\/diariodelsurdigital.com.ar\/?p=7450#respond"]}]},{"@type":"WebPage","@id":"https:\/\/diariodelsurdigital.com.ar\/?p=7450","url":"https:\/\/diariodelsurdigital.com.ar\/?p=7450","name":"Tras el rev\u00e9s judicial, qu\u00e9 caminos le quedan a la CGT para frenar la reforma laboral - Diario del Sur","isPartOf":{"@id":"https:\/\/diariodelsurdigital.com.ar\/#website"},"primaryImageOfPage":{"@id":"https:\/\/diariodelsurdigital.com.ar\/?p=7450#primaryimage"},"image":{"@id":"https:\/\/diariodelsurdigital.com.ar\/?p=7450#primaryimage"},"thumbnailUrl":"https:\/\/diariodelsurdigital.com.ar\/wp-content\/uploads\/2026\/03\/md-4.webp","datePublished":"2026-03-12T13:40:27+00:00","dateModified":"2026-03-12T13:40:28+00:00","author":{"@id":"https:\/\/diariodelsurdigital.com.ar\/#\/schema\/person\/1a4992532ed62965c968031b49195c81"},"breadcrumb":{"@id":"https:\/\/diariodelsurdigital.com.ar\/?p=7450#breadcrumb"},"inLanguage":"es","potentialAction":[{"@type":"ReadAction","target":["https:\/\/diariodelsurdigital.com.ar\/?p=7450"]}]},{"@type":"ImageObject","inLanguage":"es","@id":"https:\/\/diariodelsurdigital.com.ar\/?p=7450#primaryimage","url":"https:\/\/diariodelsurdigital.com.ar\/wp-content\/uploads\/2026\/03\/md-4.webp","contentUrl":"https:\/\/diariodelsurdigital.com.ar\/wp-content\/uploads\/2026\/03\/md-4.webp","width":992,"height":660},{"@type":"BreadcrumbList","@id":"https:\/\/diariodelsurdigital.com.ar\/?p=7450#breadcrumb","itemListElement":[{"@type":"ListItem","position":1,"name":"Portada","item":"https:\/\/diariodelsurdigital.com.ar\/"},{"@type":"ListItem","position":2,"name":"Tras el rev\u00e9s judicial, qu\u00e9 caminos le quedan a la CGT para frenar la reforma laboral"}]},{"@type":"WebSite","@id":"https:\/\/diariodelsurdigital.com.ar\/#website","url":"https:\/\/diariodelsurdigital.com.ar\/","name":"Diario del Sur","description":"Digital","potentialAction":[{"@type":"SearchAction","target":{"@type":"EntryPoint","urlTemplate":"https:\/\/diariodelsurdigital.com.ar\/?s={search_term_string}"},"query-input":{"@type":"PropertyValueSpecification","valueRequired":true,"valueName":"search_term_string"}}],"inLanguage":"es"},{"@type":"Person","@id":"https:\/\/diariodelsurdigital.com.ar\/#\/schema\/person\/1a4992532ed62965c968031b49195c81","name":"Diario del Sur Digital","image":{"@type":"ImageObject","inLanguage":"es","@id":"https:\/\/secure.gravatar.com\/avatar\/f0c7c47fc7146d19828273b9b8eda651c9c7ab583767e6338d3d3bee825adf76?s=96&d=mm&r=g","url":"https:\/\/secure.gravatar.com\/avatar\/f0c7c47fc7146d19828273b9b8eda651c9c7ab583767e6338d3d3bee825adf76?s=96&d=mm&r=g","contentUrl":"https:\/\/secure.gravatar.com\/avatar\/f0c7c47fc7146d19828273b9b8eda651c9c7ab583767e6338d3d3bee825adf76?s=96&d=mm&r=g","caption":"Diario del Sur Digital"},"url":"https:\/\/diariodelsurdigital.com.ar\/?author=4"}]}},"_links":{"self":[{"href":"https:\/\/diariodelsurdigital.com.ar\/index.php?rest_route=\/wp\/v2\/posts\/7450","targetHints":{"allow":["GET"]}}],"collection":[{"href":"https:\/\/diariodelsurdigital.com.ar\/index.php?rest_route=\/wp\/v2\/posts"}],"about":[{"href":"https:\/\/diariodelsurdigital.com.ar\/index.php?rest_route=\/wp\/v2\/types\/post"}],"author":[{"embeddable":true,"href":"https:\/\/diariodelsurdigital.com.ar\/index.php?rest_route=\/wp\/v2\/users\/4"}],"replies":[{"embeddable":true,"href":"https:\/\/diariodelsurdigital.com.ar\/index.php?rest_route=%2Fwp%2Fv2%2Fcomments&post=7450"}],"version-history":[{"count":1,"href":"https:\/\/diariodelsurdigital.com.ar\/index.php?rest_route=\/wp\/v2\/posts\/7450\/revisions"}],"predecessor-version":[{"id":7452,"href":"https:\/\/diariodelsurdigital.com.ar\/index.php?rest_route=\/wp\/v2\/posts\/7450\/revisions\/7452"}],"wp:featuredmedia":[{"embeddable":true,"href":"https:\/\/diariodelsurdigital.com.ar\/index.php?rest_route=\/wp\/v2\/media\/7451"}],"wp:attachment":[{"href":"https:\/\/diariodelsurdigital.com.ar\/index.php?rest_route=%2Fwp%2Fv2%2Fmedia&parent=7450"}],"wp:term":[{"taxonomy":"category","embeddable":true,"href":"https:\/\/diariodelsurdigital.com.ar\/index.php?rest_route=%2Fwp%2Fv2%2Fcategories&post=7450"},{"taxonomy":"post_tag","embeddable":true,"href":"https:\/\/diariodelsurdigital.com.ar\/index.php?rest_route=%2Fwp%2Fv2%2Ftags&post=7450"}],"curies":[{"name":"wp","href":"https:\/\/api.w.org\/{rel}","templated":true}]}}