{"id":7456,"date":"2026-03-12T14:26:41","date_gmt":"2026-03-12T17:26:41","guid":{"rendered":"https:\/\/diariodelsurdigital.com.ar\/?p=7456"},"modified":"2026-03-12T14:26:42","modified_gmt":"2026-03-12T17:26:42","slug":"discapacidad-convocan-al-cese-de-actividades-el-13-18-y-19-de-marzo-por-la-falta-de-pagos","status":"publish","type":"post","link":"https:\/\/diariodelsurdigital.com.ar\/?p=7456","title":{"rendered":"Discapacidad: Convocan al cese de actividades el 13, 18 y 19 de marzo por la falta de pagos"},"content":{"rendered":"\n<p><strong>Desde el\u00a0Foro Permanente para la Promoci\u00f3n y la Defensa de los Derechos de las Personas con Discapacidad\u00a0y nuestras organizaciones miembro informamos la grave situaci\u00f3n que atraviesa el sector debido a la falta de pagos por parte de\u00a0PAMI, Incluir Salud y Obras Sociales Nacionales.<\/strong><\/p>\n\n\n\n<figure class=\"wp-block-image\"><img decoding=\"async\" src=\"https:\/\/cdnartic.ar\/qRsMkyuKVfG6M6EmbmegB4k-bVM=\/1500x0\/filters:no_upscale():format(webp):quality(40)\/https:\/\/elheraldocdn.eleco.com.ar\/media\/2026\/03\/discapacidad.jpeg\" alt=\"Discapacidad: Convocan al cese de actividades el 13, 18 y 19 de marzo por la falta de pagos\"\/><\/figure>\n\n\n\n<p>Ante la ausencia de respuestas del Gobierno Nacional, convocamos a un\u00a0cese de actividades los d\u00edas viernes 13, mi\u00e9rcoles 18 y jueves 19 de marzo,\u00a0El cese de actividades implica que prestadores del sector \u2014escuelas, centros de d\u00eda, centros terap\u00e9uticos y transportistas\u2014 no brindar\u00e1n servicios durante esas jornadas, en reclamo por el pago inmediato de las prestaciones adeudadas por parte de PAMI, Incluir Salud y Pensiones No Contributivas.<br>En ese marco, este mi\u00e9rcoles se realiz\u00f3 una\u00a0conferencia de prensa en la Ciudad de Buenos Aires, donde representantes de instituciones, activistas y familiares expusieron el impacto de la situaci\u00f3n.<br>Adriana Salomone, de la Asociaci\u00f3n de Padres DINAD \u2014instituci\u00f3n que brinda servicios escolares, centro de d\u00eda y hogar permanente para personas con discapacidad\u2014 describi\u00f3 con crudeza el escenario actual:<br>\u201cLa situaci\u00f3n es como un tren: la locomotora son el Estado y las obras sociales, que tienen que poner en marcha el motor con los recursos para sostener la asistencia. En el medio est\u00e1n las personas con discapacidad y atr\u00e1s todos los trabajadores: enfermeras, profesionales, docentes, terapeutas. Si quienes tienen que pagar frenan el tren de golpe, todo el sistema se paraliza. Es como ir a 180 kil\u00f3metros por hora y poner el freno de mano: nos matamos todos\u201d.<br>Salomone explic\u00f3 que\u00a0muchas instituciones dependen casi exclusivamente de estos pagos para sostener su funcionamiento:<br>\u201cEn nuestro caso, el 50% de la facturaci\u00f3n corresponde a PAMI y un 30% a Incluir Salud. Ninguno de los dos pag\u00f3 diciembre. Mientras tanto, los trabajadores ya deber\u00edan haber cobrado sus salarios y la instituci\u00f3n tuvo que afrontar sueldos y aguinaldos. Hoy no podemos pagar salarios y los trabajadores tampoco pueden seguir sosteniendo esta situaci\u00f3n\u201d.<br>Tambi\u00e9n advirti\u00f3 sobre el impacto directo en las personas con discapacidad, especialmente en quienes viven en hogares permanentes:<br>\u201cLas escuelas o centros de d\u00eda, en el peor de los casos, pueden cerrar y las personas vuelven a su casa. Pero \u00bfqu\u00e9 pasa con los hogares? Muchas de las personas que viven all\u00ed est\u00e1n judicializadas y no tienen familia. Si no llegan los fondos, la situaci\u00f3n es insostenible\u201d.<br>Por su parte,\u00a0Pablo Molero, coordinador del Foro Permanente, se\u00f1al\u00f3 que\u00a0muchas instituciones no cobran desde octubre o noviembre de 2025, lo que genera una crisis profunda en el sector.<br>\u201cSin ingresos las instituciones no pueden hacer frente a salarios, insumos, alimentaci\u00f3n o servicios b\u00e1sicos. Frente a esto hay un gran silencio de parte de Incluir Salud, PAMI y las pensiones no contributivas\u201d,\u00a0afirm\u00f3.<br>El activista\u00a0Jony De La Silla\u00a0remarc\u00f3 que\u00a0sin prestaciones las personas con discapacidad no pueden sostener su vida cotidiana, mientras que la actriz\u00a0Valentina Bassi, mam\u00e1 de un joven con autismo, advirti\u00f3 que el sistema\u00a0\u201cest\u00e1 asfixiado\u201d\u00a0y cuestion\u00f3 la falta de respuestas estructurales frente a la crisis.<br>Desde el Foro Permanente y las organizaciones que lo integran\u00a0exigimos al Gobierno Nacional y a las obras sociales el pago urgente de las prestaciones, ya que la falta de financiamiento pone en riesgo la continuidad de servicios esenciales para miles de personas con discapacidad en todo el pa\u00eds.<\/p>\n\n\n\n<p>Fuente: El Heraldo<\/p>\n","protected":false},"excerpt":{"rendered":"<p>Desde el\u00a0Foro Permanente para la Promoci\u00f3n y la Defensa de los Derechos de las Personas con Discapacidad\u00a0y nuestras organizaciones miembro informamos la grave situaci\u00f3n que atraviesa el sector debido a la falta de pagos por parte de\u00a0PAMI, Incluir Salud y Obras Sociales Nacionales. Ante la ausencia de respuestas del Gobierno Nacional, convocamos a un\u00a0cese de [&hellip;]<\/p>\n","protected":false},"author":3,"featured_media":7457,"comment_status":"open","ping_status":"open","sticky":false,"template":"","format":"standard","meta":{"footnotes":""},"categories":[19],"tags":[],"class_list":{"0":"post-7456","1":"post","2":"type-post","3":"status-publish","4":"format-standard","5":"has-post-thumbnail","7":"category-interes-general"},"yoast_head":"<!-- This site is optimized with the Yoast SEO plugin v27.4 - https:\/\/yoast.com\/product\/yoast-seo-wordpress\/ -->\n<title>Discapacidad: Convocan al cese de actividades el 13, 18 y 19 de marzo por la falta de pagos - Diario del Sur<\/title>\n<meta name=\"robots\" content=\"index, follow, max-snippet:-1, max-image-preview:large, max-video-preview:-1\" \/>\n<link rel=\"canonical\" href=\"https:\/\/diariodelsurdigital.com.ar\/?p=7456\" \/>\n<meta property=\"og:locale\" content=\"es_ES\" \/>\n<meta property=\"og:type\" content=\"article\" \/>\n<meta property=\"og:title\" content=\"Discapacidad: Convocan al cese de actividades el 13, 18 y 19 de marzo por la falta de pagos - Diario del Sur\" \/>\n<meta property=\"og:description\" content=\"Desde el\u00a0Foro Permanente para la Promoci\u00f3n y la Defensa de los Derechos de las Personas con Discapacidad\u00a0y nuestras organizaciones miembro informamos la grave situaci\u00f3n que atraviesa el sector debido a la falta de pagos por parte de\u00a0PAMI, Incluir Salud y Obras Sociales Nacionales. Ante la ausencia de respuestas del Gobierno Nacional, convocamos a un\u00a0cese de [&hellip;]\" \/>\n<meta property=\"og:url\" content=\"https:\/\/diariodelsurdigital.com.ar\/?p=7456\" \/>\n<meta property=\"og:site_name\" content=\"Diario del Sur\" \/>\n<meta property=\"article:published_time\" content=\"2026-03-12T17:26:41+00:00\" \/>\n<meta property=\"article:modified_time\" content=\"2026-03-12T17:26:42+00:00\" \/>\n<meta property=\"og:image\" content=\"https:\/\/diariodelsurdigital.com.ar\/wp-content\/uploads\/2026\/03\/discapacidad.webp\" \/>\n\t<meta property=\"og:image:width\" content=\"768\" \/>\n\t<meta property=\"og:image:height\" content=\"576\" \/>\n\t<meta property=\"og:image:type\" content=\"image\/webp\" \/>\n<meta name=\"author\" content=\"Diario del Sur Digital\" \/>\n<meta name=\"twitter:card\" content=\"summary_large_image\" \/>\n<meta name=\"twitter:label1\" content=\"Escrito por\" \/>\n\t<meta name=\"twitter:data1\" content=\"Diario del Sur Digital\" \/>\n\t<meta name=\"twitter:label2\" content=\"Tiempo de lectura\" \/>\n\t<meta name=\"twitter:data2\" content=\"3 minutos\" \/>\n<script type=\"application\/ld+json\" class=\"yoast-schema-graph\">{\"@context\":\"https:\\\/\\\/schema.org\",\"@graph\":[{\"@type\":\"Article\",\"@id\":\"https:\\\/\\\/diariodelsurdigital.com.ar\\\/?p=7456#article\",\"isPartOf\":{\"@id\":\"https:\\\/\\\/diariodelsurdigital.com.ar\\\/?p=7456\"},\"author\":{\"name\":\"Diario del Sur Digital\",\"@id\":\"https:\\\/\\\/diariodelsurdigital.com.ar\\\/#\\\/schema\\\/person\\\/d794acb23337e88c6e4004a39c32be62\"},\"headline\":\"Discapacidad: Convocan al cese de actividades el 13, 18 y 19 de marzo por la falta de pagos\",\"datePublished\":\"2026-03-12T17:26:41+00:00\",\"dateModified\":\"2026-03-12T17:26:42+00:00\",\"mainEntityOfPage\":{\"@id\":\"https:\\\/\\\/diariodelsurdigital.com.ar\\\/?p=7456\"},\"wordCount\":591,\"commentCount\":0,\"image\":{\"@id\":\"https:\\\/\\\/diariodelsurdigital.com.ar\\\/?p=7456#primaryimage\"},\"thumbnailUrl\":\"https:\\\/\\\/diariodelsurdigital.com.ar\\\/wp-content\\\/uploads\\\/2026\\\/03\\\/discapacidad.webp\",\"articleSection\":[\"Inter\u00e9s General\"],\"inLanguage\":\"es\",\"potentialAction\":[{\"@type\":\"CommentAction\",\"name\":\"Comment\",\"target\":[\"https:\\\/\\\/diariodelsurdigital.com.ar\\\/?p=7456#respond\"]}]},{\"@type\":\"WebPage\",\"@id\":\"https:\\\/\\\/diariodelsurdigital.com.ar\\\/?p=7456\",\"url\":\"https:\\\/\\\/diariodelsurdigital.com.ar\\\/?p=7456\",\"name\":\"Discapacidad: Convocan al cese de actividades el 13, 18 y 19 de marzo por la falta de pagos - Diario del Sur\",\"isPartOf\":{\"@id\":\"https:\\\/\\\/diariodelsurdigital.com.ar\\\/#website\"},\"primaryImageOfPage\":{\"@id\":\"https:\\\/\\\/diariodelsurdigital.com.ar\\\/?p=7456#primaryimage\"},\"image\":{\"@id\":\"https:\\\/\\\/diariodelsurdigital.com.ar\\\/?p=7456#primaryimage\"},\"thumbnailUrl\":\"https:\\\/\\\/diariodelsurdigital.com.ar\\\/wp-content\\\/uploads\\\/2026\\\/03\\\/discapacidad.webp\",\"datePublished\":\"2026-03-12T17:26:41+00:00\",\"dateModified\":\"2026-03-12T17:26:42+00:00\",\"author\":{\"@id\":\"https:\\\/\\\/diariodelsurdigital.com.ar\\\/#\\\/schema\\\/person\\\/d794acb23337e88c6e4004a39c32be62\"},\"breadcrumb\":{\"@id\":\"https:\\\/\\\/diariodelsurdigital.com.ar\\\/?p=7456#breadcrumb\"},\"inLanguage\":\"es\",\"potentialAction\":[{\"@type\":\"ReadAction\",\"target\":[\"https:\\\/\\\/diariodelsurdigital.com.ar\\\/?p=7456\"]}]},{\"@type\":\"ImageObject\",\"inLanguage\":\"es\",\"@id\":\"https:\\\/\\\/diariodelsurdigital.com.ar\\\/?p=7456#primaryimage\",\"url\":\"https:\\\/\\\/diariodelsurdigital.com.ar\\\/wp-content\\\/uploads\\\/2026\\\/03\\\/discapacidad.webp\",\"contentUrl\":\"https:\\\/\\\/diariodelsurdigital.com.ar\\\/wp-content\\\/uploads\\\/2026\\\/03\\\/discapacidad.webp\",\"width\":768,\"height\":576},{\"@type\":\"BreadcrumbList\",\"@id\":\"https:\\\/\\\/diariodelsurdigital.com.ar\\\/?p=7456#breadcrumb\",\"itemListElement\":[{\"@type\":\"ListItem\",\"position\":1,\"name\":\"Portada\",\"item\":\"https:\\\/\\\/diariodelsurdigital.com.ar\\\/\"},{\"@type\":\"ListItem\",\"position\":2,\"name\":\"Discapacidad: Convocan al cese de actividades el 13, 18 y 19 de marzo por la falta de pagos\"}]},{\"@type\":\"WebSite\",\"@id\":\"https:\\\/\\\/diariodelsurdigital.com.ar\\\/#website\",\"url\":\"https:\\\/\\\/diariodelsurdigital.com.ar\\\/\",\"name\":\"Diario del Sur\",\"description\":\"Digital\",\"potentialAction\":[{\"@type\":\"SearchAction\",\"target\":{\"@type\":\"EntryPoint\",\"urlTemplate\":\"https:\\\/\\\/diariodelsurdigital.com.ar\\\/?s={search_term_string}\"},\"query-input\":{\"@type\":\"PropertyValueSpecification\",\"valueRequired\":true,\"valueName\":\"search_term_string\"}}],\"inLanguage\":\"es\"},{\"@type\":\"Person\",\"@id\":\"https:\\\/\\\/diariodelsurdigital.com.ar\\\/#\\\/schema\\\/person\\\/d794acb23337e88c6e4004a39c32be62\",\"name\":\"Diario del Sur Digital\",\"image\":{\"@type\":\"ImageObject\",\"inLanguage\":\"es\",\"@id\":\"https:\\\/\\\/secure.gravatar.com\\\/avatar\\\/47679bcfa15734cfdefc176b6ad58adeeccac22b2e03e095ada6c622af2b463a?s=96&d=mm&r=g\",\"url\":\"https:\\\/\\\/secure.gravatar.com\\\/avatar\\\/47679bcfa15734cfdefc176b6ad58adeeccac22b2e03e095ada6c622af2b463a?s=96&d=mm&r=g\",\"contentUrl\":\"https:\\\/\\\/secure.gravatar.com\\\/avatar\\\/47679bcfa15734cfdefc176b6ad58adeeccac22b2e03e095ada6c622af2b463a?s=96&d=mm&r=g\",\"caption\":\"Diario del Sur Digital\"},\"url\":\"https:\\\/\\\/diariodelsurdigital.com.ar\\\/?author=3\"}]}<\/script>\n<!-- \/ Yoast SEO plugin. -->","yoast_head_json":{"title":"Discapacidad: Convocan al cese de actividades el 13, 18 y 19 de marzo por la falta de pagos - Diario del Sur","robots":{"index":"index","follow":"follow","max-snippet":"max-snippet:-1","max-image-preview":"max-image-preview:large","max-video-preview":"max-video-preview:-1"},"canonical":"https:\/\/diariodelsurdigital.com.ar\/?p=7456","og_locale":"es_ES","og_type":"article","og_title":"Discapacidad: Convocan al cese de actividades el 13, 18 y 19 de marzo por la falta de pagos - Diario del Sur","og_description":"Desde el\u00a0Foro Permanente para la Promoci\u00f3n y la Defensa de los Derechos de las Personas con Discapacidad\u00a0y nuestras organizaciones miembro informamos la grave situaci\u00f3n que atraviesa el sector debido a la falta de pagos por parte de\u00a0PAMI, Incluir Salud y Obras Sociales Nacionales. Ante la ausencia de respuestas del Gobierno Nacional, convocamos a un\u00a0cese de [&hellip;]","og_url":"https:\/\/diariodelsurdigital.com.ar\/?p=7456","og_site_name":"Diario del Sur","article_published_time":"2026-03-12T17:26:41+00:00","article_modified_time":"2026-03-12T17:26:42+00:00","og_image":[{"width":768,"height":576,"url":"https:\/\/diariodelsurdigital.com.ar\/wp-content\/uploads\/2026\/03\/discapacidad.webp","type":"image\/webp"}],"author":"Diario del Sur Digital","twitter_card":"summary_large_image","twitter_misc":{"Escrito por":"Diario del Sur Digital","Tiempo de lectura":"3 minutos"},"schema":{"@context":"https:\/\/schema.org","@graph":[{"@type":"Article","@id":"https:\/\/diariodelsurdigital.com.ar\/?p=7456#article","isPartOf":{"@id":"https:\/\/diariodelsurdigital.com.ar\/?p=7456"},"author":{"name":"Diario del Sur Digital","@id":"https:\/\/diariodelsurdigital.com.ar\/#\/schema\/person\/d794acb23337e88c6e4004a39c32be62"},"headline":"Discapacidad: Convocan al cese de actividades el 13, 18 y 19 de marzo por la falta de pagos","datePublished":"2026-03-12T17:26:41+00:00","dateModified":"2026-03-12T17:26:42+00:00","mainEntityOfPage":{"@id":"https:\/\/diariodelsurdigital.com.ar\/?p=7456"},"wordCount":591,"commentCount":0,"image":{"@id":"https:\/\/diariodelsurdigital.com.ar\/?p=7456#primaryimage"},"thumbnailUrl":"https:\/\/diariodelsurdigital.com.ar\/wp-content\/uploads\/2026\/03\/discapacidad.webp","articleSection":["Inter\u00e9s General"],"inLanguage":"es","potentialAction":[{"@type":"CommentAction","name":"Comment","target":["https:\/\/diariodelsurdigital.com.ar\/?p=7456#respond"]}]},{"@type":"WebPage","@id":"https:\/\/diariodelsurdigital.com.ar\/?p=7456","url":"https:\/\/diariodelsurdigital.com.ar\/?p=7456","name":"Discapacidad: Convocan al cese de actividades el 13, 18 y 19 de marzo por la falta de pagos - Diario del Sur","isPartOf":{"@id":"https:\/\/diariodelsurdigital.com.ar\/#website"},"primaryImageOfPage":{"@id":"https:\/\/diariodelsurdigital.com.ar\/?p=7456#primaryimage"},"image":{"@id":"https:\/\/diariodelsurdigital.com.ar\/?p=7456#primaryimage"},"thumbnailUrl":"https:\/\/diariodelsurdigital.com.ar\/wp-content\/uploads\/2026\/03\/discapacidad.webp","datePublished":"2026-03-12T17:26:41+00:00","dateModified":"2026-03-12T17:26:42+00:00","author":{"@id":"https:\/\/diariodelsurdigital.com.ar\/#\/schema\/person\/d794acb23337e88c6e4004a39c32be62"},"breadcrumb":{"@id":"https:\/\/diariodelsurdigital.com.ar\/?p=7456#breadcrumb"},"inLanguage":"es","potentialAction":[{"@type":"ReadAction","target":["https:\/\/diariodelsurdigital.com.ar\/?p=7456"]}]},{"@type":"ImageObject","inLanguage":"es","@id":"https:\/\/diariodelsurdigital.com.ar\/?p=7456#primaryimage","url":"https:\/\/diariodelsurdigital.com.ar\/wp-content\/uploads\/2026\/03\/discapacidad.webp","contentUrl":"https:\/\/diariodelsurdigital.com.ar\/wp-content\/uploads\/2026\/03\/discapacidad.webp","width":768,"height":576},{"@type":"BreadcrumbList","@id":"https:\/\/diariodelsurdigital.com.ar\/?p=7456#breadcrumb","itemListElement":[{"@type":"ListItem","position":1,"name":"Portada","item":"https:\/\/diariodelsurdigital.com.ar\/"},{"@type":"ListItem","position":2,"name":"Discapacidad: Convocan al cese de actividades el 13, 18 y 19 de marzo por la falta de pagos"}]},{"@type":"WebSite","@id":"https:\/\/diariodelsurdigital.com.ar\/#website","url":"https:\/\/diariodelsurdigital.com.ar\/","name":"Diario del Sur","description":"Digital","potentialAction":[{"@type":"SearchAction","target":{"@type":"EntryPoint","urlTemplate":"https:\/\/diariodelsurdigital.com.ar\/?s={search_term_string}"},"query-input":{"@type":"PropertyValueSpecification","valueRequired":true,"valueName":"search_term_string"}}],"inLanguage":"es"},{"@type":"Person","@id":"https:\/\/diariodelsurdigital.com.ar\/#\/schema\/person\/d794acb23337e88c6e4004a39c32be62","name":"Diario del Sur Digital","image":{"@type":"ImageObject","inLanguage":"es","@id":"https:\/\/secure.gravatar.com\/avatar\/47679bcfa15734cfdefc176b6ad58adeeccac22b2e03e095ada6c622af2b463a?s=96&d=mm&r=g","url":"https:\/\/secure.gravatar.com\/avatar\/47679bcfa15734cfdefc176b6ad58adeeccac22b2e03e095ada6c622af2b463a?s=96&d=mm&r=g","contentUrl":"https:\/\/secure.gravatar.com\/avatar\/47679bcfa15734cfdefc176b6ad58adeeccac22b2e03e095ada6c622af2b463a?s=96&d=mm&r=g","caption":"Diario del Sur Digital"},"url":"https:\/\/diariodelsurdigital.com.ar\/?author=3"}]}},"_links":{"self":[{"href":"https:\/\/diariodelsurdigital.com.ar\/index.php?rest_route=\/wp\/v2\/posts\/7456","targetHints":{"allow":["GET"]}}],"collection":[{"href":"https:\/\/diariodelsurdigital.com.ar\/index.php?rest_route=\/wp\/v2\/posts"}],"about":[{"href":"https:\/\/diariodelsurdigital.com.ar\/index.php?rest_route=\/wp\/v2\/types\/post"}],"author":[{"embeddable":true,"href":"https:\/\/diariodelsurdigital.com.ar\/index.php?rest_route=\/wp\/v2\/users\/3"}],"replies":[{"embeddable":true,"href":"https:\/\/diariodelsurdigital.com.ar\/index.php?rest_route=%2Fwp%2Fv2%2Fcomments&post=7456"}],"version-history":[{"count":1,"href":"https:\/\/diariodelsurdigital.com.ar\/index.php?rest_route=\/wp\/v2\/posts\/7456\/revisions"}],"predecessor-version":[{"id":7458,"href":"https:\/\/diariodelsurdigital.com.ar\/index.php?rest_route=\/wp\/v2\/posts\/7456\/revisions\/7458"}],"wp:featuredmedia":[{"embeddable":true,"href":"https:\/\/diariodelsurdigital.com.ar\/index.php?rest_route=\/wp\/v2\/media\/7457"}],"wp:attachment":[{"href":"https:\/\/diariodelsurdigital.com.ar\/index.php?rest_route=%2Fwp%2Fv2%2Fmedia&parent=7456"}],"wp:term":[{"taxonomy":"category","embeddable":true,"href":"https:\/\/diariodelsurdigital.com.ar\/index.php?rest_route=%2Fwp%2Fv2%2Fcategories&post=7456"},{"taxonomy":"post_tag","embeddable":true,"href":"https:\/\/diariodelsurdigital.com.ar\/index.php?rest_route=%2Fwp%2Fv2%2Ftags&post=7456"}],"curies":[{"name":"wp","href":"https:\/\/api.w.org\/{rel}","templated":true}]}}