{"id":7463,"date":"2026-03-13T14:52:44","date_gmt":"2026-03-13T17:52:44","guid":{"rendered":"https:\/\/diariodelsurdigital.com.ar\/?p=7463"},"modified":"2026-03-13T14:52:45","modified_gmt":"2026-03-13T17:52:45","slug":"karina-milei-ordeno-cerrar-filas-tras-adorni-ante-la-incontrolable-escalada-del-escandalo-por-el-viaje-de-su-esposa","status":"publish","type":"post","link":"https:\/\/diariodelsurdigital.com.ar\/?p=7463","title":{"rendered":"Karina Milei orden\u00f3 cerrar filas tras Adorni ante la incontrolable escalada del esc\u00e1ndalo por el viaje de su esposa"},"content":{"rendered":"\n<p>En medio del esc\u00e1ndalo por el viaje de su esposa en el avi\u00f3n presidencial, el jefe de Gabinete qued\u00f3 bajo el fuego interno del Gobierno y la herman\u00edsima orden\u00f3 un giro dr\u00e1stico en la estrategia oficial: pas\u00f3 del control de da\u00f1os a forzar un cierre de filas del gabinete, incluido el propio presidente.<\/p>\n\n\n\n<p><\/p>\n\n\n\n<p>Karina Milei, la secretaria general de la Presidencia y due\u00f1a del Gobierno, orden\u00f3 este jueves sobre la marcha cambiar la pol\u00edtica sobre c\u00f3mo enfrentar el esc\u00e1ndalo del que fue protagonista el jefe de Gabinete, Manuel Adorni, al subir indebidamente a su esposa Bettina Angeletti al avi\u00f3n presidencial que viaj\u00f3 a Estados Unidos y pas\u00f3 de ordenar una pol\u00edtica de control de da\u00f1os a encolumnar a todo el gabinete nacional -incluido el jefe de Estado Javier Milei, para cerrar filas y apoyar al cuestionado exvocero presidencial.<\/p>\n\n\n\n<p>A su vez, Karina Milei, seg\u00fan precis\u00f3 el portal de noticias legislativas Parlamentario, le orden\u00f3 a Adorni hacer un tard\u00edo descargo -muy tibio por cierto- sobre sus breves e ins\u00f3litas declaraciones al periodista Eduardo Feinmann en A24, cuando dijo que fue cinco d\u00edas a Nueva York a \u201cdeslomarse\u201d, palabras que causaron alto impacto negativo en toda la sociedad y especialmente en la conversaci\u00f3n digital, donde siempre el Gobierno libertario tiene primac\u00eda.<\/p>\n\n\n\n<p>Como siempre ocurre \u00faltimamente, el Gobierno libertario sali\u00f3 a afirmar que esto era parte de una operaci\u00f3n medi\u00e1tica del kirchnerismo en su contra, aunque en su tuit de descargo de este jueves Adorni expres\u00f3 que, en realidad, no debi\u00f3 haber utilizado la palabra \u201cdeslomarse\u201d.<\/p>\n\n\n\n<p>En la red social X, Adorni reconoci\u00f3 que hab\u00eda sido una frase \u201cdesafortunada\u201d y se\u00f1al\u00f3 que es \u201chumano\u201d y que \u201cerrar es humano\u201d.<\/p>\n\n\n\n<p>De esa forma intent\u00f3 desviar el foco del principal problema de sus declaraciones a Feinmann, en el sentido de que su esposa no debi\u00f3 haber viajado a los Estados Unidos en el avi\u00f3n presidencial, debido<\/p>\n\n\n\n<p>justamente a un protocolo especial del gobierno de La Libertad Avanza, y adem\u00e1s cre\u00f3 un mal ambiente en el seno del gabinete nacional al decir que hab\u00eda otras mujeres que tambi\u00e9n hab\u00edan si incluidas en ese ahora pol\u00e9mico vuelo.<\/p>\n\n\n\n<p>Es que al parecer tambi\u00e9n viaj\u00f3 la esposa del canciller Pablo Quirno a Estados Unidos y, seg\u00fan la exdiputada oficialista -hoy opositora- Marcela Pagano, tambi\u00e9n viajaron \u201camigas\u201d en ese vuelo presidencial, lo cual est\u00e1 siendo investigado.<\/p>\n\n\n\n<p>Karina Milei nunca pens\u00f3 que el desaguisado de Adorni iba a generar tanta repercusi\u00f3n en el mundo period\u00edstico y medi\u00e1tico digital, y por eso orden\u00f3 al \u00e1rea de comunicaci\u00f3n de la Casa Rosada que difundiese varias reuniones del jefe de Gabinete con gobernadores y otras actividades en Nueva York, como para demostrar que se estaba \u201cdeslomando\u201d en Manhattan.<\/p>\n\n\n\n<p>Pero este jueves por la tarde, tras advertir que el esc\u00e1ndalo tiene m\u00e1s repercusi\u00f3n negativa que las primeras especulaciones que hicieron, revirti\u00f3 su decisi\u00f3n inicial y puso a Milei, a parte del gabinete y a las espadas parlamentarias Mart\u00edn Menem y Patricia Bullrich a defender la \u201cintegridad\u201d de Adorni, cuando en realidad lo que se cuestiona no es su moral, sino que subi\u00f3 indebidamente a su esposa al avi\u00f3n presidencial.<\/p>\n\n\n\n<p>A esas denuncias contra Adorni se le sum\u00f3 otra de la diputada Pagano por presunto enriquecimiento il\u00edcito al advertir la legisladora que, seg\u00fan el periodista amigo con el que Adorni viaj\u00f3 a Punta del Este, Marcelo Grandio, el funcionario pag\u00f3 de su bolsillo el ida y vuelta en un avi\u00f3n privado a Uruguay en los d\u00edas del carnaval pasado, con lo cual se investigar\u00e1 su declaraci\u00f3n jurada patrimonial para determinar si es posible que Adorni pagase de su propio peculio semejante gasto.<\/p>\n\n\n\n<p>Lo cierto es que pese a que Karina logr\u00f3 encolumnar al jefe del Estado y a parte del Gabinete nacional, puertas para adentro hay mucho malestar con el jefe de Gabinete y tendr\u00e1 que pagar la factura de haberse cre\u00eddo que Feinmann le iba a hacer una entrevista condescendiente y subestimar el tema con sus respuestas ins\u00f3litas.<\/p>\n\n\n\n<p>Seg\u00fan la Casa Rosada, el traspi\u00e9 de Adorni arruin\u00f3 la buena imagen internacional que buscaron con el evento de promoci\u00f3n de la Argentina en Nueva York (Argentina Week), que incluy\u00f3 a empresarios y gobernadores aliados.<\/p>\n\n\n\n<p>Y lo que es peor, haber \u201cbotoneado\u201d que hubo otras mujeres allegadas a funcionarios que viajaron tambi\u00e9n en la comitiva, circunstancia que tambi\u00e9n destac\u00f3 Pagano.<\/p>\n\n\n\n<p>A la vuelta de Karina al pa\u00eds, con su entorno evaluar\u00e1 las consecuencias del esc\u00e1ndalo y habr\u00e1 que ver tambi\u00e9n las derivaciones en el Congreso y la justicia, dijeron fuentes oficiales a parlamentario.com.<\/p>\n\n\n\n<p>Por eso, en el \u00e1rea de toma de decisiones de la Casa Rosada prefirieron tratar de evitar que siga la escalada medi\u00e1tica y luego analizar el futuro de Adorni, tanto al frente de la Jefatura de Gabinete como sus ahora disminuidas posibilidades electorales el a\u00f1o pr\u00f3ximo en la Ciudad de Buenos Aires, en la que pretende ser rival del alcalde Jorge Macri. (<\/p>\n","protected":false},"excerpt":{"rendered":"<p>En medio del esc\u00e1ndalo por el viaje de su esposa en el avi\u00f3n presidencial, el jefe de Gabinete qued\u00f3 bajo el fuego interno del Gobierno y la herman\u00edsima orden\u00f3 un giro dr\u00e1stico en la estrategia oficial: pas\u00f3 del control de da\u00f1os a forzar un cierre de filas del gabinete, incluido el propio presidente. Karina Milei, [&hellip;]<\/p>\n","protected":false},"author":4,"featured_media":7464,"comment_status":"open","ping_status":"open","sticky":false,"template":"","format":"standard","meta":{"footnotes":""},"categories":[18,22],"tags":[],"class_list":{"0":"post-7463","1":"post","2":"type-post","3":"status-publish","4":"format-standard","5":"has-post-thumbnail","7":"category-nacionales","8":"category-politica"},"yoast_head":"<!-- This site is optimized with the Yoast SEO plugin v27.4 - https:\/\/yoast.com\/product\/yoast-seo-wordpress\/ -->\n<title>Karina Milei orden\u00f3 cerrar filas tras Adorni ante la incontrolable escalada del esc\u00e1ndalo por el viaje de su esposa - Diario del Sur<\/title>\n<meta name=\"robots\" content=\"index, follow, max-snippet:-1, max-image-preview:large, max-video-preview:-1\" \/>\n<link rel=\"canonical\" href=\"https:\/\/diariodelsurdigital.com.ar\/?p=7463\" \/>\n<meta property=\"og:locale\" content=\"es_ES\" \/>\n<meta property=\"og:type\" content=\"article\" \/>\n<meta property=\"og:title\" content=\"Karina Milei orden\u00f3 cerrar filas tras Adorni ante la incontrolable escalada del esc\u00e1ndalo por el viaje de su esposa - Diario del Sur\" \/>\n<meta property=\"og:description\" content=\"En medio del esc\u00e1ndalo por el viaje de su esposa en el avi\u00f3n presidencial, el jefe de Gabinete qued\u00f3 bajo el fuego interno del Gobierno y la herman\u00edsima orden\u00f3 un giro dr\u00e1stico en la estrategia oficial: pas\u00f3 del control de da\u00f1os a forzar un cierre de filas del gabinete, incluido el propio presidente. Karina Milei, [&hellip;]\" \/>\n<meta property=\"og:url\" content=\"https:\/\/diariodelsurdigital.com.ar\/?p=7463\" \/>\n<meta property=\"og:site_name\" content=\"Diario del Sur\" \/>\n<meta property=\"article:published_time\" content=\"2026-03-13T17:52:44+00:00\" \/>\n<meta property=\"article:modified_time\" content=\"2026-03-13T17:52:45+00:00\" \/>\n<meta property=\"og:image\" content=\"https:\/\/diariodelsurdigital.com.ar\/wp-content\/uploads\/2026\/03\/md-5.webp\" \/>\n\t<meta property=\"og:image:width\" content=\"992\" \/>\n\t<meta property=\"og:image:height\" content=\"557\" \/>\n\t<meta property=\"og:image:type\" content=\"image\/webp\" \/>\n<meta name=\"author\" content=\"Diario del Sur Digital\" \/>\n<meta name=\"twitter:card\" content=\"summary_large_image\" \/>\n<meta name=\"twitter:label1\" content=\"Escrito por\" \/>\n\t<meta name=\"twitter:data1\" content=\"Diario del Sur Digital\" \/>\n\t<meta name=\"twitter:label2\" content=\"Tiempo de lectura\" \/>\n\t<meta name=\"twitter:data2\" content=\"4 minutos\" \/>\n<script type=\"application\/ld+json\" class=\"yoast-schema-graph\">{\"@context\":\"https:\\\/\\\/schema.org\",\"@graph\":[{\"@type\":\"Article\",\"@id\":\"https:\\\/\\\/diariodelsurdigital.com.ar\\\/?p=7463#article\",\"isPartOf\":{\"@id\":\"https:\\\/\\\/diariodelsurdigital.com.ar\\\/?p=7463\"},\"author\":{\"name\":\"Diario del Sur Digital\",\"@id\":\"https:\\\/\\\/diariodelsurdigital.com.ar\\\/#\\\/schema\\\/person\\\/1a4992532ed62965c968031b49195c81\"},\"headline\":\"Karina Milei orden\u00f3 cerrar filas tras Adorni ante la incontrolable escalada del esc\u00e1ndalo por el viaje de su esposa\",\"datePublished\":\"2026-03-13T17:52:44+00:00\",\"dateModified\":\"2026-03-13T17:52:45+00:00\",\"mainEntityOfPage\":{\"@id\":\"https:\\\/\\\/diariodelsurdigital.com.ar\\\/?p=7463\"},\"wordCount\":887,\"commentCount\":0,\"image\":{\"@id\":\"https:\\\/\\\/diariodelsurdigital.com.ar\\\/?p=7463#primaryimage\"},\"thumbnailUrl\":\"https:\\\/\\\/diariodelsurdigital.com.ar\\\/wp-content\\\/uploads\\\/2026\\\/03\\\/md-5.webp\",\"articleSection\":[\"Nacionales\",\"Pol\u00edtica\"],\"inLanguage\":\"es\",\"potentialAction\":[{\"@type\":\"CommentAction\",\"name\":\"Comment\",\"target\":[\"https:\\\/\\\/diariodelsurdigital.com.ar\\\/?p=7463#respond\"]}]},{\"@type\":\"WebPage\",\"@id\":\"https:\\\/\\\/diariodelsurdigital.com.ar\\\/?p=7463\",\"url\":\"https:\\\/\\\/diariodelsurdigital.com.ar\\\/?p=7463\",\"name\":\"Karina Milei orden\u00f3 cerrar filas tras Adorni ante la incontrolable escalada del esc\u00e1ndalo por el viaje de su esposa - Diario del Sur\",\"isPartOf\":{\"@id\":\"https:\\\/\\\/diariodelsurdigital.com.ar\\\/#website\"},\"primaryImageOfPage\":{\"@id\":\"https:\\\/\\\/diariodelsurdigital.com.ar\\\/?p=7463#primaryimage\"},\"image\":{\"@id\":\"https:\\\/\\\/diariodelsurdigital.com.ar\\\/?p=7463#primaryimage\"},\"thumbnailUrl\":\"https:\\\/\\\/diariodelsurdigital.com.ar\\\/wp-content\\\/uploads\\\/2026\\\/03\\\/md-5.webp\",\"datePublished\":\"2026-03-13T17:52:44+00:00\",\"dateModified\":\"2026-03-13T17:52:45+00:00\",\"author\":{\"@id\":\"https:\\\/\\\/diariodelsurdigital.com.ar\\\/#\\\/schema\\\/person\\\/1a4992532ed62965c968031b49195c81\"},\"breadcrumb\":{\"@id\":\"https:\\\/\\\/diariodelsurdigital.com.ar\\\/?p=7463#breadcrumb\"},\"inLanguage\":\"es\",\"potentialAction\":[{\"@type\":\"ReadAction\",\"target\":[\"https:\\\/\\\/diariodelsurdigital.com.ar\\\/?p=7463\"]}]},{\"@type\":\"ImageObject\",\"inLanguage\":\"es\",\"@id\":\"https:\\\/\\\/diariodelsurdigital.com.ar\\\/?p=7463#primaryimage\",\"url\":\"https:\\\/\\\/diariodelsurdigital.com.ar\\\/wp-content\\\/uploads\\\/2026\\\/03\\\/md-5.webp\",\"contentUrl\":\"https:\\\/\\\/diariodelsurdigital.com.ar\\\/wp-content\\\/uploads\\\/2026\\\/03\\\/md-5.webp\",\"width\":992,\"height\":557},{\"@type\":\"BreadcrumbList\",\"@id\":\"https:\\\/\\\/diariodelsurdigital.com.ar\\\/?p=7463#breadcrumb\",\"itemListElement\":[{\"@type\":\"ListItem\",\"position\":1,\"name\":\"Portada\",\"item\":\"https:\\\/\\\/diariodelsurdigital.com.ar\\\/\"},{\"@type\":\"ListItem\",\"position\":2,\"name\":\"Karina Milei orden\u00f3 cerrar filas tras Adorni ante la incontrolable escalada del esc\u00e1ndalo por el viaje de su esposa\"}]},{\"@type\":\"WebSite\",\"@id\":\"https:\\\/\\\/diariodelsurdigital.com.ar\\\/#website\",\"url\":\"https:\\\/\\\/diariodelsurdigital.com.ar\\\/\",\"name\":\"Diario del Sur\",\"description\":\"Digital\",\"potentialAction\":[{\"@type\":\"SearchAction\",\"target\":{\"@type\":\"EntryPoint\",\"urlTemplate\":\"https:\\\/\\\/diariodelsurdigital.com.ar\\\/?s={search_term_string}\"},\"query-input\":{\"@type\":\"PropertyValueSpecification\",\"valueRequired\":true,\"valueName\":\"search_term_string\"}}],\"inLanguage\":\"es\"},{\"@type\":\"Person\",\"@id\":\"https:\\\/\\\/diariodelsurdigital.com.ar\\\/#\\\/schema\\\/person\\\/1a4992532ed62965c968031b49195c81\",\"name\":\"Diario del Sur Digital\",\"image\":{\"@type\":\"ImageObject\",\"inLanguage\":\"es\",\"@id\":\"https:\\\/\\\/secure.gravatar.com\\\/avatar\\\/f0c7c47fc7146d19828273b9b8eda651c9c7ab583767e6338d3d3bee825adf76?s=96&d=mm&r=g\",\"url\":\"https:\\\/\\\/secure.gravatar.com\\\/avatar\\\/f0c7c47fc7146d19828273b9b8eda651c9c7ab583767e6338d3d3bee825adf76?s=96&d=mm&r=g\",\"contentUrl\":\"https:\\\/\\\/secure.gravatar.com\\\/avatar\\\/f0c7c47fc7146d19828273b9b8eda651c9c7ab583767e6338d3d3bee825adf76?s=96&d=mm&r=g\",\"caption\":\"Diario del Sur Digital\"},\"url\":\"https:\\\/\\\/diariodelsurdigital.com.ar\\\/?author=4\"}]}<\/script>\n<!-- \/ Yoast SEO plugin. -->","yoast_head_json":{"title":"Karina Milei orden\u00f3 cerrar filas tras Adorni ante la incontrolable escalada del esc\u00e1ndalo por el viaje de su esposa - Diario del Sur","robots":{"index":"index","follow":"follow","max-snippet":"max-snippet:-1","max-image-preview":"max-image-preview:large","max-video-preview":"max-video-preview:-1"},"canonical":"https:\/\/diariodelsurdigital.com.ar\/?p=7463","og_locale":"es_ES","og_type":"article","og_title":"Karina Milei orden\u00f3 cerrar filas tras Adorni ante la incontrolable escalada del esc\u00e1ndalo por el viaje de su esposa - Diario del Sur","og_description":"En medio del esc\u00e1ndalo por el viaje de su esposa en el avi\u00f3n presidencial, el jefe de Gabinete qued\u00f3 bajo el fuego interno del Gobierno y la herman\u00edsima orden\u00f3 un giro dr\u00e1stico en la estrategia oficial: pas\u00f3 del control de da\u00f1os a forzar un cierre de filas del gabinete, incluido el propio presidente. Karina Milei, [&hellip;]","og_url":"https:\/\/diariodelsurdigital.com.ar\/?p=7463","og_site_name":"Diario del Sur","article_published_time":"2026-03-13T17:52:44+00:00","article_modified_time":"2026-03-13T17:52:45+00:00","og_image":[{"width":992,"height":557,"url":"https:\/\/diariodelsurdigital.com.ar\/wp-content\/uploads\/2026\/03\/md-5.webp","type":"image\/webp"}],"author":"Diario del Sur Digital","twitter_card":"summary_large_image","twitter_misc":{"Escrito por":"Diario del Sur Digital","Tiempo de lectura":"4 minutos"},"schema":{"@context":"https:\/\/schema.org","@graph":[{"@type":"Article","@id":"https:\/\/diariodelsurdigital.com.ar\/?p=7463#article","isPartOf":{"@id":"https:\/\/diariodelsurdigital.com.ar\/?p=7463"},"author":{"name":"Diario del Sur Digital","@id":"https:\/\/diariodelsurdigital.com.ar\/#\/schema\/person\/1a4992532ed62965c968031b49195c81"},"headline":"Karina Milei orden\u00f3 cerrar filas tras Adorni ante la incontrolable escalada del esc\u00e1ndalo por el viaje de su esposa","datePublished":"2026-03-13T17:52:44+00:00","dateModified":"2026-03-13T17:52:45+00:00","mainEntityOfPage":{"@id":"https:\/\/diariodelsurdigital.com.ar\/?p=7463"},"wordCount":887,"commentCount":0,"image":{"@id":"https:\/\/diariodelsurdigital.com.ar\/?p=7463#primaryimage"},"thumbnailUrl":"https:\/\/diariodelsurdigital.com.ar\/wp-content\/uploads\/2026\/03\/md-5.webp","articleSection":["Nacionales","Pol\u00edtica"],"inLanguage":"es","potentialAction":[{"@type":"CommentAction","name":"Comment","target":["https:\/\/diariodelsurdigital.com.ar\/?p=7463#respond"]}]},{"@type":"WebPage","@id":"https:\/\/diariodelsurdigital.com.ar\/?p=7463","url":"https:\/\/diariodelsurdigital.com.ar\/?p=7463","name":"Karina Milei orden\u00f3 cerrar filas tras Adorni ante la incontrolable escalada del esc\u00e1ndalo por el viaje de su esposa - Diario del Sur","isPartOf":{"@id":"https:\/\/diariodelsurdigital.com.ar\/#website"},"primaryImageOfPage":{"@id":"https:\/\/diariodelsurdigital.com.ar\/?p=7463#primaryimage"},"image":{"@id":"https:\/\/diariodelsurdigital.com.ar\/?p=7463#primaryimage"},"thumbnailUrl":"https:\/\/diariodelsurdigital.com.ar\/wp-content\/uploads\/2026\/03\/md-5.webp","datePublished":"2026-03-13T17:52:44+00:00","dateModified":"2026-03-13T17:52:45+00:00","author":{"@id":"https:\/\/diariodelsurdigital.com.ar\/#\/schema\/person\/1a4992532ed62965c968031b49195c81"},"breadcrumb":{"@id":"https:\/\/diariodelsurdigital.com.ar\/?p=7463#breadcrumb"},"inLanguage":"es","potentialAction":[{"@type":"ReadAction","target":["https:\/\/diariodelsurdigital.com.ar\/?p=7463"]}]},{"@type":"ImageObject","inLanguage":"es","@id":"https:\/\/diariodelsurdigital.com.ar\/?p=7463#primaryimage","url":"https:\/\/diariodelsurdigital.com.ar\/wp-content\/uploads\/2026\/03\/md-5.webp","contentUrl":"https:\/\/diariodelsurdigital.com.ar\/wp-content\/uploads\/2026\/03\/md-5.webp","width":992,"height":557},{"@type":"BreadcrumbList","@id":"https:\/\/diariodelsurdigital.com.ar\/?p=7463#breadcrumb","itemListElement":[{"@type":"ListItem","position":1,"name":"Portada","item":"https:\/\/diariodelsurdigital.com.ar\/"},{"@type":"ListItem","position":2,"name":"Karina Milei orden\u00f3 cerrar filas tras Adorni ante la incontrolable escalada del esc\u00e1ndalo por el viaje de su esposa"}]},{"@type":"WebSite","@id":"https:\/\/diariodelsurdigital.com.ar\/#website","url":"https:\/\/diariodelsurdigital.com.ar\/","name":"Diario del Sur","description":"Digital","potentialAction":[{"@type":"SearchAction","target":{"@type":"EntryPoint","urlTemplate":"https:\/\/diariodelsurdigital.com.ar\/?s={search_term_string}"},"query-input":{"@type":"PropertyValueSpecification","valueRequired":true,"valueName":"search_term_string"}}],"inLanguage":"es"},{"@type":"Person","@id":"https:\/\/diariodelsurdigital.com.ar\/#\/schema\/person\/1a4992532ed62965c968031b49195c81","name":"Diario del Sur Digital","image":{"@type":"ImageObject","inLanguage":"es","@id":"https:\/\/secure.gravatar.com\/avatar\/f0c7c47fc7146d19828273b9b8eda651c9c7ab583767e6338d3d3bee825adf76?s=96&d=mm&r=g","url":"https:\/\/secure.gravatar.com\/avatar\/f0c7c47fc7146d19828273b9b8eda651c9c7ab583767e6338d3d3bee825adf76?s=96&d=mm&r=g","contentUrl":"https:\/\/secure.gravatar.com\/avatar\/f0c7c47fc7146d19828273b9b8eda651c9c7ab583767e6338d3d3bee825adf76?s=96&d=mm&r=g","caption":"Diario del Sur Digital"},"url":"https:\/\/diariodelsurdigital.com.ar\/?author=4"}]}},"_links":{"self":[{"href":"https:\/\/diariodelsurdigital.com.ar\/index.php?rest_route=\/wp\/v2\/posts\/7463","targetHints":{"allow":["GET"]}}],"collection":[{"href":"https:\/\/diariodelsurdigital.com.ar\/index.php?rest_route=\/wp\/v2\/posts"}],"about":[{"href":"https:\/\/diariodelsurdigital.com.ar\/index.php?rest_route=\/wp\/v2\/types\/post"}],"author":[{"embeddable":true,"href":"https:\/\/diariodelsurdigital.com.ar\/index.php?rest_route=\/wp\/v2\/users\/4"}],"replies":[{"embeddable":true,"href":"https:\/\/diariodelsurdigital.com.ar\/index.php?rest_route=%2Fwp%2Fv2%2Fcomments&post=7463"}],"version-history":[{"count":1,"href":"https:\/\/diariodelsurdigital.com.ar\/index.php?rest_route=\/wp\/v2\/posts\/7463\/revisions"}],"predecessor-version":[{"id":7465,"href":"https:\/\/diariodelsurdigital.com.ar\/index.php?rest_route=\/wp\/v2\/posts\/7463\/revisions\/7465"}],"wp:featuredmedia":[{"embeddable":true,"href":"https:\/\/diariodelsurdigital.com.ar\/index.php?rest_route=\/wp\/v2\/media\/7464"}],"wp:attachment":[{"href":"https:\/\/diariodelsurdigital.com.ar\/index.php?rest_route=%2Fwp%2Fv2%2Fmedia&parent=7463"}],"wp:term":[{"taxonomy":"category","embeddable":true,"href":"https:\/\/diariodelsurdigital.com.ar\/index.php?rest_route=%2Fwp%2Fv2%2Fcategories&post=7463"},{"taxonomy":"post_tag","embeddable":true,"href":"https:\/\/diariodelsurdigital.com.ar\/index.php?rest_route=%2Fwp%2Fv2%2Ftags&post=7463"}],"curies":[{"name":"wp","href":"https:\/\/api.w.org\/{rel}","templated":true}]}}