{"id":7468,"date":"2026-03-13T14:58:00","date_gmt":"2026-03-13T17:58:00","guid":{"rendered":"https:\/\/diariodelsurdigital.com.ar\/?p=7468"},"modified":"2026-03-13T14:58:01","modified_gmt":"2026-03-13T17:58:01","slug":"toto-caputo-pisa-fondos-al-pami-y-la-atencion-a-jubilados-entra-en-emergencia","status":"publish","type":"post","link":"https:\/\/diariodelsurdigital.com.ar\/?p=7468","title":{"rendered":"Toto Caputo pisa fondos al PAMI y la atenci\u00f3n a jubilados entra en emergencia"},"content":{"rendered":"\n<p>El ajuste fiscal que impulsa el ministro de Econom\u00eda, Toto Caputo, impacta de lleno en el PAMI. La obra social de los jubilados acumula hasta dos meses de atraso en pagos a farmacias y prestadores de salud del pa\u00eds, lo que ya provoca faltantes de medicamentos, suspensi\u00f3n de servicios m\u00e9dicos y tensi\u00f3n creciente entre proveedores del sistema sanitario.<\/p>\n\n\n\n<p><\/p>\n\n\n\n<p>Seg\u00fan datos del sector farmac\u00e9utico, el organismo mantiene una deuda cercana a los $25.000 millones con farmacias de todo el pa\u00eds. En muchos casos, los atrasos impiden reponer medicamentos para jubilados e incluso pagar salarios al personal.<\/p>\n\n\n\n<p>Desde el propio organismo, seg\u00fan afirman prestadores que reclaman los pagos, la explicaci\u00f3n es siempre la misma: el Ministerio de Econom\u00eda no libera los fondos necesarios para cancelar las obligaciones.<\/p>\n\n\n\n<p>El problema excede al sector farmac\u00e9utico. La mora alcanza tambi\u00e9n a m\u00e9dicos, cl\u00ednicas, sanatorios, instituciones geri\u00e1tricas, proveedores de productos ortop\u00e9dicos, \u00f3pticas, centros que albergan personas con discapacidad y profesionales de distintas \u00e1reas de la salud. Los principales afectados son los m\u00e1s de cinco millones de personas afiliadas que dependen del PAMI.<\/p>\n\n\n\n<p>A la deuda se suma otro foco de conflicto: prestadores denuncian que el sistema inform\u00e1tico del PAMI limita las prestaciones que puede realizar cada m\u00e9dico. Seg\u00fan explican, se trata de cupos encubiertos que restringen estudios y consultas, incluso cuando el paciente se presenta con una orden ya autorizada.<\/p>\n\n\n\n<p>Toto Caputo acrecienta la deuda<\/p>\n\n\n\n<p>El PAMI acumula una deuda de $12.500 millones con unas 1500 farmacias del Colegio de Farmac\u00e9uticos de C\u00f3rdoba. Se trata de cuatro vencimientos pendientes y esta semana se sumar\u00e1n otros $8000 millones.<\/p>\n\n\n\n<p>\u201cNo sabemos cu\u00e1nto ni cu\u00e1ndo nos van a pagar. El PAMI incumpli\u00f3 unilateralmente el contrato que firm\u00f3 el a\u00f1o pasado, donde se comprometi\u00f3 a pagar con una frecuencia semanal, algo que nos permit\u00eda cumplir con los plazos que nos otorgan las droguer\u00edas\u201d, dijo a Letra P Germ\u00e1n Daniele, presidente del Colegio de Farmac\u00e9uticos cordob\u00e9s.<\/p>\n\n\n\n<p>En la provincia de Buenos Aires la situaci\u00f3n tambi\u00e9n es cr\u00edtica. \u201cS\u00f3lo a las farmacias bonaerenses el PAMI les debe unos $5000 millones\u201d, explic\u00f3 a este medio una fuente del Colegio de Farmac\u00e9uticos bonaerense.<\/p>\n\n\n\n<p>Las farmacias deben pagar los medicamentos a las droguer\u00edas cada 15 d\u00edas. Con los atrasos del PAMI, muchas ya enfrentan dificultades para sostener el circuito de pagos y garantizar el stock.<\/p>\n\n\n\n<p>La morosidad del organismo estall\u00f3 el a\u00f1o pasado. A pesar de que su presidente, Esteban Legu\u00edzamo, firm\u00f3 un acuerdo para regularizar los pagos con frecuencia semanal, el esquema nunca termin\u00f3 de cumplirse.<\/p>\n\n\n\n<p>Legu\u00edzamo es un m\u00e9dico pediatra de carrera dentro del organismo y mantiene v\u00ednculo directo con el ministro de Salud, Mario Lugones.<\/p>\n\n\n\n<p>Jubilados sin atenci\u00f3n m\u00e9dica y de gira por farmacias<\/p>\n\n\n\n<p>En la provincia de Buenos Aires, donde funcionan m\u00e1s de 4500 farmacias, el problema golpea especialmente a los establecimientos independientes. All\u00ed no est\u00e1n habilitadas las grandes cadenas, aunque existen grupos empresariales con m\u00faltiples sucursales.<\/p>\n\n\n\n<p>En la ciudad de Olavarr\u00eda, una veintena de m\u00e9dicos present\u00f3 un reclamo ante el Concejo Deliberante por la \u201cdeuda cr\u00f3nica\u201d del PAMI, que -seg\u00fan denunciaron- no paga desde noviembre de 2025.<\/p>\n\n\n\n<p>\u201cLos jubilados llegan al mostrador y el medicamento no est\u00e1, y tienen que recorrer varias farmacias. Lo mismo pasa cuando van al m\u00e9dico y deben pagar la consulta porque el profesional dej\u00f3 de atender por PAMI\u201d, explic\u00f3 a Letra P un m\u00e9dico bonaerense.<\/p>\n\n\n\n<p>El Foro Permanente para la Promoci\u00f3n y la Defensa de los Derechos de las Personas con Discapacidad tambi\u00e9n se moviliz\u00f3 hasta la sede del organismo para reclamar por las deudas con prestadores del sector.<\/p>\n\n\n\n<p>En muchos hogares y centros de d\u00eda del pa\u00eds no cobran desde octubre del a\u00f1o pasado. La deuda del PAMI con estas instituciones supera los $30 millones, a lo que se suma la falta de pago a terapistas y profesionales que trabajan en esos establecimientos. Un proveedor de sillas de ruedas asegur\u00f3 a Letra P que el \u00faltimo pago lo recibi\u00f3 en 2025.<\/p>\n\n\n\n<p>Presi\u00f3n sobre la conducci\u00f3n del sector<\/p>\n\n\n\n<p>En diciembre, la mesa ejecutiva de la Confederaci\u00f3n Farmac\u00e9utica Argentina (COFA), presidida por Alejandra G\u00f3mez, se reuni\u00f3 con el subdirector del PAMI, Carlos Zamparolo, para reclamar por las deudas vinculadas al programa de pa\u00f1ales para adultos y al denominado PAMI ambulatorio, que incluye medicamentos como antibi\u00f3ticos, corticoides, insulina, tiras reactivas para diabetes y tratamientos para la presi\u00f3n arterial.<\/p>\n\n\n\n<p>Seg\u00fan denuncian prestadores, Zamparolo dej\u00f3 luego de responder las llamadas.<\/p>\n\n\n\n<p>G\u00f3mez tambi\u00e9n preside el Colegio de Farmac\u00e9uticos bonaerense (Colfarma). All\u00ed, un grupo de personas asociadas cuestiona su estrategia frente al conflicto y reclama medidas m\u00e1s duras frente al Gobierno.<\/p>\n\n\n\n<p>\u201cLe pedimos que exija el cumplimiento de los pagos y eval\u00fae cortar el servicio. Estamos atrapados en la inacci\u00f3n\u201d, se\u00f1alaron.<\/p>\n\n\n\n<p>Una deuda federal<\/p>\n\n\n\n<p>El problema se replica en distintas provincias. En Salta, la presidenta de la C\u00e1mara de Propietarios de Farmacias, Susana Carrasco, confirm\u00f3 que esta semana se acumular\u00e1n cinco quincenas impagas, situaci\u00f3n que ya impacta en el stock de medicamentos.<\/p>\n\n\n\n<p>En ese distrito tambi\u00e9n se registra una ca\u00edda en las ventas y el traspaso de farmacias peque\u00f1as a grupos econ\u00f3micos de mayor escala.<\/p>\n\n\n\n<p>La presidenta del Colegio de Farmac\u00e9uticos de Misiones, Vania Ilchuk, advirti\u00f3 que la obra social ya adeuda seis quincenas y que comenzaron los problemas en la cadena de pagos.<\/p>\n\n\n\n<p>La misma situaci\u00f3n describi\u00f3 Silvia Brizuela, titular del Colegio de Farmac\u00e9uticos de La Rioja, quien asegur\u00f3 que el atraso tambi\u00e9n alcanza las seis quincenas y que el sector se encuentra en \u201cestado de alerta m\u00e1xima\u201d por la asfixia financiera, public\u00f3 Letra P.<\/p>\n","protected":false},"excerpt":{"rendered":"<p>El ajuste fiscal que impulsa el ministro de Econom\u00eda, Toto Caputo, impacta de lleno en el PAMI. La obra social de los jubilados acumula hasta dos meses de atraso en pagos a farmacias y prestadores de salud del pa\u00eds, lo que ya provoca faltantes de medicamentos, suspensi\u00f3n de servicios m\u00e9dicos y tensi\u00f3n creciente entre proveedores [&hellip;]<\/p>\n","protected":false},"author":4,"featured_media":7469,"comment_status":"open","ping_status":"open","sticky":false,"template":"","format":"standard","meta":{"footnotes":""},"categories":[19,18],"tags":[],"class_list":{"0":"post-7468","1":"post","2":"type-post","3":"status-publish","4":"format-standard","5":"has-post-thumbnail","7":"category-interes-general","8":"category-nacionales"},"yoast_head":"<!-- This site is optimized with the Yoast SEO plugin v27.4 - https:\/\/yoast.com\/product\/yoast-seo-wordpress\/ -->\n<title>Toto Caputo pisa fondos al PAMI y la atenci\u00f3n a jubilados entra en emergencia - Diario del Sur<\/title>\n<meta name=\"robots\" content=\"index, follow, max-snippet:-1, max-image-preview:large, max-video-preview:-1\" \/>\n<link rel=\"canonical\" href=\"https:\/\/diariodelsurdigital.com.ar\/?p=7468\" \/>\n<meta property=\"og:locale\" content=\"es_ES\" \/>\n<meta property=\"og:type\" content=\"article\" \/>\n<meta property=\"og:title\" content=\"Toto Caputo pisa fondos al PAMI y la atenci\u00f3n a jubilados entra en emergencia - Diario del Sur\" \/>\n<meta property=\"og:description\" content=\"El ajuste fiscal que impulsa el ministro de Econom\u00eda, Toto Caputo, impacta de lleno en el PAMI. La obra social de los jubilados acumula hasta dos meses de atraso en pagos a farmacias y prestadores de salud del pa\u00eds, lo que ya provoca faltantes de medicamentos, suspensi\u00f3n de servicios m\u00e9dicos y tensi\u00f3n creciente entre proveedores [&hellip;]\" \/>\n<meta property=\"og:url\" content=\"https:\/\/diariodelsurdigital.com.ar\/?p=7468\" \/>\n<meta property=\"og:site_name\" content=\"Diario del Sur\" \/>\n<meta property=\"article:published_time\" content=\"2026-03-13T17:58:00+00:00\" \/>\n<meta property=\"article:modified_time\" content=\"2026-03-13T17:58:01+00:00\" \/>\n<meta property=\"og:image\" content=\"https:\/\/diariodelsurdigital.com.ar\/wp-content\/uploads\/2026\/03\/md-6.webp\" \/>\n\t<meta property=\"og:image:width\" content=\"992\" \/>\n\t<meta property=\"og:image:height\" content=\"664\" \/>\n\t<meta property=\"og:image:type\" content=\"image\/webp\" \/>\n<meta name=\"author\" content=\"Diario del Sur Digital\" \/>\n<meta name=\"twitter:card\" content=\"summary_large_image\" \/>\n<meta name=\"twitter:label1\" content=\"Escrito por\" \/>\n\t<meta name=\"twitter:data1\" content=\"Diario del Sur Digital\" \/>\n\t<meta name=\"twitter:label2\" content=\"Tiempo de lectura\" \/>\n\t<meta name=\"twitter:data2\" content=\"5 minutos\" \/>\n<script type=\"application\/ld+json\" class=\"yoast-schema-graph\">{\"@context\":\"https:\\\/\\\/schema.org\",\"@graph\":[{\"@type\":\"Article\",\"@id\":\"https:\\\/\\\/diariodelsurdigital.com.ar\\\/?p=7468#article\",\"isPartOf\":{\"@id\":\"https:\\\/\\\/diariodelsurdigital.com.ar\\\/?p=7468\"},\"author\":{\"name\":\"Diario del Sur Digital\",\"@id\":\"https:\\\/\\\/diariodelsurdigital.com.ar\\\/#\\\/schema\\\/person\\\/1a4992532ed62965c968031b49195c81\"},\"headline\":\"Toto Caputo pisa fondos al PAMI y la atenci\u00f3n a jubilados entra en emergencia\",\"datePublished\":\"2026-03-13T17:58:00+00:00\",\"dateModified\":\"2026-03-13T17:58:01+00:00\",\"mainEntityOfPage\":{\"@id\":\"https:\\\/\\\/diariodelsurdigital.com.ar\\\/?p=7468\"},\"wordCount\":998,\"commentCount\":0,\"image\":{\"@id\":\"https:\\\/\\\/diariodelsurdigital.com.ar\\\/?p=7468#primaryimage\"},\"thumbnailUrl\":\"https:\\\/\\\/diariodelsurdigital.com.ar\\\/wp-content\\\/uploads\\\/2026\\\/03\\\/md-6.webp\",\"articleSection\":[\"Inter\u00e9s General\",\"Nacionales\"],\"inLanguage\":\"es\",\"potentialAction\":[{\"@type\":\"CommentAction\",\"name\":\"Comment\",\"target\":[\"https:\\\/\\\/diariodelsurdigital.com.ar\\\/?p=7468#respond\"]}]},{\"@type\":\"WebPage\",\"@id\":\"https:\\\/\\\/diariodelsurdigital.com.ar\\\/?p=7468\",\"url\":\"https:\\\/\\\/diariodelsurdigital.com.ar\\\/?p=7468\",\"name\":\"Toto Caputo pisa fondos al PAMI y la atenci\u00f3n a jubilados entra en emergencia - Diario del Sur\",\"isPartOf\":{\"@id\":\"https:\\\/\\\/diariodelsurdigital.com.ar\\\/#website\"},\"primaryImageOfPage\":{\"@id\":\"https:\\\/\\\/diariodelsurdigital.com.ar\\\/?p=7468#primaryimage\"},\"image\":{\"@id\":\"https:\\\/\\\/diariodelsurdigital.com.ar\\\/?p=7468#primaryimage\"},\"thumbnailUrl\":\"https:\\\/\\\/diariodelsurdigital.com.ar\\\/wp-content\\\/uploads\\\/2026\\\/03\\\/md-6.webp\",\"datePublished\":\"2026-03-13T17:58:00+00:00\",\"dateModified\":\"2026-03-13T17:58:01+00:00\",\"author\":{\"@id\":\"https:\\\/\\\/diariodelsurdigital.com.ar\\\/#\\\/schema\\\/person\\\/1a4992532ed62965c968031b49195c81\"},\"breadcrumb\":{\"@id\":\"https:\\\/\\\/diariodelsurdigital.com.ar\\\/?p=7468#breadcrumb\"},\"inLanguage\":\"es\",\"potentialAction\":[{\"@type\":\"ReadAction\",\"target\":[\"https:\\\/\\\/diariodelsurdigital.com.ar\\\/?p=7468\"]}]},{\"@type\":\"ImageObject\",\"inLanguage\":\"es\",\"@id\":\"https:\\\/\\\/diariodelsurdigital.com.ar\\\/?p=7468#primaryimage\",\"url\":\"https:\\\/\\\/diariodelsurdigital.com.ar\\\/wp-content\\\/uploads\\\/2026\\\/03\\\/md-6.webp\",\"contentUrl\":\"https:\\\/\\\/diariodelsurdigital.com.ar\\\/wp-content\\\/uploads\\\/2026\\\/03\\\/md-6.webp\",\"width\":992,\"height\":664},{\"@type\":\"BreadcrumbList\",\"@id\":\"https:\\\/\\\/diariodelsurdigital.com.ar\\\/?p=7468#breadcrumb\",\"itemListElement\":[{\"@type\":\"ListItem\",\"position\":1,\"name\":\"Portada\",\"item\":\"https:\\\/\\\/diariodelsurdigital.com.ar\\\/\"},{\"@type\":\"ListItem\",\"position\":2,\"name\":\"Toto Caputo pisa fondos al PAMI y la atenci\u00f3n a jubilados entra en emergencia\"}]},{\"@type\":\"WebSite\",\"@id\":\"https:\\\/\\\/diariodelsurdigital.com.ar\\\/#website\",\"url\":\"https:\\\/\\\/diariodelsurdigital.com.ar\\\/\",\"name\":\"Diario del Sur\",\"description\":\"Digital\",\"potentialAction\":[{\"@type\":\"SearchAction\",\"target\":{\"@type\":\"EntryPoint\",\"urlTemplate\":\"https:\\\/\\\/diariodelsurdigital.com.ar\\\/?s={search_term_string}\"},\"query-input\":{\"@type\":\"PropertyValueSpecification\",\"valueRequired\":true,\"valueName\":\"search_term_string\"}}],\"inLanguage\":\"es\"},{\"@type\":\"Person\",\"@id\":\"https:\\\/\\\/diariodelsurdigital.com.ar\\\/#\\\/schema\\\/person\\\/1a4992532ed62965c968031b49195c81\",\"name\":\"Diario del Sur Digital\",\"image\":{\"@type\":\"ImageObject\",\"inLanguage\":\"es\",\"@id\":\"https:\\\/\\\/secure.gravatar.com\\\/avatar\\\/f0c7c47fc7146d19828273b9b8eda651c9c7ab583767e6338d3d3bee825adf76?s=96&d=mm&r=g\",\"url\":\"https:\\\/\\\/secure.gravatar.com\\\/avatar\\\/f0c7c47fc7146d19828273b9b8eda651c9c7ab583767e6338d3d3bee825adf76?s=96&d=mm&r=g\",\"contentUrl\":\"https:\\\/\\\/secure.gravatar.com\\\/avatar\\\/f0c7c47fc7146d19828273b9b8eda651c9c7ab583767e6338d3d3bee825adf76?s=96&d=mm&r=g\",\"caption\":\"Diario del Sur Digital\"},\"url\":\"https:\\\/\\\/diariodelsurdigital.com.ar\\\/?author=4\"}]}<\/script>\n<!-- \/ Yoast SEO plugin. -->","yoast_head_json":{"title":"Toto Caputo pisa fondos al PAMI y la atenci\u00f3n a jubilados entra en emergencia - Diario del Sur","robots":{"index":"index","follow":"follow","max-snippet":"max-snippet:-1","max-image-preview":"max-image-preview:large","max-video-preview":"max-video-preview:-1"},"canonical":"https:\/\/diariodelsurdigital.com.ar\/?p=7468","og_locale":"es_ES","og_type":"article","og_title":"Toto Caputo pisa fondos al PAMI y la atenci\u00f3n a jubilados entra en emergencia - Diario del Sur","og_description":"El ajuste fiscal que impulsa el ministro de Econom\u00eda, Toto Caputo, impacta de lleno en el PAMI. La obra social de los jubilados acumula hasta dos meses de atraso en pagos a farmacias y prestadores de salud del pa\u00eds, lo que ya provoca faltantes de medicamentos, suspensi\u00f3n de servicios m\u00e9dicos y tensi\u00f3n creciente entre proveedores [&hellip;]","og_url":"https:\/\/diariodelsurdigital.com.ar\/?p=7468","og_site_name":"Diario del Sur","article_published_time":"2026-03-13T17:58:00+00:00","article_modified_time":"2026-03-13T17:58:01+00:00","og_image":[{"width":992,"height":664,"url":"https:\/\/diariodelsurdigital.com.ar\/wp-content\/uploads\/2026\/03\/md-6.webp","type":"image\/webp"}],"author":"Diario del Sur Digital","twitter_card":"summary_large_image","twitter_misc":{"Escrito por":"Diario del Sur Digital","Tiempo de lectura":"5 minutos"},"schema":{"@context":"https:\/\/schema.org","@graph":[{"@type":"Article","@id":"https:\/\/diariodelsurdigital.com.ar\/?p=7468#article","isPartOf":{"@id":"https:\/\/diariodelsurdigital.com.ar\/?p=7468"},"author":{"name":"Diario del Sur Digital","@id":"https:\/\/diariodelsurdigital.com.ar\/#\/schema\/person\/1a4992532ed62965c968031b49195c81"},"headline":"Toto Caputo pisa fondos al PAMI y la atenci\u00f3n a jubilados entra en emergencia","datePublished":"2026-03-13T17:58:00+00:00","dateModified":"2026-03-13T17:58:01+00:00","mainEntityOfPage":{"@id":"https:\/\/diariodelsurdigital.com.ar\/?p=7468"},"wordCount":998,"commentCount":0,"image":{"@id":"https:\/\/diariodelsurdigital.com.ar\/?p=7468#primaryimage"},"thumbnailUrl":"https:\/\/diariodelsurdigital.com.ar\/wp-content\/uploads\/2026\/03\/md-6.webp","articleSection":["Inter\u00e9s General","Nacionales"],"inLanguage":"es","potentialAction":[{"@type":"CommentAction","name":"Comment","target":["https:\/\/diariodelsurdigital.com.ar\/?p=7468#respond"]}]},{"@type":"WebPage","@id":"https:\/\/diariodelsurdigital.com.ar\/?p=7468","url":"https:\/\/diariodelsurdigital.com.ar\/?p=7468","name":"Toto Caputo pisa fondos al PAMI y la atenci\u00f3n a jubilados entra en emergencia - Diario del Sur","isPartOf":{"@id":"https:\/\/diariodelsurdigital.com.ar\/#website"},"primaryImageOfPage":{"@id":"https:\/\/diariodelsurdigital.com.ar\/?p=7468#primaryimage"},"image":{"@id":"https:\/\/diariodelsurdigital.com.ar\/?p=7468#primaryimage"},"thumbnailUrl":"https:\/\/diariodelsurdigital.com.ar\/wp-content\/uploads\/2026\/03\/md-6.webp","datePublished":"2026-03-13T17:58:00+00:00","dateModified":"2026-03-13T17:58:01+00:00","author":{"@id":"https:\/\/diariodelsurdigital.com.ar\/#\/schema\/person\/1a4992532ed62965c968031b49195c81"},"breadcrumb":{"@id":"https:\/\/diariodelsurdigital.com.ar\/?p=7468#breadcrumb"},"inLanguage":"es","potentialAction":[{"@type":"ReadAction","target":["https:\/\/diariodelsurdigital.com.ar\/?p=7468"]}]},{"@type":"ImageObject","inLanguage":"es","@id":"https:\/\/diariodelsurdigital.com.ar\/?p=7468#primaryimage","url":"https:\/\/diariodelsurdigital.com.ar\/wp-content\/uploads\/2026\/03\/md-6.webp","contentUrl":"https:\/\/diariodelsurdigital.com.ar\/wp-content\/uploads\/2026\/03\/md-6.webp","width":992,"height":664},{"@type":"BreadcrumbList","@id":"https:\/\/diariodelsurdigital.com.ar\/?p=7468#breadcrumb","itemListElement":[{"@type":"ListItem","position":1,"name":"Portada","item":"https:\/\/diariodelsurdigital.com.ar\/"},{"@type":"ListItem","position":2,"name":"Toto Caputo pisa fondos al PAMI y la atenci\u00f3n a jubilados entra en emergencia"}]},{"@type":"WebSite","@id":"https:\/\/diariodelsurdigital.com.ar\/#website","url":"https:\/\/diariodelsurdigital.com.ar\/","name":"Diario del Sur","description":"Digital","potentialAction":[{"@type":"SearchAction","target":{"@type":"EntryPoint","urlTemplate":"https:\/\/diariodelsurdigital.com.ar\/?s={search_term_string}"},"query-input":{"@type":"PropertyValueSpecification","valueRequired":true,"valueName":"search_term_string"}}],"inLanguage":"es"},{"@type":"Person","@id":"https:\/\/diariodelsurdigital.com.ar\/#\/schema\/person\/1a4992532ed62965c968031b49195c81","name":"Diario del Sur Digital","image":{"@type":"ImageObject","inLanguage":"es","@id":"https:\/\/secure.gravatar.com\/avatar\/f0c7c47fc7146d19828273b9b8eda651c9c7ab583767e6338d3d3bee825adf76?s=96&d=mm&r=g","url":"https:\/\/secure.gravatar.com\/avatar\/f0c7c47fc7146d19828273b9b8eda651c9c7ab583767e6338d3d3bee825adf76?s=96&d=mm&r=g","contentUrl":"https:\/\/secure.gravatar.com\/avatar\/f0c7c47fc7146d19828273b9b8eda651c9c7ab583767e6338d3d3bee825adf76?s=96&d=mm&r=g","caption":"Diario del Sur Digital"},"url":"https:\/\/diariodelsurdigital.com.ar\/?author=4"}]}},"_links":{"self":[{"href":"https:\/\/diariodelsurdigital.com.ar\/index.php?rest_route=\/wp\/v2\/posts\/7468","targetHints":{"allow":["GET"]}}],"collection":[{"href":"https:\/\/diariodelsurdigital.com.ar\/index.php?rest_route=\/wp\/v2\/posts"}],"about":[{"href":"https:\/\/diariodelsurdigital.com.ar\/index.php?rest_route=\/wp\/v2\/types\/post"}],"author":[{"embeddable":true,"href":"https:\/\/diariodelsurdigital.com.ar\/index.php?rest_route=\/wp\/v2\/users\/4"}],"replies":[{"embeddable":true,"href":"https:\/\/diariodelsurdigital.com.ar\/index.php?rest_route=%2Fwp%2Fv2%2Fcomments&post=7468"}],"version-history":[{"count":1,"href":"https:\/\/diariodelsurdigital.com.ar\/index.php?rest_route=\/wp\/v2\/posts\/7468\/revisions"}],"predecessor-version":[{"id":7470,"href":"https:\/\/diariodelsurdigital.com.ar\/index.php?rest_route=\/wp\/v2\/posts\/7468\/revisions\/7470"}],"wp:featuredmedia":[{"embeddable":true,"href":"https:\/\/diariodelsurdigital.com.ar\/index.php?rest_route=\/wp\/v2\/media\/7469"}],"wp:attachment":[{"href":"https:\/\/diariodelsurdigital.com.ar\/index.php?rest_route=%2Fwp%2Fv2%2Fmedia&parent=7468"}],"wp:term":[{"taxonomy":"category","embeddable":true,"href":"https:\/\/diariodelsurdigital.com.ar\/index.php?rest_route=%2Fwp%2Fv2%2Fcategories&post=7468"},{"taxonomy":"post_tag","embeddable":true,"href":"https:\/\/diariodelsurdigital.com.ar\/index.php?rest_route=%2Fwp%2Fv2%2Ftags&post=7468"}],"curies":[{"name":"wp","href":"https:\/\/api.w.org\/{rel}","templated":true}]}}