{"id":747,"date":"2025-01-27T21:34:46","date_gmt":"2025-01-28T00:34:46","guid":{"rendered":"https:\/\/diariodelsurdigital.com.ar\/?p=747"},"modified":"2025-01-27T21:36:38","modified_gmt":"2025-01-28T00:36:38","slug":"mahler-si-mitchel-es-candidato-seremos-como-un-hotel-alojamiento-cuartos-comodos-y-calentitos","status":"publish","type":"post","link":"https:\/\/diariodelsurdigital.com.ar\/?p=747","title":{"rendered":"Mahler: \u201cSi Mitchel es candidato, seremos como un hotel alojamiento; cuartos c\u00f3modos y calentitos\u201d"},"content":{"rendered":"\n<p><\/p>\n\n\n\n<p>Adolfo Mahler, exfuncionario a cargo de Planes Sociales y Comisiones Vecinales de la Municipalidad de Concordia, durante los a\u00f1os dif\u00edciles all\u00e1 por el 2001, durante la gesti\u00f3n de Orduna, sali\u00f3 a manifestarse en contra de una posible postulaci\u00f3n del ex Titular de Aduanas durante la gesti\u00f3n de Alberto Fern\u00e1ndez, Guillermo Mitchel.<\/p>\n\n\n\n<p>\u201cHoy por la tarde me desayun\u00e9 que Gustavo Bordet iba a desistir de su postulaci\u00f3n como candidato a senador por la provincia de Entre R\u00edos. Seg\u00fan la noticia dice que es por su situaci\u00f3n en donde le pesan varias denuncias\u201d, se\u00f1al\u00f3 Mahler a <strong>Diario del SUR Digital.<\/strong><\/p>\n\n\n\n<p>\u201cTambi\u00e9n se dice que Cristina Fern\u00e1ndez en un arreglo con Sergio Massa, lo meter\u00eda a dedo como candidato a Guillermo Mitchel. Un muchacho que se lo conoce por fotos y que tambi\u00e9n fue denunciado por irregularidades en la Aduana cuando \u00e9l era el Jefe. Cristina se sigue equivocando. No puede venir otra vez a poner el dedo en Entre R\u00edos. Nos tienen hartos. Si Mitchel es candidato, seremos como un hotel alojamiento; cuartos c\u00f3modos y calentitos\u201d, dijo en sorna Mahler.<\/p>\n\n\n\n<p>Como prueba irrefutable, \u201cFito\u201d Mahler indic\u00f3 que \u201ca\u00f1os atr\u00e1s Cristina Fern\u00e1ndez y su hijo M\u00e1ximo, designaron a dedo a varios j\u00f3venes como Gaillard, Cora, Ledesma, etc, todos ellos sin trabajo territorial, dirigentes de la nada que, por chuparle las medias a la se\u00f1ora y su hijo, llevan a\u00f1os ocasionando gastos en el erario sin hace nada relevante\u201d.<\/p>\n\n\n\n<p>Mahler tampoco ahorr\u00f3 cr\u00edticas para los dirigentes que llevaron a la debacle al peronismo. \u201cLes pido encarecidamente a los que llevaron a la derrota al peronismo y que hoy se encuentran escondidos, que no vuelvan a querer llevar al enga\u00f1o a aquellos buenos militantes que tantos a\u00f1os lucharon por nuestra camiseta. Ellos saben perfectamente quienes traicionaron, como me enter\u00e9 hace unos d\u00edas que hay un concejal que dice ser de nuestro partido, pero que por debajo de la mesa recibi\u00f3 m\u00e1s de 10 contratos por monotributo de la actual gesti\u00f3n municipal. Si eso no es traici\u00f3n, bueno\u2026 ustedes lo dir\u00e1n\u201d, se quej\u00f3 el referente de la seccional segunda.<\/p>\n","protected":false},"excerpt":{"rendered":"<p>Adolfo Mahler, exfuncionario a cargo de Planes Sociales y Comisiones Vecinales de la Municipalidad de Concordia, durante los a\u00f1os dif\u00edciles all\u00e1 por el 2001, durante la gesti\u00f3n de Orduna, sali\u00f3 a manifestarse en contra de una posible postulaci\u00f3n del ex Titular de Aduanas durante la gesti\u00f3n de Alberto Fern\u00e1ndez, Guillermo Mitchel. \u201cHoy por la tarde [&hellip;]<\/p>\n","protected":false},"author":2,"featured_media":748,"comment_status":"open","ping_status":"open","sticky":false,"template":"","format":"standard","meta":{"footnotes":""},"categories":[16],"tags":[],"class_list":{"0":"post-747","1":"post","2":"type-post","3":"status-publish","4":"format-standard","5":"has-post-thumbnail","7":"category-locales"},"yoast_head":"<!-- This site is optimized with the Yoast SEO plugin v27.4 - https:\/\/yoast.com\/product\/yoast-seo-wordpress\/ -->\n<title>Mahler: \u201cSi Mitchel es candidato, seremos como un hotel alojamiento; cuartos c\u00f3modos y calentitos\u201d - Diario del Sur<\/title>\n<meta name=\"robots\" content=\"index, follow, max-snippet:-1, max-image-preview:large, max-video-preview:-1\" \/>\n<link rel=\"canonical\" href=\"https:\/\/diariodelsurdigital.com.ar\/?p=747\" \/>\n<meta property=\"og:locale\" content=\"es_ES\" \/>\n<meta property=\"og:type\" content=\"article\" \/>\n<meta property=\"og:title\" content=\"Mahler: \u201cSi Mitchel es candidato, seremos como un hotel alojamiento; cuartos c\u00f3modos y calentitos\u201d - Diario del Sur\" \/>\n<meta property=\"og:description\" content=\"Adolfo Mahler, exfuncionario a cargo de Planes Sociales y Comisiones Vecinales de la Municipalidad de Concordia, durante los a\u00f1os dif\u00edciles all\u00e1 por el 2001, durante la gesti\u00f3n de Orduna, sali\u00f3 a manifestarse en contra de una posible postulaci\u00f3n del ex Titular de Aduanas durante la gesti\u00f3n de Alberto Fern\u00e1ndez, Guillermo Mitchel. \u201cHoy por la tarde [&hellip;]\" \/>\n<meta property=\"og:url\" content=\"https:\/\/diariodelsurdigital.com.ar\/?p=747\" \/>\n<meta property=\"og:site_name\" content=\"Diario del Sur\" \/>\n<meta property=\"article:published_time\" content=\"2025-01-28T00:34:46+00:00\" \/>\n<meta property=\"article:modified_time\" content=\"2025-01-28T00:36:38+00:00\" \/>\n<meta property=\"og:image\" content=\"https:\/\/diariodelsurdigital.com.ar\/wp-content\/uploads\/2025\/01\/Imagen-de-WhatsApp-2025-01-27-a-las-20.57.08_21c3bf33.jpg\" \/>\n\t<meta property=\"og:image:width\" content=\"527\" \/>\n\t<meta property=\"og:image:height\" content=\"372\" \/>\n\t<meta property=\"og:image:type\" content=\"image\/jpeg\" \/>\n<meta name=\"author\" content=\"Diario del Sur Digital\" \/>\n<meta name=\"twitter:card\" content=\"summary_large_image\" \/>\n<meta name=\"twitter:label1\" content=\"Escrito por\" \/>\n\t<meta name=\"twitter:data1\" content=\"Diario del Sur Digital\" \/>\n\t<meta name=\"twitter:label2\" content=\"Tiempo de lectura\" \/>\n\t<meta name=\"twitter:data2\" content=\"2 minutos\" \/>\n<script type=\"application\/ld+json\" class=\"yoast-schema-graph\">{\"@context\":\"https:\\\/\\\/schema.org\",\"@graph\":[{\"@type\":\"Article\",\"@id\":\"https:\\\/\\\/diariodelsurdigital.com.ar\\\/?p=747#article\",\"isPartOf\":{\"@id\":\"https:\\\/\\\/diariodelsurdigital.com.ar\\\/?p=747\"},\"author\":{\"name\":\"Diario del Sur Digital\",\"@id\":\"https:\\\/\\\/diariodelsurdigital.com.ar\\\/#\\\/schema\\\/person\\\/6136a32571657f7dba980b88b04c5465\"},\"headline\":\"Mahler: \u201cSi Mitchel es candidato, seremos como un hotel alojamiento; cuartos c\u00f3modos y calentitos\u201d\",\"datePublished\":\"2025-01-28T00:34:46+00:00\",\"dateModified\":\"2025-01-28T00:36:38+00:00\",\"mainEntityOfPage\":{\"@id\":\"https:\\\/\\\/diariodelsurdigital.com.ar\\\/?p=747\"},\"wordCount\":388,\"commentCount\":0,\"image\":{\"@id\":\"https:\\\/\\\/diariodelsurdigital.com.ar\\\/?p=747#primaryimage\"},\"thumbnailUrl\":\"https:\\\/\\\/diariodelsurdigital.com.ar\\\/wp-content\\\/uploads\\\/2025\\\/01\\\/Imagen-de-WhatsApp-2025-01-27-a-las-20.57.08_21c3bf33.jpg\",\"articleSection\":[\"Locales\"],\"inLanguage\":\"es\",\"potentialAction\":[{\"@type\":\"CommentAction\",\"name\":\"Comment\",\"target\":[\"https:\\\/\\\/diariodelsurdigital.com.ar\\\/?p=747#respond\"]}]},{\"@type\":\"WebPage\",\"@id\":\"https:\\\/\\\/diariodelsurdigital.com.ar\\\/?p=747\",\"url\":\"https:\\\/\\\/diariodelsurdigital.com.ar\\\/?p=747\",\"name\":\"Mahler: \u201cSi Mitchel es candidato, seremos como un hotel alojamiento; cuartos c\u00f3modos y calentitos\u201d - Diario del Sur\",\"isPartOf\":{\"@id\":\"https:\\\/\\\/diariodelsurdigital.com.ar\\\/#website\"},\"primaryImageOfPage\":{\"@id\":\"https:\\\/\\\/diariodelsurdigital.com.ar\\\/?p=747#primaryimage\"},\"image\":{\"@id\":\"https:\\\/\\\/diariodelsurdigital.com.ar\\\/?p=747#primaryimage\"},\"thumbnailUrl\":\"https:\\\/\\\/diariodelsurdigital.com.ar\\\/wp-content\\\/uploads\\\/2025\\\/01\\\/Imagen-de-WhatsApp-2025-01-27-a-las-20.57.08_21c3bf33.jpg\",\"datePublished\":\"2025-01-28T00:34:46+00:00\",\"dateModified\":\"2025-01-28T00:36:38+00:00\",\"author\":{\"@id\":\"https:\\\/\\\/diariodelsurdigital.com.ar\\\/#\\\/schema\\\/person\\\/6136a32571657f7dba980b88b04c5465\"},\"breadcrumb\":{\"@id\":\"https:\\\/\\\/diariodelsurdigital.com.ar\\\/?p=747#breadcrumb\"},\"inLanguage\":\"es\",\"potentialAction\":[{\"@type\":\"ReadAction\",\"target\":[\"https:\\\/\\\/diariodelsurdigital.com.ar\\\/?p=747\"]}]},{\"@type\":\"ImageObject\",\"inLanguage\":\"es\",\"@id\":\"https:\\\/\\\/diariodelsurdigital.com.ar\\\/?p=747#primaryimage\",\"url\":\"https:\\\/\\\/diariodelsurdigital.com.ar\\\/wp-content\\\/uploads\\\/2025\\\/01\\\/Imagen-de-WhatsApp-2025-01-27-a-las-20.57.08_21c3bf33.jpg\",\"contentUrl\":\"https:\\\/\\\/diariodelsurdigital.com.ar\\\/wp-content\\\/uploads\\\/2025\\\/01\\\/Imagen-de-WhatsApp-2025-01-27-a-las-20.57.08_21c3bf33.jpg\",\"width\":527,\"height\":372},{\"@type\":\"BreadcrumbList\",\"@id\":\"https:\\\/\\\/diariodelsurdigital.com.ar\\\/?p=747#breadcrumb\",\"itemListElement\":[{\"@type\":\"ListItem\",\"position\":1,\"name\":\"Portada\",\"item\":\"https:\\\/\\\/diariodelsurdigital.com.ar\\\/\"},{\"@type\":\"ListItem\",\"position\":2,\"name\":\"Mahler: \u201cSi Mitchel es candidato, seremos como un hotel alojamiento; cuartos c\u00f3modos y calentitos\u201d\"}]},{\"@type\":\"WebSite\",\"@id\":\"https:\\\/\\\/diariodelsurdigital.com.ar\\\/#website\",\"url\":\"https:\\\/\\\/diariodelsurdigital.com.ar\\\/\",\"name\":\"Diario del Sur\",\"description\":\"Digital\",\"potentialAction\":[{\"@type\":\"SearchAction\",\"target\":{\"@type\":\"EntryPoint\",\"urlTemplate\":\"https:\\\/\\\/diariodelsurdigital.com.ar\\\/?s={search_term_string}\"},\"query-input\":{\"@type\":\"PropertyValueSpecification\",\"valueRequired\":true,\"valueName\":\"search_term_string\"}}],\"inLanguage\":\"es\"},{\"@type\":\"Person\",\"@id\":\"https:\\\/\\\/diariodelsurdigital.com.ar\\\/#\\\/schema\\\/person\\\/6136a32571657f7dba980b88b04c5465\",\"name\":\"Diario del Sur Digital\",\"image\":{\"@type\":\"ImageObject\",\"inLanguage\":\"es\",\"@id\":\"https:\\\/\\\/secure.gravatar.com\\\/avatar\\\/4c29ceac98541dd42460b2474aaa5dd37594d6ce6cb3cf2c101d09b48ee287ba?s=96&d=mm&r=g\",\"url\":\"https:\\\/\\\/secure.gravatar.com\\\/avatar\\\/4c29ceac98541dd42460b2474aaa5dd37594d6ce6cb3cf2c101d09b48ee287ba?s=96&d=mm&r=g\",\"contentUrl\":\"https:\\\/\\\/secure.gravatar.com\\\/avatar\\\/4c29ceac98541dd42460b2474aaa5dd37594d6ce6cb3cf2c101d09b48ee287ba?s=96&d=mm&r=g\",\"caption\":\"Diario del Sur Digital\"},\"url\":\"https:\\\/\\\/diariodelsurdigital.com.ar\\\/?author=2\"}]}<\/script>\n<!-- \/ Yoast SEO plugin. -->","yoast_head_json":{"title":"Mahler: \u201cSi Mitchel es candidato, seremos como un hotel alojamiento; cuartos c\u00f3modos y calentitos\u201d - Diario del Sur","robots":{"index":"index","follow":"follow","max-snippet":"max-snippet:-1","max-image-preview":"max-image-preview:large","max-video-preview":"max-video-preview:-1"},"canonical":"https:\/\/diariodelsurdigital.com.ar\/?p=747","og_locale":"es_ES","og_type":"article","og_title":"Mahler: \u201cSi Mitchel es candidato, seremos como un hotel alojamiento; cuartos c\u00f3modos y calentitos\u201d - Diario del Sur","og_description":"Adolfo Mahler, exfuncionario a cargo de Planes Sociales y Comisiones Vecinales de la Municipalidad de Concordia, durante los a\u00f1os dif\u00edciles all\u00e1 por el 2001, durante la gesti\u00f3n de Orduna, sali\u00f3 a manifestarse en contra de una posible postulaci\u00f3n del ex Titular de Aduanas durante la gesti\u00f3n de Alberto Fern\u00e1ndez, Guillermo Mitchel. \u201cHoy por la tarde [&hellip;]","og_url":"https:\/\/diariodelsurdigital.com.ar\/?p=747","og_site_name":"Diario del Sur","article_published_time":"2025-01-28T00:34:46+00:00","article_modified_time":"2025-01-28T00:36:38+00:00","og_image":[{"width":527,"height":372,"url":"https:\/\/diariodelsurdigital.com.ar\/wp-content\/uploads\/2025\/01\/Imagen-de-WhatsApp-2025-01-27-a-las-20.57.08_21c3bf33.jpg","type":"image\/jpeg"}],"author":"Diario del Sur Digital","twitter_card":"summary_large_image","twitter_misc":{"Escrito por":"Diario del Sur Digital","Tiempo de lectura":"2 minutos"},"schema":{"@context":"https:\/\/schema.org","@graph":[{"@type":"Article","@id":"https:\/\/diariodelsurdigital.com.ar\/?p=747#article","isPartOf":{"@id":"https:\/\/diariodelsurdigital.com.ar\/?p=747"},"author":{"name":"Diario del Sur Digital","@id":"https:\/\/diariodelsurdigital.com.ar\/#\/schema\/person\/6136a32571657f7dba980b88b04c5465"},"headline":"Mahler: \u201cSi Mitchel es candidato, seremos como un hotel alojamiento; cuartos c\u00f3modos y calentitos\u201d","datePublished":"2025-01-28T00:34:46+00:00","dateModified":"2025-01-28T00:36:38+00:00","mainEntityOfPage":{"@id":"https:\/\/diariodelsurdigital.com.ar\/?p=747"},"wordCount":388,"commentCount":0,"image":{"@id":"https:\/\/diariodelsurdigital.com.ar\/?p=747#primaryimage"},"thumbnailUrl":"https:\/\/diariodelsurdigital.com.ar\/wp-content\/uploads\/2025\/01\/Imagen-de-WhatsApp-2025-01-27-a-las-20.57.08_21c3bf33.jpg","articleSection":["Locales"],"inLanguage":"es","potentialAction":[{"@type":"CommentAction","name":"Comment","target":["https:\/\/diariodelsurdigital.com.ar\/?p=747#respond"]}]},{"@type":"WebPage","@id":"https:\/\/diariodelsurdigital.com.ar\/?p=747","url":"https:\/\/diariodelsurdigital.com.ar\/?p=747","name":"Mahler: \u201cSi Mitchel es candidato, seremos como un hotel alojamiento; cuartos c\u00f3modos y calentitos\u201d - Diario del Sur","isPartOf":{"@id":"https:\/\/diariodelsurdigital.com.ar\/#website"},"primaryImageOfPage":{"@id":"https:\/\/diariodelsurdigital.com.ar\/?p=747#primaryimage"},"image":{"@id":"https:\/\/diariodelsurdigital.com.ar\/?p=747#primaryimage"},"thumbnailUrl":"https:\/\/diariodelsurdigital.com.ar\/wp-content\/uploads\/2025\/01\/Imagen-de-WhatsApp-2025-01-27-a-las-20.57.08_21c3bf33.jpg","datePublished":"2025-01-28T00:34:46+00:00","dateModified":"2025-01-28T00:36:38+00:00","author":{"@id":"https:\/\/diariodelsurdigital.com.ar\/#\/schema\/person\/6136a32571657f7dba980b88b04c5465"},"breadcrumb":{"@id":"https:\/\/diariodelsurdigital.com.ar\/?p=747#breadcrumb"},"inLanguage":"es","potentialAction":[{"@type":"ReadAction","target":["https:\/\/diariodelsurdigital.com.ar\/?p=747"]}]},{"@type":"ImageObject","inLanguage":"es","@id":"https:\/\/diariodelsurdigital.com.ar\/?p=747#primaryimage","url":"https:\/\/diariodelsurdigital.com.ar\/wp-content\/uploads\/2025\/01\/Imagen-de-WhatsApp-2025-01-27-a-las-20.57.08_21c3bf33.jpg","contentUrl":"https:\/\/diariodelsurdigital.com.ar\/wp-content\/uploads\/2025\/01\/Imagen-de-WhatsApp-2025-01-27-a-las-20.57.08_21c3bf33.jpg","width":527,"height":372},{"@type":"BreadcrumbList","@id":"https:\/\/diariodelsurdigital.com.ar\/?p=747#breadcrumb","itemListElement":[{"@type":"ListItem","position":1,"name":"Portada","item":"https:\/\/diariodelsurdigital.com.ar\/"},{"@type":"ListItem","position":2,"name":"Mahler: \u201cSi Mitchel es candidato, seremos como un hotel alojamiento; cuartos c\u00f3modos y calentitos\u201d"}]},{"@type":"WebSite","@id":"https:\/\/diariodelsurdigital.com.ar\/#website","url":"https:\/\/diariodelsurdigital.com.ar\/","name":"Diario del Sur","description":"Digital","potentialAction":[{"@type":"SearchAction","target":{"@type":"EntryPoint","urlTemplate":"https:\/\/diariodelsurdigital.com.ar\/?s={search_term_string}"},"query-input":{"@type":"PropertyValueSpecification","valueRequired":true,"valueName":"search_term_string"}}],"inLanguage":"es"},{"@type":"Person","@id":"https:\/\/diariodelsurdigital.com.ar\/#\/schema\/person\/6136a32571657f7dba980b88b04c5465","name":"Diario del Sur Digital","image":{"@type":"ImageObject","inLanguage":"es","@id":"https:\/\/secure.gravatar.com\/avatar\/4c29ceac98541dd42460b2474aaa5dd37594d6ce6cb3cf2c101d09b48ee287ba?s=96&d=mm&r=g","url":"https:\/\/secure.gravatar.com\/avatar\/4c29ceac98541dd42460b2474aaa5dd37594d6ce6cb3cf2c101d09b48ee287ba?s=96&d=mm&r=g","contentUrl":"https:\/\/secure.gravatar.com\/avatar\/4c29ceac98541dd42460b2474aaa5dd37594d6ce6cb3cf2c101d09b48ee287ba?s=96&d=mm&r=g","caption":"Diario del Sur Digital"},"url":"https:\/\/diariodelsurdigital.com.ar\/?author=2"}]}},"_links":{"self":[{"href":"https:\/\/diariodelsurdigital.com.ar\/index.php?rest_route=\/wp\/v2\/posts\/747","targetHints":{"allow":["GET"]}}],"collection":[{"href":"https:\/\/diariodelsurdigital.com.ar\/index.php?rest_route=\/wp\/v2\/posts"}],"about":[{"href":"https:\/\/diariodelsurdigital.com.ar\/index.php?rest_route=\/wp\/v2\/types\/post"}],"author":[{"embeddable":true,"href":"https:\/\/diariodelsurdigital.com.ar\/index.php?rest_route=\/wp\/v2\/users\/2"}],"replies":[{"embeddable":true,"href":"https:\/\/diariodelsurdigital.com.ar\/index.php?rest_route=%2Fwp%2Fv2%2Fcomments&post=747"}],"version-history":[{"count":2,"href":"https:\/\/diariodelsurdigital.com.ar\/index.php?rest_route=\/wp\/v2\/posts\/747\/revisions"}],"predecessor-version":[{"id":750,"href":"https:\/\/diariodelsurdigital.com.ar\/index.php?rest_route=\/wp\/v2\/posts\/747\/revisions\/750"}],"wp:featuredmedia":[{"embeddable":true,"href":"https:\/\/diariodelsurdigital.com.ar\/index.php?rest_route=\/wp\/v2\/media\/748"}],"wp:attachment":[{"href":"https:\/\/diariodelsurdigital.com.ar\/index.php?rest_route=%2Fwp%2Fv2%2Fmedia&parent=747"}],"wp:term":[{"taxonomy":"category","embeddable":true,"href":"https:\/\/diariodelsurdigital.com.ar\/index.php?rest_route=%2Fwp%2Fv2%2Fcategories&post=747"},{"taxonomy":"post_tag","embeddable":true,"href":"https:\/\/diariodelsurdigital.com.ar\/index.php?rest_route=%2Fwp%2Fv2%2Ftags&post=747"}],"curies":[{"name":"wp","href":"https:\/\/api.w.org\/{rel}","templated":true}]}}