{"id":7471,"date":"2026-03-13T15:00:35","date_gmt":"2026-03-13T18:00:35","guid":{"rendered":"https:\/\/diariodelsurdigital.com.ar\/?p=7471"},"modified":"2026-03-13T15:00:36","modified_gmt":"2026-03-13T18:00:36","slug":"troncoso-destaco-que-no-es-joda-mantener-la-paritaria-abierta-en-un-contexto-de-retraccion-del-empleo-privado","status":"publish","type":"post","link":"https:\/\/diariodelsurdigital.com.ar\/?p=7471","title":{"rendered":"Troncoso destac\u00f3 que \u201cno es joda\u201d mantener la paritaria abierta en un contexto de retracci\u00f3n del empleo privado"},"content":{"rendered":"\n<p>El ministro de Gobierno y Trabajo de la Provincia, Manuel Troncoso, realiz\u00f3 declaraciones en una radio de Paran\u00e1 y destac\u00f3 diversas acciones del Gobierno, entre las que mencion\u00f3 la paritaria estatal y docente, la reforma previsional y acciones en salud. Sostuvo que \u201cno es joda\u201d mantener la paritaria abierta y relacion\u00f3 con el sector privado que discute \u201cc\u00f3mo hago para mantener mi lugar de laburo\u201d.<\/p>\n\n\n\n<p><\/p>\n\n\n\n<p>El ministro de Gobierno y Trabajo de la Provincia, Manuel Troncoso, realiz\u00f3 declaraciones a una radio de Paran\u00e1 y abord\u00f3 distintos temas de la realidad pol\u00edtica de la provincia. Entre varias afirmaciones, destac\u00f3: \u201cEstamos muy bien, transitando un momento muy importante para nosotros, pero m\u00e1s para el presente y futuro de todos los entrerrianos que es darnos un nuevo sistema previsional y jubilatorio, con todo lo que eso implica\u201d.<\/p>\n\n\n\n<p>A\u00f1adi\u00f3 que \u201ccon Gast\u00f3n Bagnat a la cabeza, con sus equipos t\u00e9cnicos, con este tema venimos trabajando hace mucho tiempo, teniendo reuniones con gremios, asociaciones, cuerpos intermedios, de cara a ver c\u00f3mo podemos repensar un sistema previsional que cuide las banderas nuestras, que las defienda, pero que sea sustentable y sostenido en el tiempo\u201d.<\/p>\n\n\n\n<p>Con mucha determinaci\u00f3n sostuvo: \u201cPusimos quinta, hicimos reuniones con todos los sindicatos que inciden en el sistema de previsi\u00f3n de la provincia. Con el Gobernador tuvimos reuniones con los legisladores oficialistas y opositores. Ayer pasamos el borrador a los legisladores oficialistas, hoy a la ma\u00f1ana a los de la oposici\u00f3n y sindicatos. No es un enlatado, no es que decimos la reforma es esto; son las ideas fuerza sustantivas para nosotros, tambi\u00e9n estamos permeables y receptivos a aportes\u201d.<\/p>\n\n\n\n<p>Paritaria estatal y empleo privado<\/p>\n\n\n\n<p>Troncoso lament\u00f3 que se est\u00e1 \u201cen un momento donde el empleo del sector privado tiene que abocarse a la continuidad y mantener los puestos de trabajo. Pensar en crecimiento salariales muy sostenidos es complejo. Por eso con las paritarias nuestras, que me llamaron por las sumas no remunerativas: tuvimos paritarias muchachos, no es joda. Es lo que podemos pagar y tenemos paritarias abiertas. En el sector privado la discusi\u00f3n es c\u00f3mo hago para mantener mi lugar de laburo\u201d.<\/p>\n\n\n\n<p>Continuidad<\/p>\n\n\n\n<p>El ministro abord\u00f3 la posibilidad de que el gobernador, Rogelio Frigerio, vaya por un nuevo mandato. En este sentido expres\u00f3 que \u201cel \u00fanico que tiene mandato hasta 2027 es el Gobernador, esperemos que decida ir por una segunda vuelta, es lo que la provincia merece. Cuatro a\u00f1os es un almanaque medio corto para todas las transformaciones que queremos hacer y estamos haciendo\u201d.<\/p>\n\n\n\n<p>Troncoso destac\u00f3 que \u201clos funcionarios trabajamos para el mejor Gobernador que ha tenido la provincia, al menos desde la vuelta de la democracia, y me da mucho orgullo estar ac\u00e1\u201d.<\/p>\n\n\n\n<p>Justicia<\/p>\n\n\n\n<p>El ministro opin\u00f3 sobre la Procuraci\u00f3n General de la provincia y la Justicia entrerriana: \u201cSomos dem\u00f3cratas y republicanos. Hay un sistema que es el que abraza el constitucionalismo argentino, que es federal, y que aplica la divisi\u00f3n de Poderes en algo que se llama fueros y contrapesos, que nace del federalismo norteamericano. El poder de cada Poder se sopesa entre s\u00ed en un sistema de equilibrio. Si bien tenemos un sistema presidencialista, hay un sistema de tres Poderes. A nosotros nos vot\u00f3 la gente, despu\u00e9s nos juzgar\u00e1n para bien o para mal. Intentamos permanentemente no inmiscuirnos en la administraci\u00f3n y el fuero \u00edntimo de ning\u00fan Poder. No nos hemos sentido particularmente condicionados en t\u00e9rminos de candidaturas o nombres propios\u201d.<\/p>\n\n\n\n<p>Tambi\u00e9n mencion\u00f3 que se estar\u00eda \u201cllamando inminentemente a concursos para poder nombrar jueces. Hay como un aura, una atm\u00f3sfera de que la Justicia se maneja en una cosa intrafamiliar; est\u00e1 muy bueno esto de horizontalizar esta cuesti\u00f3n y que haya acceso de los matriculados\u201d.<\/p>\n\n\n\n<p>Batalla cultural<\/p>\n\n\n\n<p>Troncoso afirm\u00f3: \u201cEstamos dando con el Gobernador una batalla cultural. El Estado no es un bot\u00edn, el Estado est\u00e1 al servicio de la gente y tiene que ser eficiente. Tiene que existir, queremos un Estado funcional, no un gigante de piedra. No da lo mismo que seas un ave de paso y metas seis familiares en la administraci\u00f3n p\u00fablica; hay que darle a nuestros hijos las herramientas para crecer y desarrollarse\u201d.<\/p>\n\n\n\n<p>Prioridades<\/p>\n\n\n\n<p>Como prioridades del Gobierno, el Ministro se\u00f1al\u00f3: \u201cEn lo inmediato queremos que la reforma previsional sea ley, lo m\u00e1s consensuada posible. Obras p\u00fablicas es muy importante para nosotros, no solamente para transformar la realidad de la provincia, sino como motor de trabajo. Seguir ordenando el Estado, seguir cuidando el salario del sector p\u00fablico; tambi\u00e9n incentivar, como hicimos con el RINI, generar las condiciones para que cuando la microeconom\u00eda levante venga ac\u00e1 y genere trabajo genuino. El Estado tiene que estar presente, pero el motor de desarrollo y crecimiento es el sector privado\u201d, public\u00f3 lavoz901.<\/p>\n\n\n\n<p>Reforma constitucional<\/p>\n\n\n\n<p>En relaci\u00f3n a una posible reforma constitucional, Troncoso indic\u00f3: \u201cEs algo importante, hay que ver si se nos dan las condiciones para hacerlo. Es una agenda que est\u00e1 ah\u00ed. Hay urgencias m\u00e1s inmediatas. Ser\u00eda muy bueno que podamos repensarnos un sistema de representaci\u00f3n pol\u00edtica m\u00e1s eficiente, menos costoso y m\u00e1s expeditivo. C\u00f3rdoba era bicameral y transit\u00f3 al unicameralismo con mucho \u00e9xito, eso se termine leyes m\u00e1s r\u00e1pidas, con menos burocracia, con menos costo\u201d.<\/p>\n\n\n\n<p>En materia de salud p\u00fablica, consider\u00f3 que \u201cun paso muy importante es el Hospital de la Baxada, terminar las obras, abrirlo 100% a la comunidad, que no sea para pocos. Es un efector muy importante y va a ayudar a descomprimir la alta demanda de salud en la provincia y en Paran\u00e1. Terminamos las charlas con el PAMI para la sesi\u00f3n total a la provincia, eso implica terminar el hospital, que empiece a tener internaci\u00f3n\u201d.<\/p>\n","protected":false},"excerpt":{"rendered":"<p>El ministro de Gobierno y Trabajo de la Provincia, Manuel Troncoso, realiz\u00f3 declaraciones en una radio de Paran\u00e1 y destac\u00f3 diversas acciones del Gobierno, entre las que mencion\u00f3 la paritaria estatal y docente, la reforma previsional y acciones en salud. Sostuvo que \u201cno es joda\u201d mantener la paritaria abierta y relacion\u00f3 con el sector privado [&hellip;]<\/p>\n","protected":false},"author":4,"featured_media":7472,"comment_status":"open","ping_status":"open","sticky":false,"template":"","format":"standard","meta":{"footnotes":""},"categories":[22,17],"tags":[],"class_list":{"0":"post-7471","1":"post","2":"type-post","3":"status-publish","4":"format-standard","5":"has-post-thumbnail","7":"category-politica","8":"category-provinciales"},"yoast_head":"<!-- This site is optimized with the Yoast SEO plugin v27.4 - https:\/\/yoast.com\/product\/yoast-seo-wordpress\/ -->\n<title>Troncoso destac\u00f3 que \u201cno es joda\u201d mantener la paritaria abierta en un contexto de retracci\u00f3n del empleo privado - Diario del Sur<\/title>\n<meta name=\"robots\" content=\"index, follow, max-snippet:-1, max-image-preview:large, max-video-preview:-1\" \/>\n<link rel=\"canonical\" href=\"https:\/\/diariodelsurdigital.com.ar\/?p=7471\" \/>\n<meta property=\"og:locale\" content=\"es_ES\" \/>\n<meta property=\"og:type\" content=\"article\" \/>\n<meta property=\"og:title\" content=\"Troncoso destac\u00f3 que \u201cno es joda\u201d mantener la paritaria abierta en un contexto de retracci\u00f3n del empleo privado - Diario del Sur\" \/>\n<meta property=\"og:description\" content=\"El ministro de Gobierno y Trabajo de la Provincia, Manuel Troncoso, realiz\u00f3 declaraciones en una radio de Paran\u00e1 y destac\u00f3 diversas acciones del Gobierno, entre las que mencion\u00f3 la paritaria estatal y docente, la reforma previsional y acciones en salud. Sostuvo que \u201cno es joda\u201d mantener la paritaria abierta y relacion\u00f3 con el sector privado [&hellip;]\" \/>\n<meta property=\"og:url\" content=\"https:\/\/diariodelsurdigital.com.ar\/?p=7471\" \/>\n<meta property=\"og:site_name\" content=\"Diario del Sur\" \/>\n<meta property=\"article:published_time\" content=\"2026-03-13T18:00:35+00:00\" \/>\n<meta property=\"article:modified_time\" content=\"2026-03-13T18:00:36+00:00\" \/>\n<meta property=\"og:image\" content=\"https:\/\/diariodelsurdigital.com.ar\/wp-content\/uploads\/2026\/03\/md-7.webp\" \/>\n\t<meta property=\"og:image:width\" content=\"992\" \/>\n\t<meta property=\"og:image:height\" content=\"661\" \/>\n\t<meta property=\"og:image:type\" content=\"image\/webp\" \/>\n<meta name=\"author\" content=\"Diario del Sur Digital\" \/>\n<meta name=\"twitter:card\" content=\"summary_large_image\" \/>\n<meta name=\"twitter:label1\" content=\"Escrito por\" \/>\n\t<meta name=\"twitter:data1\" content=\"Diario del Sur Digital\" \/>\n\t<meta name=\"twitter:label2\" content=\"Tiempo de lectura\" \/>\n\t<meta name=\"twitter:data2\" content=\"5 minutos\" \/>\n<script type=\"application\/ld+json\" class=\"yoast-schema-graph\">{\"@context\":\"https:\\\/\\\/schema.org\",\"@graph\":[{\"@type\":\"Article\",\"@id\":\"https:\\\/\\\/diariodelsurdigital.com.ar\\\/?p=7471#article\",\"isPartOf\":{\"@id\":\"https:\\\/\\\/diariodelsurdigital.com.ar\\\/?p=7471\"},\"author\":{\"name\":\"Diario del Sur Digital\",\"@id\":\"https:\\\/\\\/diariodelsurdigital.com.ar\\\/#\\\/schema\\\/person\\\/1a4992532ed62965c968031b49195c81\"},\"headline\":\"Troncoso destac\u00f3 que \u201cno es joda\u201d mantener la paritaria abierta en un contexto de retracci\u00f3n del empleo privado\",\"datePublished\":\"2026-03-13T18:00:35+00:00\",\"dateModified\":\"2026-03-13T18:00:36+00:00\",\"mainEntityOfPage\":{\"@id\":\"https:\\\/\\\/diariodelsurdigital.com.ar\\\/?p=7471\"},\"wordCount\":990,\"commentCount\":0,\"image\":{\"@id\":\"https:\\\/\\\/diariodelsurdigital.com.ar\\\/?p=7471#primaryimage\"},\"thumbnailUrl\":\"https:\\\/\\\/diariodelsurdigital.com.ar\\\/wp-content\\\/uploads\\\/2026\\\/03\\\/md-7.webp\",\"articleSection\":[\"Pol\u00edtica\",\"Provinciales\"],\"inLanguage\":\"es\",\"potentialAction\":[{\"@type\":\"CommentAction\",\"name\":\"Comment\",\"target\":[\"https:\\\/\\\/diariodelsurdigital.com.ar\\\/?p=7471#respond\"]}]},{\"@type\":\"WebPage\",\"@id\":\"https:\\\/\\\/diariodelsurdigital.com.ar\\\/?p=7471\",\"url\":\"https:\\\/\\\/diariodelsurdigital.com.ar\\\/?p=7471\",\"name\":\"Troncoso destac\u00f3 que \u201cno es joda\u201d mantener la paritaria abierta en un contexto de retracci\u00f3n del empleo privado - Diario del Sur\",\"isPartOf\":{\"@id\":\"https:\\\/\\\/diariodelsurdigital.com.ar\\\/#website\"},\"primaryImageOfPage\":{\"@id\":\"https:\\\/\\\/diariodelsurdigital.com.ar\\\/?p=7471#primaryimage\"},\"image\":{\"@id\":\"https:\\\/\\\/diariodelsurdigital.com.ar\\\/?p=7471#primaryimage\"},\"thumbnailUrl\":\"https:\\\/\\\/diariodelsurdigital.com.ar\\\/wp-content\\\/uploads\\\/2026\\\/03\\\/md-7.webp\",\"datePublished\":\"2026-03-13T18:00:35+00:00\",\"dateModified\":\"2026-03-13T18:00:36+00:00\",\"author\":{\"@id\":\"https:\\\/\\\/diariodelsurdigital.com.ar\\\/#\\\/schema\\\/person\\\/1a4992532ed62965c968031b49195c81\"},\"breadcrumb\":{\"@id\":\"https:\\\/\\\/diariodelsurdigital.com.ar\\\/?p=7471#breadcrumb\"},\"inLanguage\":\"es\",\"potentialAction\":[{\"@type\":\"ReadAction\",\"target\":[\"https:\\\/\\\/diariodelsurdigital.com.ar\\\/?p=7471\"]}]},{\"@type\":\"ImageObject\",\"inLanguage\":\"es\",\"@id\":\"https:\\\/\\\/diariodelsurdigital.com.ar\\\/?p=7471#primaryimage\",\"url\":\"https:\\\/\\\/diariodelsurdigital.com.ar\\\/wp-content\\\/uploads\\\/2026\\\/03\\\/md-7.webp\",\"contentUrl\":\"https:\\\/\\\/diariodelsurdigital.com.ar\\\/wp-content\\\/uploads\\\/2026\\\/03\\\/md-7.webp\",\"width\":992,\"height\":661},{\"@type\":\"BreadcrumbList\",\"@id\":\"https:\\\/\\\/diariodelsurdigital.com.ar\\\/?p=7471#breadcrumb\",\"itemListElement\":[{\"@type\":\"ListItem\",\"position\":1,\"name\":\"Portada\",\"item\":\"https:\\\/\\\/diariodelsurdigital.com.ar\\\/\"},{\"@type\":\"ListItem\",\"position\":2,\"name\":\"Troncoso destac\u00f3 que \u201cno es joda\u201d mantener la paritaria abierta en un contexto de retracci\u00f3n del empleo privado\"}]},{\"@type\":\"WebSite\",\"@id\":\"https:\\\/\\\/diariodelsurdigital.com.ar\\\/#website\",\"url\":\"https:\\\/\\\/diariodelsurdigital.com.ar\\\/\",\"name\":\"Diario del Sur\",\"description\":\"Digital\",\"potentialAction\":[{\"@type\":\"SearchAction\",\"target\":{\"@type\":\"EntryPoint\",\"urlTemplate\":\"https:\\\/\\\/diariodelsurdigital.com.ar\\\/?s={search_term_string}\"},\"query-input\":{\"@type\":\"PropertyValueSpecification\",\"valueRequired\":true,\"valueName\":\"search_term_string\"}}],\"inLanguage\":\"es\"},{\"@type\":\"Person\",\"@id\":\"https:\\\/\\\/diariodelsurdigital.com.ar\\\/#\\\/schema\\\/person\\\/1a4992532ed62965c968031b49195c81\",\"name\":\"Diario del Sur Digital\",\"image\":{\"@type\":\"ImageObject\",\"inLanguage\":\"es\",\"@id\":\"https:\\\/\\\/secure.gravatar.com\\\/avatar\\\/f0c7c47fc7146d19828273b9b8eda651c9c7ab583767e6338d3d3bee825adf76?s=96&d=mm&r=g\",\"url\":\"https:\\\/\\\/secure.gravatar.com\\\/avatar\\\/f0c7c47fc7146d19828273b9b8eda651c9c7ab583767e6338d3d3bee825adf76?s=96&d=mm&r=g\",\"contentUrl\":\"https:\\\/\\\/secure.gravatar.com\\\/avatar\\\/f0c7c47fc7146d19828273b9b8eda651c9c7ab583767e6338d3d3bee825adf76?s=96&d=mm&r=g\",\"caption\":\"Diario del Sur Digital\"},\"url\":\"https:\\\/\\\/diariodelsurdigital.com.ar\\\/?author=4\"}]}<\/script>\n<!-- \/ Yoast SEO plugin. -->","yoast_head_json":{"title":"Troncoso destac\u00f3 que \u201cno es joda\u201d mantener la paritaria abierta en un contexto de retracci\u00f3n del empleo privado - Diario del Sur","robots":{"index":"index","follow":"follow","max-snippet":"max-snippet:-1","max-image-preview":"max-image-preview:large","max-video-preview":"max-video-preview:-1"},"canonical":"https:\/\/diariodelsurdigital.com.ar\/?p=7471","og_locale":"es_ES","og_type":"article","og_title":"Troncoso destac\u00f3 que \u201cno es joda\u201d mantener la paritaria abierta en un contexto de retracci\u00f3n del empleo privado - Diario del Sur","og_description":"El ministro de Gobierno y Trabajo de la Provincia, Manuel Troncoso, realiz\u00f3 declaraciones en una radio de Paran\u00e1 y destac\u00f3 diversas acciones del Gobierno, entre las que mencion\u00f3 la paritaria estatal y docente, la reforma previsional y acciones en salud. Sostuvo que \u201cno es joda\u201d mantener la paritaria abierta y relacion\u00f3 con el sector privado [&hellip;]","og_url":"https:\/\/diariodelsurdigital.com.ar\/?p=7471","og_site_name":"Diario del Sur","article_published_time":"2026-03-13T18:00:35+00:00","article_modified_time":"2026-03-13T18:00:36+00:00","og_image":[{"width":992,"height":661,"url":"https:\/\/diariodelsurdigital.com.ar\/wp-content\/uploads\/2026\/03\/md-7.webp","type":"image\/webp"}],"author":"Diario del Sur Digital","twitter_card":"summary_large_image","twitter_misc":{"Escrito por":"Diario del Sur Digital","Tiempo de lectura":"5 minutos"},"schema":{"@context":"https:\/\/schema.org","@graph":[{"@type":"Article","@id":"https:\/\/diariodelsurdigital.com.ar\/?p=7471#article","isPartOf":{"@id":"https:\/\/diariodelsurdigital.com.ar\/?p=7471"},"author":{"name":"Diario del Sur Digital","@id":"https:\/\/diariodelsurdigital.com.ar\/#\/schema\/person\/1a4992532ed62965c968031b49195c81"},"headline":"Troncoso destac\u00f3 que \u201cno es joda\u201d mantener la paritaria abierta en un contexto de retracci\u00f3n del empleo privado","datePublished":"2026-03-13T18:00:35+00:00","dateModified":"2026-03-13T18:00:36+00:00","mainEntityOfPage":{"@id":"https:\/\/diariodelsurdigital.com.ar\/?p=7471"},"wordCount":990,"commentCount":0,"image":{"@id":"https:\/\/diariodelsurdigital.com.ar\/?p=7471#primaryimage"},"thumbnailUrl":"https:\/\/diariodelsurdigital.com.ar\/wp-content\/uploads\/2026\/03\/md-7.webp","articleSection":["Pol\u00edtica","Provinciales"],"inLanguage":"es","potentialAction":[{"@type":"CommentAction","name":"Comment","target":["https:\/\/diariodelsurdigital.com.ar\/?p=7471#respond"]}]},{"@type":"WebPage","@id":"https:\/\/diariodelsurdigital.com.ar\/?p=7471","url":"https:\/\/diariodelsurdigital.com.ar\/?p=7471","name":"Troncoso destac\u00f3 que \u201cno es joda\u201d mantener la paritaria abierta en un contexto de retracci\u00f3n del empleo privado - Diario del Sur","isPartOf":{"@id":"https:\/\/diariodelsurdigital.com.ar\/#website"},"primaryImageOfPage":{"@id":"https:\/\/diariodelsurdigital.com.ar\/?p=7471#primaryimage"},"image":{"@id":"https:\/\/diariodelsurdigital.com.ar\/?p=7471#primaryimage"},"thumbnailUrl":"https:\/\/diariodelsurdigital.com.ar\/wp-content\/uploads\/2026\/03\/md-7.webp","datePublished":"2026-03-13T18:00:35+00:00","dateModified":"2026-03-13T18:00:36+00:00","author":{"@id":"https:\/\/diariodelsurdigital.com.ar\/#\/schema\/person\/1a4992532ed62965c968031b49195c81"},"breadcrumb":{"@id":"https:\/\/diariodelsurdigital.com.ar\/?p=7471#breadcrumb"},"inLanguage":"es","potentialAction":[{"@type":"ReadAction","target":["https:\/\/diariodelsurdigital.com.ar\/?p=7471"]}]},{"@type":"ImageObject","inLanguage":"es","@id":"https:\/\/diariodelsurdigital.com.ar\/?p=7471#primaryimage","url":"https:\/\/diariodelsurdigital.com.ar\/wp-content\/uploads\/2026\/03\/md-7.webp","contentUrl":"https:\/\/diariodelsurdigital.com.ar\/wp-content\/uploads\/2026\/03\/md-7.webp","width":992,"height":661},{"@type":"BreadcrumbList","@id":"https:\/\/diariodelsurdigital.com.ar\/?p=7471#breadcrumb","itemListElement":[{"@type":"ListItem","position":1,"name":"Portada","item":"https:\/\/diariodelsurdigital.com.ar\/"},{"@type":"ListItem","position":2,"name":"Troncoso destac\u00f3 que \u201cno es joda\u201d mantener la paritaria abierta en un contexto de retracci\u00f3n del empleo privado"}]},{"@type":"WebSite","@id":"https:\/\/diariodelsurdigital.com.ar\/#website","url":"https:\/\/diariodelsurdigital.com.ar\/","name":"Diario del Sur","description":"Digital","potentialAction":[{"@type":"SearchAction","target":{"@type":"EntryPoint","urlTemplate":"https:\/\/diariodelsurdigital.com.ar\/?s={search_term_string}"},"query-input":{"@type":"PropertyValueSpecification","valueRequired":true,"valueName":"search_term_string"}}],"inLanguage":"es"},{"@type":"Person","@id":"https:\/\/diariodelsurdigital.com.ar\/#\/schema\/person\/1a4992532ed62965c968031b49195c81","name":"Diario del Sur Digital","image":{"@type":"ImageObject","inLanguage":"es","@id":"https:\/\/secure.gravatar.com\/avatar\/f0c7c47fc7146d19828273b9b8eda651c9c7ab583767e6338d3d3bee825adf76?s=96&d=mm&r=g","url":"https:\/\/secure.gravatar.com\/avatar\/f0c7c47fc7146d19828273b9b8eda651c9c7ab583767e6338d3d3bee825adf76?s=96&d=mm&r=g","contentUrl":"https:\/\/secure.gravatar.com\/avatar\/f0c7c47fc7146d19828273b9b8eda651c9c7ab583767e6338d3d3bee825adf76?s=96&d=mm&r=g","caption":"Diario del Sur Digital"},"url":"https:\/\/diariodelsurdigital.com.ar\/?author=4"}]}},"_links":{"self":[{"href":"https:\/\/diariodelsurdigital.com.ar\/index.php?rest_route=\/wp\/v2\/posts\/7471","targetHints":{"allow":["GET"]}}],"collection":[{"href":"https:\/\/diariodelsurdigital.com.ar\/index.php?rest_route=\/wp\/v2\/posts"}],"about":[{"href":"https:\/\/diariodelsurdigital.com.ar\/index.php?rest_route=\/wp\/v2\/types\/post"}],"author":[{"embeddable":true,"href":"https:\/\/diariodelsurdigital.com.ar\/index.php?rest_route=\/wp\/v2\/users\/4"}],"replies":[{"embeddable":true,"href":"https:\/\/diariodelsurdigital.com.ar\/index.php?rest_route=%2Fwp%2Fv2%2Fcomments&post=7471"}],"version-history":[{"count":1,"href":"https:\/\/diariodelsurdigital.com.ar\/index.php?rest_route=\/wp\/v2\/posts\/7471\/revisions"}],"predecessor-version":[{"id":7473,"href":"https:\/\/diariodelsurdigital.com.ar\/index.php?rest_route=\/wp\/v2\/posts\/7471\/revisions\/7473"}],"wp:featuredmedia":[{"embeddable":true,"href":"https:\/\/diariodelsurdigital.com.ar\/index.php?rest_route=\/wp\/v2\/media\/7472"}],"wp:attachment":[{"href":"https:\/\/diariodelsurdigital.com.ar\/index.php?rest_route=%2Fwp%2Fv2%2Fmedia&parent=7471"}],"wp:term":[{"taxonomy":"category","embeddable":true,"href":"https:\/\/diariodelsurdigital.com.ar\/index.php?rest_route=%2Fwp%2Fv2%2Fcategories&post=7471"},{"taxonomy":"post_tag","embeddable":true,"href":"https:\/\/diariodelsurdigital.com.ar\/index.php?rest_route=%2Fwp%2Fv2%2Ftags&post=7471"}],"curies":[{"name":"wp","href":"https:\/\/api.w.org\/{rel}","templated":true}]}}