{"id":7477,"date":"2026-03-13T20:13:30","date_gmt":"2026-03-13T23:13:30","guid":{"rendered":"https:\/\/diariodelsurdigital.com.ar\/?p=7477"},"modified":"2026-03-13T20:13:30","modified_gmt":"2026-03-13T23:13:30","slug":"vuelco-en-la-ruta-se-cobro-la-vida-de-una-bebe-entrerriana-de-5-meses","status":"publish","type":"post","link":"https:\/\/diariodelsurdigital.com.ar\/?p=7477","title":{"rendered":"Vuelco en la ruta se cobr\u00f3 la vida de una beb\u00e9 entrerriana de 5 meses"},"content":{"rendered":"\n<figure class=\"wp-block-image\"><img decoding=\"async\" src=\"https:\/\/media.elentrerios.com\/fotos-v2\/2026\/03\/13\/l_1773435712.jpg\" alt=\"Cr\u00e9dito: Portal Mocoret\u00e1\" title=\"Cr\u00e9dito: Portal Mocoret\u00e1\"\/><\/figure>\n\n\n\n<p>El vuelco fatal de un veh\u00edculo en Ruta 14, donde falleci\u00f3 una beb\u00e9 entrerriana, conmocion\u00f3 a la regi\u00f3n esta tarde.<\/p>\n\n\n\n<p>Seg\u00fan dieron a conocer medios de la provincia de Corrientes, un siniestro vial ocurrido este viernes provoc\u00f3 la muerte de una ni\u00f1a de cinco meses y dej\u00f3 heridos a sus padres, quienes permanecen internados. El hecho ocurri\u00f3 sobre la Ruta Nacional 14, a la altura del kil\u00f3metro 361, cerca del peaje Piedritas, en jurisdicci\u00f3n de la provincia de Corrientes.<\/p>\n\n\n\n<p>Fuentes vinculadas a la Fiscal\u00eda de Mocoret\u00e1 informaron que el accidente se produjo alrededor de las 11:30 cuando, por causas que a\u00fan son materia de investigaci\u00f3n, una camioneta Toyota SW4 perdi\u00f3 el control, despist\u00f3 y termin\u00f3 volcando.<\/p>\n\n\n\n<p>En el veh\u00edculo viajaba una familia oriunda de Chajar\u00ed que se dirig\u00eda hacia Misiones. A ra\u00edz del impacto, la beb\u00e9 de cinco meses sufri\u00f3 graves lesiones y debi\u00f3 ser trasladada de urgencia a un centro de salud de Mocoret\u00e1, donde minutos m\u00e1s tarde se confirm\u00f3 su fallecimiento pese a los esfuerzos del personal m\u00e9dico.<\/p>\n\n\n\n<h3 class=\"wp-block-heading\">Dram\u00e1tico traslado y estado de los padres<\/h3>\n\n\n\n<p>El fallecimiento de la bebita gener\u00f3 escenas de profundo dolor y dramatismo en el hospital local, donde profesionales de la salud intentaron asistir a la menor tras el grave siniestro.<\/p>\n\n\n\n<p>Seg\u00fan trascendi\u00f3, la familia involucrada en el accidente ser\u00eda de apellido Costich, conocida en la ciudad de Chajar\u00ed, lo que gener\u00f3 una fuerte conmoci\u00f3n entre vecinos y allegados.<\/p>\n\n\n\n<p>En tanto, la madre de la beba qued\u00f3 internada en el Hospital Samuel W. Robinson. De acuerdo con la informaci\u00f3n difundida por fuentes sanitarias, presentaba traumatismos que requer\u00edan una intervenci\u00f3n quir\u00fargica producto de las heridas sufridas durante el vuelco.<\/p>\n\n\n\n<p>Por su parte, el padre tambi\u00e9n permanec\u00eda hospitalizado bajo observaci\u00f3n m\u00e9dica debido a las lesiones ocasionadas por el siniestro vial. Ambos adultos continuaban recibiendo atenci\u00f3n m\u00e9dica mientras avanzan las investigaciones para determinar qu\u00e9 ocurri\u00f3 en la ruta.<\/p>\n\n\n\n<p>Las primeras pericias realizadas en el lugar indicaron que no habr\u00eda otros veh\u00edculos involucrados en el accidente. Este dato surge de un an\u00e1lisis preliminar de las c\u00e1maras de seguridad instaladas en el sector del peaje y en los alrededores del tramo donde ocurri\u00f3 el vuelco.<\/p>\n\n\n\n<p>Se intenta determinar si el despiste pudo haberse producido por una maniobra brusca, una falla mec\u00e1nica u otra circunstancia.<\/p>\n\n\n\n<p>La investigaci\u00f3n qued\u00f3 bajo la \u00f3rbita de la Fiscal\u00eda de Mocoret\u00e1, que trabaja con personal policial y peritos especializados para reconstruir la din\u00e1mica del siniestro.<\/p>\n\n\n\n<h3 class=\"wp-block-heading\">Operativo de rescate y asistencia en el lugar<\/h3>\n\n\n\n<p>Tras el vuelco, diferentes equipos de emergencia acudieron al lugar para asistir a las v\u00edctimas y asegurar la zona. Entre ellos trabajaron integrantes del Cuerpo de Bomberos Voluntarios de Mocoret\u00e1, quienes realizaron las tareas de rescate y primeros auxilios.<\/p>\n\n\n\n<p>Tambi\u00e9n participaron efectivos de la Polic\u00eda de Corrientes y de Gendarmer\u00eda Nacional Argentina, que desplegaron un operativo para ordenar el tr\u00e1nsito y colaborar en las tareas de asistencia, public\u00f3 Portal Mocoret\u00e1.<\/p>\n\n\n\n<p>Fuente: El Entre Rios<\/p>\n","protected":false},"excerpt":{"rendered":"<p>El vuelco fatal de un veh\u00edculo en Ruta 14, donde falleci\u00f3 una beb\u00e9 entrerriana, conmocion\u00f3 a la regi\u00f3n esta tarde. Seg\u00fan dieron a conocer medios de la provincia de Corrientes, un siniestro vial ocurrido este viernes provoc\u00f3 la muerte de una ni\u00f1a de cinco meses y dej\u00f3 heridos a sus padres, quienes permanecen internados. El [&hellip;]<\/p>\n","protected":false},"author":3,"featured_media":7478,"comment_status":"open","ping_status":"open","sticky":false,"template":"","format":"standard","meta":{"footnotes":""},"categories":[21],"tags":[],"class_list":{"0":"post-7477","1":"post","2":"type-post","3":"status-publish","4":"format-standard","5":"has-post-thumbnail","7":"category-policiales"},"yoast_head":"<!-- This site is optimized with the Yoast SEO plugin v27.4 - https:\/\/yoast.com\/product\/yoast-seo-wordpress\/ -->\n<title>Vuelco en la ruta se cobr\u00f3 la vida de una beb\u00e9 entrerriana de 5 meses - Diario del Sur<\/title>\n<meta name=\"robots\" content=\"index, follow, max-snippet:-1, max-image-preview:large, max-video-preview:-1\" \/>\n<link rel=\"canonical\" href=\"https:\/\/diariodelsurdigital.com.ar\/?p=7477\" \/>\n<meta property=\"og:locale\" content=\"es_ES\" \/>\n<meta property=\"og:type\" content=\"article\" \/>\n<meta property=\"og:title\" content=\"Vuelco en la ruta se cobr\u00f3 la vida de una beb\u00e9 entrerriana de 5 meses - Diario del Sur\" \/>\n<meta property=\"og:description\" content=\"El vuelco fatal de un veh\u00edculo en Ruta 14, donde falleci\u00f3 una beb\u00e9 entrerriana, conmocion\u00f3 a la regi\u00f3n esta tarde. Seg\u00fan dieron a conocer medios de la provincia de Corrientes, un siniestro vial ocurrido este viernes provoc\u00f3 la muerte de una ni\u00f1a de cinco meses y dej\u00f3 heridos a sus padres, quienes permanecen internados. El [&hellip;]\" \/>\n<meta property=\"og:url\" content=\"https:\/\/diariodelsurdigital.com.ar\/?p=7477\" \/>\n<meta property=\"og:site_name\" content=\"Diario del Sur\" \/>\n<meta property=\"article:published_time\" content=\"2026-03-13T23:13:30+00:00\" \/>\n<meta property=\"og:image\" content=\"https:\/\/diariodelsurdigital.com.ar\/wp-content\/uploads\/2026\/03\/l_1773435712.jpg\" \/>\n\t<meta property=\"og:image:width\" content=\"870\" \/>\n\t<meta property=\"og:image:height\" content=\"580\" \/>\n\t<meta property=\"og:image:type\" content=\"image\/jpeg\" \/>\n<meta name=\"author\" content=\"Diario del Sur Digital\" \/>\n<meta name=\"twitter:card\" content=\"summary_large_image\" \/>\n<meta name=\"twitter:label1\" content=\"Escrito por\" \/>\n\t<meta name=\"twitter:data1\" content=\"Diario del Sur Digital\" \/>\n\t<meta name=\"twitter:label2\" content=\"Tiempo de lectura\" \/>\n\t<meta name=\"twitter:data2\" content=\"3 minutos\" \/>\n<script type=\"application\/ld+json\" class=\"yoast-schema-graph\">{\"@context\":\"https:\\\/\\\/schema.org\",\"@graph\":[{\"@type\":\"Article\",\"@id\":\"https:\\\/\\\/diariodelsurdigital.com.ar\\\/?p=7477#article\",\"isPartOf\":{\"@id\":\"https:\\\/\\\/diariodelsurdigital.com.ar\\\/?p=7477\"},\"author\":{\"name\":\"Diario del Sur Digital\",\"@id\":\"https:\\\/\\\/diariodelsurdigital.com.ar\\\/#\\\/schema\\\/person\\\/d794acb23337e88c6e4004a39c32be62\"},\"headline\":\"Vuelco en la ruta se cobr\u00f3 la vida de una beb\u00e9 entrerriana de 5 meses\",\"datePublished\":\"2026-03-13T23:13:30+00:00\",\"mainEntityOfPage\":{\"@id\":\"https:\\\/\\\/diariodelsurdigital.com.ar\\\/?p=7477\"},\"wordCount\":533,\"commentCount\":0,\"image\":{\"@id\":\"https:\\\/\\\/diariodelsurdigital.com.ar\\\/?p=7477#primaryimage\"},\"thumbnailUrl\":\"https:\\\/\\\/diariodelsurdigital.com.ar\\\/wp-content\\\/uploads\\\/2026\\\/03\\\/l_1773435712.jpg\",\"articleSection\":[\"Policiales\"],\"inLanguage\":\"es\",\"potentialAction\":[{\"@type\":\"CommentAction\",\"name\":\"Comment\",\"target\":[\"https:\\\/\\\/diariodelsurdigital.com.ar\\\/?p=7477#respond\"]}]},{\"@type\":\"WebPage\",\"@id\":\"https:\\\/\\\/diariodelsurdigital.com.ar\\\/?p=7477\",\"url\":\"https:\\\/\\\/diariodelsurdigital.com.ar\\\/?p=7477\",\"name\":\"Vuelco en la ruta se cobr\u00f3 la vida de una beb\u00e9 entrerriana de 5 meses - Diario del Sur\",\"isPartOf\":{\"@id\":\"https:\\\/\\\/diariodelsurdigital.com.ar\\\/#website\"},\"primaryImageOfPage\":{\"@id\":\"https:\\\/\\\/diariodelsurdigital.com.ar\\\/?p=7477#primaryimage\"},\"image\":{\"@id\":\"https:\\\/\\\/diariodelsurdigital.com.ar\\\/?p=7477#primaryimage\"},\"thumbnailUrl\":\"https:\\\/\\\/diariodelsurdigital.com.ar\\\/wp-content\\\/uploads\\\/2026\\\/03\\\/l_1773435712.jpg\",\"datePublished\":\"2026-03-13T23:13:30+00:00\",\"author\":{\"@id\":\"https:\\\/\\\/diariodelsurdigital.com.ar\\\/#\\\/schema\\\/person\\\/d794acb23337e88c6e4004a39c32be62\"},\"breadcrumb\":{\"@id\":\"https:\\\/\\\/diariodelsurdigital.com.ar\\\/?p=7477#breadcrumb\"},\"inLanguage\":\"es\",\"potentialAction\":[{\"@type\":\"ReadAction\",\"target\":[\"https:\\\/\\\/diariodelsurdigital.com.ar\\\/?p=7477\"]}]},{\"@type\":\"ImageObject\",\"inLanguage\":\"es\",\"@id\":\"https:\\\/\\\/diariodelsurdigital.com.ar\\\/?p=7477#primaryimage\",\"url\":\"https:\\\/\\\/diariodelsurdigital.com.ar\\\/wp-content\\\/uploads\\\/2026\\\/03\\\/l_1773435712.jpg\",\"contentUrl\":\"https:\\\/\\\/diariodelsurdigital.com.ar\\\/wp-content\\\/uploads\\\/2026\\\/03\\\/l_1773435712.jpg\",\"width\":870,\"height\":580},{\"@type\":\"BreadcrumbList\",\"@id\":\"https:\\\/\\\/diariodelsurdigital.com.ar\\\/?p=7477#breadcrumb\",\"itemListElement\":[{\"@type\":\"ListItem\",\"position\":1,\"name\":\"Portada\",\"item\":\"https:\\\/\\\/diariodelsurdigital.com.ar\\\/\"},{\"@type\":\"ListItem\",\"position\":2,\"name\":\"Vuelco en la ruta se cobr\u00f3 la vida de una beb\u00e9 entrerriana de 5 meses\"}]},{\"@type\":\"WebSite\",\"@id\":\"https:\\\/\\\/diariodelsurdigital.com.ar\\\/#website\",\"url\":\"https:\\\/\\\/diariodelsurdigital.com.ar\\\/\",\"name\":\"Diario del Sur\",\"description\":\"Digital\",\"potentialAction\":[{\"@type\":\"SearchAction\",\"target\":{\"@type\":\"EntryPoint\",\"urlTemplate\":\"https:\\\/\\\/diariodelsurdigital.com.ar\\\/?s={search_term_string}\"},\"query-input\":{\"@type\":\"PropertyValueSpecification\",\"valueRequired\":true,\"valueName\":\"search_term_string\"}}],\"inLanguage\":\"es\"},{\"@type\":\"Person\",\"@id\":\"https:\\\/\\\/diariodelsurdigital.com.ar\\\/#\\\/schema\\\/person\\\/d794acb23337e88c6e4004a39c32be62\",\"name\":\"Diario del Sur Digital\",\"image\":{\"@type\":\"ImageObject\",\"inLanguage\":\"es\",\"@id\":\"https:\\\/\\\/secure.gravatar.com\\\/avatar\\\/47679bcfa15734cfdefc176b6ad58adeeccac22b2e03e095ada6c622af2b463a?s=96&d=mm&r=g\",\"url\":\"https:\\\/\\\/secure.gravatar.com\\\/avatar\\\/47679bcfa15734cfdefc176b6ad58adeeccac22b2e03e095ada6c622af2b463a?s=96&d=mm&r=g\",\"contentUrl\":\"https:\\\/\\\/secure.gravatar.com\\\/avatar\\\/47679bcfa15734cfdefc176b6ad58adeeccac22b2e03e095ada6c622af2b463a?s=96&d=mm&r=g\",\"caption\":\"Diario del Sur Digital\"},\"url\":\"https:\\\/\\\/diariodelsurdigital.com.ar\\\/?author=3\"}]}<\/script>\n<!-- \/ Yoast SEO plugin. -->","yoast_head_json":{"title":"Vuelco en la ruta se cobr\u00f3 la vida de una beb\u00e9 entrerriana de 5 meses - Diario del Sur","robots":{"index":"index","follow":"follow","max-snippet":"max-snippet:-1","max-image-preview":"max-image-preview:large","max-video-preview":"max-video-preview:-1"},"canonical":"https:\/\/diariodelsurdigital.com.ar\/?p=7477","og_locale":"es_ES","og_type":"article","og_title":"Vuelco en la ruta se cobr\u00f3 la vida de una beb\u00e9 entrerriana de 5 meses - Diario del Sur","og_description":"El vuelco fatal de un veh\u00edculo en Ruta 14, donde falleci\u00f3 una beb\u00e9 entrerriana, conmocion\u00f3 a la regi\u00f3n esta tarde. Seg\u00fan dieron a conocer medios de la provincia de Corrientes, un siniestro vial ocurrido este viernes provoc\u00f3 la muerte de una ni\u00f1a de cinco meses y dej\u00f3 heridos a sus padres, quienes permanecen internados. El [&hellip;]","og_url":"https:\/\/diariodelsurdigital.com.ar\/?p=7477","og_site_name":"Diario del Sur","article_published_time":"2026-03-13T23:13:30+00:00","og_image":[{"width":870,"height":580,"url":"https:\/\/diariodelsurdigital.com.ar\/wp-content\/uploads\/2026\/03\/l_1773435712.jpg","type":"image\/jpeg"}],"author":"Diario del Sur Digital","twitter_card":"summary_large_image","twitter_misc":{"Escrito por":"Diario del Sur Digital","Tiempo de lectura":"3 minutos"},"schema":{"@context":"https:\/\/schema.org","@graph":[{"@type":"Article","@id":"https:\/\/diariodelsurdigital.com.ar\/?p=7477#article","isPartOf":{"@id":"https:\/\/diariodelsurdigital.com.ar\/?p=7477"},"author":{"name":"Diario del Sur Digital","@id":"https:\/\/diariodelsurdigital.com.ar\/#\/schema\/person\/d794acb23337e88c6e4004a39c32be62"},"headline":"Vuelco en la ruta se cobr\u00f3 la vida de una beb\u00e9 entrerriana de 5 meses","datePublished":"2026-03-13T23:13:30+00:00","mainEntityOfPage":{"@id":"https:\/\/diariodelsurdigital.com.ar\/?p=7477"},"wordCount":533,"commentCount":0,"image":{"@id":"https:\/\/diariodelsurdigital.com.ar\/?p=7477#primaryimage"},"thumbnailUrl":"https:\/\/diariodelsurdigital.com.ar\/wp-content\/uploads\/2026\/03\/l_1773435712.jpg","articleSection":["Policiales"],"inLanguage":"es","potentialAction":[{"@type":"CommentAction","name":"Comment","target":["https:\/\/diariodelsurdigital.com.ar\/?p=7477#respond"]}]},{"@type":"WebPage","@id":"https:\/\/diariodelsurdigital.com.ar\/?p=7477","url":"https:\/\/diariodelsurdigital.com.ar\/?p=7477","name":"Vuelco en la ruta se cobr\u00f3 la vida de una beb\u00e9 entrerriana de 5 meses - Diario del Sur","isPartOf":{"@id":"https:\/\/diariodelsurdigital.com.ar\/#website"},"primaryImageOfPage":{"@id":"https:\/\/diariodelsurdigital.com.ar\/?p=7477#primaryimage"},"image":{"@id":"https:\/\/diariodelsurdigital.com.ar\/?p=7477#primaryimage"},"thumbnailUrl":"https:\/\/diariodelsurdigital.com.ar\/wp-content\/uploads\/2026\/03\/l_1773435712.jpg","datePublished":"2026-03-13T23:13:30+00:00","author":{"@id":"https:\/\/diariodelsurdigital.com.ar\/#\/schema\/person\/d794acb23337e88c6e4004a39c32be62"},"breadcrumb":{"@id":"https:\/\/diariodelsurdigital.com.ar\/?p=7477#breadcrumb"},"inLanguage":"es","potentialAction":[{"@type":"ReadAction","target":["https:\/\/diariodelsurdigital.com.ar\/?p=7477"]}]},{"@type":"ImageObject","inLanguage":"es","@id":"https:\/\/diariodelsurdigital.com.ar\/?p=7477#primaryimage","url":"https:\/\/diariodelsurdigital.com.ar\/wp-content\/uploads\/2026\/03\/l_1773435712.jpg","contentUrl":"https:\/\/diariodelsurdigital.com.ar\/wp-content\/uploads\/2026\/03\/l_1773435712.jpg","width":870,"height":580},{"@type":"BreadcrumbList","@id":"https:\/\/diariodelsurdigital.com.ar\/?p=7477#breadcrumb","itemListElement":[{"@type":"ListItem","position":1,"name":"Portada","item":"https:\/\/diariodelsurdigital.com.ar\/"},{"@type":"ListItem","position":2,"name":"Vuelco en la ruta se cobr\u00f3 la vida de una beb\u00e9 entrerriana de 5 meses"}]},{"@type":"WebSite","@id":"https:\/\/diariodelsurdigital.com.ar\/#website","url":"https:\/\/diariodelsurdigital.com.ar\/","name":"Diario del Sur","description":"Digital","potentialAction":[{"@type":"SearchAction","target":{"@type":"EntryPoint","urlTemplate":"https:\/\/diariodelsurdigital.com.ar\/?s={search_term_string}"},"query-input":{"@type":"PropertyValueSpecification","valueRequired":true,"valueName":"search_term_string"}}],"inLanguage":"es"},{"@type":"Person","@id":"https:\/\/diariodelsurdigital.com.ar\/#\/schema\/person\/d794acb23337e88c6e4004a39c32be62","name":"Diario del Sur Digital","image":{"@type":"ImageObject","inLanguage":"es","@id":"https:\/\/secure.gravatar.com\/avatar\/47679bcfa15734cfdefc176b6ad58adeeccac22b2e03e095ada6c622af2b463a?s=96&d=mm&r=g","url":"https:\/\/secure.gravatar.com\/avatar\/47679bcfa15734cfdefc176b6ad58adeeccac22b2e03e095ada6c622af2b463a?s=96&d=mm&r=g","contentUrl":"https:\/\/secure.gravatar.com\/avatar\/47679bcfa15734cfdefc176b6ad58adeeccac22b2e03e095ada6c622af2b463a?s=96&d=mm&r=g","caption":"Diario del Sur Digital"},"url":"https:\/\/diariodelsurdigital.com.ar\/?author=3"}]}},"_links":{"self":[{"href":"https:\/\/diariodelsurdigital.com.ar\/index.php?rest_route=\/wp\/v2\/posts\/7477","targetHints":{"allow":["GET"]}}],"collection":[{"href":"https:\/\/diariodelsurdigital.com.ar\/index.php?rest_route=\/wp\/v2\/posts"}],"about":[{"href":"https:\/\/diariodelsurdigital.com.ar\/index.php?rest_route=\/wp\/v2\/types\/post"}],"author":[{"embeddable":true,"href":"https:\/\/diariodelsurdigital.com.ar\/index.php?rest_route=\/wp\/v2\/users\/3"}],"replies":[{"embeddable":true,"href":"https:\/\/diariodelsurdigital.com.ar\/index.php?rest_route=%2Fwp%2Fv2%2Fcomments&post=7477"}],"version-history":[{"count":1,"href":"https:\/\/diariodelsurdigital.com.ar\/index.php?rest_route=\/wp\/v2\/posts\/7477\/revisions"}],"predecessor-version":[{"id":7479,"href":"https:\/\/diariodelsurdigital.com.ar\/index.php?rest_route=\/wp\/v2\/posts\/7477\/revisions\/7479"}],"wp:featuredmedia":[{"embeddable":true,"href":"https:\/\/diariodelsurdigital.com.ar\/index.php?rest_route=\/wp\/v2\/media\/7478"}],"wp:attachment":[{"href":"https:\/\/diariodelsurdigital.com.ar\/index.php?rest_route=%2Fwp%2Fv2%2Fmedia&parent=7477"}],"wp:term":[{"taxonomy":"category","embeddable":true,"href":"https:\/\/diariodelsurdigital.com.ar\/index.php?rest_route=%2Fwp%2Fv2%2Fcategories&post=7477"},{"taxonomy":"post_tag","embeddable":true,"href":"https:\/\/diariodelsurdigital.com.ar\/index.php?rest_route=%2Fwp%2Fv2%2Ftags&post=7477"}],"curies":[{"name":"wp","href":"https:\/\/api.w.org\/{rel}","templated":true}]}}