{"id":7480,"date":"2026-03-13T20:15:41","date_gmt":"2026-03-13T23:15:41","guid":{"rendered":"https:\/\/diariodelsurdigital.com.ar\/?p=7480"},"modified":"2026-03-13T20:15:41","modified_gmt":"2026-03-13T23:15:41","slug":"tres-aprehendidos-por-abuso-de-armas-y-desobediencia-judicial","status":"publish","type":"post","link":"https:\/\/diariodelsurdigital.com.ar\/?p=7480","title":{"rendered":"Tres aprehendidos por abuso de armas y desobediencia judicial"},"content":{"rendered":"\n<p><strong>Tres hombres fueron aprehendidos tras un procedimiento policial realizado en el barrio Los P\u00e1jaros, luego de un episodio en el que uno de ellos efectu\u00f3 disparos al aire y viol\u00f3 una medida judicial de restricci\u00f3n. El hecho motiv\u00f3 la intervenci\u00f3n de efectivos de la Comisar\u00eda S\u00e9ptima, quienes acudieron a un domicilio de la zona tras ser alertados sobre una situaci\u00f3n de amenazas.<\/strong><\/p>\n\n\n\n<figure class=\"wp-block-image\"><img decoding=\"async\" src=\"https:\/\/cdnartic.ar\/uz-016xzIdVwKLnaoPsKDUsjlNo=\/1500x0\/filters:no_upscale():format(webp):quality(40)\/https:\/\/elheraldocdn.eleco.com.ar\/media\/2026\/03\/abuso_de_armas.jpeg\" alt=\"Tres aprehendidos por abuso de armas y desobediencia judicial\"\/><\/figure>\n\n\n\n<p>En el lugar se presentaron tres masculinos y uno de ellos \u2014sobre quien pesaba una prohibici\u00f3n de acercamiento al domicilio\u2014 habr\u00eda realizado acciones intimidatorias efectuando disparos al aire con un arma de fuego. Afortunadamente, no se registraron personas lesionadas.<\/p>\n\n\n\n<p>Ante esta situaci\u00f3n, los efectivos iniciaron una persecuci\u00f3n a pie por sectores de monte cercanos, logrando interceptar y aprehender a los tres individuos. Durante la huida, los sospechosos descartaron un arma tipo rev\u00f3lver calibre .22 largo, la cual fue arrojada en el interior de una casilla abandonada ubicada a unos 200 metros del lugar del hecho.<\/p>\n\n\n\n<p>El arma fue posteriormente secuestrada por el personal policial. La casilla que era utilizada como refugio por personas presuntamente vinculadas a actividades delictivas fue desarmada.<\/p>\n\n\n\n<p>Los tres aprehendidos quedaron a disposici\u00f3n de la Justicia en el marco de una causa por abuso de armas y desobediencia judicial.<\/p>\n\n\n\n<p>Fuente: El Heraldo<\/p>\n","protected":false},"excerpt":{"rendered":"<p>Tres hombres fueron aprehendidos tras un procedimiento policial realizado en el barrio Los P\u00e1jaros, luego de un episodio en el que uno de ellos efectu\u00f3 disparos al aire y viol\u00f3 una medida judicial de restricci\u00f3n. El hecho motiv\u00f3 la intervenci\u00f3n de efectivos de la Comisar\u00eda S\u00e9ptima, quienes acudieron a un domicilio de la zona tras [&hellip;]<\/p>\n","protected":false},"author":3,"featured_media":7481,"comment_status":"open","ping_status":"open","sticky":false,"template":"","format":"standard","meta":{"footnotes":""},"categories":[21],"tags":[],"class_list":{"0":"post-7480","1":"post","2":"type-post","3":"status-publish","4":"format-standard","5":"has-post-thumbnail","7":"category-policiales"},"yoast_head":"<!-- This site is optimized with the Yoast SEO plugin v27.4 - https:\/\/yoast.com\/product\/yoast-seo-wordpress\/ -->\n<title>Tres aprehendidos por abuso de armas y desobediencia judicial - Diario del Sur<\/title>\n<meta name=\"robots\" content=\"index, follow, max-snippet:-1, max-image-preview:large, max-video-preview:-1\" \/>\n<link rel=\"canonical\" href=\"https:\/\/diariodelsurdigital.com.ar\/?p=7480\" \/>\n<meta property=\"og:locale\" content=\"es_ES\" \/>\n<meta property=\"og:type\" content=\"article\" \/>\n<meta property=\"og:title\" content=\"Tres aprehendidos por abuso de armas y desobediencia judicial - Diario del Sur\" \/>\n<meta property=\"og:description\" content=\"Tres hombres fueron aprehendidos tras un procedimiento policial realizado en el barrio Los P\u00e1jaros, luego de un episodio en el que uno de ellos efectu\u00f3 disparos al aire y viol\u00f3 una medida judicial de restricci\u00f3n. El hecho motiv\u00f3 la intervenci\u00f3n de efectivos de la Comisar\u00eda S\u00e9ptima, quienes acudieron a un domicilio de la zona tras [&hellip;]\" \/>\n<meta property=\"og:url\" content=\"https:\/\/diariodelsurdigital.com.ar\/?p=7480\" \/>\n<meta property=\"og:site_name\" content=\"Diario del Sur\" \/>\n<meta property=\"article:published_time\" content=\"2026-03-13T23:15:41+00:00\" \/>\n<meta property=\"og:image\" content=\"https:\/\/diariodelsurdigital.com.ar\/wp-content\/uploads\/2026\/03\/abuso_de_armas.webp\" \/>\n\t<meta property=\"og:image:width\" content=\"822\" \/>\n\t<meta property=\"og:image:height\" content=\"822\" \/>\n\t<meta property=\"og:image:type\" content=\"image\/webp\" \/>\n<meta name=\"author\" content=\"Diario del Sur Digital\" \/>\n<meta name=\"twitter:card\" content=\"summary_large_image\" \/>\n<meta name=\"twitter:label1\" content=\"Escrito por\" \/>\n\t<meta name=\"twitter:data1\" content=\"Diario del Sur Digital\" \/>\n\t<meta name=\"twitter:label2\" content=\"Tiempo de lectura\" \/>\n\t<meta name=\"twitter:data2\" content=\"2 minutos\" \/>\n<script type=\"application\/ld+json\" class=\"yoast-schema-graph\">{\"@context\":\"https:\\\/\\\/schema.org\",\"@graph\":[{\"@type\":\"Article\",\"@id\":\"https:\\\/\\\/diariodelsurdigital.com.ar\\\/?p=7480#article\",\"isPartOf\":{\"@id\":\"https:\\\/\\\/diariodelsurdigital.com.ar\\\/?p=7480\"},\"author\":{\"name\":\"Diario del Sur Digital\",\"@id\":\"https:\\\/\\\/diariodelsurdigital.com.ar\\\/#\\\/schema\\\/person\\\/d794acb23337e88c6e4004a39c32be62\"},\"headline\":\"Tres aprehendidos por abuso de armas y desobediencia judicial\",\"datePublished\":\"2026-03-13T23:15:41+00:00\",\"mainEntityOfPage\":{\"@id\":\"https:\\\/\\\/diariodelsurdigital.com.ar\\\/?p=7480\"},\"wordCount\":226,\"commentCount\":0,\"image\":{\"@id\":\"https:\\\/\\\/diariodelsurdigital.com.ar\\\/?p=7480#primaryimage\"},\"thumbnailUrl\":\"https:\\\/\\\/diariodelsurdigital.com.ar\\\/wp-content\\\/uploads\\\/2026\\\/03\\\/abuso_de_armas.webp\",\"articleSection\":[\"Policiales\"],\"inLanguage\":\"es\",\"potentialAction\":[{\"@type\":\"CommentAction\",\"name\":\"Comment\",\"target\":[\"https:\\\/\\\/diariodelsurdigital.com.ar\\\/?p=7480#respond\"]}]},{\"@type\":\"WebPage\",\"@id\":\"https:\\\/\\\/diariodelsurdigital.com.ar\\\/?p=7480\",\"url\":\"https:\\\/\\\/diariodelsurdigital.com.ar\\\/?p=7480\",\"name\":\"Tres aprehendidos por abuso de armas y desobediencia judicial - Diario del Sur\",\"isPartOf\":{\"@id\":\"https:\\\/\\\/diariodelsurdigital.com.ar\\\/#website\"},\"primaryImageOfPage\":{\"@id\":\"https:\\\/\\\/diariodelsurdigital.com.ar\\\/?p=7480#primaryimage\"},\"image\":{\"@id\":\"https:\\\/\\\/diariodelsurdigital.com.ar\\\/?p=7480#primaryimage\"},\"thumbnailUrl\":\"https:\\\/\\\/diariodelsurdigital.com.ar\\\/wp-content\\\/uploads\\\/2026\\\/03\\\/abuso_de_armas.webp\",\"datePublished\":\"2026-03-13T23:15:41+00:00\",\"author\":{\"@id\":\"https:\\\/\\\/diariodelsurdigital.com.ar\\\/#\\\/schema\\\/person\\\/d794acb23337e88c6e4004a39c32be62\"},\"breadcrumb\":{\"@id\":\"https:\\\/\\\/diariodelsurdigital.com.ar\\\/?p=7480#breadcrumb\"},\"inLanguage\":\"es\",\"potentialAction\":[{\"@type\":\"ReadAction\",\"target\":[\"https:\\\/\\\/diariodelsurdigital.com.ar\\\/?p=7480\"]}]},{\"@type\":\"ImageObject\",\"inLanguage\":\"es\",\"@id\":\"https:\\\/\\\/diariodelsurdigital.com.ar\\\/?p=7480#primaryimage\",\"url\":\"https:\\\/\\\/diariodelsurdigital.com.ar\\\/wp-content\\\/uploads\\\/2026\\\/03\\\/abuso_de_armas.webp\",\"contentUrl\":\"https:\\\/\\\/diariodelsurdigital.com.ar\\\/wp-content\\\/uploads\\\/2026\\\/03\\\/abuso_de_armas.webp\",\"width\":822,\"height\":822},{\"@type\":\"BreadcrumbList\",\"@id\":\"https:\\\/\\\/diariodelsurdigital.com.ar\\\/?p=7480#breadcrumb\",\"itemListElement\":[{\"@type\":\"ListItem\",\"position\":1,\"name\":\"Portada\",\"item\":\"https:\\\/\\\/diariodelsurdigital.com.ar\\\/\"},{\"@type\":\"ListItem\",\"position\":2,\"name\":\"Tres aprehendidos por abuso de armas y desobediencia judicial\"}]},{\"@type\":\"WebSite\",\"@id\":\"https:\\\/\\\/diariodelsurdigital.com.ar\\\/#website\",\"url\":\"https:\\\/\\\/diariodelsurdigital.com.ar\\\/\",\"name\":\"Diario del Sur\",\"description\":\"Digital\",\"potentialAction\":[{\"@type\":\"SearchAction\",\"target\":{\"@type\":\"EntryPoint\",\"urlTemplate\":\"https:\\\/\\\/diariodelsurdigital.com.ar\\\/?s={search_term_string}\"},\"query-input\":{\"@type\":\"PropertyValueSpecification\",\"valueRequired\":true,\"valueName\":\"search_term_string\"}}],\"inLanguage\":\"es\"},{\"@type\":\"Person\",\"@id\":\"https:\\\/\\\/diariodelsurdigital.com.ar\\\/#\\\/schema\\\/person\\\/d794acb23337e88c6e4004a39c32be62\",\"name\":\"Diario del Sur Digital\",\"image\":{\"@type\":\"ImageObject\",\"inLanguage\":\"es\",\"@id\":\"https:\\\/\\\/secure.gravatar.com\\\/avatar\\\/47679bcfa15734cfdefc176b6ad58adeeccac22b2e03e095ada6c622af2b463a?s=96&d=mm&r=g\",\"url\":\"https:\\\/\\\/secure.gravatar.com\\\/avatar\\\/47679bcfa15734cfdefc176b6ad58adeeccac22b2e03e095ada6c622af2b463a?s=96&d=mm&r=g\",\"contentUrl\":\"https:\\\/\\\/secure.gravatar.com\\\/avatar\\\/47679bcfa15734cfdefc176b6ad58adeeccac22b2e03e095ada6c622af2b463a?s=96&d=mm&r=g\",\"caption\":\"Diario del Sur Digital\"},\"url\":\"https:\\\/\\\/diariodelsurdigital.com.ar\\\/?author=3\"}]}<\/script>\n<!-- \/ Yoast SEO plugin. -->","yoast_head_json":{"title":"Tres aprehendidos por abuso de armas y desobediencia judicial - Diario del Sur","robots":{"index":"index","follow":"follow","max-snippet":"max-snippet:-1","max-image-preview":"max-image-preview:large","max-video-preview":"max-video-preview:-1"},"canonical":"https:\/\/diariodelsurdigital.com.ar\/?p=7480","og_locale":"es_ES","og_type":"article","og_title":"Tres aprehendidos por abuso de armas y desobediencia judicial - Diario del Sur","og_description":"Tres hombres fueron aprehendidos tras un procedimiento policial realizado en el barrio Los P\u00e1jaros, luego de un episodio en el que uno de ellos efectu\u00f3 disparos al aire y viol\u00f3 una medida judicial de restricci\u00f3n. El hecho motiv\u00f3 la intervenci\u00f3n de efectivos de la Comisar\u00eda S\u00e9ptima, quienes acudieron a un domicilio de la zona tras [&hellip;]","og_url":"https:\/\/diariodelsurdigital.com.ar\/?p=7480","og_site_name":"Diario del Sur","article_published_time":"2026-03-13T23:15:41+00:00","og_image":[{"width":822,"height":822,"url":"https:\/\/diariodelsurdigital.com.ar\/wp-content\/uploads\/2026\/03\/abuso_de_armas.webp","type":"image\/webp"}],"author":"Diario del Sur Digital","twitter_card":"summary_large_image","twitter_misc":{"Escrito por":"Diario del Sur Digital","Tiempo de lectura":"2 minutos"},"schema":{"@context":"https:\/\/schema.org","@graph":[{"@type":"Article","@id":"https:\/\/diariodelsurdigital.com.ar\/?p=7480#article","isPartOf":{"@id":"https:\/\/diariodelsurdigital.com.ar\/?p=7480"},"author":{"name":"Diario del Sur Digital","@id":"https:\/\/diariodelsurdigital.com.ar\/#\/schema\/person\/d794acb23337e88c6e4004a39c32be62"},"headline":"Tres aprehendidos por abuso de armas y desobediencia judicial","datePublished":"2026-03-13T23:15:41+00:00","mainEntityOfPage":{"@id":"https:\/\/diariodelsurdigital.com.ar\/?p=7480"},"wordCount":226,"commentCount":0,"image":{"@id":"https:\/\/diariodelsurdigital.com.ar\/?p=7480#primaryimage"},"thumbnailUrl":"https:\/\/diariodelsurdigital.com.ar\/wp-content\/uploads\/2026\/03\/abuso_de_armas.webp","articleSection":["Policiales"],"inLanguage":"es","potentialAction":[{"@type":"CommentAction","name":"Comment","target":["https:\/\/diariodelsurdigital.com.ar\/?p=7480#respond"]}]},{"@type":"WebPage","@id":"https:\/\/diariodelsurdigital.com.ar\/?p=7480","url":"https:\/\/diariodelsurdigital.com.ar\/?p=7480","name":"Tres aprehendidos por abuso de armas y desobediencia judicial - Diario del Sur","isPartOf":{"@id":"https:\/\/diariodelsurdigital.com.ar\/#website"},"primaryImageOfPage":{"@id":"https:\/\/diariodelsurdigital.com.ar\/?p=7480#primaryimage"},"image":{"@id":"https:\/\/diariodelsurdigital.com.ar\/?p=7480#primaryimage"},"thumbnailUrl":"https:\/\/diariodelsurdigital.com.ar\/wp-content\/uploads\/2026\/03\/abuso_de_armas.webp","datePublished":"2026-03-13T23:15:41+00:00","author":{"@id":"https:\/\/diariodelsurdigital.com.ar\/#\/schema\/person\/d794acb23337e88c6e4004a39c32be62"},"breadcrumb":{"@id":"https:\/\/diariodelsurdigital.com.ar\/?p=7480#breadcrumb"},"inLanguage":"es","potentialAction":[{"@type":"ReadAction","target":["https:\/\/diariodelsurdigital.com.ar\/?p=7480"]}]},{"@type":"ImageObject","inLanguage":"es","@id":"https:\/\/diariodelsurdigital.com.ar\/?p=7480#primaryimage","url":"https:\/\/diariodelsurdigital.com.ar\/wp-content\/uploads\/2026\/03\/abuso_de_armas.webp","contentUrl":"https:\/\/diariodelsurdigital.com.ar\/wp-content\/uploads\/2026\/03\/abuso_de_armas.webp","width":822,"height":822},{"@type":"BreadcrumbList","@id":"https:\/\/diariodelsurdigital.com.ar\/?p=7480#breadcrumb","itemListElement":[{"@type":"ListItem","position":1,"name":"Portada","item":"https:\/\/diariodelsurdigital.com.ar\/"},{"@type":"ListItem","position":2,"name":"Tres aprehendidos por abuso de armas y desobediencia judicial"}]},{"@type":"WebSite","@id":"https:\/\/diariodelsurdigital.com.ar\/#website","url":"https:\/\/diariodelsurdigital.com.ar\/","name":"Diario del Sur","description":"Digital","potentialAction":[{"@type":"SearchAction","target":{"@type":"EntryPoint","urlTemplate":"https:\/\/diariodelsurdigital.com.ar\/?s={search_term_string}"},"query-input":{"@type":"PropertyValueSpecification","valueRequired":true,"valueName":"search_term_string"}}],"inLanguage":"es"},{"@type":"Person","@id":"https:\/\/diariodelsurdigital.com.ar\/#\/schema\/person\/d794acb23337e88c6e4004a39c32be62","name":"Diario del Sur Digital","image":{"@type":"ImageObject","inLanguage":"es","@id":"https:\/\/secure.gravatar.com\/avatar\/47679bcfa15734cfdefc176b6ad58adeeccac22b2e03e095ada6c622af2b463a?s=96&d=mm&r=g","url":"https:\/\/secure.gravatar.com\/avatar\/47679bcfa15734cfdefc176b6ad58adeeccac22b2e03e095ada6c622af2b463a?s=96&d=mm&r=g","contentUrl":"https:\/\/secure.gravatar.com\/avatar\/47679bcfa15734cfdefc176b6ad58adeeccac22b2e03e095ada6c622af2b463a?s=96&d=mm&r=g","caption":"Diario del Sur Digital"},"url":"https:\/\/diariodelsurdigital.com.ar\/?author=3"}]}},"_links":{"self":[{"href":"https:\/\/diariodelsurdigital.com.ar\/index.php?rest_route=\/wp\/v2\/posts\/7480","targetHints":{"allow":["GET"]}}],"collection":[{"href":"https:\/\/diariodelsurdigital.com.ar\/index.php?rest_route=\/wp\/v2\/posts"}],"about":[{"href":"https:\/\/diariodelsurdigital.com.ar\/index.php?rest_route=\/wp\/v2\/types\/post"}],"author":[{"embeddable":true,"href":"https:\/\/diariodelsurdigital.com.ar\/index.php?rest_route=\/wp\/v2\/users\/3"}],"replies":[{"embeddable":true,"href":"https:\/\/diariodelsurdigital.com.ar\/index.php?rest_route=%2Fwp%2Fv2%2Fcomments&post=7480"}],"version-history":[{"count":1,"href":"https:\/\/diariodelsurdigital.com.ar\/index.php?rest_route=\/wp\/v2\/posts\/7480\/revisions"}],"predecessor-version":[{"id":7482,"href":"https:\/\/diariodelsurdigital.com.ar\/index.php?rest_route=\/wp\/v2\/posts\/7480\/revisions\/7482"}],"wp:featuredmedia":[{"embeddable":true,"href":"https:\/\/diariodelsurdigital.com.ar\/index.php?rest_route=\/wp\/v2\/media\/7481"}],"wp:attachment":[{"href":"https:\/\/diariodelsurdigital.com.ar\/index.php?rest_route=%2Fwp%2Fv2%2Fmedia&parent=7480"}],"wp:term":[{"taxonomy":"category","embeddable":true,"href":"https:\/\/diariodelsurdigital.com.ar\/index.php?rest_route=%2Fwp%2Fv2%2Fcategories&post=7480"},{"taxonomy":"post_tag","embeddable":true,"href":"https:\/\/diariodelsurdigital.com.ar\/index.php?rest_route=%2Fwp%2Fv2%2Ftags&post=7480"}],"curies":[{"name":"wp","href":"https:\/\/api.w.org\/{rel}","templated":true}]}}