{"id":7488,"date":"2026-03-13T23:49:06","date_gmt":"2026-03-14T02:49:06","guid":{"rendered":"https:\/\/diariodelsurdigital.com.ar\/?p=7488"},"modified":"2026-03-14T00:08:06","modified_gmt":"2026-03-14T03:08:06","slug":"proponen-que-al-aumento-de-la-dieta-del-senador-bahl-se-lo-done-al-despedido-titi-arrieta","status":"publish","type":"post","link":"https:\/\/diariodelsurdigital.com.ar\/?p=7488","title":{"rendered":"Proponen que al aumento de la dieta del senador Bahl se lo done al despedido \u00abTiti\u00bb Arrieta"},"content":{"rendered":"\n<p>Militantes del peronismo de la seccional segunda de Concordia, realizar\u00e1n una propuesta al senador nacional, Ad\u00e1n Bahl para que de alguna manera se repare la situaci\u00f3n de un hist\u00f3rico militante de ese sector de Concordia.<\/p>\n\n\n\n<p>Se trata de H\u00e9ctor \u00abTiti\u00bb Arrieta, que fue despedido por el Intendente Azcu\u00e9 por militar en la campa\u00f1a de Bahl como candidato a senador nacional.<\/p>\n\n\n\n<p>En comunicaci\u00f3n con<strong> Diario del SUR Digital<\/strong>, los compa\u00f1eros de Arrieta indicaron que \u00abel Beto (Bahl) sabe perfectamente lo ocurrido al Titi. Es m\u00e1s, \u00e9l se comprometi\u00f3 a reparar y solucionarle su problema cuando estuvo de visita en la Unidad B\u00e1sica, pero hasta ahora no tuvimos novedades\u00bb, comentaron.<\/p>\n\n\n\n<p>Los militantes adem\u00e1s argumentaron que \u00absi los senadores van a ganar con el actual aumento, unos 12 millones de pesos, no le hace nada a Bahl que destine parte de ese aumento para ayudar a Arrieta a atravesar el malestar econ\u00f3mico que vive su familia a partir de su injusto despido\u00bb, aseveraron. <\/p>\n\n\n\n<figure class=\"wp-block-image size-full is-resized\"><img loading=\"lazy\" decoding=\"async\" width=\"301\" height=\"167\" src=\"https:\/\/diariodelsurdigital.com.ar\/wp-content\/uploads\/2026\/03\/images-24.jpeg\" alt=\"\" class=\"wp-image-7496\" style=\"aspect-ratio:1.8026389668725435;width:345px;height:auto\"\/><\/figure>\n\n\n\n<p>\u00abSabemos perfectamente que la familia Bahl lo puede hacer. Su se\u00f1ora es senadora tambi\u00e9n. Tienen ingresos por m\u00e1s de 20 millones por mes, m\u00e1s lo que Bahl gana en su estudio de contador. Si se sienten realmente peronistas tienen la obligaci\u00f3n moral de hacerlo\u00bb, remataron.<\/p>\n\n\n\n<p>Actualmente el senador Ad\u00e1n Bahl cuenta con al menos, nueve contratados en su despacho y otros de planta permanente. A saber, son:<\/p>\n\n\n\n<p><strong>Jos\u00e9 Antonio Gallichio &#8211; Lucas Tom\u00e1s Real &#8211; Nicol\u00e1s Pedro Parera Deniz &#8211; Sergio Fabi\u00e1n G\u00f3mez &#8211; Melina Bel\u00e9n Mansillas &#8211; Eugenia Ormache &#8211; Felipe Mendez Casariego &#8211; Vladimir Alejandro Nichajew y Carlos Alberto Federik.<\/strong><\/p>\n\n\n\n<p><\/p>\n\n\n\n<p><\/p>\n","protected":false},"excerpt":{"rendered":"<p>Militantes del peronismo de la seccional segunda de Concordia, realizar\u00e1n una propuesta al senador nacional, Ad\u00e1n Bahl para que de alguna manera se repare la situaci\u00f3n de un hist\u00f3rico militante de ese sector de Concordia. Se trata de H\u00e9ctor \u00abTiti\u00bb Arrieta, que fue despedido por el Intendente Azcu\u00e9 por militar en la campa\u00f1a de Bahl [&hellip;]<\/p>\n","protected":false},"author":2,"featured_media":7489,"comment_status":"open","ping_status":"open","sticky":false,"template":"","format":"standard","meta":{"footnotes":""},"categories":[16,22],"tags":[],"class_list":{"0":"post-7488","1":"post","2":"type-post","3":"status-publish","4":"format-standard","5":"has-post-thumbnail","7":"category-locales","8":"category-politica"},"yoast_head":"<!-- This site is optimized with the Yoast SEO plugin v27.4 - https:\/\/yoast.com\/product\/yoast-seo-wordpress\/ -->\n<title>Proponen que al aumento de la dieta del senador Bahl se lo done al despedido &quot;Titi&quot; Arrieta - Diario del Sur<\/title>\n<meta name=\"robots\" content=\"index, follow, max-snippet:-1, max-image-preview:large, max-video-preview:-1\" \/>\n<link rel=\"canonical\" href=\"https:\/\/diariodelsurdigital.com.ar\/?p=7488\" \/>\n<meta property=\"og:locale\" content=\"es_ES\" \/>\n<meta property=\"og:type\" content=\"article\" \/>\n<meta property=\"og:title\" content=\"Proponen que al aumento de la dieta del senador Bahl se lo done al despedido &quot;Titi&quot; Arrieta - Diario del Sur\" \/>\n<meta property=\"og:description\" content=\"Militantes del peronismo de la seccional segunda de Concordia, realizar\u00e1n una propuesta al senador nacional, Ad\u00e1n Bahl para que de alguna manera se repare la situaci\u00f3n de un hist\u00f3rico militante de ese sector de Concordia. Se trata de H\u00e9ctor \u00abTiti\u00bb Arrieta, que fue despedido por el Intendente Azcu\u00e9 por militar en la campa\u00f1a de Bahl [&hellip;]\" \/>\n<meta property=\"og:url\" content=\"https:\/\/diariodelsurdigital.com.ar\/?p=7488\" \/>\n<meta property=\"og:site_name\" content=\"Diario del Sur\" \/>\n<meta property=\"article:published_time\" content=\"2026-03-14T02:49:06+00:00\" \/>\n<meta property=\"article:modified_time\" content=\"2026-03-14T03:08:06+00:00\" \/>\n<meta property=\"og:image\" content=\"https:\/\/diariodelsurdigital.com.ar\/wp-content\/uploads\/2026\/03\/WhatsApp-Image-2026-03-13-at-23.16.09.jpeg\" \/>\n\t<meta property=\"og:image:width\" content=\"470\" \/>\n\t<meta property=\"og:image:height\" content=\"312\" \/>\n\t<meta property=\"og:image:type\" content=\"image\/jpeg\" \/>\n<meta name=\"author\" content=\"Diario del Sur Digital\" \/>\n<meta name=\"twitter:card\" content=\"summary_large_image\" \/>\n<meta name=\"twitter:label1\" content=\"Escrito por\" \/>\n\t<meta name=\"twitter:data1\" content=\"Diario del Sur Digital\" \/>\n\t<meta name=\"twitter:label2\" content=\"Tiempo de lectura\" \/>\n\t<meta name=\"twitter:data2\" content=\"2 minutos\" \/>\n<script type=\"application\/ld+json\" class=\"yoast-schema-graph\">{\"@context\":\"https:\\\/\\\/schema.org\",\"@graph\":[{\"@type\":\"Article\",\"@id\":\"https:\\\/\\\/diariodelsurdigital.com.ar\\\/?p=7488#article\",\"isPartOf\":{\"@id\":\"https:\\\/\\\/diariodelsurdigital.com.ar\\\/?p=7488\"},\"author\":{\"name\":\"Diario del Sur Digital\",\"@id\":\"https:\\\/\\\/diariodelsurdigital.com.ar\\\/#\\\/schema\\\/person\\\/6136a32571657f7dba980b88b04c5465\"},\"headline\":\"Proponen que al aumento de la dieta del senador Bahl se lo done al despedido \u00abTiti\u00bb Arrieta\",\"datePublished\":\"2026-03-14T02:49:06+00:00\",\"dateModified\":\"2026-03-14T03:08:06+00:00\",\"mainEntityOfPage\":{\"@id\":\"https:\\\/\\\/diariodelsurdigital.com.ar\\\/?p=7488\"},\"wordCount\":300,\"commentCount\":0,\"image\":{\"@id\":\"https:\\\/\\\/diariodelsurdigital.com.ar\\\/?p=7488#primaryimage\"},\"thumbnailUrl\":\"https:\\\/\\\/diariodelsurdigital.com.ar\\\/wp-content\\\/uploads\\\/2026\\\/03\\\/WhatsApp-Image-2026-03-13-at-23.16.09.jpeg\",\"articleSection\":[\"Locales\",\"Pol\u00edtica\"],\"inLanguage\":\"es\",\"potentialAction\":[{\"@type\":\"CommentAction\",\"name\":\"Comment\",\"target\":[\"https:\\\/\\\/diariodelsurdigital.com.ar\\\/?p=7488#respond\"]}]},{\"@type\":\"WebPage\",\"@id\":\"https:\\\/\\\/diariodelsurdigital.com.ar\\\/?p=7488\",\"url\":\"https:\\\/\\\/diariodelsurdigital.com.ar\\\/?p=7488\",\"name\":\"Proponen que al aumento de la dieta del senador Bahl se lo done al despedido \\\"Titi\\\" Arrieta - Diario del Sur\",\"isPartOf\":{\"@id\":\"https:\\\/\\\/diariodelsurdigital.com.ar\\\/#website\"},\"primaryImageOfPage\":{\"@id\":\"https:\\\/\\\/diariodelsurdigital.com.ar\\\/?p=7488#primaryimage\"},\"image\":{\"@id\":\"https:\\\/\\\/diariodelsurdigital.com.ar\\\/?p=7488#primaryimage\"},\"thumbnailUrl\":\"https:\\\/\\\/diariodelsurdigital.com.ar\\\/wp-content\\\/uploads\\\/2026\\\/03\\\/WhatsApp-Image-2026-03-13-at-23.16.09.jpeg\",\"datePublished\":\"2026-03-14T02:49:06+00:00\",\"dateModified\":\"2026-03-14T03:08:06+00:00\",\"author\":{\"@id\":\"https:\\\/\\\/diariodelsurdigital.com.ar\\\/#\\\/schema\\\/person\\\/6136a32571657f7dba980b88b04c5465\"},\"breadcrumb\":{\"@id\":\"https:\\\/\\\/diariodelsurdigital.com.ar\\\/?p=7488#breadcrumb\"},\"inLanguage\":\"es\",\"potentialAction\":[{\"@type\":\"ReadAction\",\"target\":[\"https:\\\/\\\/diariodelsurdigital.com.ar\\\/?p=7488\"]}]},{\"@type\":\"ImageObject\",\"inLanguage\":\"es\",\"@id\":\"https:\\\/\\\/diariodelsurdigital.com.ar\\\/?p=7488#primaryimage\",\"url\":\"https:\\\/\\\/diariodelsurdigital.com.ar\\\/wp-content\\\/uploads\\\/2026\\\/03\\\/WhatsApp-Image-2026-03-13-at-23.16.09.jpeg\",\"contentUrl\":\"https:\\\/\\\/diariodelsurdigital.com.ar\\\/wp-content\\\/uploads\\\/2026\\\/03\\\/WhatsApp-Image-2026-03-13-at-23.16.09.jpeg\",\"width\":470,\"height\":312},{\"@type\":\"BreadcrumbList\",\"@id\":\"https:\\\/\\\/diariodelsurdigital.com.ar\\\/?p=7488#breadcrumb\",\"itemListElement\":[{\"@type\":\"ListItem\",\"position\":1,\"name\":\"Portada\",\"item\":\"https:\\\/\\\/diariodelsurdigital.com.ar\\\/\"},{\"@type\":\"ListItem\",\"position\":2,\"name\":\"Proponen que al aumento de la dieta del senador Bahl se lo done al despedido \u00abTiti\u00bb Arrieta\"}]},{\"@type\":\"WebSite\",\"@id\":\"https:\\\/\\\/diariodelsurdigital.com.ar\\\/#website\",\"url\":\"https:\\\/\\\/diariodelsurdigital.com.ar\\\/\",\"name\":\"Diario del Sur\",\"description\":\"Digital\",\"potentialAction\":[{\"@type\":\"SearchAction\",\"target\":{\"@type\":\"EntryPoint\",\"urlTemplate\":\"https:\\\/\\\/diariodelsurdigital.com.ar\\\/?s={search_term_string}\"},\"query-input\":{\"@type\":\"PropertyValueSpecification\",\"valueRequired\":true,\"valueName\":\"search_term_string\"}}],\"inLanguage\":\"es\"},{\"@type\":\"Person\",\"@id\":\"https:\\\/\\\/diariodelsurdigital.com.ar\\\/#\\\/schema\\\/person\\\/6136a32571657f7dba980b88b04c5465\",\"name\":\"Diario del Sur Digital\",\"image\":{\"@type\":\"ImageObject\",\"inLanguage\":\"es\",\"@id\":\"https:\\\/\\\/secure.gravatar.com\\\/avatar\\\/4c29ceac98541dd42460b2474aaa5dd37594d6ce6cb3cf2c101d09b48ee287ba?s=96&d=mm&r=g\",\"url\":\"https:\\\/\\\/secure.gravatar.com\\\/avatar\\\/4c29ceac98541dd42460b2474aaa5dd37594d6ce6cb3cf2c101d09b48ee287ba?s=96&d=mm&r=g\",\"contentUrl\":\"https:\\\/\\\/secure.gravatar.com\\\/avatar\\\/4c29ceac98541dd42460b2474aaa5dd37594d6ce6cb3cf2c101d09b48ee287ba?s=96&d=mm&r=g\",\"caption\":\"Diario del Sur Digital\"},\"url\":\"https:\\\/\\\/diariodelsurdigital.com.ar\\\/?author=2\"}]}<\/script>\n<!-- \/ Yoast SEO plugin. -->","yoast_head_json":{"title":"Proponen que al aumento de la dieta del senador Bahl se lo done al despedido \"Titi\" Arrieta - Diario del Sur","robots":{"index":"index","follow":"follow","max-snippet":"max-snippet:-1","max-image-preview":"max-image-preview:large","max-video-preview":"max-video-preview:-1"},"canonical":"https:\/\/diariodelsurdigital.com.ar\/?p=7488","og_locale":"es_ES","og_type":"article","og_title":"Proponen que al aumento de la dieta del senador Bahl se lo done al despedido \"Titi\" Arrieta - Diario del Sur","og_description":"Militantes del peronismo de la seccional segunda de Concordia, realizar\u00e1n una propuesta al senador nacional, Ad\u00e1n Bahl para que de alguna manera se repare la situaci\u00f3n de un hist\u00f3rico militante de ese sector de Concordia. Se trata de H\u00e9ctor \u00abTiti\u00bb Arrieta, que fue despedido por el Intendente Azcu\u00e9 por militar en la campa\u00f1a de Bahl [&hellip;]","og_url":"https:\/\/diariodelsurdigital.com.ar\/?p=7488","og_site_name":"Diario del Sur","article_published_time":"2026-03-14T02:49:06+00:00","article_modified_time":"2026-03-14T03:08:06+00:00","og_image":[{"width":470,"height":312,"url":"https:\/\/diariodelsurdigital.com.ar\/wp-content\/uploads\/2026\/03\/WhatsApp-Image-2026-03-13-at-23.16.09.jpeg","type":"image\/jpeg"}],"author":"Diario del Sur Digital","twitter_card":"summary_large_image","twitter_misc":{"Escrito por":"Diario del Sur Digital","Tiempo de lectura":"2 minutos"},"schema":{"@context":"https:\/\/schema.org","@graph":[{"@type":"Article","@id":"https:\/\/diariodelsurdigital.com.ar\/?p=7488#article","isPartOf":{"@id":"https:\/\/diariodelsurdigital.com.ar\/?p=7488"},"author":{"name":"Diario del Sur Digital","@id":"https:\/\/diariodelsurdigital.com.ar\/#\/schema\/person\/6136a32571657f7dba980b88b04c5465"},"headline":"Proponen que al aumento de la dieta del senador Bahl se lo done al despedido \u00abTiti\u00bb Arrieta","datePublished":"2026-03-14T02:49:06+00:00","dateModified":"2026-03-14T03:08:06+00:00","mainEntityOfPage":{"@id":"https:\/\/diariodelsurdigital.com.ar\/?p=7488"},"wordCount":300,"commentCount":0,"image":{"@id":"https:\/\/diariodelsurdigital.com.ar\/?p=7488#primaryimage"},"thumbnailUrl":"https:\/\/diariodelsurdigital.com.ar\/wp-content\/uploads\/2026\/03\/WhatsApp-Image-2026-03-13-at-23.16.09.jpeg","articleSection":["Locales","Pol\u00edtica"],"inLanguage":"es","potentialAction":[{"@type":"CommentAction","name":"Comment","target":["https:\/\/diariodelsurdigital.com.ar\/?p=7488#respond"]}]},{"@type":"WebPage","@id":"https:\/\/diariodelsurdigital.com.ar\/?p=7488","url":"https:\/\/diariodelsurdigital.com.ar\/?p=7488","name":"Proponen que al aumento de la dieta del senador Bahl se lo done al despedido \"Titi\" Arrieta - Diario del Sur","isPartOf":{"@id":"https:\/\/diariodelsurdigital.com.ar\/#website"},"primaryImageOfPage":{"@id":"https:\/\/diariodelsurdigital.com.ar\/?p=7488#primaryimage"},"image":{"@id":"https:\/\/diariodelsurdigital.com.ar\/?p=7488#primaryimage"},"thumbnailUrl":"https:\/\/diariodelsurdigital.com.ar\/wp-content\/uploads\/2026\/03\/WhatsApp-Image-2026-03-13-at-23.16.09.jpeg","datePublished":"2026-03-14T02:49:06+00:00","dateModified":"2026-03-14T03:08:06+00:00","author":{"@id":"https:\/\/diariodelsurdigital.com.ar\/#\/schema\/person\/6136a32571657f7dba980b88b04c5465"},"breadcrumb":{"@id":"https:\/\/diariodelsurdigital.com.ar\/?p=7488#breadcrumb"},"inLanguage":"es","potentialAction":[{"@type":"ReadAction","target":["https:\/\/diariodelsurdigital.com.ar\/?p=7488"]}]},{"@type":"ImageObject","inLanguage":"es","@id":"https:\/\/diariodelsurdigital.com.ar\/?p=7488#primaryimage","url":"https:\/\/diariodelsurdigital.com.ar\/wp-content\/uploads\/2026\/03\/WhatsApp-Image-2026-03-13-at-23.16.09.jpeg","contentUrl":"https:\/\/diariodelsurdigital.com.ar\/wp-content\/uploads\/2026\/03\/WhatsApp-Image-2026-03-13-at-23.16.09.jpeg","width":470,"height":312},{"@type":"BreadcrumbList","@id":"https:\/\/diariodelsurdigital.com.ar\/?p=7488#breadcrumb","itemListElement":[{"@type":"ListItem","position":1,"name":"Portada","item":"https:\/\/diariodelsurdigital.com.ar\/"},{"@type":"ListItem","position":2,"name":"Proponen que al aumento de la dieta del senador Bahl se lo done al despedido \u00abTiti\u00bb Arrieta"}]},{"@type":"WebSite","@id":"https:\/\/diariodelsurdigital.com.ar\/#website","url":"https:\/\/diariodelsurdigital.com.ar\/","name":"Diario del Sur","description":"Digital","potentialAction":[{"@type":"SearchAction","target":{"@type":"EntryPoint","urlTemplate":"https:\/\/diariodelsurdigital.com.ar\/?s={search_term_string}"},"query-input":{"@type":"PropertyValueSpecification","valueRequired":true,"valueName":"search_term_string"}}],"inLanguage":"es"},{"@type":"Person","@id":"https:\/\/diariodelsurdigital.com.ar\/#\/schema\/person\/6136a32571657f7dba980b88b04c5465","name":"Diario del Sur Digital","image":{"@type":"ImageObject","inLanguage":"es","@id":"https:\/\/secure.gravatar.com\/avatar\/4c29ceac98541dd42460b2474aaa5dd37594d6ce6cb3cf2c101d09b48ee287ba?s=96&d=mm&r=g","url":"https:\/\/secure.gravatar.com\/avatar\/4c29ceac98541dd42460b2474aaa5dd37594d6ce6cb3cf2c101d09b48ee287ba?s=96&d=mm&r=g","contentUrl":"https:\/\/secure.gravatar.com\/avatar\/4c29ceac98541dd42460b2474aaa5dd37594d6ce6cb3cf2c101d09b48ee287ba?s=96&d=mm&r=g","caption":"Diario del Sur Digital"},"url":"https:\/\/diariodelsurdigital.com.ar\/?author=2"}]}},"_links":{"self":[{"href":"https:\/\/diariodelsurdigital.com.ar\/index.php?rest_route=\/wp\/v2\/posts\/7488","targetHints":{"allow":["GET"]}}],"collection":[{"href":"https:\/\/diariodelsurdigital.com.ar\/index.php?rest_route=\/wp\/v2\/posts"}],"about":[{"href":"https:\/\/diariodelsurdigital.com.ar\/index.php?rest_route=\/wp\/v2\/types\/post"}],"author":[{"embeddable":true,"href":"https:\/\/diariodelsurdigital.com.ar\/index.php?rest_route=\/wp\/v2\/users\/2"}],"replies":[{"embeddable":true,"href":"https:\/\/diariodelsurdigital.com.ar\/index.php?rest_route=%2Fwp%2Fv2%2Fcomments&post=7488"}],"version-history":[{"count":6,"href":"https:\/\/diariodelsurdigital.com.ar\/index.php?rest_route=\/wp\/v2\/posts\/7488\/revisions"}],"predecessor-version":[{"id":7500,"href":"https:\/\/diariodelsurdigital.com.ar\/index.php?rest_route=\/wp\/v2\/posts\/7488\/revisions\/7500"}],"wp:featuredmedia":[{"embeddable":true,"href":"https:\/\/diariodelsurdigital.com.ar\/index.php?rest_route=\/wp\/v2\/media\/7489"}],"wp:attachment":[{"href":"https:\/\/diariodelsurdigital.com.ar\/index.php?rest_route=%2Fwp%2Fv2%2Fmedia&parent=7488"}],"wp:term":[{"taxonomy":"category","embeddable":true,"href":"https:\/\/diariodelsurdigital.com.ar\/index.php?rest_route=%2Fwp%2Fv2%2Fcategories&post=7488"},{"taxonomy":"post_tag","embeddable":true,"href":"https:\/\/diariodelsurdigital.com.ar\/index.php?rest_route=%2Fwp%2Fv2%2Ftags&post=7488"}],"curies":[{"name":"wp","href":"https:\/\/api.w.org\/{rel}","templated":true}]}}