{"id":7501,"date":"2026-03-14T16:59:40","date_gmt":"2026-03-14T19:59:40","guid":{"rendered":"https:\/\/diariodelsurdigital.com.ar\/?p=7501"},"modified":"2026-03-14T18:12:25","modified_gmt":"2026-03-14T21:12:25","slug":"del-acordeon-al-guitarreo","status":"publish","type":"post","link":"https:\/\/diariodelsurdigital.com.ar\/?p=7501","title":{"rendered":"Del acorde\u00f3n al guitarreo"},"content":{"rendered":"\n<p><\/p>\n\n\n\n<p><strong>\u201cMentira, mentira, yo quise decirle\u201d\u2026<\/strong><\/p>\n\n\n\n<p>Mir\u00e9 detenidamente un video en las redes sociales, en donde el intendente Azcu\u00e9 pinta a su gesti\u00f3n como una de las mejores. Claro est\u00e1, despu\u00e9s que la de Gerardo Yoya, para refrescarle un poco el mate.<\/p>\n\n\n\n<p>En su cacareo de tono serio, el tipo sin sonrojarse habla de los males del \u201cpopulismo\u201d. Ese conglomerado de cabecitas negras, a los cuales frecuentaba en su campa\u00f1a para que lo voten y hoy los desprecia.<\/p>\n\n\n\n<p>Si bien es cierto, de que algunos \u00abpopulistas\u00bb, se comieron su verso de tipo piola y humilde, que ven\u00eda a ofrecer un municipio de puertas abiertas, en donde la gente de bien y los trabajadores, ser\u00edan los que junto a su equipo mejoraran los servicios a la sociedad de Concordia, nada de eso ha pasado. Ya ni su equipo primigenio le queda. Solo harapos de ese radicalismo del cual se sirvi\u00f3 en un primer momento como rampa de despegue. Hoy ya sin careta y sin verguenza, el intendente de Concordia se muestra tal cual es.<\/p>\n\n\n\n<p>Si de algo sirve el poder, es por mostrar a la persona, tal cual es. En forma descarnada, sin remordimientos, ni culpas y reafirmando su verdadera cara.<\/p>\n\n\n\n<p>Hoy ya nadie puede negar para quien y con qui\u00e9n gobierna Azcu\u00e9. Gobierna con lo m\u00e1s rancio de la derecha conservadora disfrazada de liberal. Hace grandilocuentes anuncios de una obra p\u00fablica que despu\u00e9s de m\u00e1s de dos a\u00f1os de mandato, no ha llegado a\u00fan. Habla de que el desorden ya ha quedado atr\u00e1s, mientras que en su gesti\u00f3n hay m\u00e1s de 10 de sus funcionarios \u00abjubivivos\u00bb, que presuntamente cobraron indebidamente sus sueldos aparte de sus jubilaciones. Hecho de que el mismo gobierno provincial se lo hizo notar a trav\u00e9s de la Caja de Jubilaciones.<\/p>\n\n\n\n<p>Como si todo fuera un camino de rosas en la actual gesti\u00f3n, propone agrandar la peatonal, mientras decenas de comercios de nuestra ciudad, cerraron sus puertas, dejando a cientos de trabajadores en la calle, justamente por las pol\u00edticas a nivel nacional, de las cuales Azcu\u00e9, es uno de sus fervientes seguidores.<\/p>\n\n\n\n<p>Ni hablar de los m\u00e1s de 100 trabajadores municipales a quienes no renov\u00f3 su contrato pero, sin embargo, mantiene a un ej\u00e9rcito de trolls, listos para interferir en las redes sociales a su favor, o la de endilgarles las culpas a las gestiones anteriores.<\/p>\n\n\n\n<p>Como dec\u00edan nuestros mayores que nos precedieron en la vida: la mentira tiene patas cortas. Mas temprano que tarde, el pueblo de Concordia le har\u00e1 saber o le recordar\u00e1, que el populismo, a quien Azcu\u00e9 llama peyorativamente y denigra, ser\u00e1 el mismo, quien ponga en el sill\u00f3n de Zorraqu\u00edn, a un Presidente Municipal capacitado, que honre a su gente y su pueblo. Sin enga\u00f1os, ni falsas promesas.<\/p>\n","protected":false},"excerpt":{"rendered":"<p>\u201cMentira, mentira, yo quise decirle\u201d\u2026 Mir\u00e9 detenidamente un video en las redes sociales, en donde el intendente Azcu\u00e9 pinta a su gesti\u00f3n como una de las mejores. Claro est\u00e1, despu\u00e9s que la de Gerardo Yoya, para refrescarle un poco el mate. En su cacareo de tono serio, el tipo sin sonrojarse habla de los males [&hellip;]<\/p>\n","protected":false},"author":2,"featured_media":7502,"comment_status":"open","ping_status":"open","sticky":false,"template":"","format":"standard","meta":{"footnotes":""},"categories":[16,22],"tags":[],"class_list":{"0":"post-7501","1":"post","2":"type-post","3":"status-publish","4":"format-standard","5":"has-post-thumbnail","7":"category-locales","8":"category-politica"},"yoast_head":"<!-- This site is optimized with the Yoast SEO plugin v27.4 - https:\/\/yoast.com\/product\/yoast-seo-wordpress\/ -->\n<title>Del acorde\u00f3n al guitarreo - Diario del Sur<\/title>\n<meta name=\"robots\" content=\"index, follow, max-snippet:-1, max-image-preview:large, max-video-preview:-1\" \/>\n<link rel=\"canonical\" href=\"https:\/\/diariodelsurdigital.com.ar\/?p=7501\" \/>\n<meta property=\"og:locale\" content=\"es_ES\" \/>\n<meta property=\"og:type\" content=\"article\" \/>\n<meta property=\"og:title\" content=\"Del acorde\u00f3n al guitarreo - Diario del Sur\" \/>\n<meta property=\"og:description\" content=\"\u201cMentira, mentira, yo quise decirle\u201d\u2026 Mir\u00e9 detenidamente un video en las redes sociales, en donde el intendente Azcu\u00e9 pinta a su gesti\u00f3n como una de las mejores. Claro est\u00e1, despu\u00e9s que la de Gerardo Yoya, para refrescarle un poco el mate. En su cacareo de tono serio, el tipo sin sonrojarse habla de los males [&hellip;]\" \/>\n<meta property=\"og:url\" content=\"https:\/\/diariodelsurdigital.com.ar\/?p=7501\" \/>\n<meta property=\"og:site_name\" content=\"Diario del Sur\" \/>\n<meta property=\"article:published_time\" content=\"2026-03-14T19:59:40+00:00\" \/>\n<meta property=\"article:modified_time\" content=\"2026-03-14T21:12:25+00:00\" \/>\n<meta property=\"og:image\" content=\"https:\/\/diariodelsurdigital.com.ar\/wp-content\/uploads\/2026\/03\/images-25.jpeg\" \/>\n\t<meta property=\"og:image:width\" content=\"381\" \/>\n\t<meta property=\"og:image:height\" content=\"260\" \/>\n\t<meta property=\"og:image:type\" content=\"image\/jpeg\" \/>\n<meta name=\"author\" content=\"Diario del Sur Digital\" \/>\n<meta name=\"twitter:card\" content=\"summary_large_image\" \/>\n<meta name=\"twitter:label1\" content=\"Escrito por\" \/>\n\t<meta name=\"twitter:data1\" content=\"Diario del Sur Digital\" \/>\n\t<meta name=\"twitter:label2\" content=\"Tiempo de lectura\" \/>\n\t<meta name=\"twitter:data2\" content=\"3 minutos\" \/>\n<script type=\"application\/ld+json\" class=\"yoast-schema-graph\">{\"@context\":\"https:\\\/\\\/schema.org\",\"@graph\":[{\"@type\":\"Article\",\"@id\":\"https:\\\/\\\/diariodelsurdigital.com.ar\\\/?p=7501#article\",\"isPartOf\":{\"@id\":\"https:\\\/\\\/diariodelsurdigital.com.ar\\\/?p=7501\"},\"author\":{\"name\":\"Diario del Sur Digital\",\"@id\":\"https:\\\/\\\/diariodelsurdigital.com.ar\\\/#\\\/schema\\\/person\\\/6136a32571657f7dba980b88b04c5465\"},\"headline\":\"Del acorde\u00f3n al guitarreo\",\"datePublished\":\"2026-03-14T19:59:40+00:00\",\"dateModified\":\"2026-03-14T21:12:25+00:00\",\"mainEntityOfPage\":{\"@id\":\"https:\\\/\\\/diariodelsurdigital.com.ar\\\/?p=7501\"},\"wordCount\":482,\"commentCount\":0,\"image\":{\"@id\":\"https:\\\/\\\/diariodelsurdigital.com.ar\\\/?p=7501#primaryimage\"},\"thumbnailUrl\":\"https:\\\/\\\/diariodelsurdigital.com.ar\\\/wp-content\\\/uploads\\\/2026\\\/03\\\/images-25.jpeg\",\"articleSection\":[\"Locales\",\"Pol\u00edtica\"],\"inLanguage\":\"es\",\"potentialAction\":[{\"@type\":\"CommentAction\",\"name\":\"Comment\",\"target\":[\"https:\\\/\\\/diariodelsurdigital.com.ar\\\/?p=7501#respond\"]}]},{\"@type\":\"WebPage\",\"@id\":\"https:\\\/\\\/diariodelsurdigital.com.ar\\\/?p=7501\",\"url\":\"https:\\\/\\\/diariodelsurdigital.com.ar\\\/?p=7501\",\"name\":\"Del acorde\u00f3n al guitarreo - Diario del Sur\",\"isPartOf\":{\"@id\":\"https:\\\/\\\/diariodelsurdigital.com.ar\\\/#website\"},\"primaryImageOfPage\":{\"@id\":\"https:\\\/\\\/diariodelsurdigital.com.ar\\\/?p=7501#primaryimage\"},\"image\":{\"@id\":\"https:\\\/\\\/diariodelsurdigital.com.ar\\\/?p=7501#primaryimage\"},\"thumbnailUrl\":\"https:\\\/\\\/diariodelsurdigital.com.ar\\\/wp-content\\\/uploads\\\/2026\\\/03\\\/images-25.jpeg\",\"datePublished\":\"2026-03-14T19:59:40+00:00\",\"dateModified\":\"2026-03-14T21:12:25+00:00\",\"author\":{\"@id\":\"https:\\\/\\\/diariodelsurdigital.com.ar\\\/#\\\/schema\\\/person\\\/6136a32571657f7dba980b88b04c5465\"},\"breadcrumb\":{\"@id\":\"https:\\\/\\\/diariodelsurdigital.com.ar\\\/?p=7501#breadcrumb\"},\"inLanguage\":\"es\",\"potentialAction\":[{\"@type\":\"ReadAction\",\"target\":[\"https:\\\/\\\/diariodelsurdigital.com.ar\\\/?p=7501\"]}]},{\"@type\":\"ImageObject\",\"inLanguage\":\"es\",\"@id\":\"https:\\\/\\\/diariodelsurdigital.com.ar\\\/?p=7501#primaryimage\",\"url\":\"https:\\\/\\\/diariodelsurdigital.com.ar\\\/wp-content\\\/uploads\\\/2026\\\/03\\\/images-25.jpeg\",\"contentUrl\":\"https:\\\/\\\/diariodelsurdigital.com.ar\\\/wp-content\\\/uploads\\\/2026\\\/03\\\/images-25.jpeg\",\"width\":381,\"height\":260},{\"@type\":\"BreadcrumbList\",\"@id\":\"https:\\\/\\\/diariodelsurdigital.com.ar\\\/?p=7501#breadcrumb\",\"itemListElement\":[{\"@type\":\"ListItem\",\"position\":1,\"name\":\"Portada\",\"item\":\"https:\\\/\\\/diariodelsurdigital.com.ar\\\/\"},{\"@type\":\"ListItem\",\"position\":2,\"name\":\"Del acorde\u00f3n al guitarreo\"}]},{\"@type\":\"WebSite\",\"@id\":\"https:\\\/\\\/diariodelsurdigital.com.ar\\\/#website\",\"url\":\"https:\\\/\\\/diariodelsurdigital.com.ar\\\/\",\"name\":\"Diario del Sur\",\"description\":\"Digital\",\"potentialAction\":[{\"@type\":\"SearchAction\",\"target\":{\"@type\":\"EntryPoint\",\"urlTemplate\":\"https:\\\/\\\/diariodelsurdigital.com.ar\\\/?s={search_term_string}\"},\"query-input\":{\"@type\":\"PropertyValueSpecification\",\"valueRequired\":true,\"valueName\":\"search_term_string\"}}],\"inLanguage\":\"es\"},{\"@type\":\"Person\",\"@id\":\"https:\\\/\\\/diariodelsurdigital.com.ar\\\/#\\\/schema\\\/person\\\/6136a32571657f7dba980b88b04c5465\",\"name\":\"Diario del Sur Digital\",\"image\":{\"@type\":\"ImageObject\",\"inLanguage\":\"es\",\"@id\":\"https:\\\/\\\/secure.gravatar.com\\\/avatar\\\/4c29ceac98541dd42460b2474aaa5dd37594d6ce6cb3cf2c101d09b48ee287ba?s=96&d=mm&r=g\",\"url\":\"https:\\\/\\\/secure.gravatar.com\\\/avatar\\\/4c29ceac98541dd42460b2474aaa5dd37594d6ce6cb3cf2c101d09b48ee287ba?s=96&d=mm&r=g\",\"contentUrl\":\"https:\\\/\\\/secure.gravatar.com\\\/avatar\\\/4c29ceac98541dd42460b2474aaa5dd37594d6ce6cb3cf2c101d09b48ee287ba?s=96&d=mm&r=g\",\"caption\":\"Diario del Sur Digital\"},\"url\":\"https:\\\/\\\/diariodelsurdigital.com.ar\\\/?author=2\"}]}<\/script>\n<!-- \/ Yoast SEO plugin. -->","yoast_head_json":{"title":"Del acorde\u00f3n al guitarreo - Diario del Sur","robots":{"index":"index","follow":"follow","max-snippet":"max-snippet:-1","max-image-preview":"max-image-preview:large","max-video-preview":"max-video-preview:-1"},"canonical":"https:\/\/diariodelsurdigital.com.ar\/?p=7501","og_locale":"es_ES","og_type":"article","og_title":"Del acorde\u00f3n al guitarreo - Diario del Sur","og_description":"\u201cMentira, mentira, yo quise decirle\u201d\u2026 Mir\u00e9 detenidamente un video en las redes sociales, en donde el intendente Azcu\u00e9 pinta a su gesti\u00f3n como una de las mejores. Claro est\u00e1, despu\u00e9s que la de Gerardo Yoya, para refrescarle un poco el mate. En su cacareo de tono serio, el tipo sin sonrojarse habla de los males [&hellip;]","og_url":"https:\/\/diariodelsurdigital.com.ar\/?p=7501","og_site_name":"Diario del Sur","article_published_time":"2026-03-14T19:59:40+00:00","article_modified_time":"2026-03-14T21:12:25+00:00","og_image":[{"width":381,"height":260,"url":"https:\/\/diariodelsurdigital.com.ar\/wp-content\/uploads\/2026\/03\/images-25.jpeg","type":"image\/jpeg"}],"author":"Diario del Sur Digital","twitter_card":"summary_large_image","twitter_misc":{"Escrito por":"Diario del Sur Digital","Tiempo de lectura":"3 minutos"},"schema":{"@context":"https:\/\/schema.org","@graph":[{"@type":"Article","@id":"https:\/\/diariodelsurdigital.com.ar\/?p=7501#article","isPartOf":{"@id":"https:\/\/diariodelsurdigital.com.ar\/?p=7501"},"author":{"name":"Diario del Sur Digital","@id":"https:\/\/diariodelsurdigital.com.ar\/#\/schema\/person\/6136a32571657f7dba980b88b04c5465"},"headline":"Del acorde\u00f3n al guitarreo","datePublished":"2026-03-14T19:59:40+00:00","dateModified":"2026-03-14T21:12:25+00:00","mainEntityOfPage":{"@id":"https:\/\/diariodelsurdigital.com.ar\/?p=7501"},"wordCount":482,"commentCount":0,"image":{"@id":"https:\/\/diariodelsurdigital.com.ar\/?p=7501#primaryimage"},"thumbnailUrl":"https:\/\/diariodelsurdigital.com.ar\/wp-content\/uploads\/2026\/03\/images-25.jpeg","articleSection":["Locales","Pol\u00edtica"],"inLanguage":"es","potentialAction":[{"@type":"CommentAction","name":"Comment","target":["https:\/\/diariodelsurdigital.com.ar\/?p=7501#respond"]}]},{"@type":"WebPage","@id":"https:\/\/diariodelsurdigital.com.ar\/?p=7501","url":"https:\/\/diariodelsurdigital.com.ar\/?p=7501","name":"Del acorde\u00f3n al guitarreo - Diario del Sur","isPartOf":{"@id":"https:\/\/diariodelsurdigital.com.ar\/#website"},"primaryImageOfPage":{"@id":"https:\/\/diariodelsurdigital.com.ar\/?p=7501#primaryimage"},"image":{"@id":"https:\/\/diariodelsurdigital.com.ar\/?p=7501#primaryimage"},"thumbnailUrl":"https:\/\/diariodelsurdigital.com.ar\/wp-content\/uploads\/2026\/03\/images-25.jpeg","datePublished":"2026-03-14T19:59:40+00:00","dateModified":"2026-03-14T21:12:25+00:00","author":{"@id":"https:\/\/diariodelsurdigital.com.ar\/#\/schema\/person\/6136a32571657f7dba980b88b04c5465"},"breadcrumb":{"@id":"https:\/\/diariodelsurdigital.com.ar\/?p=7501#breadcrumb"},"inLanguage":"es","potentialAction":[{"@type":"ReadAction","target":["https:\/\/diariodelsurdigital.com.ar\/?p=7501"]}]},{"@type":"ImageObject","inLanguage":"es","@id":"https:\/\/diariodelsurdigital.com.ar\/?p=7501#primaryimage","url":"https:\/\/diariodelsurdigital.com.ar\/wp-content\/uploads\/2026\/03\/images-25.jpeg","contentUrl":"https:\/\/diariodelsurdigital.com.ar\/wp-content\/uploads\/2026\/03\/images-25.jpeg","width":381,"height":260},{"@type":"BreadcrumbList","@id":"https:\/\/diariodelsurdigital.com.ar\/?p=7501#breadcrumb","itemListElement":[{"@type":"ListItem","position":1,"name":"Portada","item":"https:\/\/diariodelsurdigital.com.ar\/"},{"@type":"ListItem","position":2,"name":"Del acorde\u00f3n al guitarreo"}]},{"@type":"WebSite","@id":"https:\/\/diariodelsurdigital.com.ar\/#website","url":"https:\/\/diariodelsurdigital.com.ar\/","name":"Diario del Sur","description":"Digital","potentialAction":[{"@type":"SearchAction","target":{"@type":"EntryPoint","urlTemplate":"https:\/\/diariodelsurdigital.com.ar\/?s={search_term_string}"},"query-input":{"@type":"PropertyValueSpecification","valueRequired":true,"valueName":"search_term_string"}}],"inLanguage":"es"},{"@type":"Person","@id":"https:\/\/diariodelsurdigital.com.ar\/#\/schema\/person\/6136a32571657f7dba980b88b04c5465","name":"Diario del Sur Digital","image":{"@type":"ImageObject","inLanguage":"es","@id":"https:\/\/secure.gravatar.com\/avatar\/4c29ceac98541dd42460b2474aaa5dd37594d6ce6cb3cf2c101d09b48ee287ba?s=96&d=mm&r=g","url":"https:\/\/secure.gravatar.com\/avatar\/4c29ceac98541dd42460b2474aaa5dd37594d6ce6cb3cf2c101d09b48ee287ba?s=96&d=mm&r=g","contentUrl":"https:\/\/secure.gravatar.com\/avatar\/4c29ceac98541dd42460b2474aaa5dd37594d6ce6cb3cf2c101d09b48ee287ba?s=96&d=mm&r=g","caption":"Diario del Sur Digital"},"url":"https:\/\/diariodelsurdigital.com.ar\/?author=2"}]}},"_links":{"self":[{"href":"https:\/\/diariodelsurdigital.com.ar\/index.php?rest_route=\/wp\/v2\/posts\/7501","targetHints":{"allow":["GET"]}}],"collection":[{"href":"https:\/\/diariodelsurdigital.com.ar\/index.php?rest_route=\/wp\/v2\/posts"}],"about":[{"href":"https:\/\/diariodelsurdigital.com.ar\/index.php?rest_route=\/wp\/v2\/types\/post"}],"author":[{"embeddable":true,"href":"https:\/\/diariodelsurdigital.com.ar\/index.php?rest_route=\/wp\/v2\/users\/2"}],"replies":[{"embeddable":true,"href":"https:\/\/diariodelsurdigital.com.ar\/index.php?rest_route=%2Fwp%2Fv2%2Fcomments&post=7501"}],"version-history":[{"count":2,"href":"https:\/\/diariodelsurdigital.com.ar\/index.php?rest_route=\/wp\/v2\/posts\/7501\/revisions"}],"predecessor-version":[{"id":7505,"href":"https:\/\/diariodelsurdigital.com.ar\/index.php?rest_route=\/wp\/v2\/posts\/7501\/revisions\/7505"}],"wp:featuredmedia":[{"embeddable":true,"href":"https:\/\/diariodelsurdigital.com.ar\/index.php?rest_route=\/wp\/v2\/media\/7502"}],"wp:attachment":[{"href":"https:\/\/diariodelsurdigital.com.ar\/index.php?rest_route=%2Fwp%2Fv2%2Fmedia&parent=7501"}],"wp:term":[{"taxonomy":"category","embeddable":true,"href":"https:\/\/diariodelsurdigital.com.ar\/index.php?rest_route=%2Fwp%2Fv2%2Fcategories&post=7501"},{"taxonomy":"post_tag","embeddable":true,"href":"https:\/\/diariodelsurdigital.com.ar\/index.php?rest_route=%2Fwp%2Fv2%2Ftags&post=7501"}],"curies":[{"name":"wp","href":"https:\/\/api.w.org\/{rel}","templated":true}]}}