{"id":7577,"date":"2026-03-19T18:36:23","date_gmt":"2026-03-19T21:36:23","guid":{"rendered":"https:\/\/diariodelsurdigital.com.ar\/?p=7577"},"modified":"2026-03-19T18:36:24","modified_gmt":"2026-03-19T21:36:24","slug":"sistema-de-salud-de-santa-fe-advierten-un-escenario-inedito-por-los-recortes-de-nacion","status":"publish","type":"post","link":"https:\/\/diariodelsurdigital.com.ar\/?p=7577","title":{"rendered":"Sistema de salud de Santa Fe: Advierten un escenario \u00abin\u00e9dito\u00bb por los recortes de Naci\u00f3n"},"content":{"rendered":"\n<p>El sistema de salud de la Provincia enfrenta un escenario in\u00e9dito por recortes y mayor demanda. El impacto en pacientes y hospitales.<\/p>\n\n\n\n<p>El sistema de salud de Santa Fe atraviesa un escenario in\u00e9dito marcado por recortes en el env\u00edo de medicamentos desde Naci\u00f3n y un crecimiento sostenido de la demanda. AS\u00ed lo sostuvo la ministra de Salud, Silvia Ciancio.<\/p>\n\n\n\n<p>La funcionaria describi\u00f3 un contexto complejo, atravesado por decisiones del Gobierno nacional que redujeron la provisi\u00f3n de insumos clave desde 2024. \u201cEs un escenario que nos hace sufrir\u201d, sostuvo, al referirse al impacto directo sobre pacientes y hospitales.<\/p>\n\n\n\n<p>La falta de previsibilidad se volvi\u00f3 uno de los principales problemas. La incertidumbre en la llegada de medicamentos obliga a reorganizar permanentemente la gesti\u00f3n sanitaria.<\/p>\n\n\n\n<p>Un escenario in\u00e9dito por recortes<br>El concepto de \u201cin\u00e9dito\u201d aparece ligado a una combinaci\u00f3n de factores que no se hab\u00edan presentado con esta intensidad en a\u00f1os recientes. Por un lado, la ca\u00edda en programas nacionales que garantizaban medicamentos esenciales; por otro, una demanda que no deja de crecer. El programa Remediar redujo m\u00e1s del 50% de los tratamientos enviados. Esta situaci\u00f3n afecta directamente a los efectores de salud, que dependen de estos insumos para garantizar la atenci\u00f3n primaria.<\/p>\n\n\n\n<p>Adem\u00e1s, la provisi\u00f3n de medicaci\u00f3n para pacientes trasplantados registr\u00f3 una baja del 45%, lo que impacta sobre cientos de personas en la provincia.<\/p>\n\n\n\n<p>Pacientes en el centro de la crisis<br>Detr\u00e1s de cada recorte hay consecuencias concretas. Ciancio remarc\u00f3 que cada interrupci\u00f3n en la entrega de medicamentos implica un paciente que no recibe su tratamiento. En algunos casos, la provincia debi\u00f3 asumir la compra de f\u00e1rmacos de alto costo para evitar la discontinuidad de terapias cr\u00edticas, incluso en situaciones pedi\u00e1tricas complejas. \u201cEstamos en una situaci\u00f3n extrema\u201d, advirti\u00f3 la ministra. Tambi\u00e9n se registran dificultades en tratamientos oncol\u00f3gicos, discapacidad y salud sexual y reproductiva. Durante el \u00faltimo a\u00f1o, incluso, no se recibieron preservativos.<\/p>\n\n\n\n<p>M\u00e1s demanda en un contexto adverso<br>El escenario se vuelve a\u00fan m\u00e1s desafiante por el crecimiento sostenido de la demanda. El sistema pas\u00f3 de 9 millones de atenciones en 2021 a m\u00e1s de 13 millones en 2025. Actualmente, m\u00e1s de 1,8 millones de personas utilizan la red p\u00fablica, en un contexto donde la mayor\u00eda no cuenta con cobertura de salud.<\/p>\n\n\n\n<p>M\u00e1s del 70% de los usuarios dependen exclusivamente del sistema p\u00fablico. Este aumento presiona sobre hospitales y centros de salud, que deben sostener la atenci\u00f3n con recursos cada vez m\u00e1s limitados.<\/p>\n\n\n\n<p>Incertidumbre y desaf\u00edo a futuro<br>La combinaci\u00f3n de recortes, mayor demanda y falta de previsibilidad configura un escenario complejo. Para las autoridades, el desaf\u00edo es sostener la capacidad de respuesta sin resignar calidad en la atenci\u00f3n.<\/p>\n\n\n\n<p>A pesar del contexto, el sistema santafesino contin\u00faa funcionando y absorbiendo la demanda, incluso con un aumento en la cantidad de cirug\u00edas realizadas durante el \u00faltimo a\u00f1o, public\u00f3 Aire de Santa Fe.<\/p>\n","protected":false},"excerpt":{"rendered":"<p>El sistema de salud de la Provincia enfrenta un escenario in\u00e9dito por recortes y mayor demanda. El impacto en pacientes y hospitales. El sistema de salud de Santa Fe atraviesa un escenario in\u00e9dito marcado por recortes en el env\u00edo de medicamentos desde Naci\u00f3n y un crecimiento sostenido de la demanda. AS\u00ed lo sostuvo la ministra [&hellip;]<\/p>\n","protected":false},"author":4,"featured_media":7578,"comment_status":"open","ping_status":"open","sticky":false,"template":"","format":"standard","meta":{"footnotes":""},"categories":[19,18],"tags":[],"class_list":{"0":"post-7577","1":"post","2":"type-post","3":"status-publish","4":"format-standard","5":"has-post-thumbnail","7":"category-interes-general","8":"category-nacionales"},"yoast_head":"<!-- This site is optimized with the Yoast SEO plugin v27.4 - https:\/\/yoast.com\/product\/yoast-seo-wordpress\/ -->\n<title>Sistema de salud de Santa Fe: Advierten un escenario &quot;in\u00e9dito&quot; por los recortes de Naci\u00f3n - Diario del Sur<\/title>\n<meta name=\"robots\" content=\"index, follow, max-snippet:-1, max-image-preview:large, max-video-preview:-1\" \/>\n<link rel=\"canonical\" href=\"https:\/\/diariodelsurdigital.com.ar\/?p=7577\" \/>\n<meta property=\"og:locale\" content=\"es_ES\" \/>\n<meta property=\"og:type\" content=\"article\" \/>\n<meta property=\"og:title\" content=\"Sistema de salud de Santa Fe: Advierten un escenario &quot;in\u00e9dito&quot; por los recortes de Naci\u00f3n - Diario del Sur\" \/>\n<meta property=\"og:description\" content=\"El sistema de salud de la Provincia enfrenta un escenario in\u00e9dito por recortes y mayor demanda. El impacto en pacientes y hospitales. El sistema de salud de Santa Fe atraviesa un escenario in\u00e9dito marcado por recortes en el env\u00edo de medicamentos desde Naci\u00f3n y un crecimiento sostenido de la demanda. AS\u00ed lo sostuvo la ministra [&hellip;]\" \/>\n<meta property=\"og:url\" content=\"https:\/\/diariodelsurdigital.com.ar\/?p=7577\" \/>\n<meta property=\"og:site_name\" content=\"Diario del Sur\" \/>\n<meta property=\"article:published_time\" content=\"2026-03-19T21:36:23+00:00\" \/>\n<meta property=\"article:modified_time\" content=\"2026-03-19T21:36:24+00:00\" \/>\n<meta property=\"og:image\" content=\"https:\/\/diariodelsurdigital.com.ar\/wp-content\/uploads\/2026\/03\/md-20.webp\" \/>\n\t<meta property=\"og:image:width\" content=\"992\" \/>\n\t<meta property=\"og:image:height\" content=\"704\" \/>\n\t<meta property=\"og:image:type\" content=\"image\/webp\" \/>\n<meta name=\"author\" content=\"Diario del Sur Digital\" \/>\n<meta name=\"twitter:card\" content=\"summary_large_image\" \/>\n<meta name=\"twitter:label1\" content=\"Escrito por\" \/>\n\t<meta name=\"twitter:data1\" content=\"Diario del Sur Digital\" \/>\n\t<meta name=\"twitter:label2\" content=\"Tiempo de lectura\" \/>\n\t<meta name=\"twitter:data2\" content=\"3 minutos\" \/>\n<script type=\"application\/ld+json\" class=\"yoast-schema-graph\">{\"@context\":\"https:\\\/\\\/schema.org\",\"@graph\":[{\"@type\":\"Article\",\"@id\":\"https:\\\/\\\/diariodelsurdigital.com.ar\\\/?p=7577#article\",\"isPartOf\":{\"@id\":\"https:\\\/\\\/diariodelsurdigital.com.ar\\\/?p=7577\"},\"author\":{\"name\":\"Diario del Sur Digital\",\"@id\":\"https:\\\/\\\/diariodelsurdigital.com.ar\\\/#\\\/schema\\\/person\\\/1a4992532ed62965c968031b49195c81\"},\"headline\":\"Sistema de salud de Santa Fe: Advierten un escenario \u00abin\u00e9dito\u00bb por los recortes de Naci\u00f3n\",\"datePublished\":\"2026-03-19T21:36:23+00:00\",\"dateModified\":\"2026-03-19T21:36:24+00:00\",\"mainEntityOfPage\":{\"@id\":\"https:\\\/\\\/diariodelsurdigital.com.ar\\\/?p=7577\"},\"wordCount\":519,\"commentCount\":0,\"image\":{\"@id\":\"https:\\\/\\\/diariodelsurdigital.com.ar\\\/?p=7577#primaryimage\"},\"thumbnailUrl\":\"https:\\\/\\\/diariodelsurdigital.com.ar\\\/wp-content\\\/uploads\\\/2026\\\/03\\\/md-20.webp\",\"articleSection\":[\"Inter\u00e9s General\",\"Nacionales\"],\"inLanguage\":\"es\",\"potentialAction\":[{\"@type\":\"CommentAction\",\"name\":\"Comment\",\"target\":[\"https:\\\/\\\/diariodelsurdigital.com.ar\\\/?p=7577#respond\"]}]},{\"@type\":\"WebPage\",\"@id\":\"https:\\\/\\\/diariodelsurdigital.com.ar\\\/?p=7577\",\"url\":\"https:\\\/\\\/diariodelsurdigital.com.ar\\\/?p=7577\",\"name\":\"Sistema de salud de Santa Fe: Advierten un escenario \\\"in\u00e9dito\\\" por los recortes de Naci\u00f3n - Diario del Sur\",\"isPartOf\":{\"@id\":\"https:\\\/\\\/diariodelsurdigital.com.ar\\\/#website\"},\"primaryImageOfPage\":{\"@id\":\"https:\\\/\\\/diariodelsurdigital.com.ar\\\/?p=7577#primaryimage\"},\"image\":{\"@id\":\"https:\\\/\\\/diariodelsurdigital.com.ar\\\/?p=7577#primaryimage\"},\"thumbnailUrl\":\"https:\\\/\\\/diariodelsurdigital.com.ar\\\/wp-content\\\/uploads\\\/2026\\\/03\\\/md-20.webp\",\"datePublished\":\"2026-03-19T21:36:23+00:00\",\"dateModified\":\"2026-03-19T21:36:24+00:00\",\"author\":{\"@id\":\"https:\\\/\\\/diariodelsurdigital.com.ar\\\/#\\\/schema\\\/person\\\/1a4992532ed62965c968031b49195c81\"},\"breadcrumb\":{\"@id\":\"https:\\\/\\\/diariodelsurdigital.com.ar\\\/?p=7577#breadcrumb\"},\"inLanguage\":\"es\",\"potentialAction\":[{\"@type\":\"ReadAction\",\"target\":[\"https:\\\/\\\/diariodelsurdigital.com.ar\\\/?p=7577\"]}]},{\"@type\":\"ImageObject\",\"inLanguage\":\"es\",\"@id\":\"https:\\\/\\\/diariodelsurdigital.com.ar\\\/?p=7577#primaryimage\",\"url\":\"https:\\\/\\\/diariodelsurdigital.com.ar\\\/wp-content\\\/uploads\\\/2026\\\/03\\\/md-20.webp\",\"contentUrl\":\"https:\\\/\\\/diariodelsurdigital.com.ar\\\/wp-content\\\/uploads\\\/2026\\\/03\\\/md-20.webp\",\"width\":992,\"height\":704},{\"@type\":\"BreadcrumbList\",\"@id\":\"https:\\\/\\\/diariodelsurdigital.com.ar\\\/?p=7577#breadcrumb\",\"itemListElement\":[{\"@type\":\"ListItem\",\"position\":1,\"name\":\"Portada\",\"item\":\"https:\\\/\\\/diariodelsurdigital.com.ar\\\/\"},{\"@type\":\"ListItem\",\"position\":2,\"name\":\"Sistema de salud de Santa Fe: Advierten un escenario \u00abin\u00e9dito\u00bb por los recortes de Naci\u00f3n\"}]},{\"@type\":\"WebSite\",\"@id\":\"https:\\\/\\\/diariodelsurdigital.com.ar\\\/#website\",\"url\":\"https:\\\/\\\/diariodelsurdigital.com.ar\\\/\",\"name\":\"Diario del Sur\",\"description\":\"Digital\",\"potentialAction\":[{\"@type\":\"SearchAction\",\"target\":{\"@type\":\"EntryPoint\",\"urlTemplate\":\"https:\\\/\\\/diariodelsurdigital.com.ar\\\/?s={search_term_string}\"},\"query-input\":{\"@type\":\"PropertyValueSpecification\",\"valueRequired\":true,\"valueName\":\"search_term_string\"}}],\"inLanguage\":\"es\"},{\"@type\":\"Person\",\"@id\":\"https:\\\/\\\/diariodelsurdigital.com.ar\\\/#\\\/schema\\\/person\\\/1a4992532ed62965c968031b49195c81\",\"name\":\"Diario del Sur Digital\",\"image\":{\"@type\":\"ImageObject\",\"inLanguage\":\"es\",\"@id\":\"https:\\\/\\\/secure.gravatar.com\\\/avatar\\\/f0c7c47fc7146d19828273b9b8eda651c9c7ab583767e6338d3d3bee825adf76?s=96&d=mm&r=g\",\"url\":\"https:\\\/\\\/secure.gravatar.com\\\/avatar\\\/f0c7c47fc7146d19828273b9b8eda651c9c7ab583767e6338d3d3bee825adf76?s=96&d=mm&r=g\",\"contentUrl\":\"https:\\\/\\\/secure.gravatar.com\\\/avatar\\\/f0c7c47fc7146d19828273b9b8eda651c9c7ab583767e6338d3d3bee825adf76?s=96&d=mm&r=g\",\"caption\":\"Diario del Sur Digital\"},\"url\":\"https:\\\/\\\/diariodelsurdigital.com.ar\\\/?author=4\"}]}<\/script>\n<!-- \/ Yoast SEO plugin. -->","yoast_head_json":{"title":"Sistema de salud de Santa Fe: Advierten un escenario \"in\u00e9dito\" por los recortes de Naci\u00f3n - Diario del Sur","robots":{"index":"index","follow":"follow","max-snippet":"max-snippet:-1","max-image-preview":"max-image-preview:large","max-video-preview":"max-video-preview:-1"},"canonical":"https:\/\/diariodelsurdigital.com.ar\/?p=7577","og_locale":"es_ES","og_type":"article","og_title":"Sistema de salud de Santa Fe: Advierten un escenario \"in\u00e9dito\" por los recortes de Naci\u00f3n - Diario del Sur","og_description":"El sistema de salud de la Provincia enfrenta un escenario in\u00e9dito por recortes y mayor demanda. El impacto en pacientes y hospitales. El sistema de salud de Santa Fe atraviesa un escenario in\u00e9dito marcado por recortes en el env\u00edo de medicamentos desde Naci\u00f3n y un crecimiento sostenido de la demanda. AS\u00ed lo sostuvo la ministra [&hellip;]","og_url":"https:\/\/diariodelsurdigital.com.ar\/?p=7577","og_site_name":"Diario del Sur","article_published_time":"2026-03-19T21:36:23+00:00","article_modified_time":"2026-03-19T21:36:24+00:00","og_image":[{"width":992,"height":704,"url":"https:\/\/diariodelsurdigital.com.ar\/wp-content\/uploads\/2026\/03\/md-20.webp","type":"image\/webp"}],"author":"Diario del Sur Digital","twitter_card":"summary_large_image","twitter_misc":{"Escrito por":"Diario del Sur Digital","Tiempo de lectura":"3 minutos"},"schema":{"@context":"https:\/\/schema.org","@graph":[{"@type":"Article","@id":"https:\/\/diariodelsurdigital.com.ar\/?p=7577#article","isPartOf":{"@id":"https:\/\/diariodelsurdigital.com.ar\/?p=7577"},"author":{"name":"Diario del Sur Digital","@id":"https:\/\/diariodelsurdigital.com.ar\/#\/schema\/person\/1a4992532ed62965c968031b49195c81"},"headline":"Sistema de salud de Santa Fe: Advierten un escenario \u00abin\u00e9dito\u00bb por los recortes de Naci\u00f3n","datePublished":"2026-03-19T21:36:23+00:00","dateModified":"2026-03-19T21:36:24+00:00","mainEntityOfPage":{"@id":"https:\/\/diariodelsurdigital.com.ar\/?p=7577"},"wordCount":519,"commentCount":0,"image":{"@id":"https:\/\/diariodelsurdigital.com.ar\/?p=7577#primaryimage"},"thumbnailUrl":"https:\/\/diariodelsurdigital.com.ar\/wp-content\/uploads\/2026\/03\/md-20.webp","articleSection":["Inter\u00e9s General","Nacionales"],"inLanguage":"es","potentialAction":[{"@type":"CommentAction","name":"Comment","target":["https:\/\/diariodelsurdigital.com.ar\/?p=7577#respond"]}]},{"@type":"WebPage","@id":"https:\/\/diariodelsurdigital.com.ar\/?p=7577","url":"https:\/\/diariodelsurdigital.com.ar\/?p=7577","name":"Sistema de salud de Santa Fe: Advierten un escenario \"in\u00e9dito\" por los recortes de Naci\u00f3n - Diario del Sur","isPartOf":{"@id":"https:\/\/diariodelsurdigital.com.ar\/#website"},"primaryImageOfPage":{"@id":"https:\/\/diariodelsurdigital.com.ar\/?p=7577#primaryimage"},"image":{"@id":"https:\/\/diariodelsurdigital.com.ar\/?p=7577#primaryimage"},"thumbnailUrl":"https:\/\/diariodelsurdigital.com.ar\/wp-content\/uploads\/2026\/03\/md-20.webp","datePublished":"2026-03-19T21:36:23+00:00","dateModified":"2026-03-19T21:36:24+00:00","author":{"@id":"https:\/\/diariodelsurdigital.com.ar\/#\/schema\/person\/1a4992532ed62965c968031b49195c81"},"breadcrumb":{"@id":"https:\/\/diariodelsurdigital.com.ar\/?p=7577#breadcrumb"},"inLanguage":"es","potentialAction":[{"@type":"ReadAction","target":["https:\/\/diariodelsurdigital.com.ar\/?p=7577"]}]},{"@type":"ImageObject","inLanguage":"es","@id":"https:\/\/diariodelsurdigital.com.ar\/?p=7577#primaryimage","url":"https:\/\/diariodelsurdigital.com.ar\/wp-content\/uploads\/2026\/03\/md-20.webp","contentUrl":"https:\/\/diariodelsurdigital.com.ar\/wp-content\/uploads\/2026\/03\/md-20.webp","width":992,"height":704},{"@type":"BreadcrumbList","@id":"https:\/\/diariodelsurdigital.com.ar\/?p=7577#breadcrumb","itemListElement":[{"@type":"ListItem","position":1,"name":"Portada","item":"https:\/\/diariodelsurdigital.com.ar\/"},{"@type":"ListItem","position":2,"name":"Sistema de salud de Santa Fe: Advierten un escenario \u00abin\u00e9dito\u00bb por los recortes de Naci\u00f3n"}]},{"@type":"WebSite","@id":"https:\/\/diariodelsurdigital.com.ar\/#website","url":"https:\/\/diariodelsurdigital.com.ar\/","name":"Diario del Sur","description":"Digital","potentialAction":[{"@type":"SearchAction","target":{"@type":"EntryPoint","urlTemplate":"https:\/\/diariodelsurdigital.com.ar\/?s={search_term_string}"},"query-input":{"@type":"PropertyValueSpecification","valueRequired":true,"valueName":"search_term_string"}}],"inLanguage":"es"},{"@type":"Person","@id":"https:\/\/diariodelsurdigital.com.ar\/#\/schema\/person\/1a4992532ed62965c968031b49195c81","name":"Diario del Sur Digital","image":{"@type":"ImageObject","inLanguage":"es","@id":"https:\/\/secure.gravatar.com\/avatar\/f0c7c47fc7146d19828273b9b8eda651c9c7ab583767e6338d3d3bee825adf76?s=96&d=mm&r=g","url":"https:\/\/secure.gravatar.com\/avatar\/f0c7c47fc7146d19828273b9b8eda651c9c7ab583767e6338d3d3bee825adf76?s=96&d=mm&r=g","contentUrl":"https:\/\/secure.gravatar.com\/avatar\/f0c7c47fc7146d19828273b9b8eda651c9c7ab583767e6338d3d3bee825adf76?s=96&d=mm&r=g","caption":"Diario del Sur Digital"},"url":"https:\/\/diariodelsurdigital.com.ar\/?author=4"}]}},"_links":{"self":[{"href":"https:\/\/diariodelsurdigital.com.ar\/index.php?rest_route=\/wp\/v2\/posts\/7577","targetHints":{"allow":["GET"]}}],"collection":[{"href":"https:\/\/diariodelsurdigital.com.ar\/index.php?rest_route=\/wp\/v2\/posts"}],"about":[{"href":"https:\/\/diariodelsurdigital.com.ar\/index.php?rest_route=\/wp\/v2\/types\/post"}],"author":[{"embeddable":true,"href":"https:\/\/diariodelsurdigital.com.ar\/index.php?rest_route=\/wp\/v2\/users\/4"}],"replies":[{"embeddable":true,"href":"https:\/\/diariodelsurdigital.com.ar\/index.php?rest_route=%2Fwp%2Fv2%2Fcomments&post=7577"}],"version-history":[{"count":1,"href":"https:\/\/diariodelsurdigital.com.ar\/index.php?rest_route=\/wp\/v2\/posts\/7577\/revisions"}],"predecessor-version":[{"id":7579,"href":"https:\/\/diariodelsurdigital.com.ar\/index.php?rest_route=\/wp\/v2\/posts\/7577\/revisions\/7579"}],"wp:featuredmedia":[{"embeddable":true,"href":"https:\/\/diariodelsurdigital.com.ar\/index.php?rest_route=\/wp\/v2\/media\/7578"}],"wp:attachment":[{"href":"https:\/\/diariodelsurdigital.com.ar\/index.php?rest_route=%2Fwp%2Fv2%2Fmedia&parent=7577"}],"wp:term":[{"taxonomy":"category","embeddable":true,"href":"https:\/\/diariodelsurdigital.com.ar\/index.php?rest_route=%2Fwp%2Fv2%2Fcategories&post=7577"},{"taxonomy":"post_tag","embeddable":true,"href":"https:\/\/diariodelsurdigital.com.ar\/index.php?rest_route=%2Fwp%2Fv2%2Ftags&post=7577"}],"curies":[{"name":"wp","href":"https:\/\/api.w.org\/{rel}","templated":true}]}}