{"id":765,"date":"2025-01-28T16:47:06","date_gmt":"2025-01-28T19:47:06","guid":{"rendered":"https:\/\/diariodelsurdigital.com.ar\/?p=765"},"modified":"2025-01-28T16:47:07","modified_gmt":"2025-01-28T19:47:07","slug":"crisis-de-las-deportaciones-mexico-opta-por-la-cautela-y-brasil-convoca-al-jefe-de-la-embajada-de-estados-unidos","status":"publish","type":"post","link":"https:\/\/diariodelsurdigital.com.ar\/?p=765","title":{"rendered":"Crisis de las deportaciones: M\u00e9xico opta por la cautela y Brasil convoca al jefe de la Embajada de Estados Unidos"},"content":{"rendered":"\n<p>Sheinbaum se mantiene al margen del conflicto entre el magnate y Petro y apela al aprendizaje de L\u00f3pez Obrador para evitar el choque directo; Lula recurre a una v\u00eda diplom\u00e1tica, pero deja claro su enfado por las condiciones de los viajes de retorno.<\/p>\n\n\n\n<p>Todos los elementos que M\u00e9xico hab\u00eda previsto para el peor escenario en el arranque de la Administraci\u00f3n de Donald Trump estaban ah\u00ed. Las primeras deportaciones, el anuncio de una guerra arancelaria, las burlas y provocaciones en redes sociales. Esta vez, sin embargo, fue Colombia y no el Gobierno mexicano el pa\u00eds que acab\u00f3 protagonizando el primer conflicto diplom\u00e1tico entre Estados Unidos y Latinoam\u00e9rica por la crisis migratoria en la era Trump.<\/p>\n\n\n\n<p>El presidente Gustavo Petro plant\u00f3 cara a las presiones de Washington y entr\u00f3 en el combate cuerpo a cuerpo, pero poco despu\u00e9s se vio obligado a recular y aceptar los t\u00e9rminos de su rival para evitar una confrontaci\u00f3n mayor. Las tensiones diplom\u00e1ticas duraron menos de 24 horas, aunque fueron una demostraci\u00f3n de fuerza y una advertencia de lo que puede venir en la segunda presidencia del pol\u00edtico republicano. Tambi\u00e9n el Gobierno de Brasil, otro gigante latinoamericano, manifest\u00f3 sin matices su enfado.<\/p>\n\n\n\n<p>No obstante, fiel a su tradici\u00f3n, prioriz\u00f3 la diplomacia para expresar su disconformidad con la Administraci\u00f3n de Trump por unas deportaciones en condiciones que considera indignas. El Ministerio de Exteriores brasile\u00f1o convoc\u00f3 este lunes al diplom\u00e1tico de mayor rango de la embajada de Estados Unidos en Brasilia para pedirle que no se repita un incidente como el sufrido por 88 inmigrantes indocumentados brasile\u00f1os repatriados el fin de semana.<\/p>\n\n\n\n<p>En la misma l\u00ednea, el choque entre Petro y el magnate republicano reafirm\u00f3 la estrategia de las autoridades mexicanas \u00e2\u20ac\u2022no s\u00f3lo a partir de lo sucedido este fin de semana, sino tambi\u00e9n por las experiencias adquiridas durante el mandato de Andr\u00e9s Manuel L\u00f3pez Obrador\u00e2\u20ac\u2022, convencidas ahora m\u00e1s que nunca que tienen que evitar un encontronazo con Trump a toda costa y apostar por una salida negociada al desaf\u00edo que plantea el mandatario estadounidense.<\/p>\n\n\n\n<p>\u201cLo importante, lo dije desde el primer d\u00eda, es actuar siempre con la cabeza fr\u00eda, defendiendo la soberan\u00eda de cada pa\u00eds y el respeto entre las naciones y los pueblos\u201d, afirm\u00f3 este lunes Claudia Sheinbaum. La presidenta opt\u00f3 por mantenerse al margen del breve conflicto diplom\u00e1tico para no ponerse entre la espada y la pared. En un extremo estaba Petro, uno de sus principales aliados en la regi\u00f3n, pero en el otro estaba Estados Unidos, por mucho su relaci\u00f3n m\u00e1s importante y compleja. \u201cCon Am\u00e9rica Latina siempre nuestra solidaridad, nuestro apoyo\u201d, afirm\u00f3 en su \u00faltima conferencia de prensa, pero tambi\u00e9n tuvo palabras para su principal socio comercial. \u201cLa relaci\u00f3n con Estados Unidos es especial\u201d, dijo. \u201cEstamos obligados a tener una buena relaci\u00f3n\u201d, agreg\u00f3.<\/p>\n\n\n\n<p>Luiz In\u00e1cio Lula da Silva opt\u00f3 por una estrategia similar. La devoluci\u00f3n de 88 brasile\u00f1os en un vuelo fletado por las autoridades estadounidenses en el que tuvieron que \u201cviajar esposados de pies y manos en un avi\u00f3n estadounidense en mal estado con el aire acondicionado averiado\u201d irrit\u00f3 enormemente al presidente, que inmediatamente moviliz\u00f3 a varios ministros. La reuni\u00f3n entre la representante de Brasil y el encargado de negocios estadounidense fue positiva y se centr\u00f3 en evitar que los incidentes se repitan en aras de los intereses de ambos pa\u00edses, seg\u00fan un portavoz de la canciller\u00eda brasile\u00f1a.<\/p>\n\n\n\n<p>El encuentro se celebr\u00f3 al d\u00eda siguiente de que el Gobierno de Brasil reclamara al de Trump, en una nota, \u201cun tratamiento digno, respetuoso y humano\u201d para los inmigrantes brasile\u00f1os sin papeles que deporta. La pol\u00e9mica situaci\u00f3n de los repatriados trascendi\u00f3 el viernes durante una escala en Manaos, en la Amazonia. Lula orden\u00f3 que les retiraran las esposas y envi\u00f3 un avi\u00f3n de la Fuerza A\u00e9rea brasile\u00f1a a recogerlos y llevarlos a su destino final, Belo Horizonte. \u201cTuvimos una reacci\u00f3n muy sobria. No queremos provocar al Gobierno americano\u201d, declar\u00f3 el lunes por la ma\u00f1ana el ministro de Justicia brasile\u00f1o, Ricardo Lewandowski, en un encuentro con empresarios.<\/p>\n\n\n\n<p>Trump entra\u00f1a un reto complejo en el plano diplom\u00e1tico. M\u00e9xico ha sido testigo de c\u00f3mo castiga a quienes agachan la cabeza y pecan de debilidad, pero tambi\u00e9n c\u00f3mo es implacable contra quienes muerden el anzuelo de sus provocaciones. Tras una curva de aprendizaje de varios meses, no exenta de malentendidos ni tropiezos, Sheinbaum ha dado muestras de que puede mantener ese equilibrio en sus discursos y enviar la se\u00f1al hacia el interior de que puede mantener la interlocuci\u00f3n con la Casa Blanca sin sacrificar su dignidad. Petro fue menos cauteloso y pag\u00f3 las consecuencias.<\/p>\n\n\n\n<p>El presidente de Estados Unidos, siempre propenso a poner contra las cuerdas a sus contrincantes, aprovech\u00f3 una oportunidad excepcional para poner a prueba sus amenazas a un precio relativamente bajo y mandar el mensaje al resto del mundo de que va en serio. Es un patr\u00f3n de negociaci\u00f3n que dej\u00f3 patente desde su primer mandato. Trump parte de una posici\u00f3n maximalista en cada negociaci\u00f3n, con exigencias exageradas, para obligar a ceder a su contraparte y acaben haciendo lo que \u00e9l espera de ellos. \u201cA diferencia de hace ocho a\u00f1os, cuando Trump todav\u00eda era un enigma, su regreso estuvo much\u00edsimo m\u00e1s anticipado\u201d, dec\u00eda Miguel Bas\u00e1\u00f1ez, embajador de M\u00e9xico entre 2015 y 2016, en una entrevista con este diario. \u201cLo primero que hemos visto es m\u00e1s de lo mismo\u201d.<\/p>\n\n\n\n<p>Es una pel\u00edcula que M\u00e9xico, el blanco predilecto de Trump, ha visto una y otra vez. A finales de mayo de 2019, Trump anunci\u00f3 un arancel del 5% como castigo por la inmigraci\u00f3n irregular, con la intenci\u00f3n de incrementarlo gradualmente hasta el 25%. El Gobierno de L\u00f3pez Obrador, que hasta ese entonces hab\u00eda impulsado una pol\u00edtica migratoria de puertas abiertas, reconoci\u00f3 que su primer impulso, \u201clo natural\u201d, era apostar por el \u201cojo por ojo\u201d y las medidas espejo. \u201cRecuerde que no me falta valor, que no soy cobarde\u201d, espet\u00f3 el entonces presidente mexicano, quien calific\u00f3 la situaci\u00f3n como un \u201casunto penoso\u201d.<\/p>\n\n\n\n<p>Pero hab\u00eda mucho en riesgo. L\u00f3pez Obrador envi\u00f3 a su secretario de Relaciones Exteriores, Marcelo Ebrard, para negociar una salida con Trump. M\u00e9xico explor\u00f3 otras alternativas, convoc\u00f3 a una cumbre aliados de Estados Unidos dispuestos a cerrar filas con su causa, pero al final acept\u00f3 dar un giro radical a la gesti\u00f3n migratoria y despleg\u00f3 a la Guardia Nacional para convertir a la frontera sur en el nuevo muro del republicano y detener a miles de inmigrantes. Pero para la primera semana de junio hubo un acuerdo y los aranceles no llegaron.<\/p>\n\n\n\n<p>La soluci\u00f3n no fue ajena a los cuestionamientos, no s\u00f3lo de \u00edndole moral, sino tambi\u00e9n por la estrategia en la respuesta. \u201cEl error que cometi\u00f3 la Administraci\u00f3n de Andr\u00e9s Manuel L\u00f3pez Obrador fue atender un tuit donde se nos amenaz\u00f3 con que si no par\u00e1bamos la migraci\u00f3n centroamericana, iban a aumentar los aranceles\u201d, rese\u00f1aba Ildefonso Guajardo, exsecretario de Econom\u00eda, a este peri\u00f3dico. \u201cAlimentamos una tendencia a hacer amenazas cruzadas\u201d.<\/p>\n\n\n\n<p>El contrargumento es que, probablemente, no hab\u00eda mucho m\u00e1s margen de acci\u00f3n para las autoridades mexicanas y que, en ese punto, no hab\u00eda realmente precedentes de un ataque similar de parte de Trump. A final de cuentas, las autoridades mexicanas no quisieron o no pudieron buscar otra salida. A pesar de que las presiones se mantuvieron, las tensiones no volvieron a alcanzar otro pico similar hasta que Trump dej\u00f3 la presidencia en enero de 2021.<\/p>\n\n\n\n<p>\u201cSe lleg\u00f3 a un acuerdo entre ambos Gobiernos y eso es bueno\u201d, dijo Sheinbaum tras el choque entre Trump y Petro. \u201cEs lo que nosotros hemos buscado en la relaci\u00f3n con Estados Unidos: el di\u00e1logo, el respeto; siempre con nuestros principios de defensa de nuestra soberan\u00eda, de defensa de las y los mexicanos en el exterior, de garantizar los derechos humanos de quien llega repatriado a nuestro pa\u00eds\u201d, agreg\u00f3 la mandataria, sobre su propio reto con el nuevo Gobierno de Estados Unidos.<\/p>\n\n\n\n<h2 class=\"wp-block-heading\"><strong>\u201cFue una tortura desde que salimos de Luisiana\u201d<\/strong><\/h2>\n\n\n\n<p>Sandra de Souza, una brasile\u00f1a deportada con su marido y dos hijos, habl\u00f3 a la prensa, nada m\u00e1s aterrizar en Belo Horizonte, de la enorme tensi\u00f3n vivida durante el vuelo: \u201cUn infierno, una tortura desde que salimos de Luisiana. Estaba claro que el avi\u00f3n ten\u00eda alg\u00fan problema. Una falta de compromiso con los seres humanos. Nos mor\u00edamos de miedo de morir\u201d, dijo en unas declaraciones recogidas por el portal G-1.<\/p>\n\n\n\n<p>El Gobierno de Lula ya avis\u00f3 desde el momento del incidente que pedir\u00eda explicaciones a Washington sobre lo ocurrido en el vuelo en cuesti\u00f3n. Un portavoz de la Canciller\u00eda detalla que en lo que va de a\u00f1o, Brasil ha recibido dos vuelos con deportados. La media anual fue de unos 15 vuelos entre 2022 y 2024. Con estas premisas, Itamaraty ha convocado al encargado de negocios, Gabriel Escobar, dado que el puesto de embajador est\u00e1 vacante por el cambio de Administraci\u00f3n en Washington. Ahora el Gobierno quiere centrarse en que los deportados recomiencen sus vidas en Brasil.<\/p>\n\n\n\n<p>Las quejas de Lula y su Ejecutivo tuvieron amplia repercusi\u00f3n durante el fin de semana en Brasil, pero fueron recibidas, al menos p\u00fablicamente, con indiferencia por parte del reci\u00e9n estrenado Gobierno de Trump. Tanto el presidente brasile\u00f1o como su hom\u00f3loga mexicana tendr\u00e1n el jueves de reiterar su posici\u00f3n en la cumbre de la Comunidad de Estados Latinoamericanos y Caribe\u00f1os (Celac) convocada con urgencia por la mandataria hondure\u00f1a, Xiomara Castro, para tratar las deportaciones, public\u00f3 El Pa\u00eds.<\/p>\n","protected":false},"excerpt":{"rendered":"<p>Sheinbaum se mantiene al margen del conflicto entre el magnate y Petro y apela al aprendizaje de L\u00f3pez Obrador para evitar el choque directo; Lula recurre a una v\u00eda diplom\u00e1tica, pero deja claro su enfado por las condiciones de los viajes de retorno. Todos los elementos que M\u00e9xico hab\u00eda previsto para el peor escenario en [&hellip;]<\/p>\n","protected":false},"author":4,"featured_media":766,"comment_status":"open","ping_status":"open","sticky":false,"template":"","format":"standard","meta":{"footnotes":""},"categories":[20],"tags":[],"class_list":{"0":"post-765","1":"post","2":"type-post","3":"status-publish","4":"format-standard","5":"has-post-thumbnail","7":"category-internacionales"},"yoast_head":"<!-- This site is optimized with the Yoast SEO plugin v27.4 - https:\/\/yoast.com\/product\/yoast-seo-wordpress\/ -->\n<title>Crisis de las deportaciones: M\u00e9xico opta por la cautela y Brasil convoca al jefe de la Embajada de Estados Unidos - Diario del Sur<\/title>\n<meta name=\"robots\" content=\"index, follow, max-snippet:-1, max-image-preview:large, max-video-preview:-1\" \/>\n<link rel=\"canonical\" href=\"https:\/\/diariodelsurdigital.com.ar\/?p=765\" \/>\n<meta property=\"og:locale\" content=\"es_ES\" \/>\n<meta property=\"og:type\" content=\"article\" \/>\n<meta property=\"og:title\" content=\"Crisis de las deportaciones: M\u00e9xico opta por la cautela y Brasil convoca al jefe de la Embajada de Estados Unidos - Diario del Sur\" \/>\n<meta property=\"og:description\" content=\"Sheinbaum se mantiene al margen del conflicto entre el magnate y Petro y apela al aprendizaje de L\u00f3pez Obrador para evitar el choque directo; Lula recurre a una v\u00eda diplom\u00e1tica, pero deja claro su enfado por las condiciones de los viajes de retorno. Todos los elementos que M\u00e9xico hab\u00eda previsto para el peor escenario en [&hellip;]\" \/>\n<meta property=\"og:url\" content=\"https:\/\/diariodelsurdigital.com.ar\/?p=765\" \/>\n<meta property=\"og:site_name\" content=\"Diario del Sur\" \/>\n<meta property=\"article:published_time\" content=\"2025-01-28T19:47:06+00:00\" \/>\n<meta property=\"article:modified_time\" content=\"2025-01-28T19:47:07+00:00\" \/>\n<meta property=\"og:image\" content=\"https:\/\/diariodelsurdigital.com.ar\/wp-content\/uploads\/2025\/01\/md-2025-01-28T164206.738.webp\" \/>\n\t<meta property=\"og:image:width\" content=\"992\" \/>\n\t<meta property=\"og:image:height\" content=\"558\" \/>\n\t<meta property=\"og:image:type\" content=\"image\/webp\" \/>\n<meta name=\"author\" content=\"Diario del Sur Digital\" \/>\n<meta name=\"twitter:card\" content=\"summary_large_image\" \/>\n<meta name=\"twitter:label1\" content=\"Escrito por\" \/>\n\t<meta name=\"twitter:data1\" content=\"Diario del Sur Digital\" \/>\n\t<meta name=\"twitter:label2\" content=\"Tiempo de lectura\" \/>\n\t<meta name=\"twitter:data2\" content=\"8 minutos\" \/>\n<script type=\"application\/ld+json\" class=\"yoast-schema-graph\">{\"@context\":\"https:\\\/\\\/schema.org\",\"@graph\":[{\"@type\":\"Article\",\"@id\":\"https:\\\/\\\/diariodelsurdigital.com.ar\\\/?p=765#article\",\"isPartOf\":{\"@id\":\"https:\\\/\\\/diariodelsurdigital.com.ar\\\/?p=765\"},\"author\":{\"name\":\"Diario del Sur Digital\",\"@id\":\"https:\\\/\\\/diariodelsurdigital.com.ar\\\/#\\\/schema\\\/person\\\/1a4992532ed62965c968031b49195c81\"},\"headline\":\"Crisis de las deportaciones: M\u00e9xico opta por la cautela y Brasil convoca al jefe de la Embajada de Estados Unidos\",\"datePublished\":\"2025-01-28T19:47:06+00:00\",\"dateModified\":\"2025-01-28T19:47:07+00:00\",\"mainEntityOfPage\":{\"@id\":\"https:\\\/\\\/diariodelsurdigital.com.ar\\\/?p=765\"},\"wordCount\":1693,\"commentCount\":0,\"image\":{\"@id\":\"https:\\\/\\\/diariodelsurdigital.com.ar\\\/?p=765#primaryimage\"},\"thumbnailUrl\":\"https:\\\/\\\/diariodelsurdigital.com.ar\\\/wp-content\\\/uploads\\\/2025\\\/01\\\/md-2025-01-28T164206.738.webp\",\"articleSection\":[\"Internacionales\"],\"inLanguage\":\"es\",\"potentialAction\":[{\"@type\":\"CommentAction\",\"name\":\"Comment\",\"target\":[\"https:\\\/\\\/diariodelsurdigital.com.ar\\\/?p=765#respond\"]}]},{\"@type\":\"WebPage\",\"@id\":\"https:\\\/\\\/diariodelsurdigital.com.ar\\\/?p=765\",\"url\":\"https:\\\/\\\/diariodelsurdigital.com.ar\\\/?p=765\",\"name\":\"Crisis de las deportaciones: M\u00e9xico opta por la cautela y Brasil convoca al jefe de la Embajada de Estados Unidos - Diario del Sur\",\"isPartOf\":{\"@id\":\"https:\\\/\\\/diariodelsurdigital.com.ar\\\/#website\"},\"primaryImageOfPage\":{\"@id\":\"https:\\\/\\\/diariodelsurdigital.com.ar\\\/?p=765#primaryimage\"},\"image\":{\"@id\":\"https:\\\/\\\/diariodelsurdigital.com.ar\\\/?p=765#primaryimage\"},\"thumbnailUrl\":\"https:\\\/\\\/diariodelsurdigital.com.ar\\\/wp-content\\\/uploads\\\/2025\\\/01\\\/md-2025-01-28T164206.738.webp\",\"datePublished\":\"2025-01-28T19:47:06+00:00\",\"dateModified\":\"2025-01-28T19:47:07+00:00\",\"author\":{\"@id\":\"https:\\\/\\\/diariodelsurdigital.com.ar\\\/#\\\/schema\\\/person\\\/1a4992532ed62965c968031b49195c81\"},\"breadcrumb\":{\"@id\":\"https:\\\/\\\/diariodelsurdigital.com.ar\\\/?p=765#breadcrumb\"},\"inLanguage\":\"es\",\"potentialAction\":[{\"@type\":\"ReadAction\",\"target\":[\"https:\\\/\\\/diariodelsurdigital.com.ar\\\/?p=765\"]}]},{\"@type\":\"ImageObject\",\"inLanguage\":\"es\",\"@id\":\"https:\\\/\\\/diariodelsurdigital.com.ar\\\/?p=765#primaryimage\",\"url\":\"https:\\\/\\\/diariodelsurdigital.com.ar\\\/wp-content\\\/uploads\\\/2025\\\/01\\\/md-2025-01-28T164206.738.webp\",\"contentUrl\":\"https:\\\/\\\/diariodelsurdigital.com.ar\\\/wp-content\\\/uploads\\\/2025\\\/01\\\/md-2025-01-28T164206.738.webp\",\"width\":992,\"height\":558},{\"@type\":\"BreadcrumbList\",\"@id\":\"https:\\\/\\\/diariodelsurdigital.com.ar\\\/?p=765#breadcrumb\",\"itemListElement\":[{\"@type\":\"ListItem\",\"position\":1,\"name\":\"Portada\",\"item\":\"https:\\\/\\\/diariodelsurdigital.com.ar\\\/\"},{\"@type\":\"ListItem\",\"position\":2,\"name\":\"Crisis de las deportaciones: M\u00e9xico opta por la cautela y Brasil convoca al jefe de la Embajada de Estados Unidos\"}]},{\"@type\":\"WebSite\",\"@id\":\"https:\\\/\\\/diariodelsurdigital.com.ar\\\/#website\",\"url\":\"https:\\\/\\\/diariodelsurdigital.com.ar\\\/\",\"name\":\"Diario del Sur\",\"description\":\"Digital\",\"potentialAction\":[{\"@type\":\"SearchAction\",\"target\":{\"@type\":\"EntryPoint\",\"urlTemplate\":\"https:\\\/\\\/diariodelsurdigital.com.ar\\\/?s={search_term_string}\"},\"query-input\":{\"@type\":\"PropertyValueSpecification\",\"valueRequired\":true,\"valueName\":\"search_term_string\"}}],\"inLanguage\":\"es\"},{\"@type\":\"Person\",\"@id\":\"https:\\\/\\\/diariodelsurdigital.com.ar\\\/#\\\/schema\\\/person\\\/1a4992532ed62965c968031b49195c81\",\"name\":\"Diario del Sur Digital\",\"image\":{\"@type\":\"ImageObject\",\"inLanguage\":\"es\",\"@id\":\"https:\\\/\\\/secure.gravatar.com\\\/avatar\\\/f0c7c47fc7146d19828273b9b8eda651c9c7ab583767e6338d3d3bee825adf76?s=96&d=mm&r=g\",\"url\":\"https:\\\/\\\/secure.gravatar.com\\\/avatar\\\/f0c7c47fc7146d19828273b9b8eda651c9c7ab583767e6338d3d3bee825adf76?s=96&d=mm&r=g\",\"contentUrl\":\"https:\\\/\\\/secure.gravatar.com\\\/avatar\\\/f0c7c47fc7146d19828273b9b8eda651c9c7ab583767e6338d3d3bee825adf76?s=96&d=mm&r=g\",\"caption\":\"Diario del Sur Digital\"},\"url\":\"https:\\\/\\\/diariodelsurdigital.com.ar\\\/?author=4\"}]}<\/script>\n<!-- \/ Yoast SEO plugin. -->","yoast_head_json":{"title":"Crisis de las deportaciones: M\u00e9xico opta por la cautela y Brasil convoca al jefe de la Embajada de Estados Unidos - Diario del Sur","robots":{"index":"index","follow":"follow","max-snippet":"max-snippet:-1","max-image-preview":"max-image-preview:large","max-video-preview":"max-video-preview:-1"},"canonical":"https:\/\/diariodelsurdigital.com.ar\/?p=765","og_locale":"es_ES","og_type":"article","og_title":"Crisis de las deportaciones: M\u00e9xico opta por la cautela y Brasil convoca al jefe de la Embajada de Estados Unidos - Diario del Sur","og_description":"Sheinbaum se mantiene al margen del conflicto entre el magnate y Petro y apela al aprendizaje de L\u00f3pez Obrador para evitar el choque directo; Lula recurre a una v\u00eda diplom\u00e1tica, pero deja claro su enfado por las condiciones de los viajes de retorno. Todos los elementos que M\u00e9xico hab\u00eda previsto para el peor escenario en [&hellip;]","og_url":"https:\/\/diariodelsurdigital.com.ar\/?p=765","og_site_name":"Diario del Sur","article_published_time":"2025-01-28T19:47:06+00:00","article_modified_time":"2025-01-28T19:47:07+00:00","og_image":[{"width":992,"height":558,"url":"https:\/\/diariodelsurdigital.com.ar\/wp-content\/uploads\/2025\/01\/md-2025-01-28T164206.738.webp","type":"image\/webp"}],"author":"Diario del Sur Digital","twitter_card":"summary_large_image","twitter_misc":{"Escrito por":"Diario del Sur Digital","Tiempo de lectura":"8 minutos"},"schema":{"@context":"https:\/\/schema.org","@graph":[{"@type":"Article","@id":"https:\/\/diariodelsurdigital.com.ar\/?p=765#article","isPartOf":{"@id":"https:\/\/diariodelsurdigital.com.ar\/?p=765"},"author":{"name":"Diario del Sur Digital","@id":"https:\/\/diariodelsurdigital.com.ar\/#\/schema\/person\/1a4992532ed62965c968031b49195c81"},"headline":"Crisis de las deportaciones: M\u00e9xico opta por la cautela y Brasil convoca al jefe de la Embajada de Estados Unidos","datePublished":"2025-01-28T19:47:06+00:00","dateModified":"2025-01-28T19:47:07+00:00","mainEntityOfPage":{"@id":"https:\/\/diariodelsurdigital.com.ar\/?p=765"},"wordCount":1693,"commentCount":0,"image":{"@id":"https:\/\/diariodelsurdigital.com.ar\/?p=765#primaryimage"},"thumbnailUrl":"https:\/\/diariodelsurdigital.com.ar\/wp-content\/uploads\/2025\/01\/md-2025-01-28T164206.738.webp","articleSection":["Internacionales"],"inLanguage":"es","potentialAction":[{"@type":"CommentAction","name":"Comment","target":["https:\/\/diariodelsurdigital.com.ar\/?p=765#respond"]}]},{"@type":"WebPage","@id":"https:\/\/diariodelsurdigital.com.ar\/?p=765","url":"https:\/\/diariodelsurdigital.com.ar\/?p=765","name":"Crisis de las deportaciones: M\u00e9xico opta por la cautela y Brasil convoca al jefe de la Embajada de Estados Unidos - Diario del Sur","isPartOf":{"@id":"https:\/\/diariodelsurdigital.com.ar\/#website"},"primaryImageOfPage":{"@id":"https:\/\/diariodelsurdigital.com.ar\/?p=765#primaryimage"},"image":{"@id":"https:\/\/diariodelsurdigital.com.ar\/?p=765#primaryimage"},"thumbnailUrl":"https:\/\/diariodelsurdigital.com.ar\/wp-content\/uploads\/2025\/01\/md-2025-01-28T164206.738.webp","datePublished":"2025-01-28T19:47:06+00:00","dateModified":"2025-01-28T19:47:07+00:00","author":{"@id":"https:\/\/diariodelsurdigital.com.ar\/#\/schema\/person\/1a4992532ed62965c968031b49195c81"},"breadcrumb":{"@id":"https:\/\/diariodelsurdigital.com.ar\/?p=765#breadcrumb"},"inLanguage":"es","potentialAction":[{"@type":"ReadAction","target":["https:\/\/diariodelsurdigital.com.ar\/?p=765"]}]},{"@type":"ImageObject","inLanguage":"es","@id":"https:\/\/diariodelsurdigital.com.ar\/?p=765#primaryimage","url":"https:\/\/diariodelsurdigital.com.ar\/wp-content\/uploads\/2025\/01\/md-2025-01-28T164206.738.webp","contentUrl":"https:\/\/diariodelsurdigital.com.ar\/wp-content\/uploads\/2025\/01\/md-2025-01-28T164206.738.webp","width":992,"height":558},{"@type":"BreadcrumbList","@id":"https:\/\/diariodelsurdigital.com.ar\/?p=765#breadcrumb","itemListElement":[{"@type":"ListItem","position":1,"name":"Portada","item":"https:\/\/diariodelsurdigital.com.ar\/"},{"@type":"ListItem","position":2,"name":"Crisis de las deportaciones: M\u00e9xico opta por la cautela y Brasil convoca al jefe de la Embajada de Estados Unidos"}]},{"@type":"WebSite","@id":"https:\/\/diariodelsurdigital.com.ar\/#website","url":"https:\/\/diariodelsurdigital.com.ar\/","name":"Diario del Sur","description":"Digital","potentialAction":[{"@type":"SearchAction","target":{"@type":"EntryPoint","urlTemplate":"https:\/\/diariodelsurdigital.com.ar\/?s={search_term_string}"},"query-input":{"@type":"PropertyValueSpecification","valueRequired":true,"valueName":"search_term_string"}}],"inLanguage":"es"},{"@type":"Person","@id":"https:\/\/diariodelsurdigital.com.ar\/#\/schema\/person\/1a4992532ed62965c968031b49195c81","name":"Diario del Sur Digital","image":{"@type":"ImageObject","inLanguage":"es","@id":"https:\/\/secure.gravatar.com\/avatar\/f0c7c47fc7146d19828273b9b8eda651c9c7ab583767e6338d3d3bee825adf76?s=96&d=mm&r=g","url":"https:\/\/secure.gravatar.com\/avatar\/f0c7c47fc7146d19828273b9b8eda651c9c7ab583767e6338d3d3bee825adf76?s=96&d=mm&r=g","contentUrl":"https:\/\/secure.gravatar.com\/avatar\/f0c7c47fc7146d19828273b9b8eda651c9c7ab583767e6338d3d3bee825adf76?s=96&d=mm&r=g","caption":"Diario del Sur Digital"},"url":"https:\/\/diariodelsurdigital.com.ar\/?author=4"}]}},"_links":{"self":[{"href":"https:\/\/diariodelsurdigital.com.ar\/index.php?rest_route=\/wp\/v2\/posts\/765","targetHints":{"allow":["GET"]}}],"collection":[{"href":"https:\/\/diariodelsurdigital.com.ar\/index.php?rest_route=\/wp\/v2\/posts"}],"about":[{"href":"https:\/\/diariodelsurdigital.com.ar\/index.php?rest_route=\/wp\/v2\/types\/post"}],"author":[{"embeddable":true,"href":"https:\/\/diariodelsurdigital.com.ar\/index.php?rest_route=\/wp\/v2\/users\/4"}],"replies":[{"embeddable":true,"href":"https:\/\/diariodelsurdigital.com.ar\/index.php?rest_route=%2Fwp%2Fv2%2Fcomments&post=765"}],"version-history":[{"count":1,"href":"https:\/\/diariodelsurdigital.com.ar\/index.php?rest_route=\/wp\/v2\/posts\/765\/revisions"}],"predecessor-version":[{"id":767,"href":"https:\/\/diariodelsurdigital.com.ar\/index.php?rest_route=\/wp\/v2\/posts\/765\/revisions\/767"}],"wp:featuredmedia":[{"embeddable":true,"href":"https:\/\/diariodelsurdigital.com.ar\/index.php?rest_route=\/wp\/v2\/media\/766"}],"wp:attachment":[{"href":"https:\/\/diariodelsurdigital.com.ar\/index.php?rest_route=%2Fwp%2Fv2%2Fmedia&parent=765"}],"wp:term":[{"taxonomy":"category","embeddable":true,"href":"https:\/\/diariodelsurdigital.com.ar\/index.php?rest_route=%2Fwp%2Fv2%2Fcategories&post=765"},{"taxonomy":"post_tag","embeddable":true,"href":"https:\/\/diariodelsurdigital.com.ar\/index.php?rest_route=%2Fwp%2Fv2%2Ftags&post=765"}],"curies":[{"name":"wp","href":"https:\/\/api.w.org\/{rel}","templated":true}]}}