{"id":771,"date":"2025-01-28T16:52:47","date_gmt":"2025-01-28T19:52:47","guid":{"rendered":"https:\/\/diariodelsurdigital.com.ar\/?p=771"},"modified":"2025-01-28T16:52:49","modified_gmt":"2025-01-28T19:52:49","slug":"federacion-convoca-a-concordia-a-defender-los-recursos-de-salto-grande-y-le-pide-reunion-a-frigerio","status":"publish","type":"post","link":"https:\/\/diariodelsurdigital.com.ar\/?p=771","title":{"rendered":"Federaci\u00f3n convoca a Concordia a defender los recursos de Salto Grande y le pide reuni\u00f3n a Frigerio"},"content":{"rendered":"\n<p>El Intendente de Federaci\u00f3n, Ricardo Bravo, reuni\u00f3 a referentes pol\u00edticos y a vecinos para exigir que Gualeguaych\u00fa no reciba regal\u00edas de Salto Grande y que los fondos se sigan distribuyendo entre los departamentos afectados por la construcci\u00f3n de la represa. Participaron representantes de Chajar\u00ed, Santa Ana y Villa del Rosario, y legisladores provinciales.<\/p>\n\n\n\n<p>El Presidente Municipal realiz\u00f3 una convocatoria para expresar su \u201cfirme postura de luchar codo a codo con los referentes pol\u00edticos y los vecinos en defensa de los Excedentes de Salto Grande y que no se lleven esos recursos que por Ley y por historia les corresponden a los Federaenses y a toda la Regi\u00f3n\u201d.<\/p>\n\n\n\n<p>En esta amplia convocatoria el Intendente Bravo cuestion\u00f3 las intenciones de incorporar a Gualeguaych\u00fa como beneficiaria de los excedentes de Salto Grande, tal lo anunciara el propio intendente de la ciudad de Gualeguych\u00fa, Mauricio Davico.<\/p>\n\n\n\n<p>Tras el encuentro manifestaron que la ciudad y la zona est\u00e1n \u201cen estado de alerta y movilizaci\u00f3n\u201d para impedir que los excedentes sean extendidos a otros destinos, afectando as\u00ed seriamente a las ciudades contempladas en la ley 9.140.<\/p>\n\n\n\n<p>El encuentro tuvo lugar este martes en el Sal\u00f3n de la Democracia de Federaci\u00f3n, y participaron representantes de los municipios del Departamento Federaci\u00f3n, legisladores provinciales, concejales, instituciones intermedias se convocaron para abordar la problem\u00e1tica de la distribuci\u00f3n de los excedentes de Salto Grande.<\/p>\n\n\n\n<p>Tras un intercambio de opiniones, se acord\u00f3:<\/p>\n\n\n\n<p>.Solicitar una audiencia con el se\u00f1or Gobernador: Para trasladar las inquietudes de los representantes del Departamento.<\/p>\n\n\n\n<p>.Invitar a las autoridades de Concordia: A unirse a la solicitud y participar en la reuni\u00f3n con el Gobernador.<\/p>\n\n\n\n<p>.Respetar los porcentajes establecidos por usos y costumbres: Se solicita que la mayor parte de los excedentes se destine a los departamentos naturalmente afectados, como Federaci\u00f3n y Concordia.<\/p>\n\n\n\n<p>. Igualdad en la retribuci\u00f3n por energ\u00eda generada: Se solicitar\u00e1 a los representantes provinciales en el Congreso de la Naci\u00f3n que la Represa de Salto Grande reciba la misma retribuci\u00f3n por la energ\u00eda generada que otras represas del sistema el\u00e9ctrico nacional, como Yacyret\u00e1.<\/p>\n\n\n\n<p>.Revisi\u00f3n de la Ley Provincial N\u00ba 9140: Se trabajar\u00e1, a trav\u00e9s de los legisladores, en la revisi\u00f3n de esta ley para definir el \u00e1rea afectada por la construcci\u00f3n de la represa, los porcentajes de distribuci\u00f3n de excedentes en cada departamento, la elecci\u00f3n de autoridades de la Cafesg y otros aspectos relevantes.<\/p>\n\n\n\n<p>A la reuni\u00f3n asistieron los presidentes municipales de Federaci\u00f3n, Ricardo Bravo, Santa Ana, Rogelio Zanandrea, y Villa del Rosario, Vanina Perini. Las viceintendentes de Federaci\u00f3n, Silvana Monz\u00f3n y Chajar\u00ed, Fabiola Fochesatto Brunini, el Senador Rub\u00e9n Dal Mol\u00edn y el Diputado provincial Rub\u00e9n Rastelli, el vocal de la Cafesg, Miguel Cattani, Secretarios y Directores del Municipio de Federaci\u00f3n, Concejales de ambos bloques: Odalis Burna, Mabel Franzoy, Noelia Grigolatto, Sabrina Landa, Agust\u00edn Sg\u00fcerzo y representantes del Centro de Comercio de Federaci\u00f3n, Concejal de Villa del Rosario y funcionarios de Chajar\u00ed.<\/p>\n\n\n\n<p>No estuvo presente el titular de la Cafesg y ex intendente de Federaci\u00f3n, Carlos Cecco.<\/p>\n\n\n\n<p>El Intendente Bravo tras la reuni\u00f3n fue contundente y expres\u00f3: \u00abPor Federaci\u00f3n y la Regi\u00f3n Salto Grande me pongo a disposici\u00f3n para dar pelea en la defensa de los Excedentes de Salto Grande\u00bb.<\/p>\n\n\n\n<p>\u00abVamos a luchar codo a codo con los referentes de la regi\u00f3n y los vecinos para que no nos quiten lo que por ley y por historia nos corresponde a los Federaenses y la Regi\u00f3n\u00bb.<\/p>\n\n\n\n<p>\u00abEstamos alertas y esperando una comunicaci\u00f3n oficial con el Gobierno Provincial que nos lleve claridad y tambi\u00e9n que empiecen a darle prioridad a los proyectos que tenemos presentados ante la Cafesg\u00bb.<\/p>\n\n\n\n<p><strong>Concejales de ambos Bloque: \u00abVamos a defender lo que nos corresponde\u00bb<\/strong><\/p>\n\n\n\n<p>Tras la convocatoria que realiz\u00f3 el Intendente de Federaci\u00f3n, Ricardo Bravo, los dos bloques del Concejo Deliberante lanzaron un comunicado en el que expresaron: \u00abNos ponemos a disposici\u00f3n en defensa de los intereses de los Federaenses y de la Regi\u00f3n Salto Grande\u00bb.<\/p>\n\n\n\n<p>\u00abParticipamos de la convocatoria realizada por el Intendente Ricardo Bravo que tuvo como fin unir posturas para que se respete la ley de la Cafesg y se den respuestas a las diferentes solicitudes que present\u00f3 nuestro municipio y los que componen la regi\u00f3n\u00bb.<\/p>\n\n\n\n<p>\u00abEste estado de alerta y acci\u00f3n es en consecuencia a las declaraciones del Intendente de Gualeguaych\u00fa, posterior a una reuni\u00f3n que mantuvo con el Gobernador Rogelio Frigerio, en las que manifest\u00f3 que pretende que obras de su ciudad se financien con los excedentes de la Cafesg\u201d.&nbsp;<\/p>\n","protected":false},"excerpt":{"rendered":"<p>El Intendente de Federaci\u00f3n, Ricardo Bravo, reuni\u00f3 a referentes pol\u00edticos y a vecinos para exigir que Gualeguaych\u00fa no reciba regal\u00edas de Salto Grande y que los fondos se sigan distribuyendo entre los departamentos afectados por la construcci\u00f3n de la represa. Participaron representantes de Chajar\u00ed, Santa Ana y Villa del Rosario, y legisladores provinciales. El Presidente [&hellip;]<\/p>\n","protected":false},"author":4,"featured_media":772,"comment_status":"open","ping_status":"open","sticky":false,"template":"","format":"standard","meta":{"footnotes":""},"categories":[22,17],"tags":[],"class_list":{"0":"post-771","1":"post","2":"type-post","3":"status-publish","4":"format-standard","5":"has-post-thumbnail","7":"category-politica","8":"category-provinciales"},"yoast_head":"<!-- This site is optimized with the Yoast SEO plugin v27.4 - https:\/\/yoast.com\/product\/yoast-seo-wordpress\/ -->\n<title>Federaci\u00f3n convoca a Concordia a defender los recursos de Salto Grande y le pide reuni\u00f3n a Frigerio - Diario del Sur<\/title>\n<meta name=\"robots\" content=\"index, follow, max-snippet:-1, max-image-preview:large, max-video-preview:-1\" \/>\n<link rel=\"canonical\" href=\"https:\/\/diariodelsurdigital.com.ar\/?p=771\" \/>\n<meta property=\"og:locale\" content=\"es_ES\" \/>\n<meta property=\"og:type\" content=\"article\" \/>\n<meta property=\"og:title\" content=\"Federaci\u00f3n convoca a Concordia a defender los recursos de Salto Grande y le pide reuni\u00f3n a Frigerio - Diario del Sur\" \/>\n<meta property=\"og:description\" content=\"El Intendente de Federaci\u00f3n, Ricardo Bravo, reuni\u00f3 a referentes pol\u00edticos y a vecinos para exigir que Gualeguaych\u00fa no reciba regal\u00edas de Salto Grande y que los fondos se sigan distribuyendo entre los departamentos afectados por la construcci\u00f3n de la represa. Participaron representantes de Chajar\u00ed, Santa Ana y Villa del Rosario, y legisladores provinciales. El Presidente [&hellip;]\" \/>\n<meta property=\"og:url\" content=\"https:\/\/diariodelsurdigital.com.ar\/?p=771\" \/>\n<meta property=\"og:site_name\" content=\"Diario del Sur\" \/>\n<meta property=\"article:published_time\" content=\"2025-01-28T19:52:47+00:00\" \/>\n<meta property=\"article:modified_time\" content=\"2025-01-28T19:52:49+00:00\" \/>\n<meta property=\"og:image\" content=\"https:\/\/diariodelsurdigital.com.ar\/wp-content\/uploads\/2025\/01\/md-2025-01-28T164640.614.webp\" \/>\n\t<meta property=\"og:image:width\" content=\"992\" \/>\n\t<meta property=\"og:image:height\" content=\"744\" \/>\n\t<meta property=\"og:image:type\" content=\"image\/webp\" \/>\n<meta name=\"author\" content=\"Diario del Sur Digital\" \/>\n<meta name=\"twitter:card\" content=\"summary_large_image\" \/>\n<meta name=\"twitter:label1\" content=\"Escrito por\" \/>\n\t<meta name=\"twitter:data1\" content=\"Diario del Sur Digital\" \/>\n\t<meta name=\"twitter:label2\" content=\"Tiempo de lectura\" \/>\n\t<meta name=\"twitter:data2\" content=\"4 minutos\" \/>\n<script type=\"application\/ld+json\" class=\"yoast-schema-graph\">{\"@context\":\"https:\\\/\\\/schema.org\",\"@graph\":[{\"@type\":\"Article\",\"@id\":\"https:\\\/\\\/diariodelsurdigital.com.ar\\\/?p=771#article\",\"isPartOf\":{\"@id\":\"https:\\\/\\\/diariodelsurdigital.com.ar\\\/?p=771\"},\"author\":{\"name\":\"Diario del Sur Digital\",\"@id\":\"https:\\\/\\\/diariodelsurdigital.com.ar\\\/#\\\/schema\\\/person\\\/1a4992532ed62965c968031b49195c81\"},\"headline\":\"Federaci\u00f3n convoca a Concordia a defender los recursos de Salto Grande y le pide reuni\u00f3n a Frigerio\",\"datePublished\":\"2025-01-28T19:52:47+00:00\",\"dateModified\":\"2025-01-28T19:52:49+00:00\",\"mainEntityOfPage\":{\"@id\":\"https:\\\/\\\/diariodelsurdigital.com.ar\\\/?p=771\"},\"wordCount\":802,\"commentCount\":0,\"image\":{\"@id\":\"https:\\\/\\\/diariodelsurdigital.com.ar\\\/?p=771#primaryimage\"},\"thumbnailUrl\":\"https:\\\/\\\/diariodelsurdigital.com.ar\\\/wp-content\\\/uploads\\\/2025\\\/01\\\/md-2025-01-28T164640.614.webp\",\"articleSection\":[\"Pol\u00edtica\",\"Provinciales\"],\"inLanguage\":\"es\",\"potentialAction\":[{\"@type\":\"CommentAction\",\"name\":\"Comment\",\"target\":[\"https:\\\/\\\/diariodelsurdigital.com.ar\\\/?p=771#respond\"]}]},{\"@type\":\"WebPage\",\"@id\":\"https:\\\/\\\/diariodelsurdigital.com.ar\\\/?p=771\",\"url\":\"https:\\\/\\\/diariodelsurdigital.com.ar\\\/?p=771\",\"name\":\"Federaci\u00f3n convoca a Concordia a defender los recursos de Salto Grande y le pide reuni\u00f3n a Frigerio - Diario del Sur\",\"isPartOf\":{\"@id\":\"https:\\\/\\\/diariodelsurdigital.com.ar\\\/#website\"},\"primaryImageOfPage\":{\"@id\":\"https:\\\/\\\/diariodelsurdigital.com.ar\\\/?p=771#primaryimage\"},\"image\":{\"@id\":\"https:\\\/\\\/diariodelsurdigital.com.ar\\\/?p=771#primaryimage\"},\"thumbnailUrl\":\"https:\\\/\\\/diariodelsurdigital.com.ar\\\/wp-content\\\/uploads\\\/2025\\\/01\\\/md-2025-01-28T164640.614.webp\",\"datePublished\":\"2025-01-28T19:52:47+00:00\",\"dateModified\":\"2025-01-28T19:52:49+00:00\",\"author\":{\"@id\":\"https:\\\/\\\/diariodelsurdigital.com.ar\\\/#\\\/schema\\\/person\\\/1a4992532ed62965c968031b49195c81\"},\"breadcrumb\":{\"@id\":\"https:\\\/\\\/diariodelsurdigital.com.ar\\\/?p=771#breadcrumb\"},\"inLanguage\":\"es\",\"potentialAction\":[{\"@type\":\"ReadAction\",\"target\":[\"https:\\\/\\\/diariodelsurdigital.com.ar\\\/?p=771\"]}]},{\"@type\":\"ImageObject\",\"inLanguage\":\"es\",\"@id\":\"https:\\\/\\\/diariodelsurdigital.com.ar\\\/?p=771#primaryimage\",\"url\":\"https:\\\/\\\/diariodelsurdigital.com.ar\\\/wp-content\\\/uploads\\\/2025\\\/01\\\/md-2025-01-28T164640.614.webp\",\"contentUrl\":\"https:\\\/\\\/diariodelsurdigital.com.ar\\\/wp-content\\\/uploads\\\/2025\\\/01\\\/md-2025-01-28T164640.614.webp\",\"width\":992,\"height\":744},{\"@type\":\"BreadcrumbList\",\"@id\":\"https:\\\/\\\/diariodelsurdigital.com.ar\\\/?p=771#breadcrumb\",\"itemListElement\":[{\"@type\":\"ListItem\",\"position\":1,\"name\":\"Portada\",\"item\":\"https:\\\/\\\/diariodelsurdigital.com.ar\\\/\"},{\"@type\":\"ListItem\",\"position\":2,\"name\":\"Federaci\u00f3n convoca a Concordia a defender los recursos de Salto Grande y le pide reuni\u00f3n a Frigerio\"}]},{\"@type\":\"WebSite\",\"@id\":\"https:\\\/\\\/diariodelsurdigital.com.ar\\\/#website\",\"url\":\"https:\\\/\\\/diariodelsurdigital.com.ar\\\/\",\"name\":\"Diario del Sur\",\"description\":\"Digital\",\"potentialAction\":[{\"@type\":\"SearchAction\",\"target\":{\"@type\":\"EntryPoint\",\"urlTemplate\":\"https:\\\/\\\/diariodelsurdigital.com.ar\\\/?s={search_term_string}\"},\"query-input\":{\"@type\":\"PropertyValueSpecification\",\"valueRequired\":true,\"valueName\":\"search_term_string\"}}],\"inLanguage\":\"es\"},{\"@type\":\"Person\",\"@id\":\"https:\\\/\\\/diariodelsurdigital.com.ar\\\/#\\\/schema\\\/person\\\/1a4992532ed62965c968031b49195c81\",\"name\":\"Diario del Sur Digital\",\"image\":{\"@type\":\"ImageObject\",\"inLanguage\":\"es\",\"@id\":\"https:\\\/\\\/secure.gravatar.com\\\/avatar\\\/f0c7c47fc7146d19828273b9b8eda651c9c7ab583767e6338d3d3bee825adf76?s=96&d=mm&r=g\",\"url\":\"https:\\\/\\\/secure.gravatar.com\\\/avatar\\\/f0c7c47fc7146d19828273b9b8eda651c9c7ab583767e6338d3d3bee825adf76?s=96&d=mm&r=g\",\"contentUrl\":\"https:\\\/\\\/secure.gravatar.com\\\/avatar\\\/f0c7c47fc7146d19828273b9b8eda651c9c7ab583767e6338d3d3bee825adf76?s=96&d=mm&r=g\",\"caption\":\"Diario del Sur Digital\"},\"url\":\"https:\\\/\\\/diariodelsurdigital.com.ar\\\/?author=4\"}]}<\/script>\n<!-- \/ Yoast SEO plugin. -->","yoast_head_json":{"title":"Federaci\u00f3n convoca a Concordia a defender los recursos de Salto Grande y le pide reuni\u00f3n a Frigerio - Diario del Sur","robots":{"index":"index","follow":"follow","max-snippet":"max-snippet:-1","max-image-preview":"max-image-preview:large","max-video-preview":"max-video-preview:-1"},"canonical":"https:\/\/diariodelsurdigital.com.ar\/?p=771","og_locale":"es_ES","og_type":"article","og_title":"Federaci\u00f3n convoca a Concordia a defender los recursos de Salto Grande y le pide reuni\u00f3n a Frigerio - Diario del Sur","og_description":"El Intendente de Federaci\u00f3n, Ricardo Bravo, reuni\u00f3 a referentes pol\u00edticos y a vecinos para exigir que Gualeguaych\u00fa no reciba regal\u00edas de Salto Grande y que los fondos se sigan distribuyendo entre los departamentos afectados por la construcci\u00f3n de la represa. Participaron representantes de Chajar\u00ed, Santa Ana y Villa del Rosario, y legisladores provinciales. El Presidente [&hellip;]","og_url":"https:\/\/diariodelsurdigital.com.ar\/?p=771","og_site_name":"Diario del Sur","article_published_time":"2025-01-28T19:52:47+00:00","article_modified_time":"2025-01-28T19:52:49+00:00","og_image":[{"width":992,"height":744,"url":"https:\/\/diariodelsurdigital.com.ar\/wp-content\/uploads\/2025\/01\/md-2025-01-28T164640.614.webp","type":"image\/webp"}],"author":"Diario del Sur Digital","twitter_card":"summary_large_image","twitter_misc":{"Escrito por":"Diario del Sur Digital","Tiempo de lectura":"4 minutos"},"schema":{"@context":"https:\/\/schema.org","@graph":[{"@type":"Article","@id":"https:\/\/diariodelsurdigital.com.ar\/?p=771#article","isPartOf":{"@id":"https:\/\/diariodelsurdigital.com.ar\/?p=771"},"author":{"name":"Diario del Sur Digital","@id":"https:\/\/diariodelsurdigital.com.ar\/#\/schema\/person\/1a4992532ed62965c968031b49195c81"},"headline":"Federaci\u00f3n convoca a Concordia a defender los recursos de Salto Grande y le pide reuni\u00f3n a Frigerio","datePublished":"2025-01-28T19:52:47+00:00","dateModified":"2025-01-28T19:52:49+00:00","mainEntityOfPage":{"@id":"https:\/\/diariodelsurdigital.com.ar\/?p=771"},"wordCount":802,"commentCount":0,"image":{"@id":"https:\/\/diariodelsurdigital.com.ar\/?p=771#primaryimage"},"thumbnailUrl":"https:\/\/diariodelsurdigital.com.ar\/wp-content\/uploads\/2025\/01\/md-2025-01-28T164640.614.webp","articleSection":["Pol\u00edtica","Provinciales"],"inLanguage":"es","potentialAction":[{"@type":"CommentAction","name":"Comment","target":["https:\/\/diariodelsurdigital.com.ar\/?p=771#respond"]}]},{"@type":"WebPage","@id":"https:\/\/diariodelsurdigital.com.ar\/?p=771","url":"https:\/\/diariodelsurdigital.com.ar\/?p=771","name":"Federaci\u00f3n convoca a Concordia a defender los recursos de Salto Grande y le pide reuni\u00f3n a Frigerio - Diario del Sur","isPartOf":{"@id":"https:\/\/diariodelsurdigital.com.ar\/#website"},"primaryImageOfPage":{"@id":"https:\/\/diariodelsurdigital.com.ar\/?p=771#primaryimage"},"image":{"@id":"https:\/\/diariodelsurdigital.com.ar\/?p=771#primaryimage"},"thumbnailUrl":"https:\/\/diariodelsurdigital.com.ar\/wp-content\/uploads\/2025\/01\/md-2025-01-28T164640.614.webp","datePublished":"2025-01-28T19:52:47+00:00","dateModified":"2025-01-28T19:52:49+00:00","author":{"@id":"https:\/\/diariodelsurdigital.com.ar\/#\/schema\/person\/1a4992532ed62965c968031b49195c81"},"breadcrumb":{"@id":"https:\/\/diariodelsurdigital.com.ar\/?p=771#breadcrumb"},"inLanguage":"es","potentialAction":[{"@type":"ReadAction","target":["https:\/\/diariodelsurdigital.com.ar\/?p=771"]}]},{"@type":"ImageObject","inLanguage":"es","@id":"https:\/\/diariodelsurdigital.com.ar\/?p=771#primaryimage","url":"https:\/\/diariodelsurdigital.com.ar\/wp-content\/uploads\/2025\/01\/md-2025-01-28T164640.614.webp","contentUrl":"https:\/\/diariodelsurdigital.com.ar\/wp-content\/uploads\/2025\/01\/md-2025-01-28T164640.614.webp","width":992,"height":744},{"@type":"BreadcrumbList","@id":"https:\/\/diariodelsurdigital.com.ar\/?p=771#breadcrumb","itemListElement":[{"@type":"ListItem","position":1,"name":"Portada","item":"https:\/\/diariodelsurdigital.com.ar\/"},{"@type":"ListItem","position":2,"name":"Federaci\u00f3n convoca a Concordia a defender los recursos de Salto Grande y le pide reuni\u00f3n a Frigerio"}]},{"@type":"WebSite","@id":"https:\/\/diariodelsurdigital.com.ar\/#website","url":"https:\/\/diariodelsurdigital.com.ar\/","name":"Diario del Sur","description":"Digital","potentialAction":[{"@type":"SearchAction","target":{"@type":"EntryPoint","urlTemplate":"https:\/\/diariodelsurdigital.com.ar\/?s={search_term_string}"},"query-input":{"@type":"PropertyValueSpecification","valueRequired":true,"valueName":"search_term_string"}}],"inLanguage":"es"},{"@type":"Person","@id":"https:\/\/diariodelsurdigital.com.ar\/#\/schema\/person\/1a4992532ed62965c968031b49195c81","name":"Diario del Sur Digital","image":{"@type":"ImageObject","inLanguage":"es","@id":"https:\/\/secure.gravatar.com\/avatar\/f0c7c47fc7146d19828273b9b8eda651c9c7ab583767e6338d3d3bee825adf76?s=96&d=mm&r=g","url":"https:\/\/secure.gravatar.com\/avatar\/f0c7c47fc7146d19828273b9b8eda651c9c7ab583767e6338d3d3bee825adf76?s=96&d=mm&r=g","contentUrl":"https:\/\/secure.gravatar.com\/avatar\/f0c7c47fc7146d19828273b9b8eda651c9c7ab583767e6338d3d3bee825adf76?s=96&d=mm&r=g","caption":"Diario del Sur Digital"},"url":"https:\/\/diariodelsurdigital.com.ar\/?author=4"}]}},"_links":{"self":[{"href":"https:\/\/diariodelsurdigital.com.ar\/index.php?rest_route=\/wp\/v2\/posts\/771","targetHints":{"allow":["GET"]}}],"collection":[{"href":"https:\/\/diariodelsurdigital.com.ar\/index.php?rest_route=\/wp\/v2\/posts"}],"about":[{"href":"https:\/\/diariodelsurdigital.com.ar\/index.php?rest_route=\/wp\/v2\/types\/post"}],"author":[{"embeddable":true,"href":"https:\/\/diariodelsurdigital.com.ar\/index.php?rest_route=\/wp\/v2\/users\/4"}],"replies":[{"embeddable":true,"href":"https:\/\/diariodelsurdigital.com.ar\/index.php?rest_route=%2Fwp%2Fv2%2Fcomments&post=771"}],"version-history":[{"count":1,"href":"https:\/\/diariodelsurdigital.com.ar\/index.php?rest_route=\/wp\/v2\/posts\/771\/revisions"}],"predecessor-version":[{"id":773,"href":"https:\/\/diariodelsurdigital.com.ar\/index.php?rest_route=\/wp\/v2\/posts\/771\/revisions\/773"}],"wp:featuredmedia":[{"embeddable":true,"href":"https:\/\/diariodelsurdigital.com.ar\/index.php?rest_route=\/wp\/v2\/media\/772"}],"wp:attachment":[{"href":"https:\/\/diariodelsurdigital.com.ar\/index.php?rest_route=%2Fwp%2Fv2%2Fmedia&parent=771"}],"wp:term":[{"taxonomy":"category","embeddable":true,"href":"https:\/\/diariodelsurdigital.com.ar\/index.php?rest_route=%2Fwp%2Fv2%2Fcategories&post=771"},{"taxonomy":"post_tag","embeddable":true,"href":"https:\/\/diariodelsurdigital.com.ar\/index.php?rest_route=%2Fwp%2Fv2%2Ftags&post=771"}],"curies":[{"name":"wp","href":"https:\/\/api.w.org\/{rel}","templated":true}]}}