{"id":774,"date":"2025-01-28T18:39:11","date_gmt":"2025-01-28T21:39:11","guid":{"rendered":"https:\/\/diariodelsurdigital.com.ar\/?p=774"},"modified":"2025-01-28T18:39:12","modified_gmt":"2025-01-28T21:39:12","slug":"rebelion-en-cultura-azcue-puso-en-casilla-a-wally-garcia","status":"publish","type":"post","link":"https:\/\/diariodelsurdigital.com.ar\/?p=774","title":{"rendered":"REBELI\u00d3N EN CULTURA: Azcu\u00e9 puso en \u201ccasilla\u201d a \u201cWally\u201d Garc\u00eda"},"content":{"rendered":"\n<p>El Presidente Municipal, Francisco Azcu\u00e9, lo puso a un costado al Subsecretario de Cultura, \u201cWally\u201d Garc\u00eda, luego de estallar el culebr\u00f3n en torno al Carnaval de Los Peque\u00f1os Duendes.<\/p>\n\n\n\n<p>Una fuente confi\u00f3 a <strong>Diario del SUR Digital<\/strong>, que, mediante una reuni\u00f3n bastante subida de tono, empleados con varios a\u00f1os de servicios, le reclamaron al primer mandatario local, sobra las \u201cpresiones y malos tratos\u201d ejercidas por el ya apartado Subsecretario de Cultura de la Municipalidad de Concordia, \u201cWaly\u201d Garc\u00eda.<\/p>\n\n\n\n<p>\u201cEl gringo lo puso en casilla\u201d, se\u00f1al\u00f3 la fuente a este medio. Aunque todav\u00eda no se oficializ\u00f3 su alejamiento del cargo, se espera que en las pr\u00f3ximas horas el Ejecutivo Municipal de cuentas de los cambios. Otros en cambio dijeron en voz baja que Azcu\u00e9 \u00abno lo va a dejar en banda\u00bb, refiri\u00e9ndose a que presumiblemente continuar\u00e1 cobrando de la Municipalidad de Concordia.<\/p>\n\n\n\n<p>Otra de las personas que fue removida seg\u00fan se inform\u00f3 es \u201cCano\u201d Rodr\u00edguez, que se desempe\u00f1aba como Director de Recursos Culturales, pasar\u00eda de ahora en m\u00e1s a coordinar el Carnaval de Los Peque\u00f1os Duendes.<\/p>\n\n\n\n<p>Como Titular del de Cultura, quedar\u00e1 en forma interina, Soledad Onetto, que se viene desempe\u00f1ando como Directora desde el comienzo de la nueva gesti\u00f3n.<\/p>\n","protected":false},"excerpt":{"rendered":"<p>El Presidente Municipal, Francisco Azcu\u00e9, lo puso a un costado al Subsecretario de Cultura, \u201cWally\u201d Garc\u00eda, luego de estallar el culebr\u00f3n en torno al Carnaval de Los Peque\u00f1os Duendes. Una fuente confi\u00f3 a Diario del SUR Digital, que, mediante una reuni\u00f3n bastante subida de tono, empleados con varios a\u00f1os de servicios, le reclamaron al primer [&hellip;]<\/p>\n","protected":false},"author":2,"featured_media":775,"comment_status":"open","ping_status":"open","sticky":false,"template":"","format":"standard","meta":{"footnotes":""},"categories":[16],"tags":[],"class_list":{"0":"post-774","1":"post","2":"type-post","3":"status-publish","4":"format-standard","5":"has-post-thumbnail","7":"category-locales"},"yoast_head":"<!-- This site is optimized with the Yoast SEO plugin v27.4 - https:\/\/yoast.com\/product\/yoast-seo-wordpress\/ -->\n<title>REBELI\u00d3N EN CULTURA: Azcu\u00e9 puso en \u201ccasilla\u201d a \u201cWally\u201d Garc\u00eda - Diario del Sur<\/title>\n<meta name=\"robots\" content=\"index, follow, max-snippet:-1, max-image-preview:large, max-video-preview:-1\" \/>\n<link rel=\"canonical\" href=\"https:\/\/diariodelsurdigital.com.ar\/?p=774\" \/>\n<meta property=\"og:locale\" content=\"es_ES\" \/>\n<meta property=\"og:type\" content=\"article\" \/>\n<meta property=\"og:title\" content=\"REBELI\u00d3N EN CULTURA: Azcu\u00e9 puso en \u201ccasilla\u201d a \u201cWally\u201d Garc\u00eda - Diario del Sur\" \/>\n<meta property=\"og:description\" content=\"El Presidente Municipal, Francisco Azcu\u00e9, lo puso a un costado al Subsecretario de Cultura, \u201cWally\u201d Garc\u00eda, luego de estallar el culebr\u00f3n en torno al Carnaval de Los Peque\u00f1os Duendes. Una fuente confi\u00f3 a Diario del SUR Digital, que, mediante una reuni\u00f3n bastante subida de tono, empleados con varios a\u00f1os de servicios, le reclamaron al primer [&hellip;]\" \/>\n<meta property=\"og:url\" content=\"https:\/\/diariodelsurdigital.com.ar\/?p=774\" \/>\n<meta property=\"og:site_name\" content=\"Diario del Sur\" \/>\n<meta property=\"article:published_time\" content=\"2025-01-28T21:39:11+00:00\" \/>\n<meta property=\"article:modified_time\" content=\"2025-01-28T21:39:12+00:00\" \/>\n<meta property=\"og:image\" content=\"https:\/\/diariodelsurdigital.com.ar\/wp-content\/uploads\/2025\/01\/hqdefault-1.jpg\" \/>\n\t<meta property=\"og:image:width\" content=\"541\" \/>\n\t<meta property=\"og:image:height\" content=\"335\" \/>\n\t<meta property=\"og:image:type\" content=\"image\/jpeg\" \/>\n<meta name=\"author\" content=\"Diario del Sur Digital\" \/>\n<meta name=\"twitter:card\" content=\"summary_large_image\" \/>\n<meta name=\"twitter:label1\" content=\"Escrito por\" \/>\n\t<meta name=\"twitter:data1\" content=\"Diario del Sur Digital\" \/>\n\t<meta name=\"twitter:label2\" content=\"Tiempo de lectura\" \/>\n\t<meta name=\"twitter:data2\" content=\"2 minutos\" \/>\n<script type=\"application\/ld+json\" class=\"yoast-schema-graph\">{\"@context\":\"https:\\\/\\\/schema.org\",\"@graph\":[{\"@type\":\"Article\",\"@id\":\"https:\\\/\\\/diariodelsurdigital.com.ar\\\/?p=774#article\",\"isPartOf\":{\"@id\":\"https:\\\/\\\/diariodelsurdigital.com.ar\\\/?p=774\"},\"author\":{\"name\":\"Diario del Sur Digital\",\"@id\":\"https:\\\/\\\/diariodelsurdigital.com.ar\\\/#\\\/schema\\\/person\\\/6136a32571657f7dba980b88b04c5465\"},\"headline\":\"REBELI\u00d3N EN CULTURA: Azcu\u00e9 puso en \u201ccasilla\u201d a \u201cWally\u201d Garc\u00eda\",\"datePublished\":\"2025-01-28T21:39:11+00:00\",\"dateModified\":\"2025-01-28T21:39:12+00:00\",\"mainEntityOfPage\":{\"@id\":\"https:\\\/\\\/diariodelsurdigital.com.ar\\\/?p=774\"},\"wordCount\":229,\"commentCount\":0,\"image\":{\"@id\":\"https:\\\/\\\/diariodelsurdigital.com.ar\\\/?p=774#primaryimage\"},\"thumbnailUrl\":\"https:\\\/\\\/diariodelsurdigital.com.ar\\\/wp-content\\\/uploads\\\/2025\\\/01\\\/hqdefault-1.jpg\",\"articleSection\":[\"Locales\"],\"inLanguage\":\"es\",\"potentialAction\":[{\"@type\":\"CommentAction\",\"name\":\"Comment\",\"target\":[\"https:\\\/\\\/diariodelsurdigital.com.ar\\\/?p=774#respond\"]}]},{\"@type\":\"WebPage\",\"@id\":\"https:\\\/\\\/diariodelsurdigital.com.ar\\\/?p=774\",\"url\":\"https:\\\/\\\/diariodelsurdigital.com.ar\\\/?p=774\",\"name\":\"REBELI\u00d3N EN CULTURA: Azcu\u00e9 puso en \u201ccasilla\u201d a \u201cWally\u201d Garc\u00eda - Diario del Sur\",\"isPartOf\":{\"@id\":\"https:\\\/\\\/diariodelsurdigital.com.ar\\\/#website\"},\"primaryImageOfPage\":{\"@id\":\"https:\\\/\\\/diariodelsurdigital.com.ar\\\/?p=774#primaryimage\"},\"image\":{\"@id\":\"https:\\\/\\\/diariodelsurdigital.com.ar\\\/?p=774#primaryimage\"},\"thumbnailUrl\":\"https:\\\/\\\/diariodelsurdigital.com.ar\\\/wp-content\\\/uploads\\\/2025\\\/01\\\/hqdefault-1.jpg\",\"datePublished\":\"2025-01-28T21:39:11+00:00\",\"dateModified\":\"2025-01-28T21:39:12+00:00\",\"author\":{\"@id\":\"https:\\\/\\\/diariodelsurdigital.com.ar\\\/#\\\/schema\\\/person\\\/6136a32571657f7dba980b88b04c5465\"},\"breadcrumb\":{\"@id\":\"https:\\\/\\\/diariodelsurdigital.com.ar\\\/?p=774#breadcrumb\"},\"inLanguage\":\"es\",\"potentialAction\":[{\"@type\":\"ReadAction\",\"target\":[\"https:\\\/\\\/diariodelsurdigital.com.ar\\\/?p=774\"]}]},{\"@type\":\"ImageObject\",\"inLanguage\":\"es\",\"@id\":\"https:\\\/\\\/diariodelsurdigital.com.ar\\\/?p=774#primaryimage\",\"url\":\"https:\\\/\\\/diariodelsurdigital.com.ar\\\/wp-content\\\/uploads\\\/2025\\\/01\\\/hqdefault-1.jpg\",\"contentUrl\":\"https:\\\/\\\/diariodelsurdigital.com.ar\\\/wp-content\\\/uploads\\\/2025\\\/01\\\/hqdefault-1.jpg\",\"width\":541,\"height\":335},{\"@type\":\"BreadcrumbList\",\"@id\":\"https:\\\/\\\/diariodelsurdigital.com.ar\\\/?p=774#breadcrumb\",\"itemListElement\":[{\"@type\":\"ListItem\",\"position\":1,\"name\":\"Portada\",\"item\":\"https:\\\/\\\/diariodelsurdigital.com.ar\\\/\"},{\"@type\":\"ListItem\",\"position\":2,\"name\":\"REBELI\u00d3N EN CULTURA: Azcu\u00e9 puso en \u201ccasilla\u201d a \u201cWally\u201d Garc\u00eda\"}]},{\"@type\":\"WebSite\",\"@id\":\"https:\\\/\\\/diariodelsurdigital.com.ar\\\/#website\",\"url\":\"https:\\\/\\\/diariodelsurdigital.com.ar\\\/\",\"name\":\"Diario del Sur\",\"description\":\"Digital\",\"potentialAction\":[{\"@type\":\"SearchAction\",\"target\":{\"@type\":\"EntryPoint\",\"urlTemplate\":\"https:\\\/\\\/diariodelsurdigital.com.ar\\\/?s={search_term_string}\"},\"query-input\":{\"@type\":\"PropertyValueSpecification\",\"valueRequired\":true,\"valueName\":\"search_term_string\"}}],\"inLanguage\":\"es\"},{\"@type\":\"Person\",\"@id\":\"https:\\\/\\\/diariodelsurdigital.com.ar\\\/#\\\/schema\\\/person\\\/6136a32571657f7dba980b88b04c5465\",\"name\":\"Diario del Sur Digital\",\"image\":{\"@type\":\"ImageObject\",\"inLanguage\":\"es\",\"@id\":\"https:\\\/\\\/secure.gravatar.com\\\/avatar\\\/4c29ceac98541dd42460b2474aaa5dd37594d6ce6cb3cf2c101d09b48ee287ba?s=96&d=mm&r=g\",\"url\":\"https:\\\/\\\/secure.gravatar.com\\\/avatar\\\/4c29ceac98541dd42460b2474aaa5dd37594d6ce6cb3cf2c101d09b48ee287ba?s=96&d=mm&r=g\",\"contentUrl\":\"https:\\\/\\\/secure.gravatar.com\\\/avatar\\\/4c29ceac98541dd42460b2474aaa5dd37594d6ce6cb3cf2c101d09b48ee287ba?s=96&d=mm&r=g\",\"caption\":\"Diario del Sur Digital\"},\"url\":\"https:\\\/\\\/diariodelsurdigital.com.ar\\\/?author=2\"}]}<\/script>\n<!-- \/ Yoast SEO plugin. -->","yoast_head_json":{"title":"REBELI\u00d3N EN CULTURA: Azcu\u00e9 puso en \u201ccasilla\u201d a \u201cWally\u201d Garc\u00eda - Diario del Sur","robots":{"index":"index","follow":"follow","max-snippet":"max-snippet:-1","max-image-preview":"max-image-preview:large","max-video-preview":"max-video-preview:-1"},"canonical":"https:\/\/diariodelsurdigital.com.ar\/?p=774","og_locale":"es_ES","og_type":"article","og_title":"REBELI\u00d3N EN CULTURA: Azcu\u00e9 puso en \u201ccasilla\u201d a \u201cWally\u201d Garc\u00eda - Diario del Sur","og_description":"El Presidente Municipal, Francisco Azcu\u00e9, lo puso a un costado al Subsecretario de Cultura, \u201cWally\u201d Garc\u00eda, luego de estallar el culebr\u00f3n en torno al Carnaval de Los Peque\u00f1os Duendes. Una fuente confi\u00f3 a Diario del SUR Digital, que, mediante una reuni\u00f3n bastante subida de tono, empleados con varios a\u00f1os de servicios, le reclamaron al primer [&hellip;]","og_url":"https:\/\/diariodelsurdigital.com.ar\/?p=774","og_site_name":"Diario del Sur","article_published_time":"2025-01-28T21:39:11+00:00","article_modified_time":"2025-01-28T21:39:12+00:00","og_image":[{"width":541,"height":335,"url":"https:\/\/diariodelsurdigital.com.ar\/wp-content\/uploads\/2025\/01\/hqdefault-1.jpg","type":"image\/jpeg"}],"author":"Diario del Sur Digital","twitter_card":"summary_large_image","twitter_misc":{"Escrito por":"Diario del Sur Digital","Tiempo de lectura":"2 minutos"},"schema":{"@context":"https:\/\/schema.org","@graph":[{"@type":"Article","@id":"https:\/\/diariodelsurdigital.com.ar\/?p=774#article","isPartOf":{"@id":"https:\/\/diariodelsurdigital.com.ar\/?p=774"},"author":{"name":"Diario del Sur Digital","@id":"https:\/\/diariodelsurdigital.com.ar\/#\/schema\/person\/6136a32571657f7dba980b88b04c5465"},"headline":"REBELI\u00d3N EN CULTURA: Azcu\u00e9 puso en \u201ccasilla\u201d a \u201cWally\u201d Garc\u00eda","datePublished":"2025-01-28T21:39:11+00:00","dateModified":"2025-01-28T21:39:12+00:00","mainEntityOfPage":{"@id":"https:\/\/diariodelsurdigital.com.ar\/?p=774"},"wordCount":229,"commentCount":0,"image":{"@id":"https:\/\/diariodelsurdigital.com.ar\/?p=774#primaryimage"},"thumbnailUrl":"https:\/\/diariodelsurdigital.com.ar\/wp-content\/uploads\/2025\/01\/hqdefault-1.jpg","articleSection":["Locales"],"inLanguage":"es","potentialAction":[{"@type":"CommentAction","name":"Comment","target":["https:\/\/diariodelsurdigital.com.ar\/?p=774#respond"]}]},{"@type":"WebPage","@id":"https:\/\/diariodelsurdigital.com.ar\/?p=774","url":"https:\/\/diariodelsurdigital.com.ar\/?p=774","name":"REBELI\u00d3N EN CULTURA: Azcu\u00e9 puso en \u201ccasilla\u201d a \u201cWally\u201d Garc\u00eda - Diario del Sur","isPartOf":{"@id":"https:\/\/diariodelsurdigital.com.ar\/#website"},"primaryImageOfPage":{"@id":"https:\/\/diariodelsurdigital.com.ar\/?p=774#primaryimage"},"image":{"@id":"https:\/\/diariodelsurdigital.com.ar\/?p=774#primaryimage"},"thumbnailUrl":"https:\/\/diariodelsurdigital.com.ar\/wp-content\/uploads\/2025\/01\/hqdefault-1.jpg","datePublished":"2025-01-28T21:39:11+00:00","dateModified":"2025-01-28T21:39:12+00:00","author":{"@id":"https:\/\/diariodelsurdigital.com.ar\/#\/schema\/person\/6136a32571657f7dba980b88b04c5465"},"breadcrumb":{"@id":"https:\/\/diariodelsurdigital.com.ar\/?p=774#breadcrumb"},"inLanguage":"es","potentialAction":[{"@type":"ReadAction","target":["https:\/\/diariodelsurdigital.com.ar\/?p=774"]}]},{"@type":"ImageObject","inLanguage":"es","@id":"https:\/\/diariodelsurdigital.com.ar\/?p=774#primaryimage","url":"https:\/\/diariodelsurdigital.com.ar\/wp-content\/uploads\/2025\/01\/hqdefault-1.jpg","contentUrl":"https:\/\/diariodelsurdigital.com.ar\/wp-content\/uploads\/2025\/01\/hqdefault-1.jpg","width":541,"height":335},{"@type":"BreadcrumbList","@id":"https:\/\/diariodelsurdigital.com.ar\/?p=774#breadcrumb","itemListElement":[{"@type":"ListItem","position":1,"name":"Portada","item":"https:\/\/diariodelsurdigital.com.ar\/"},{"@type":"ListItem","position":2,"name":"REBELI\u00d3N EN CULTURA: Azcu\u00e9 puso en \u201ccasilla\u201d a \u201cWally\u201d Garc\u00eda"}]},{"@type":"WebSite","@id":"https:\/\/diariodelsurdigital.com.ar\/#website","url":"https:\/\/diariodelsurdigital.com.ar\/","name":"Diario del Sur","description":"Digital","potentialAction":[{"@type":"SearchAction","target":{"@type":"EntryPoint","urlTemplate":"https:\/\/diariodelsurdigital.com.ar\/?s={search_term_string}"},"query-input":{"@type":"PropertyValueSpecification","valueRequired":true,"valueName":"search_term_string"}}],"inLanguage":"es"},{"@type":"Person","@id":"https:\/\/diariodelsurdigital.com.ar\/#\/schema\/person\/6136a32571657f7dba980b88b04c5465","name":"Diario del Sur Digital","image":{"@type":"ImageObject","inLanguage":"es","@id":"https:\/\/secure.gravatar.com\/avatar\/4c29ceac98541dd42460b2474aaa5dd37594d6ce6cb3cf2c101d09b48ee287ba?s=96&d=mm&r=g","url":"https:\/\/secure.gravatar.com\/avatar\/4c29ceac98541dd42460b2474aaa5dd37594d6ce6cb3cf2c101d09b48ee287ba?s=96&d=mm&r=g","contentUrl":"https:\/\/secure.gravatar.com\/avatar\/4c29ceac98541dd42460b2474aaa5dd37594d6ce6cb3cf2c101d09b48ee287ba?s=96&d=mm&r=g","caption":"Diario del Sur Digital"},"url":"https:\/\/diariodelsurdigital.com.ar\/?author=2"}]}},"_links":{"self":[{"href":"https:\/\/diariodelsurdigital.com.ar\/index.php?rest_route=\/wp\/v2\/posts\/774","targetHints":{"allow":["GET"]}}],"collection":[{"href":"https:\/\/diariodelsurdigital.com.ar\/index.php?rest_route=\/wp\/v2\/posts"}],"about":[{"href":"https:\/\/diariodelsurdigital.com.ar\/index.php?rest_route=\/wp\/v2\/types\/post"}],"author":[{"embeddable":true,"href":"https:\/\/diariodelsurdigital.com.ar\/index.php?rest_route=\/wp\/v2\/users\/2"}],"replies":[{"embeddable":true,"href":"https:\/\/diariodelsurdigital.com.ar\/index.php?rest_route=%2Fwp%2Fv2%2Fcomments&post=774"}],"version-history":[{"count":1,"href":"https:\/\/diariodelsurdigital.com.ar\/index.php?rest_route=\/wp\/v2\/posts\/774\/revisions"}],"predecessor-version":[{"id":776,"href":"https:\/\/diariodelsurdigital.com.ar\/index.php?rest_route=\/wp\/v2\/posts\/774\/revisions\/776"}],"wp:featuredmedia":[{"embeddable":true,"href":"https:\/\/diariodelsurdigital.com.ar\/index.php?rest_route=\/wp\/v2\/media\/775"}],"wp:attachment":[{"href":"https:\/\/diariodelsurdigital.com.ar\/index.php?rest_route=%2Fwp%2Fv2%2Fmedia&parent=774"}],"wp:term":[{"taxonomy":"category","embeddable":true,"href":"https:\/\/diariodelsurdigital.com.ar\/index.php?rest_route=%2Fwp%2Fv2%2Fcategories&post=774"},{"taxonomy":"post_tag","embeddable":true,"href":"https:\/\/diariodelsurdigital.com.ar\/index.php?rest_route=%2Fwp%2Fv2%2Ftags&post=774"}],"curies":[{"name":"wp","href":"https:\/\/api.w.org\/{rel}","templated":true}]}}