{"id":777,"date":"2025-01-28T21:54:51","date_gmt":"2025-01-29T00:54:51","guid":{"rendered":"https:\/\/diariodelsurdigital.com.ar\/?p=777"},"modified":"2025-01-28T21:58:03","modified_gmt":"2025-01-29T00:58:03","slug":"se-enciende-la-interna-peronista-cruce-entre-bordet-y-rossi","status":"publish","type":"post","link":"https:\/\/diariodelsurdigital.com.ar\/?p=777","title":{"rendered":"Se enciende la interna peronista: cruce entre Bordet y Rossi"},"content":{"rendered":"\n<p><\/p>\n\n\n\n<p>El diputado Gustavo Bordet confirm\u00f3 que no se baja de la candidatura a senador y pidi\u00f3 consenso. Seg\u00fan trascendidos Michel tambi\u00e9n iba por la senadur\u00eda. Posteriormente el intendente de Santa Elena cruz\u00f3 a ambos y pidi\u00f3 internas.\u00a0<\/p>\n\n\n\n<figure class=\"wp-block-image size-full\"><img loading=\"lazy\" decoding=\"async\" width=\"585\" height=\"350\" src=\"https:\/\/diariodelsurdigital.com.ar\/wp-content\/uploads\/2025\/01\/Imagen-de-WhatsApp-2025-01-28-a-las-21.43.54_c9f5469b.jpg\" alt=\"\" class=\"wp-image-778\" srcset=\"https:\/\/diariodelsurdigital.com.ar\/wp-content\/uploads\/2025\/01\/Imagen-de-WhatsApp-2025-01-28-a-las-21.43.54_c9f5469b.jpg 585w, https:\/\/diariodelsurdigital.com.ar\/wp-content\/uploads\/2025\/01\/Imagen-de-WhatsApp-2025-01-28-a-las-21.43.54_c9f5469b-300x179.jpg 300w\" sizes=\"auto, (max-width: 585px) 100vw, 585px\" \/><\/figure>\n\n\n\n<p>El camino del Partido Justicialista en Entre R\u00edos a las Elecciones Legislativas se ve muy complicado, ya que adem\u00e1s de trabajar para remontar lo que fue una derrota hist\u00f3rica sufrida en los \u00faltimos comicios, debido a que perdi\u00f3 el gobierno en la provincia despu\u00e9s de 20 a\u00f1os, tambi\u00e9n tiene que resolver cuestiones internas.<\/p>\n\n\n\n<p>Esto se da en el marco del armado de la lista, la cuales todav\u00eda no solo no tiene definidos los nombres que la integrar\u00e1n, sino que cada vez se suman m\u00e1s postulantes, mientras que el m\u00e9todo de conformaci\u00f3n de la misma tambi\u00e9n es un tema a resolver.<\/p>\n\n\n\n<p>Por un lado, trascendi\u00f3 que el ex director de Aduanas de la Naci\u00f3n, el kirchnerista Guillermo Michel, llegaba con grandes chances de ser el principal candidato a senador nacional por parte del PJ entrerriano, incluso, que contaba con el visto bueno de la presidente del peronismo a nivel nacional, Cristina Fern\u00e1ndez.<\/p>\n\n\n\n<p>Sin embargo, en recientes declaraciones a <em>Informe Digital<\/em>, el actual diputado naci\u00f3nal, Gustavo Bordet confirm\u00f3 que no se baja de ninguna candidatura, y que su nombre podr\u00eda ser el que encabece la lista de senadores del justicialismo entrerriano.<\/p>\n\n\n\n<p>Algunas voces se\u00f1alaban que el ex gobernador de Entre R\u00edos llegaba a los comicios de medio t\u00e9rmino golpeado por el caso del ex senador Edgardo Kueider, ya que se lo marcaba como el jefe pol\u00edtico del destituido legislador.&nbsp;<\/p>\n\n\n\n<p>Sin embargo, el integrante de la C\u00e1mara Baja nacional le baj\u00f3 el tono a esas acusaci\u00f3ones y expres\u00f3: \u00abSon una operaci\u00f3n m\u00e1s, no es la primera ni ser\u00e1 la \u00faltima, para embarrar la cancha. Evidentemente, habr\u00e1 alg\u00fan sector preocupado por las candidaturas, yo construyo pol\u00edtica desde otro lugar, no con la chicana\u00bb.<\/p>\n\n\n\n<p>M\u00e1s adelante, Bordet se refiri\u00f3 a las posibles postulaciones, tanto a la propia y como a la del ex funcionario ladero de Sergio Massa, y apunt\u00f3: \u00abNo hay renuncias, ni acuerdos de c\u00fapulas ni bendecidos\u00bb.<\/p>\n\n\n\n<p>\u00abYa lo he dicho, las candidaturas se generar\u00e1n por consensos\u00bb, concluy\u00f3 el ex mandatario provincial al mismo medio.<\/p>\n\n\n\n<p>Frente a los dichos de Bordet, uno de los m\u00e1ximos rivales que el diputado tiene dentro del espacio, Domingo Daniel Rossi, recogi\u00f3 el guante y refiri\u00e9ndose puntualmente a la publicaci\u00f3n, poste\u00f3 un mensaje en sus redes sociales, en la que habla tanto del legislador como de Michel, exigiendo internas y repudiando, como viene haciendo desde hace tiempo, el \u00abdedo\u00bb para definir candidatos: \u00abQueda claro que no hay consenso, hay urnas\u00bb, sentenci\u00f3.<\/p>\n\n\n\n<p>Esta es una postura que el titular del Ejecutivo de Santa Elena lleva enarbolando desde un largo tiempo, y a la que se fueron sumando otros dirigentes del PJ, como uno de los referentes de los Intendentes Sub40, Gustavo Basti\u00e1n, de San Jos\u00e9, quien opin\u00f3 en sinton\u00eda con Rossi: \u00abHay varios sectores que vienen planteando las conformaciones de lista a c\u00f3mo se ven\u00edan haciendo, el famoso dedo y el famoso poner a personas, y despu\u00e9s ten\u00e9s como resultado lo que es un Kueider, por ejemplo\u00bb.<\/p>\n\n\n\n<p>Habr\u00e1 que ver si el conflicto se resuelve por consenso, como expresa Bordet, o mediante las urnas, como reclama Rossi, lo que es seguro es que se vienen tiempos agitados para el Partido Justicialista en Entre R\u00edos, con desaf\u00edos hacia adentro y hacia afuera del espacio.<\/p>\n","protected":false},"excerpt":{"rendered":"<p>El diputado Gustavo Bordet confirm\u00f3 que no se baja de la candidatura a senador y pidi\u00f3 consenso. Seg\u00fan trascendidos Michel tambi\u00e9n iba por la senadur\u00eda. Posteriormente el intendente de Santa Elena cruz\u00f3 a ambos y pidi\u00f3 internas.\u00a0 El camino del Partido Justicialista en Entre R\u00edos a las Elecciones Legislativas se ve muy complicado, ya que [&hellip;]<\/p>\n","protected":false},"author":2,"featured_media":780,"comment_status":"open","ping_status":"open","sticky":false,"template":"","format":"standard","meta":{"footnotes":""},"categories":[22],"tags":[],"class_list":{"0":"post-777","1":"post","2":"type-post","3":"status-publish","4":"format-standard","5":"has-post-thumbnail","7":"category-politica"},"yoast_head":"<!-- This site is optimized with the Yoast SEO plugin v27.4 - https:\/\/yoast.com\/product\/yoast-seo-wordpress\/ -->\n<title>Se enciende la interna peronista: cruce entre Bordet y Rossi - Diario del Sur<\/title>\n<meta name=\"robots\" content=\"index, follow, max-snippet:-1, max-image-preview:large, max-video-preview:-1\" \/>\n<link rel=\"canonical\" href=\"https:\/\/diariodelsurdigital.com.ar\/?p=777\" \/>\n<meta property=\"og:locale\" content=\"es_ES\" \/>\n<meta property=\"og:type\" content=\"article\" \/>\n<meta property=\"og:title\" content=\"Se enciende la interna peronista: cruce entre Bordet y Rossi - Diario del Sur\" \/>\n<meta property=\"og:description\" content=\"El diputado Gustavo Bordet confirm\u00f3 que no se baja de la candidatura a senador y pidi\u00f3 consenso. Seg\u00fan trascendidos Michel tambi\u00e9n iba por la senadur\u00eda. Posteriormente el intendente de Santa Elena cruz\u00f3 a ambos y pidi\u00f3 internas.\u00a0 El camino del Partido Justicialista en Entre R\u00edos a las Elecciones Legislativas se ve muy complicado, ya que [&hellip;]\" \/>\n<meta property=\"og:url\" content=\"https:\/\/diariodelsurdigital.com.ar\/?p=777\" \/>\n<meta property=\"og:site_name\" content=\"Diario del Sur\" \/>\n<meta property=\"article:published_time\" content=\"2025-01-29T00:54:51+00:00\" \/>\n<meta property=\"article:modified_time\" content=\"2025-01-29T00:58:03+00:00\" \/>\n<meta property=\"og:image\" content=\"https:\/\/diariodelsurdigital.com.ar\/wp-content\/uploads\/2025\/01\/images-2-1.jpeg\" \/>\n\t<meta property=\"og:image:width\" content=\"444\" \/>\n\t<meta property=\"og:image:height\" content=\"276\" \/>\n\t<meta property=\"og:image:type\" content=\"image\/jpeg\" \/>\n<meta name=\"author\" content=\"Diario del Sur Digital\" \/>\n<meta name=\"twitter:card\" content=\"summary_large_image\" \/>\n<meta name=\"twitter:label1\" content=\"Escrito por\" \/>\n\t<meta name=\"twitter:data1\" content=\"Diario del Sur Digital\" \/>\n\t<meta name=\"twitter:label2\" content=\"Tiempo de lectura\" \/>\n\t<meta name=\"twitter:data2\" content=\"4 minutos\" \/>\n<script type=\"application\/ld+json\" class=\"yoast-schema-graph\">{\"@context\":\"https:\\\/\\\/schema.org\",\"@graph\":[{\"@type\":\"Article\",\"@id\":\"https:\\\/\\\/diariodelsurdigital.com.ar\\\/?p=777#article\",\"isPartOf\":{\"@id\":\"https:\\\/\\\/diariodelsurdigital.com.ar\\\/?p=777\"},\"author\":{\"name\":\"Diario del Sur Digital\",\"@id\":\"https:\\\/\\\/diariodelsurdigital.com.ar\\\/#\\\/schema\\\/person\\\/6136a32571657f7dba980b88b04c5465\"},\"headline\":\"Se enciende la interna peronista: cruce entre Bordet y Rossi\",\"datePublished\":\"2025-01-29T00:54:51+00:00\",\"dateModified\":\"2025-01-29T00:58:03+00:00\",\"mainEntityOfPage\":{\"@id\":\"https:\\\/\\\/diariodelsurdigital.com.ar\\\/?p=777\"},\"wordCount\":624,\"commentCount\":0,\"image\":{\"@id\":\"https:\\\/\\\/diariodelsurdigital.com.ar\\\/?p=777#primaryimage\"},\"thumbnailUrl\":\"https:\\\/\\\/diariodelsurdigital.com.ar\\\/wp-content\\\/uploads\\\/2025\\\/01\\\/images-2-1.jpeg\",\"articleSection\":[\"Pol\u00edtica\"],\"inLanguage\":\"es\",\"potentialAction\":[{\"@type\":\"CommentAction\",\"name\":\"Comment\",\"target\":[\"https:\\\/\\\/diariodelsurdigital.com.ar\\\/?p=777#respond\"]}]},{\"@type\":\"WebPage\",\"@id\":\"https:\\\/\\\/diariodelsurdigital.com.ar\\\/?p=777\",\"url\":\"https:\\\/\\\/diariodelsurdigital.com.ar\\\/?p=777\",\"name\":\"Se enciende la interna peronista: cruce entre Bordet y Rossi - Diario del Sur\",\"isPartOf\":{\"@id\":\"https:\\\/\\\/diariodelsurdigital.com.ar\\\/#website\"},\"primaryImageOfPage\":{\"@id\":\"https:\\\/\\\/diariodelsurdigital.com.ar\\\/?p=777#primaryimage\"},\"image\":{\"@id\":\"https:\\\/\\\/diariodelsurdigital.com.ar\\\/?p=777#primaryimage\"},\"thumbnailUrl\":\"https:\\\/\\\/diariodelsurdigital.com.ar\\\/wp-content\\\/uploads\\\/2025\\\/01\\\/images-2-1.jpeg\",\"datePublished\":\"2025-01-29T00:54:51+00:00\",\"dateModified\":\"2025-01-29T00:58:03+00:00\",\"author\":{\"@id\":\"https:\\\/\\\/diariodelsurdigital.com.ar\\\/#\\\/schema\\\/person\\\/6136a32571657f7dba980b88b04c5465\"},\"breadcrumb\":{\"@id\":\"https:\\\/\\\/diariodelsurdigital.com.ar\\\/?p=777#breadcrumb\"},\"inLanguage\":\"es\",\"potentialAction\":[{\"@type\":\"ReadAction\",\"target\":[\"https:\\\/\\\/diariodelsurdigital.com.ar\\\/?p=777\"]}]},{\"@type\":\"ImageObject\",\"inLanguage\":\"es\",\"@id\":\"https:\\\/\\\/diariodelsurdigital.com.ar\\\/?p=777#primaryimage\",\"url\":\"https:\\\/\\\/diariodelsurdigital.com.ar\\\/wp-content\\\/uploads\\\/2025\\\/01\\\/images-2-1.jpeg\",\"contentUrl\":\"https:\\\/\\\/diariodelsurdigital.com.ar\\\/wp-content\\\/uploads\\\/2025\\\/01\\\/images-2-1.jpeg\",\"width\":444,\"height\":276},{\"@type\":\"BreadcrumbList\",\"@id\":\"https:\\\/\\\/diariodelsurdigital.com.ar\\\/?p=777#breadcrumb\",\"itemListElement\":[{\"@type\":\"ListItem\",\"position\":1,\"name\":\"Portada\",\"item\":\"https:\\\/\\\/diariodelsurdigital.com.ar\\\/\"},{\"@type\":\"ListItem\",\"position\":2,\"name\":\"Se enciende la interna peronista: cruce entre Bordet y Rossi\"}]},{\"@type\":\"WebSite\",\"@id\":\"https:\\\/\\\/diariodelsurdigital.com.ar\\\/#website\",\"url\":\"https:\\\/\\\/diariodelsurdigital.com.ar\\\/\",\"name\":\"Diario del Sur\",\"description\":\"Digital\",\"potentialAction\":[{\"@type\":\"SearchAction\",\"target\":{\"@type\":\"EntryPoint\",\"urlTemplate\":\"https:\\\/\\\/diariodelsurdigital.com.ar\\\/?s={search_term_string}\"},\"query-input\":{\"@type\":\"PropertyValueSpecification\",\"valueRequired\":true,\"valueName\":\"search_term_string\"}}],\"inLanguage\":\"es\"},{\"@type\":\"Person\",\"@id\":\"https:\\\/\\\/diariodelsurdigital.com.ar\\\/#\\\/schema\\\/person\\\/6136a32571657f7dba980b88b04c5465\",\"name\":\"Diario del Sur Digital\",\"image\":{\"@type\":\"ImageObject\",\"inLanguage\":\"es\",\"@id\":\"https:\\\/\\\/secure.gravatar.com\\\/avatar\\\/4c29ceac98541dd42460b2474aaa5dd37594d6ce6cb3cf2c101d09b48ee287ba?s=96&d=mm&r=g\",\"url\":\"https:\\\/\\\/secure.gravatar.com\\\/avatar\\\/4c29ceac98541dd42460b2474aaa5dd37594d6ce6cb3cf2c101d09b48ee287ba?s=96&d=mm&r=g\",\"contentUrl\":\"https:\\\/\\\/secure.gravatar.com\\\/avatar\\\/4c29ceac98541dd42460b2474aaa5dd37594d6ce6cb3cf2c101d09b48ee287ba?s=96&d=mm&r=g\",\"caption\":\"Diario del Sur Digital\"},\"url\":\"https:\\\/\\\/diariodelsurdigital.com.ar\\\/?author=2\"}]}<\/script>\n<!-- \/ Yoast SEO plugin. -->","yoast_head_json":{"title":"Se enciende la interna peronista: cruce entre Bordet y Rossi - Diario del Sur","robots":{"index":"index","follow":"follow","max-snippet":"max-snippet:-1","max-image-preview":"max-image-preview:large","max-video-preview":"max-video-preview:-1"},"canonical":"https:\/\/diariodelsurdigital.com.ar\/?p=777","og_locale":"es_ES","og_type":"article","og_title":"Se enciende la interna peronista: cruce entre Bordet y Rossi - Diario del Sur","og_description":"El diputado Gustavo Bordet confirm\u00f3 que no se baja de la candidatura a senador y pidi\u00f3 consenso. Seg\u00fan trascendidos Michel tambi\u00e9n iba por la senadur\u00eda. Posteriormente el intendente de Santa Elena cruz\u00f3 a ambos y pidi\u00f3 internas.\u00a0 El camino del Partido Justicialista en Entre R\u00edos a las Elecciones Legislativas se ve muy complicado, ya que [&hellip;]","og_url":"https:\/\/diariodelsurdigital.com.ar\/?p=777","og_site_name":"Diario del Sur","article_published_time":"2025-01-29T00:54:51+00:00","article_modified_time":"2025-01-29T00:58:03+00:00","og_image":[{"width":444,"height":276,"url":"https:\/\/diariodelsurdigital.com.ar\/wp-content\/uploads\/2025\/01\/images-2-1.jpeg","type":"image\/jpeg"}],"author":"Diario del Sur Digital","twitter_card":"summary_large_image","twitter_misc":{"Escrito por":"Diario del Sur Digital","Tiempo de lectura":"4 minutos"},"schema":{"@context":"https:\/\/schema.org","@graph":[{"@type":"Article","@id":"https:\/\/diariodelsurdigital.com.ar\/?p=777#article","isPartOf":{"@id":"https:\/\/diariodelsurdigital.com.ar\/?p=777"},"author":{"name":"Diario del Sur Digital","@id":"https:\/\/diariodelsurdigital.com.ar\/#\/schema\/person\/6136a32571657f7dba980b88b04c5465"},"headline":"Se enciende la interna peronista: cruce entre Bordet y Rossi","datePublished":"2025-01-29T00:54:51+00:00","dateModified":"2025-01-29T00:58:03+00:00","mainEntityOfPage":{"@id":"https:\/\/diariodelsurdigital.com.ar\/?p=777"},"wordCount":624,"commentCount":0,"image":{"@id":"https:\/\/diariodelsurdigital.com.ar\/?p=777#primaryimage"},"thumbnailUrl":"https:\/\/diariodelsurdigital.com.ar\/wp-content\/uploads\/2025\/01\/images-2-1.jpeg","articleSection":["Pol\u00edtica"],"inLanguage":"es","potentialAction":[{"@type":"CommentAction","name":"Comment","target":["https:\/\/diariodelsurdigital.com.ar\/?p=777#respond"]}]},{"@type":"WebPage","@id":"https:\/\/diariodelsurdigital.com.ar\/?p=777","url":"https:\/\/diariodelsurdigital.com.ar\/?p=777","name":"Se enciende la interna peronista: cruce entre Bordet y Rossi - Diario del Sur","isPartOf":{"@id":"https:\/\/diariodelsurdigital.com.ar\/#website"},"primaryImageOfPage":{"@id":"https:\/\/diariodelsurdigital.com.ar\/?p=777#primaryimage"},"image":{"@id":"https:\/\/diariodelsurdigital.com.ar\/?p=777#primaryimage"},"thumbnailUrl":"https:\/\/diariodelsurdigital.com.ar\/wp-content\/uploads\/2025\/01\/images-2-1.jpeg","datePublished":"2025-01-29T00:54:51+00:00","dateModified":"2025-01-29T00:58:03+00:00","author":{"@id":"https:\/\/diariodelsurdigital.com.ar\/#\/schema\/person\/6136a32571657f7dba980b88b04c5465"},"breadcrumb":{"@id":"https:\/\/diariodelsurdigital.com.ar\/?p=777#breadcrumb"},"inLanguage":"es","potentialAction":[{"@type":"ReadAction","target":["https:\/\/diariodelsurdigital.com.ar\/?p=777"]}]},{"@type":"ImageObject","inLanguage":"es","@id":"https:\/\/diariodelsurdigital.com.ar\/?p=777#primaryimage","url":"https:\/\/diariodelsurdigital.com.ar\/wp-content\/uploads\/2025\/01\/images-2-1.jpeg","contentUrl":"https:\/\/diariodelsurdigital.com.ar\/wp-content\/uploads\/2025\/01\/images-2-1.jpeg","width":444,"height":276},{"@type":"BreadcrumbList","@id":"https:\/\/diariodelsurdigital.com.ar\/?p=777#breadcrumb","itemListElement":[{"@type":"ListItem","position":1,"name":"Portada","item":"https:\/\/diariodelsurdigital.com.ar\/"},{"@type":"ListItem","position":2,"name":"Se enciende la interna peronista: cruce entre Bordet y Rossi"}]},{"@type":"WebSite","@id":"https:\/\/diariodelsurdigital.com.ar\/#website","url":"https:\/\/diariodelsurdigital.com.ar\/","name":"Diario del Sur","description":"Digital","potentialAction":[{"@type":"SearchAction","target":{"@type":"EntryPoint","urlTemplate":"https:\/\/diariodelsurdigital.com.ar\/?s={search_term_string}"},"query-input":{"@type":"PropertyValueSpecification","valueRequired":true,"valueName":"search_term_string"}}],"inLanguage":"es"},{"@type":"Person","@id":"https:\/\/diariodelsurdigital.com.ar\/#\/schema\/person\/6136a32571657f7dba980b88b04c5465","name":"Diario del Sur Digital","image":{"@type":"ImageObject","inLanguage":"es","@id":"https:\/\/secure.gravatar.com\/avatar\/4c29ceac98541dd42460b2474aaa5dd37594d6ce6cb3cf2c101d09b48ee287ba?s=96&d=mm&r=g","url":"https:\/\/secure.gravatar.com\/avatar\/4c29ceac98541dd42460b2474aaa5dd37594d6ce6cb3cf2c101d09b48ee287ba?s=96&d=mm&r=g","contentUrl":"https:\/\/secure.gravatar.com\/avatar\/4c29ceac98541dd42460b2474aaa5dd37594d6ce6cb3cf2c101d09b48ee287ba?s=96&d=mm&r=g","caption":"Diario del Sur Digital"},"url":"https:\/\/diariodelsurdigital.com.ar\/?author=2"}]}},"_links":{"self":[{"href":"https:\/\/diariodelsurdigital.com.ar\/index.php?rest_route=\/wp\/v2\/posts\/777","targetHints":{"allow":["GET"]}}],"collection":[{"href":"https:\/\/diariodelsurdigital.com.ar\/index.php?rest_route=\/wp\/v2\/posts"}],"about":[{"href":"https:\/\/diariodelsurdigital.com.ar\/index.php?rest_route=\/wp\/v2\/types\/post"}],"author":[{"embeddable":true,"href":"https:\/\/diariodelsurdigital.com.ar\/index.php?rest_route=\/wp\/v2\/users\/2"}],"replies":[{"embeddable":true,"href":"https:\/\/diariodelsurdigital.com.ar\/index.php?rest_route=%2Fwp%2Fv2%2Fcomments&post=777"}],"version-history":[{"count":1,"href":"https:\/\/diariodelsurdigital.com.ar\/index.php?rest_route=\/wp\/v2\/posts\/777\/revisions"}],"predecessor-version":[{"id":781,"href":"https:\/\/diariodelsurdigital.com.ar\/index.php?rest_route=\/wp\/v2\/posts\/777\/revisions\/781"}],"wp:featuredmedia":[{"embeddable":true,"href":"https:\/\/diariodelsurdigital.com.ar\/index.php?rest_route=\/wp\/v2\/media\/780"}],"wp:attachment":[{"href":"https:\/\/diariodelsurdigital.com.ar\/index.php?rest_route=%2Fwp%2Fv2%2Fmedia&parent=777"}],"wp:term":[{"taxonomy":"category","embeddable":true,"href":"https:\/\/diariodelsurdigital.com.ar\/index.php?rest_route=%2Fwp%2Fv2%2Fcategories&post=777"},{"taxonomy":"post_tag","embeddable":true,"href":"https:\/\/diariodelsurdigital.com.ar\/index.php?rest_route=%2Fwp%2Fv2%2Ftags&post=777"}],"curies":[{"name":"wp","href":"https:\/\/api.w.org\/{rel}","templated":true}]}}