{"id":782,"date":"2025-01-29T15:52:17","date_gmt":"2025-01-29T18:52:17","guid":{"rendered":"https:\/\/diariodelsurdigital.com.ar\/?p=782"},"modified":"2025-01-29T15:52:17","modified_gmt":"2025-01-29T18:52:17","slug":"el-ministro-schenider-confirmo-la-reactivacion-de-las-obras-en-concordia","status":"publish","type":"post","link":"https:\/\/diariodelsurdigital.com.ar\/?p=782","title":{"rendered":"El ministro Schenider confirm\u00f3 la reactivaci\u00f3n de las obras en Concordia"},"content":{"rendered":"\n<p>Puntualmente se trata de la continuidad de los trabajos que se est\u00e1n desarrollando en la Costanera Nebel y el retome de las obras del Acceso Sur. \u00abTanto con el Ministro Schneider como con el resto de los funcionarios, estamos siempre en comunicaci\u00f3n, desarrollando pol\u00edticas p\u00fablicas de manera articulada\u00bb, remarc\u00f3 el Intendente Francisco Azcu\u00e9.<\/p>\n\n\n\n<p>En la ma\u00f1ana de este mi\u00e9rcoles, el Intendente Francisco Azcu\u00e9 recibi\u00f3 al Ministro de Planeamiento, Infraestructura y Servicios de la Provincia Dar\u00edo Schneider. En el encuentro se ratific\u00f3 la reactivaci\u00f3n de obras importantes para la ciudad de Concordia. Puntualmente se trata de la continuidad de los trabajos que se est\u00e1n desarrollando en la Costanera Nebel y el retome de las obras del Acceso Sur.<\/p>\n\n\n\n<p>En ese sentido el Presidente Municipal remarc\u00f3 la importancia del trabajo conjunto entre el Municipio y el Gobierno Provincial. \u00abTanto con el Ministro Schneider como con el resto de los funcionarios, estamos siempre en comunicaci\u00f3n, desarrollando pol\u00edticas p\u00fablicas de manera articulada\u00bb.<\/p>\n\n\n\n<p>Por su parte, el Ministro Schneider sostuvo que \u00abes importante tener estos espacios de trabajo conjuntos, mano a mano, para tratar los temas en concreto y avanzar. La instrucci\u00f3n que nos dio el Gobernador es llevar adelante las obras que tenemos neutralizadas en toda la provincia\u00bb.<\/p>\n\n\n\n<p>Por \u00faltimo indic\u00f3 que en el todo el territorio provincial hay alrededor de un centenar de obras reiniciadas, recordando que en el 2024 se finalizaron m\u00e1s de 30 \u00aby de aqu\u00ed, a marzo, se van a terminar otras m\u00e1s. Estamos trabajando mucho porque entendemos que la obra p\u00fablica es absolutamente necesaria e indispensable para el desarrollo de la provincia, de los Municipios y de sus comunidades\u00bb.<\/p>\n\n\n\n<p>Estuvo presente el Secretario de Transporte de la Provincia Juan Diego Elsesser, el Secretario de Coordinaci\u00f3n de Gabinete y Hacienda Pablo Ferreyra y el titular de Transporte de la Municipalidad, Sebasti\u00e1n Gotte.<\/p>\n","protected":false},"excerpt":{"rendered":"<p>Puntualmente se trata de la continuidad de los trabajos que se est\u00e1n desarrollando en la Costanera Nebel y el retome de las obras del Acceso Sur. \u00abTanto con el Ministro Schneider como con el resto de los funcionarios, estamos siempre en comunicaci\u00f3n, desarrollando pol\u00edticas p\u00fablicas de manera articulada\u00bb, remarc\u00f3 el Intendente Francisco Azcu\u00e9. En la [&hellip;]<\/p>\n","protected":false},"author":4,"featured_media":783,"comment_status":"open","ping_status":"open","sticky":false,"template":"","format":"standard","meta":{"footnotes":""},"categories":[16],"tags":[],"class_list":{"0":"post-782","1":"post","2":"type-post","3":"status-publish","4":"format-standard","5":"has-post-thumbnail","7":"category-locales"},"yoast_head":"<!-- This site is optimized with the Yoast SEO plugin v27.4 - https:\/\/yoast.com\/product\/yoast-seo-wordpress\/ -->\n<title>El ministro Schenider confirm\u00f3 la reactivaci\u00f3n de las obras en Concordia - Diario del Sur<\/title>\n<meta name=\"robots\" content=\"index, follow, max-snippet:-1, max-image-preview:large, max-video-preview:-1\" \/>\n<link rel=\"canonical\" href=\"https:\/\/diariodelsurdigital.com.ar\/?p=782\" \/>\n<meta property=\"og:locale\" content=\"es_ES\" \/>\n<meta property=\"og:type\" content=\"article\" \/>\n<meta property=\"og:title\" content=\"El ministro Schenider confirm\u00f3 la reactivaci\u00f3n de las obras en Concordia - Diario del Sur\" \/>\n<meta property=\"og:description\" content=\"Puntualmente se trata de la continuidad de los trabajos que se est\u00e1n desarrollando en la Costanera Nebel y el retome de las obras del Acceso Sur. \u00abTanto con el Ministro Schneider como con el resto de los funcionarios, estamos siempre en comunicaci\u00f3n, desarrollando pol\u00edticas p\u00fablicas de manera articulada\u00bb, remarc\u00f3 el Intendente Francisco Azcu\u00e9. En la [&hellip;]\" \/>\n<meta property=\"og:url\" content=\"https:\/\/diariodelsurdigital.com.ar\/?p=782\" \/>\n<meta property=\"og:site_name\" content=\"Diario del Sur\" \/>\n<meta property=\"article:published_time\" content=\"2025-01-29T18:52:17+00:00\" \/>\n<meta property=\"og:image\" content=\"https:\/\/diariodelsurdigital.com.ar\/wp-content\/uploads\/2025\/01\/md-2025-01-29T154637.348.webp\" \/>\n\t<meta property=\"og:image:width\" content=\"992\" \/>\n\t<meta property=\"og:image:height\" content=\"668\" \/>\n\t<meta property=\"og:image:type\" content=\"image\/webp\" \/>\n<meta name=\"author\" content=\"Diario del Sur Digital\" \/>\n<meta name=\"twitter:card\" content=\"summary_large_image\" \/>\n<meta name=\"twitter:label1\" content=\"Escrito por\" \/>\n\t<meta name=\"twitter:data1\" content=\"Diario del Sur Digital\" \/>\n\t<meta name=\"twitter:label2\" content=\"Tiempo de lectura\" \/>\n\t<meta name=\"twitter:data2\" content=\"2 minutos\" \/>\n<script type=\"application\/ld+json\" class=\"yoast-schema-graph\">{\"@context\":\"https:\\\/\\\/schema.org\",\"@graph\":[{\"@type\":\"Article\",\"@id\":\"https:\\\/\\\/diariodelsurdigital.com.ar\\\/?p=782#article\",\"isPartOf\":{\"@id\":\"https:\\\/\\\/diariodelsurdigital.com.ar\\\/?p=782\"},\"author\":{\"name\":\"Diario del Sur Digital\",\"@id\":\"https:\\\/\\\/diariodelsurdigital.com.ar\\\/#\\\/schema\\\/person\\\/1a4992532ed62965c968031b49195c81\"},\"headline\":\"El ministro Schenider confirm\u00f3 la reactivaci\u00f3n de las obras en Concordia\",\"datePublished\":\"2025-01-29T18:52:17+00:00\",\"mainEntityOfPage\":{\"@id\":\"https:\\\/\\\/diariodelsurdigital.com.ar\\\/?p=782\"},\"wordCount\":330,\"commentCount\":0,\"image\":{\"@id\":\"https:\\\/\\\/diariodelsurdigital.com.ar\\\/?p=782#primaryimage\"},\"thumbnailUrl\":\"https:\\\/\\\/diariodelsurdigital.com.ar\\\/wp-content\\\/uploads\\\/2025\\\/01\\\/md-2025-01-29T154637.348.webp\",\"articleSection\":[\"Locales\"],\"inLanguage\":\"es\",\"potentialAction\":[{\"@type\":\"CommentAction\",\"name\":\"Comment\",\"target\":[\"https:\\\/\\\/diariodelsurdigital.com.ar\\\/?p=782#respond\"]}]},{\"@type\":\"WebPage\",\"@id\":\"https:\\\/\\\/diariodelsurdigital.com.ar\\\/?p=782\",\"url\":\"https:\\\/\\\/diariodelsurdigital.com.ar\\\/?p=782\",\"name\":\"El ministro Schenider confirm\u00f3 la reactivaci\u00f3n de las obras en Concordia - Diario del Sur\",\"isPartOf\":{\"@id\":\"https:\\\/\\\/diariodelsurdigital.com.ar\\\/#website\"},\"primaryImageOfPage\":{\"@id\":\"https:\\\/\\\/diariodelsurdigital.com.ar\\\/?p=782#primaryimage\"},\"image\":{\"@id\":\"https:\\\/\\\/diariodelsurdigital.com.ar\\\/?p=782#primaryimage\"},\"thumbnailUrl\":\"https:\\\/\\\/diariodelsurdigital.com.ar\\\/wp-content\\\/uploads\\\/2025\\\/01\\\/md-2025-01-29T154637.348.webp\",\"datePublished\":\"2025-01-29T18:52:17+00:00\",\"author\":{\"@id\":\"https:\\\/\\\/diariodelsurdigital.com.ar\\\/#\\\/schema\\\/person\\\/1a4992532ed62965c968031b49195c81\"},\"breadcrumb\":{\"@id\":\"https:\\\/\\\/diariodelsurdigital.com.ar\\\/?p=782#breadcrumb\"},\"inLanguage\":\"es\",\"potentialAction\":[{\"@type\":\"ReadAction\",\"target\":[\"https:\\\/\\\/diariodelsurdigital.com.ar\\\/?p=782\"]}]},{\"@type\":\"ImageObject\",\"inLanguage\":\"es\",\"@id\":\"https:\\\/\\\/diariodelsurdigital.com.ar\\\/?p=782#primaryimage\",\"url\":\"https:\\\/\\\/diariodelsurdigital.com.ar\\\/wp-content\\\/uploads\\\/2025\\\/01\\\/md-2025-01-29T154637.348.webp\",\"contentUrl\":\"https:\\\/\\\/diariodelsurdigital.com.ar\\\/wp-content\\\/uploads\\\/2025\\\/01\\\/md-2025-01-29T154637.348.webp\",\"width\":992,\"height\":668},{\"@type\":\"BreadcrumbList\",\"@id\":\"https:\\\/\\\/diariodelsurdigital.com.ar\\\/?p=782#breadcrumb\",\"itemListElement\":[{\"@type\":\"ListItem\",\"position\":1,\"name\":\"Portada\",\"item\":\"https:\\\/\\\/diariodelsurdigital.com.ar\\\/\"},{\"@type\":\"ListItem\",\"position\":2,\"name\":\"El ministro Schenider confirm\u00f3 la reactivaci\u00f3n de las obras en Concordia\"}]},{\"@type\":\"WebSite\",\"@id\":\"https:\\\/\\\/diariodelsurdigital.com.ar\\\/#website\",\"url\":\"https:\\\/\\\/diariodelsurdigital.com.ar\\\/\",\"name\":\"Diario del Sur\",\"description\":\"Digital\",\"potentialAction\":[{\"@type\":\"SearchAction\",\"target\":{\"@type\":\"EntryPoint\",\"urlTemplate\":\"https:\\\/\\\/diariodelsurdigital.com.ar\\\/?s={search_term_string}\"},\"query-input\":{\"@type\":\"PropertyValueSpecification\",\"valueRequired\":true,\"valueName\":\"search_term_string\"}}],\"inLanguage\":\"es\"},{\"@type\":\"Person\",\"@id\":\"https:\\\/\\\/diariodelsurdigital.com.ar\\\/#\\\/schema\\\/person\\\/1a4992532ed62965c968031b49195c81\",\"name\":\"Diario del Sur Digital\",\"image\":{\"@type\":\"ImageObject\",\"inLanguage\":\"es\",\"@id\":\"https:\\\/\\\/secure.gravatar.com\\\/avatar\\\/f0c7c47fc7146d19828273b9b8eda651c9c7ab583767e6338d3d3bee825adf76?s=96&d=mm&r=g\",\"url\":\"https:\\\/\\\/secure.gravatar.com\\\/avatar\\\/f0c7c47fc7146d19828273b9b8eda651c9c7ab583767e6338d3d3bee825adf76?s=96&d=mm&r=g\",\"contentUrl\":\"https:\\\/\\\/secure.gravatar.com\\\/avatar\\\/f0c7c47fc7146d19828273b9b8eda651c9c7ab583767e6338d3d3bee825adf76?s=96&d=mm&r=g\",\"caption\":\"Diario del Sur Digital\"},\"url\":\"https:\\\/\\\/diariodelsurdigital.com.ar\\\/?author=4\"}]}<\/script>\n<!-- \/ Yoast SEO plugin. -->","yoast_head_json":{"title":"El ministro Schenider confirm\u00f3 la reactivaci\u00f3n de las obras en Concordia - Diario del Sur","robots":{"index":"index","follow":"follow","max-snippet":"max-snippet:-1","max-image-preview":"max-image-preview:large","max-video-preview":"max-video-preview:-1"},"canonical":"https:\/\/diariodelsurdigital.com.ar\/?p=782","og_locale":"es_ES","og_type":"article","og_title":"El ministro Schenider confirm\u00f3 la reactivaci\u00f3n de las obras en Concordia - Diario del Sur","og_description":"Puntualmente se trata de la continuidad de los trabajos que se est\u00e1n desarrollando en la Costanera Nebel y el retome de las obras del Acceso Sur. \u00abTanto con el Ministro Schneider como con el resto de los funcionarios, estamos siempre en comunicaci\u00f3n, desarrollando pol\u00edticas p\u00fablicas de manera articulada\u00bb, remarc\u00f3 el Intendente Francisco Azcu\u00e9. En la [&hellip;]","og_url":"https:\/\/diariodelsurdigital.com.ar\/?p=782","og_site_name":"Diario del Sur","article_published_time":"2025-01-29T18:52:17+00:00","og_image":[{"width":992,"height":668,"url":"https:\/\/diariodelsurdigital.com.ar\/wp-content\/uploads\/2025\/01\/md-2025-01-29T154637.348.webp","type":"image\/webp"}],"author":"Diario del Sur Digital","twitter_card":"summary_large_image","twitter_misc":{"Escrito por":"Diario del Sur Digital","Tiempo de lectura":"2 minutos"},"schema":{"@context":"https:\/\/schema.org","@graph":[{"@type":"Article","@id":"https:\/\/diariodelsurdigital.com.ar\/?p=782#article","isPartOf":{"@id":"https:\/\/diariodelsurdigital.com.ar\/?p=782"},"author":{"name":"Diario del Sur Digital","@id":"https:\/\/diariodelsurdigital.com.ar\/#\/schema\/person\/1a4992532ed62965c968031b49195c81"},"headline":"El ministro Schenider confirm\u00f3 la reactivaci\u00f3n de las obras en Concordia","datePublished":"2025-01-29T18:52:17+00:00","mainEntityOfPage":{"@id":"https:\/\/diariodelsurdigital.com.ar\/?p=782"},"wordCount":330,"commentCount":0,"image":{"@id":"https:\/\/diariodelsurdigital.com.ar\/?p=782#primaryimage"},"thumbnailUrl":"https:\/\/diariodelsurdigital.com.ar\/wp-content\/uploads\/2025\/01\/md-2025-01-29T154637.348.webp","articleSection":["Locales"],"inLanguage":"es","potentialAction":[{"@type":"CommentAction","name":"Comment","target":["https:\/\/diariodelsurdigital.com.ar\/?p=782#respond"]}]},{"@type":"WebPage","@id":"https:\/\/diariodelsurdigital.com.ar\/?p=782","url":"https:\/\/diariodelsurdigital.com.ar\/?p=782","name":"El ministro Schenider confirm\u00f3 la reactivaci\u00f3n de las obras en Concordia - Diario del Sur","isPartOf":{"@id":"https:\/\/diariodelsurdigital.com.ar\/#website"},"primaryImageOfPage":{"@id":"https:\/\/diariodelsurdigital.com.ar\/?p=782#primaryimage"},"image":{"@id":"https:\/\/diariodelsurdigital.com.ar\/?p=782#primaryimage"},"thumbnailUrl":"https:\/\/diariodelsurdigital.com.ar\/wp-content\/uploads\/2025\/01\/md-2025-01-29T154637.348.webp","datePublished":"2025-01-29T18:52:17+00:00","author":{"@id":"https:\/\/diariodelsurdigital.com.ar\/#\/schema\/person\/1a4992532ed62965c968031b49195c81"},"breadcrumb":{"@id":"https:\/\/diariodelsurdigital.com.ar\/?p=782#breadcrumb"},"inLanguage":"es","potentialAction":[{"@type":"ReadAction","target":["https:\/\/diariodelsurdigital.com.ar\/?p=782"]}]},{"@type":"ImageObject","inLanguage":"es","@id":"https:\/\/diariodelsurdigital.com.ar\/?p=782#primaryimage","url":"https:\/\/diariodelsurdigital.com.ar\/wp-content\/uploads\/2025\/01\/md-2025-01-29T154637.348.webp","contentUrl":"https:\/\/diariodelsurdigital.com.ar\/wp-content\/uploads\/2025\/01\/md-2025-01-29T154637.348.webp","width":992,"height":668},{"@type":"BreadcrumbList","@id":"https:\/\/diariodelsurdigital.com.ar\/?p=782#breadcrumb","itemListElement":[{"@type":"ListItem","position":1,"name":"Portada","item":"https:\/\/diariodelsurdigital.com.ar\/"},{"@type":"ListItem","position":2,"name":"El ministro Schenider confirm\u00f3 la reactivaci\u00f3n de las obras en Concordia"}]},{"@type":"WebSite","@id":"https:\/\/diariodelsurdigital.com.ar\/#website","url":"https:\/\/diariodelsurdigital.com.ar\/","name":"Diario del Sur","description":"Digital","potentialAction":[{"@type":"SearchAction","target":{"@type":"EntryPoint","urlTemplate":"https:\/\/diariodelsurdigital.com.ar\/?s={search_term_string}"},"query-input":{"@type":"PropertyValueSpecification","valueRequired":true,"valueName":"search_term_string"}}],"inLanguage":"es"},{"@type":"Person","@id":"https:\/\/diariodelsurdigital.com.ar\/#\/schema\/person\/1a4992532ed62965c968031b49195c81","name":"Diario del Sur Digital","image":{"@type":"ImageObject","inLanguage":"es","@id":"https:\/\/secure.gravatar.com\/avatar\/f0c7c47fc7146d19828273b9b8eda651c9c7ab583767e6338d3d3bee825adf76?s=96&d=mm&r=g","url":"https:\/\/secure.gravatar.com\/avatar\/f0c7c47fc7146d19828273b9b8eda651c9c7ab583767e6338d3d3bee825adf76?s=96&d=mm&r=g","contentUrl":"https:\/\/secure.gravatar.com\/avatar\/f0c7c47fc7146d19828273b9b8eda651c9c7ab583767e6338d3d3bee825adf76?s=96&d=mm&r=g","caption":"Diario del Sur Digital"},"url":"https:\/\/diariodelsurdigital.com.ar\/?author=4"}]}},"_links":{"self":[{"href":"https:\/\/diariodelsurdigital.com.ar\/index.php?rest_route=\/wp\/v2\/posts\/782","targetHints":{"allow":["GET"]}}],"collection":[{"href":"https:\/\/diariodelsurdigital.com.ar\/index.php?rest_route=\/wp\/v2\/posts"}],"about":[{"href":"https:\/\/diariodelsurdigital.com.ar\/index.php?rest_route=\/wp\/v2\/types\/post"}],"author":[{"embeddable":true,"href":"https:\/\/diariodelsurdigital.com.ar\/index.php?rest_route=\/wp\/v2\/users\/4"}],"replies":[{"embeddable":true,"href":"https:\/\/diariodelsurdigital.com.ar\/index.php?rest_route=%2Fwp%2Fv2%2Fcomments&post=782"}],"version-history":[{"count":1,"href":"https:\/\/diariodelsurdigital.com.ar\/index.php?rest_route=\/wp\/v2\/posts\/782\/revisions"}],"predecessor-version":[{"id":784,"href":"https:\/\/diariodelsurdigital.com.ar\/index.php?rest_route=\/wp\/v2\/posts\/782\/revisions\/784"}],"wp:featuredmedia":[{"embeddable":true,"href":"https:\/\/diariodelsurdigital.com.ar\/index.php?rest_route=\/wp\/v2\/media\/783"}],"wp:attachment":[{"href":"https:\/\/diariodelsurdigital.com.ar\/index.php?rest_route=%2Fwp%2Fv2%2Fmedia&parent=782"}],"wp:term":[{"taxonomy":"category","embeddable":true,"href":"https:\/\/diariodelsurdigital.com.ar\/index.php?rest_route=%2Fwp%2Fv2%2Fcategories&post=782"},{"taxonomy":"post_tag","embeddable":true,"href":"https:\/\/diariodelsurdigital.com.ar\/index.php?rest_route=%2Fwp%2Fv2%2Ftags&post=782"}],"curies":[{"name":"wp","href":"https:\/\/api.w.org\/{rel}","templated":true}]}}