{"id":7842,"date":"2026-04-03T11:15:43","date_gmt":"2026-04-03T14:15:43","guid":{"rendered":"https:\/\/diariodelsurdigital.com.ar\/?p=7842"},"modified":"2026-04-03T11:15:44","modified_gmt":"2026-04-03T14:15:44","slug":"es-necesario-seguir-malvinizando-cada-dia-el-mensaje-de-azcue-en-el-homenaje-a-los-caidos","status":"publish","type":"post","link":"https:\/\/diariodelsurdigital.com.ar\/?p=7842","title":{"rendered":"Es necesario \u201cseguir malvinizando cada d\u00eda\u201d. El mensaje de Azcu\u00e9 en el homenaje a los ca\u00eddos"},"content":{"rendered":"\n<figure class=\"wp-block-image\"><img decoding=\"async\" src=\"https:\/\/media.elentrerios.com\/fotos-v2\/2026\/04\/03\/l_1775211175.jpg\" alt=\"\" title=\"\"\/><\/figure>\n\n\n\n<p>Con la presencia del Intendente Francisco Azcu\u00e9, integrantes del Centro de Veteranos de Guerra Malvinas de Concordia, autoridades municipales, concejales, establecimientos educativos, representantes de las Fuerzas Armadas y de Seguridad y el acompa\u00f1amiento de la comunidad, se realiz\u00f3 en la Costanera de nuestra ciudad la vigilia y el acto por el D\u00eda del Veterano y de los Ca\u00eddos en la Guerra de Malvinas.<\/p>\n\n\n\n<p>En una noche cargada de emociones, uno de los momentos emblem\u00e1ticos fue el simulacro del Desembarco en las Islas y el posterior izamiento de la Bandera Argentina por parte de los ex combatientes.<\/p>\n\n\n\n<p>Previo al acto central, se realiz\u00f3 la Vigilia Cultural con las presentaciones del Ballet Folcl\u00f3rico \u201cEl Ceibo\u201d, Grupo \u201cLas 3 Cosas\u201d; \u201cD\u00fao Milonguero\u201d, acompa\u00f1ados por el Ballet Municipal de Tango \u201cLa Flor del Tango\u201d; el Ballet Municipal de Folclore \u201cRenovando Sue\u00f1os\u201d y de la Escuela Integral de Danzas \u201cSembrando Futuro\u201d.<\/p>\n\n\n\n<figure class=\"wp-block-image\"><img decoding=\"async\" src=\"https:\/\/media.elentrerios.com\/fotos-emb\/2026\/04\/03\/o_1775211192.jpg\" alt=\"\"\/><\/figure>\n\n\n\n<p>El Intendente Azcu\u00e9 resalt\u00f3 que \u201ccomo comunidad venimos a expresar nuestro irrenunciable, hist\u00f3rico y leg\u00edtimo reclamo de soberan\u00eda sobre las Islas Malvinas, Georgias del Sur y Sandwich del Sur. Es una causa com\u00fan para los argentinos que hoy venimos a reivindicar y a rendir homenaje a nuestros h\u00e9roes de Malvinas\u201d.<\/p>\n\n\n\n<p>Fuente: El Entre Rios<\/p>\n","protected":false},"excerpt":{"rendered":"<p>Con la presencia del Intendente Francisco Azcu\u00e9, integrantes del Centro de Veteranos de Guerra Malvinas de Concordia, autoridades municipales, concejales, establecimientos educativos, representantes de las Fuerzas Armadas y de Seguridad y el acompa\u00f1amiento de la comunidad, se realiz\u00f3 en la Costanera de nuestra ciudad la vigilia y el acto por el D\u00eda del Veterano y [&hellip;]<\/p>\n","protected":false},"author":3,"featured_media":7843,"comment_status":"open","ping_status":"open","sticky":false,"template":"","format":"standard","meta":{"footnotes":""},"categories":[16],"tags":[],"class_list":{"0":"post-7842","1":"post","2":"type-post","3":"status-publish","4":"format-standard","5":"has-post-thumbnail","7":"category-locales"},"yoast_head":"<!-- This site is optimized with the Yoast SEO plugin v27.4 - https:\/\/yoast.com\/product\/yoast-seo-wordpress\/ -->\n<title>Es necesario \u201cseguir malvinizando cada d\u00eda\u201d. El mensaje de Azcu\u00e9 en el homenaje a los ca\u00eddos - Diario del Sur<\/title>\n<meta name=\"robots\" content=\"index, follow, max-snippet:-1, max-image-preview:large, max-video-preview:-1\" \/>\n<link rel=\"canonical\" href=\"https:\/\/diariodelsurdigital.com.ar\/?p=7842\" \/>\n<meta property=\"og:locale\" content=\"es_ES\" \/>\n<meta property=\"og:type\" content=\"article\" \/>\n<meta property=\"og:title\" content=\"Es necesario \u201cseguir malvinizando cada d\u00eda\u201d. El mensaje de Azcu\u00e9 en el homenaje a los ca\u00eddos - Diario del Sur\" \/>\n<meta property=\"og:description\" content=\"Con la presencia del Intendente Francisco Azcu\u00e9, integrantes del Centro de Veteranos de Guerra Malvinas de Concordia, autoridades municipales, concejales, establecimientos educativos, representantes de las Fuerzas Armadas y de Seguridad y el acompa\u00f1amiento de la comunidad, se realiz\u00f3 en la Costanera de nuestra ciudad la vigilia y el acto por el D\u00eda del Veterano y [&hellip;]\" \/>\n<meta property=\"og:url\" content=\"https:\/\/diariodelsurdigital.com.ar\/?p=7842\" \/>\n<meta property=\"og:site_name\" content=\"Diario del Sur\" \/>\n<meta property=\"article:published_time\" content=\"2026-04-03T14:15:43+00:00\" \/>\n<meta property=\"article:modified_time\" content=\"2026-04-03T14:15:44+00:00\" \/>\n<meta property=\"og:image\" content=\"https:\/\/diariodelsurdigital.com.ar\/wp-content\/uploads\/2026\/04\/l_1775211175.jpg\" \/>\n\t<meta property=\"og:image:width\" content=\"870\" \/>\n\t<meta property=\"og:image:height\" content=\"580\" \/>\n\t<meta property=\"og:image:type\" content=\"image\/jpeg\" \/>\n<meta name=\"author\" content=\"Diario del Sur Digital\" \/>\n<meta name=\"twitter:card\" content=\"summary_large_image\" \/>\n<meta name=\"twitter:label1\" content=\"Escrito por\" \/>\n\t<meta name=\"twitter:data1\" content=\"Diario del Sur Digital\" \/>\n\t<meta name=\"twitter:label2\" content=\"Tiempo de lectura\" \/>\n\t<meta name=\"twitter:data2\" content=\"2 minutos\" \/>\n<script type=\"application\/ld+json\" class=\"yoast-schema-graph\">{\"@context\":\"https:\\\/\\\/schema.org\",\"@graph\":[{\"@type\":\"Article\",\"@id\":\"https:\\\/\\\/diariodelsurdigital.com.ar\\\/?p=7842#article\",\"isPartOf\":{\"@id\":\"https:\\\/\\\/diariodelsurdigital.com.ar\\\/?p=7842\"},\"author\":{\"name\":\"Diario del Sur Digital\",\"@id\":\"https:\\\/\\\/diariodelsurdigital.com.ar\\\/#\\\/schema\\\/person\\\/d794acb23337e88c6e4004a39c32be62\"},\"headline\":\"Es necesario \u201cseguir malvinizando cada d\u00eda\u201d. El mensaje de Azcu\u00e9 en el homenaje a los ca\u00eddos\",\"datePublished\":\"2026-04-03T14:15:43+00:00\",\"dateModified\":\"2026-04-03T14:15:44+00:00\",\"mainEntityOfPage\":{\"@id\":\"https:\\\/\\\/diariodelsurdigital.com.ar\\\/?p=7842\"},\"wordCount\":230,\"commentCount\":0,\"image\":{\"@id\":\"https:\\\/\\\/diariodelsurdigital.com.ar\\\/?p=7842#primaryimage\"},\"thumbnailUrl\":\"https:\\\/\\\/diariodelsurdigital.com.ar\\\/wp-content\\\/uploads\\\/2026\\\/04\\\/l_1775211175.jpg\",\"articleSection\":[\"Locales\"],\"inLanguage\":\"es\",\"potentialAction\":[{\"@type\":\"CommentAction\",\"name\":\"Comment\",\"target\":[\"https:\\\/\\\/diariodelsurdigital.com.ar\\\/?p=7842#respond\"]}]},{\"@type\":\"WebPage\",\"@id\":\"https:\\\/\\\/diariodelsurdigital.com.ar\\\/?p=7842\",\"url\":\"https:\\\/\\\/diariodelsurdigital.com.ar\\\/?p=7842\",\"name\":\"Es necesario \u201cseguir malvinizando cada d\u00eda\u201d. El mensaje de Azcu\u00e9 en el homenaje a los ca\u00eddos - Diario del Sur\",\"isPartOf\":{\"@id\":\"https:\\\/\\\/diariodelsurdigital.com.ar\\\/#website\"},\"primaryImageOfPage\":{\"@id\":\"https:\\\/\\\/diariodelsurdigital.com.ar\\\/?p=7842#primaryimage\"},\"image\":{\"@id\":\"https:\\\/\\\/diariodelsurdigital.com.ar\\\/?p=7842#primaryimage\"},\"thumbnailUrl\":\"https:\\\/\\\/diariodelsurdigital.com.ar\\\/wp-content\\\/uploads\\\/2026\\\/04\\\/l_1775211175.jpg\",\"datePublished\":\"2026-04-03T14:15:43+00:00\",\"dateModified\":\"2026-04-03T14:15:44+00:00\",\"author\":{\"@id\":\"https:\\\/\\\/diariodelsurdigital.com.ar\\\/#\\\/schema\\\/person\\\/d794acb23337e88c6e4004a39c32be62\"},\"breadcrumb\":{\"@id\":\"https:\\\/\\\/diariodelsurdigital.com.ar\\\/?p=7842#breadcrumb\"},\"inLanguage\":\"es\",\"potentialAction\":[{\"@type\":\"ReadAction\",\"target\":[\"https:\\\/\\\/diariodelsurdigital.com.ar\\\/?p=7842\"]}]},{\"@type\":\"ImageObject\",\"inLanguage\":\"es\",\"@id\":\"https:\\\/\\\/diariodelsurdigital.com.ar\\\/?p=7842#primaryimage\",\"url\":\"https:\\\/\\\/diariodelsurdigital.com.ar\\\/wp-content\\\/uploads\\\/2026\\\/04\\\/l_1775211175.jpg\",\"contentUrl\":\"https:\\\/\\\/diariodelsurdigital.com.ar\\\/wp-content\\\/uploads\\\/2026\\\/04\\\/l_1775211175.jpg\",\"width\":870,\"height\":580},{\"@type\":\"BreadcrumbList\",\"@id\":\"https:\\\/\\\/diariodelsurdigital.com.ar\\\/?p=7842#breadcrumb\",\"itemListElement\":[{\"@type\":\"ListItem\",\"position\":1,\"name\":\"Portada\",\"item\":\"https:\\\/\\\/diariodelsurdigital.com.ar\\\/\"},{\"@type\":\"ListItem\",\"position\":2,\"name\":\"Es necesario \u201cseguir malvinizando cada d\u00eda\u201d. El mensaje de Azcu\u00e9 en el homenaje a los ca\u00eddos\"}]},{\"@type\":\"WebSite\",\"@id\":\"https:\\\/\\\/diariodelsurdigital.com.ar\\\/#website\",\"url\":\"https:\\\/\\\/diariodelsurdigital.com.ar\\\/\",\"name\":\"Diario del Sur\",\"description\":\"Digital\",\"potentialAction\":[{\"@type\":\"SearchAction\",\"target\":{\"@type\":\"EntryPoint\",\"urlTemplate\":\"https:\\\/\\\/diariodelsurdigital.com.ar\\\/?s={search_term_string}\"},\"query-input\":{\"@type\":\"PropertyValueSpecification\",\"valueRequired\":true,\"valueName\":\"search_term_string\"}}],\"inLanguage\":\"es\"},{\"@type\":\"Person\",\"@id\":\"https:\\\/\\\/diariodelsurdigital.com.ar\\\/#\\\/schema\\\/person\\\/d794acb23337e88c6e4004a39c32be62\",\"name\":\"Diario del Sur Digital\",\"image\":{\"@type\":\"ImageObject\",\"inLanguage\":\"es\",\"@id\":\"https:\\\/\\\/secure.gravatar.com\\\/avatar\\\/47679bcfa15734cfdefc176b6ad58adeeccac22b2e03e095ada6c622af2b463a?s=96&d=mm&r=g\",\"url\":\"https:\\\/\\\/secure.gravatar.com\\\/avatar\\\/47679bcfa15734cfdefc176b6ad58adeeccac22b2e03e095ada6c622af2b463a?s=96&d=mm&r=g\",\"contentUrl\":\"https:\\\/\\\/secure.gravatar.com\\\/avatar\\\/47679bcfa15734cfdefc176b6ad58adeeccac22b2e03e095ada6c622af2b463a?s=96&d=mm&r=g\",\"caption\":\"Diario del Sur Digital\"},\"url\":\"https:\\\/\\\/diariodelsurdigital.com.ar\\\/?author=3\"}]}<\/script>\n<!-- \/ Yoast SEO plugin. -->","yoast_head_json":{"title":"Es necesario \u201cseguir malvinizando cada d\u00eda\u201d. El mensaje de Azcu\u00e9 en el homenaje a los ca\u00eddos - Diario del Sur","robots":{"index":"index","follow":"follow","max-snippet":"max-snippet:-1","max-image-preview":"max-image-preview:large","max-video-preview":"max-video-preview:-1"},"canonical":"https:\/\/diariodelsurdigital.com.ar\/?p=7842","og_locale":"es_ES","og_type":"article","og_title":"Es necesario \u201cseguir malvinizando cada d\u00eda\u201d. El mensaje de Azcu\u00e9 en el homenaje a los ca\u00eddos - Diario del Sur","og_description":"Con la presencia del Intendente Francisco Azcu\u00e9, integrantes del Centro de Veteranos de Guerra Malvinas de Concordia, autoridades municipales, concejales, establecimientos educativos, representantes de las Fuerzas Armadas y de Seguridad y el acompa\u00f1amiento de la comunidad, se realiz\u00f3 en la Costanera de nuestra ciudad la vigilia y el acto por el D\u00eda del Veterano y [&hellip;]","og_url":"https:\/\/diariodelsurdigital.com.ar\/?p=7842","og_site_name":"Diario del Sur","article_published_time":"2026-04-03T14:15:43+00:00","article_modified_time":"2026-04-03T14:15:44+00:00","og_image":[{"width":870,"height":580,"url":"https:\/\/diariodelsurdigital.com.ar\/wp-content\/uploads\/2026\/04\/l_1775211175.jpg","type":"image\/jpeg"}],"author":"Diario del Sur Digital","twitter_card":"summary_large_image","twitter_misc":{"Escrito por":"Diario del Sur Digital","Tiempo de lectura":"2 minutos"},"schema":{"@context":"https:\/\/schema.org","@graph":[{"@type":"Article","@id":"https:\/\/diariodelsurdigital.com.ar\/?p=7842#article","isPartOf":{"@id":"https:\/\/diariodelsurdigital.com.ar\/?p=7842"},"author":{"name":"Diario del Sur Digital","@id":"https:\/\/diariodelsurdigital.com.ar\/#\/schema\/person\/d794acb23337e88c6e4004a39c32be62"},"headline":"Es necesario \u201cseguir malvinizando cada d\u00eda\u201d. El mensaje de Azcu\u00e9 en el homenaje a los ca\u00eddos","datePublished":"2026-04-03T14:15:43+00:00","dateModified":"2026-04-03T14:15:44+00:00","mainEntityOfPage":{"@id":"https:\/\/diariodelsurdigital.com.ar\/?p=7842"},"wordCount":230,"commentCount":0,"image":{"@id":"https:\/\/diariodelsurdigital.com.ar\/?p=7842#primaryimage"},"thumbnailUrl":"https:\/\/diariodelsurdigital.com.ar\/wp-content\/uploads\/2026\/04\/l_1775211175.jpg","articleSection":["Locales"],"inLanguage":"es","potentialAction":[{"@type":"CommentAction","name":"Comment","target":["https:\/\/diariodelsurdigital.com.ar\/?p=7842#respond"]}]},{"@type":"WebPage","@id":"https:\/\/diariodelsurdigital.com.ar\/?p=7842","url":"https:\/\/diariodelsurdigital.com.ar\/?p=7842","name":"Es necesario \u201cseguir malvinizando cada d\u00eda\u201d. El mensaje de Azcu\u00e9 en el homenaje a los ca\u00eddos - Diario del Sur","isPartOf":{"@id":"https:\/\/diariodelsurdigital.com.ar\/#website"},"primaryImageOfPage":{"@id":"https:\/\/diariodelsurdigital.com.ar\/?p=7842#primaryimage"},"image":{"@id":"https:\/\/diariodelsurdigital.com.ar\/?p=7842#primaryimage"},"thumbnailUrl":"https:\/\/diariodelsurdigital.com.ar\/wp-content\/uploads\/2026\/04\/l_1775211175.jpg","datePublished":"2026-04-03T14:15:43+00:00","dateModified":"2026-04-03T14:15:44+00:00","author":{"@id":"https:\/\/diariodelsurdigital.com.ar\/#\/schema\/person\/d794acb23337e88c6e4004a39c32be62"},"breadcrumb":{"@id":"https:\/\/diariodelsurdigital.com.ar\/?p=7842#breadcrumb"},"inLanguage":"es","potentialAction":[{"@type":"ReadAction","target":["https:\/\/diariodelsurdigital.com.ar\/?p=7842"]}]},{"@type":"ImageObject","inLanguage":"es","@id":"https:\/\/diariodelsurdigital.com.ar\/?p=7842#primaryimage","url":"https:\/\/diariodelsurdigital.com.ar\/wp-content\/uploads\/2026\/04\/l_1775211175.jpg","contentUrl":"https:\/\/diariodelsurdigital.com.ar\/wp-content\/uploads\/2026\/04\/l_1775211175.jpg","width":870,"height":580},{"@type":"BreadcrumbList","@id":"https:\/\/diariodelsurdigital.com.ar\/?p=7842#breadcrumb","itemListElement":[{"@type":"ListItem","position":1,"name":"Portada","item":"https:\/\/diariodelsurdigital.com.ar\/"},{"@type":"ListItem","position":2,"name":"Es necesario \u201cseguir malvinizando cada d\u00eda\u201d. El mensaje de Azcu\u00e9 en el homenaje a los ca\u00eddos"}]},{"@type":"WebSite","@id":"https:\/\/diariodelsurdigital.com.ar\/#website","url":"https:\/\/diariodelsurdigital.com.ar\/","name":"Diario del Sur","description":"Digital","potentialAction":[{"@type":"SearchAction","target":{"@type":"EntryPoint","urlTemplate":"https:\/\/diariodelsurdigital.com.ar\/?s={search_term_string}"},"query-input":{"@type":"PropertyValueSpecification","valueRequired":true,"valueName":"search_term_string"}}],"inLanguage":"es"},{"@type":"Person","@id":"https:\/\/diariodelsurdigital.com.ar\/#\/schema\/person\/d794acb23337e88c6e4004a39c32be62","name":"Diario del Sur Digital","image":{"@type":"ImageObject","inLanguage":"es","@id":"https:\/\/secure.gravatar.com\/avatar\/47679bcfa15734cfdefc176b6ad58adeeccac22b2e03e095ada6c622af2b463a?s=96&d=mm&r=g","url":"https:\/\/secure.gravatar.com\/avatar\/47679bcfa15734cfdefc176b6ad58adeeccac22b2e03e095ada6c622af2b463a?s=96&d=mm&r=g","contentUrl":"https:\/\/secure.gravatar.com\/avatar\/47679bcfa15734cfdefc176b6ad58adeeccac22b2e03e095ada6c622af2b463a?s=96&d=mm&r=g","caption":"Diario del Sur Digital"},"url":"https:\/\/diariodelsurdigital.com.ar\/?author=3"}]}},"_links":{"self":[{"href":"https:\/\/diariodelsurdigital.com.ar\/index.php?rest_route=\/wp\/v2\/posts\/7842","targetHints":{"allow":["GET"]}}],"collection":[{"href":"https:\/\/diariodelsurdigital.com.ar\/index.php?rest_route=\/wp\/v2\/posts"}],"about":[{"href":"https:\/\/diariodelsurdigital.com.ar\/index.php?rest_route=\/wp\/v2\/types\/post"}],"author":[{"embeddable":true,"href":"https:\/\/diariodelsurdigital.com.ar\/index.php?rest_route=\/wp\/v2\/users\/3"}],"replies":[{"embeddable":true,"href":"https:\/\/diariodelsurdigital.com.ar\/index.php?rest_route=%2Fwp%2Fv2%2Fcomments&post=7842"}],"version-history":[{"count":1,"href":"https:\/\/diariodelsurdigital.com.ar\/index.php?rest_route=\/wp\/v2\/posts\/7842\/revisions"}],"predecessor-version":[{"id":7844,"href":"https:\/\/diariodelsurdigital.com.ar\/index.php?rest_route=\/wp\/v2\/posts\/7842\/revisions\/7844"}],"wp:featuredmedia":[{"embeddable":true,"href":"https:\/\/diariodelsurdigital.com.ar\/index.php?rest_route=\/wp\/v2\/media\/7843"}],"wp:attachment":[{"href":"https:\/\/diariodelsurdigital.com.ar\/index.php?rest_route=%2Fwp%2Fv2%2Fmedia&parent=7842"}],"wp:term":[{"taxonomy":"category","embeddable":true,"href":"https:\/\/diariodelsurdigital.com.ar\/index.php?rest_route=%2Fwp%2Fv2%2Fcategories&post=7842"},{"taxonomy":"post_tag","embeddable":true,"href":"https:\/\/diariodelsurdigital.com.ar\/index.php?rest_route=%2Fwp%2Fv2%2Ftags&post=7842"}],"curies":[{"name":"wp","href":"https:\/\/api.w.org\/{rel}","templated":true}]}}