{"id":7845,"date":"2026-04-03T15:02:03","date_gmt":"2026-04-03T18:02:03","guid":{"rendered":"https:\/\/diariodelsurdigital.com.ar\/?p=7845"},"modified":"2026-04-03T15:10:09","modified_gmt":"2026-04-03T18:10:09","slug":"rigen-alertas-meteorologicos-por-tormentas-para-entre-rios","status":"publish","type":"post","link":"https:\/\/diariodelsurdigital.com.ar\/?p=7845","title":{"rendered":"Rige un alerta meteorol\u00f3gico por tormentas para Entre R\u00edos"},"content":{"rendered":"\n<h1 class=\"wp-block-heading\"><\/h1>\n\n\n\n<p><\/p>\n\n\n\n<p><a href=\"https:\/\/www.facebook.com\/sharer\/sharer.php?u=https:\/\/www.analisisdigital.com.ar\/interes-general\/2026\/04\/03\/rigen-alertas-meteorologicos-por-tormentas-para-varios-dias-en-entre-rios-y-llegaria-el-alivio&amp;title=Rigen%20alertas%20meteorol%C3%B3gicos%20por%20tormentas%20para%20varios%20d%C3%ADas%20en%20Entre%20R%C3%ADos%20y%20llegar%C3%ADa%20el%20alivio\" target=\"_blank\" rel=\"noreferrer noopener\"><\/a><a href=\"https:\/\/twitter.com\/intent\/tweet?text=Rigen%20alertas%20meteorol%C3%B3gicos%20por%20tormentas%20para%20varios%20d%C3%ADas%20en%20Entre%20R%C3%ADos%20y%20llegar%C3%ADa%20el%20alivio+https:\/\/www.analisisdigital.com.ar\/interes-general\/2026\/04\/03\/rigen-alertas-meteorologicos-por-tormentas-para-varios-dias-en-entre-rios-y-llegaria-el-alivio\" target=\"_blank\" rel=\"noreferrer noopener\"><\/a><a href=\"https:\/\/wa.me\/?text=https:\/\/www.analisisdigital.com.ar\/interes-general\/2026\/04\/03\/rigen-alertas-meteorologicos-por-tormentas-para-varios-dias-en-entre-rios-y-llegaria-el-alivio\" target=\"_blank\" rel=\"noreferrer noopener\"><\/a><a href=\"https:\/\/www.linkedin.com\/sharing\/share-offsite\/?url=https:\/\/www.analisisdigital.com.ar\/interes-general\/2026\/04\/03\/rigen-alertas-meteorologicos-por-tormentas-para-varios-dias-en-entre-rios-y-llegaria-el-alivio\" target=\"_blank\" rel=\"noreferrer noopener\"><\/a><a href=\"mailto:?subject=Rigen%20alertas%20meteorol%C3%B3gicos%20por%20tormentas%20para%20varios%20d%C3%ADas%20en%20Entre%20R%C3%ADos%20y%20llegar%C3%ADa%20el%20alivio&amp;body=https:\/\/www.analisisdigital.com.ar\/interes-general\/2026\/04\/03\/rigen-alertas-meteorologicos-por-tormentas-para-varios-dias-en-entre-rios-y-llegaria-el-alivio\" target=\"_blank\" rel=\"noreferrer noopener\"><\/a><a href=\"https:\/\/www.analisisdigital.com.ar\/interes-general\/2026\/04\/03\/rigen-alertas-meteorologicos-por-tormentas-para-varios-dias-en-entre-rios-y-llegaria-el-alivio#\"><\/a><a href=\"javascript:window.print()\"><\/a>El Servicio Meteorol\u00f3gico Nacional (SMN) indica que en las pr\u00f3ximas horas llegar\u00e1 un sistema frontal fr\u00edo a Entre R\u00edos que provocar\u00e1 inestabilidades por varios d\u00edas y un marcado descenso t\u00e9rmico. Desde ma\u00f1ana las m\u00e1ximas llegar\u00e1n a 24 o 25 grados.<\/p>\n\n\n\n<p>Anuncian lluvias y tormentas de variada intensidad en toda la provincia, que luego se extender\u00e1n a diferencias zonas.<\/p>\n\n\n\n<p>Para ello, emitieron alertas amarillos para este viernes, s\u00e1bado y domingo. No obstante, se prev\u00e9 que las inestabilidades permanezcan hasta comienzos de la semana pr\u00f3xima.<\/p>\n\n\n\n<p>El \u00e1rea ser\u00e1 afectada por lluvias y tormentas de variada intensidad, algunas localmente fuertes. Las mismas estar\u00e1n acompa\u00f1adas principalmente por abundantes precipitaciones. Adem\u00e1s, se prev\u00e9 actividad el\u00e9ctrica, ocasional granizo y r\u00e1fagas que pueden alcanzar los 80 km\/h. Se estiman valores de precipitaci\u00f3n acumulada entre 30 y 60 mil\u00edmetros, que pueden ser superados de manera puntual.<\/p>\n\n\n\n<p>El alerta amarillo para este viernes 3 de abril incluye a los Departamentos Victoria y Gualeguay y rige para horas de la noche.<\/p>\n\n\n\n<p>El alerta amarillo para el s\u00e1bado 4 de abril rige en los Departamentos Paran\u00e1, La Paz, Diamante, Nogoy\u00e1, Villaguay, Victoria, Gualeguay, Gualeguaych\u00fa, Col\u00f3n, Tala, Uruguay e Islas del Ibicuy. Fue emitido para este s\u00e1bado de madrugada y de ma\u00f1ana.<\/p>\n\n\n\n<p>El alerta amarillo para el domingo 5 de abril rige en Paran\u00e1, La Paz, Diamante, Nogoy\u00e1, Villaguay, Victoria y Gualeguay. Fue emitido para horas de la ma\u00f1ana y la tarde del domingo.<\/p>\n","protected":false},"excerpt":{"rendered":"<p>El Servicio Meteorol\u00f3gico Nacional (SMN) indica que en las pr\u00f3ximas horas llegar\u00e1 un sistema frontal fr\u00edo a Entre R\u00edos que provocar\u00e1 inestabilidades por varios d\u00edas y un marcado descenso t\u00e9rmico. Desde ma\u00f1ana las m\u00e1ximas llegar\u00e1n a 24 o 25 grados. Anuncian lluvias y tormentas de variada intensidad en toda la provincia, que luego se extender\u00e1n [&hellip;]<\/p>\n","protected":false},"author":2,"featured_media":7846,"comment_status":"open","ping_status":"open","sticky":false,"template":"","format":"standard","meta":{"footnotes":""},"categories":[19,17],"tags":[],"class_list":{"0":"post-7845","1":"post","2":"type-post","3":"status-publish","4":"format-standard","5":"has-post-thumbnail","7":"category-interes-general","8":"category-provinciales"},"yoast_head":"<!-- This site is optimized with the Yoast SEO plugin v27.4 - https:\/\/yoast.com\/product\/yoast-seo-wordpress\/ -->\n<title>Rige un alerta meteorol\u00f3gico por tormentas para Entre R\u00edos - Diario del Sur<\/title>\n<meta name=\"robots\" content=\"index, follow, max-snippet:-1, max-image-preview:large, max-video-preview:-1\" \/>\n<link rel=\"canonical\" href=\"https:\/\/diariodelsurdigital.com.ar\/?p=7845\" \/>\n<meta property=\"og:locale\" content=\"es_ES\" \/>\n<meta property=\"og:type\" content=\"article\" \/>\n<meta property=\"og:title\" content=\"Rige un alerta meteorol\u00f3gico por tormentas para Entre R\u00edos - Diario del Sur\" \/>\n<meta property=\"og:description\" content=\"El Servicio Meteorol\u00f3gico Nacional (SMN) indica que en las pr\u00f3ximas horas llegar\u00e1 un sistema frontal fr\u00edo a Entre R\u00edos que provocar\u00e1 inestabilidades por varios d\u00edas y un marcado descenso t\u00e9rmico. Desde ma\u00f1ana las m\u00e1ximas llegar\u00e1n a 24 o 25 grados. Anuncian lluvias y tormentas de variada intensidad en toda la provincia, que luego se extender\u00e1n [&hellip;]\" \/>\n<meta property=\"og:url\" content=\"https:\/\/diariodelsurdigital.com.ar\/?p=7845\" \/>\n<meta property=\"og:site_name\" content=\"Diario del Sur\" \/>\n<meta property=\"article:published_time\" content=\"2026-04-03T18:02:03+00:00\" \/>\n<meta property=\"article:modified_time\" content=\"2026-04-03T18:10:09+00:00\" \/>\n<meta property=\"og:image\" content=\"https:\/\/diariodelsurdigital.com.ar\/wp-content\/uploads\/2026\/04\/tormentas-ZTW6Z4ZOHVEF7DD52XQV4LWU2A.png\" \/>\n\t<meta property=\"og:image:width\" content=\"480\" \/>\n\t<meta property=\"og:image:height\" content=\"270\" \/>\n\t<meta property=\"og:image:type\" content=\"image\/png\" \/>\n<meta name=\"author\" content=\"Diario del Sur Digital\" \/>\n<meta name=\"twitter:card\" content=\"summary_large_image\" \/>\n<meta name=\"twitter:label1\" content=\"Escrito por\" \/>\n\t<meta name=\"twitter:data1\" content=\"Diario del Sur Digital\" \/>\n\t<meta name=\"twitter:label2\" content=\"Tiempo de lectura\" \/>\n\t<meta name=\"twitter:data2\" content=\"2 minutos\" \/>\n<script type=\"application\/ld+json\" class=\"yoast-schema-graph\">{\"@context\":\"https:\\\/\\\/schema.org\",\"@graph\":[{\"@type\":\"Article\",\"@id\":\"https:\\\/\\\/diariodelsurdigital.com.ar\\\/?p=7845#article\",\"isPartOf\":{\"@id\":\"https:\\\/\\\/diariodelsurdigital.com.ar\\\/?p=7845\"},\"author\":{\"name\":\"Diario del Sur Digital\",\"@id\":\"https:\\\/\\\/diariodelsurdigital.com.ar\\\/#\\\/schema\\\/person\\\/6136a32571657f7dba980b88b04c5465\"},\"headline\":\"Rige un alerta meteorol\u00f3gico por tormentas para Entre R\u00edos\",\"datePublished\":\"2026-04-03T18:02:03+00:00\",\"dateModified\":\"2026-04-03T18:10:09+00:00\",\"mainEntityOfPage\":{\"@id\":\"https:\\\/\\\/diariodelsurdigital.com.ar\\\/?p=7845\"},\"wordCount\":260,\"commentCount\":0,\"image\":{\"@id\":\"https:\\\/\\\/diariodelsurdigital.com.ar\\\/?p=7845#primaryimage\"},\"thumbnailUrl\":\"https:\\\/\\\/diariodelsurdigital.com.ar\\\/wp-content\\\/uploads\\\/2026\\\/04\\\/tormentas-ZTW6Z4ZOHVEF7DD52XQV4LWU2A.png\",\"articleSection\":[\"Inter\u00e9s General\",\"Provinciales\"],\"inLanguage\":\"es\",\"potentialAction\":[{\"@type\":\"CommentAction\",\"name\":\"Comment\",\"target\":[\"https:\\\/\\\/diariodelsurdigital.com.ar\\\/?p=7845#respond\"]}]},{\"@type\":\"WebPage\",\"@id\":\"https:\\\/\\\/diariodelsurdigital.com.ar\\\/?p=7845\",\"url\":\"https:\\\/\\\/diariodelsurdigital.com.ar\\\/?p=7845\",\"name\":\"Rige un alerta meteorol\u00f3gico por tormentas para Entre R\u00edos - Diario del Sur\",\"isPartOf\":{\"@id\":\"https:\\\/\\\/diariodelsurdigital.com.ar\\\/#website\"},\"primaryImageOfPage\":{\"@id\":\"https:\\\/\\\/diariodelsurdigital.com.ar\\\/?p=7845#primaryimage\"},\"image\":{\"@id\":\"https:\\\/\\\/diariodelsurdigital.com.ar\\\/?p=7845#primaryimage\"},\"thumbnailUrl\":\"https:\\\/\\\/diariodelsurdigital.com.ar\\\/wp-content\\\/uploads\\\/2026\\\/04\\\/tormentas-ZTW6Z4ZOHVEF7DD52XQV4LWU2A.png\",\"datePublished\":\"2026-04-03T18:02:03+00:00\",\"dateModified\":\"2026-04-03T18:10:09+00:00\",\"author\":{\"@id\":\"https:\\\/\\\/diariodelsurdigital.com.ar\\\/#\\\/schema\\\/person\\\/6136a32571657f7dba980b88b04c5465\"},\"breadcrumb\":{\"@id\":\"https:\\\/\\\/diariodelsurdigital.com.ar\\\/?p=7845#breadcrumb\"},\"inLanguage\":\"es\",\"potentialAction\":[{\"@type\":\"ReadAction\",\"target\":[\"https:\\\/\\\/diariodelsurdigital.com.ar\\\/?p=7845\"]}]},{\"@type\":\"ImageObject\",\"inLanguage\":\"es\",\"@id\":\"https:\\\/\\\/diariodelsurdigital.com.ar\\\/?p=7845#primaryimage\",\"url\":\"https:\\\/\\\/diariodelsurdigital.com.ar\\\/wp-content\\\/uploads\\\/2026\\\/04\\\/tormentas-ZTW6Z4ZOHVEF7DD52XQV4LWU2A.png\",\"contentUrl\":\"https:\\\/\\\/diariodelsurdigital.com.ar\\\/wp-content\\\/uploads\\\/2026\\\/04\\\/tormentas-ZTW6Z4ZOHVEF7DD52XQV4LWU2A.png\",\"width\":480,\"height\":270},{\"@type\":\"BreadcrumbList\",\"@id\":\"https:\\\/\\\/diariodelsurdigital.com.ar\\\/?p=7845#breadcrumb\",\"itemListElement\":[{\"@type\":\"ListItem\",\"position\":1,\"name\":\"Portada\",\"item\":\"https:\\\/\\\/diariodelsurdigital.com.ar\\\/\"},{\"@type\":\"ListItem\",\"position\":2,\"name\":\"Rige un alerta meteorol\u00f3gico por tormentas para Entre R\u00edos\"}]},{\"@type\":\"WebSite\",\"@id\":\"https:\\\/\\\/diariodelsurdigital.com.ar\\\/#website\",\"url\":\"https:\\\/\\\/diariodelsurdigital.com.ar\\\/\",\"name\":\"Diario del Sur\",\"description\":\"Digital\",\"potentialAction\":[{\"@type\":\"SearchAction\",\"target\":{\"@type\":\"EntryPoint\",\"urlTemplate\":\"https:\\\/\\\/diariodelsurdigital.com.ar\\\/?s={search_term_string}\"},\"query-input\":{\"@type\":\"PropertyValueSpecification\",\"valueRequired\":true,\"valueName\":\"search_term_string\"}}],\"inLanguage\":\"es\"},{\"@type\":\"Person\",\"@id\":\"https:\\\/\\\/diariodelsurdigital.com.ar\\\/#\\\/schema\\\/person\\\/6136a32571657f7dba980b88b04c5465\",\"name\":\"Diario del Sur Digital\",\"image\":{\"@type\":\"ImageObject\",\"inLanguage\":\"es\",\"@id\":\"https:\\\/\\\/secure.gravatar.com\\\/avatar\\\/4c29ceac98541dd42460b2474aaa5dd37594d6ce6cb3cf2c101d09b48ee287ba?s=96&d=mm&r=g\",\"url\":\"https:\\\/\\\/secure.gravatar.com\\\/avatar\\\/4c29ceac98541dd42460b2474aaa5dd37594d6ce6cb3cf2c101d09b48ee287ba?s=96&d=mm&r=g\",\"contentUrl\":\"https:\\\/\\\/secure.gravatar.com\\\/avatar\\\/4c29ceac98541dd42460b2474aaa5dd37594d6ce6cb3cf2c101d09b48ee287ba?s=96&d=mm&r=g\",\"caption\":\"Diario del Sur Digital\"},\"url\":\"https:\\\/\\\/diariodelsurdigital.com.ar\\\/?author=2\"}]}<\/script>\n<!-- \/ Yoast SEO plugin. -->","yoast_head_json":{"title":"Rige un alerta meteorol\u00f3gico por tormentas para Entre R\u00edos - Diario del Sur","robots":{"index":"index","follow":"follow","max-snippet":"max-snippet:-1","max-image-preview":"max-image-preview:large","max-video-preview":"max-video-preview:-1"},"canonical":"https:\/\/diariodelsurdigital.com.ar\/?p=7845","og_locale":"es_ES","og_type":"article","og_title":"Rige un alerta meteorol\u00f3gico por tormentas para Entre R\u00edos - Diario del Sur","og_description":"El Servicio Meteorol\u00f3gico Nacional (SMN) indica que en las pr\u00f3ximas horas llegar\u00e1 un sistema frontal fr\u00edo a Entre R\u00edos que provocar\u00e1 inestabilidades por varios d\u00edas y un marcado descenso t\u00e9rmico. Desde ma\u00f1ana las m\u00e1ximas llegar\u00e1n a 24 o 25 grados. Anuncian lluvias y tormentas de variada intensidad en toda la provincia, que luego se extender\u00e1n [&hellip;]","og_url":"https:\/\/diariodelsurdigital.com.ar\/?p=7845","og_site_name":"Diario del Sur","article_published_time":"2026-04-03T18:02:03+00:00","article_modified_time":"2026-04-03T18:10:09+00:00","og_image":[{"width":480,"height":270,"url":"https:\/\/diariodelsurdigital.com.ar\/wp-content\/uploads\/2026\/04\/tormentas-ZTW6Z4ZOHVEF7DD52XQV4LWU2A.png","type":"image\/png"}],"author":"Diario del Sur Digital","twitter_card":"summary_large_image","twitter_misc":{"Escrito por":"Diario del Sur Digital","Tiempo de lectura":"2 minutos"},"schema":{"@context":"https:\/\/schema.org","@graph":[{"@type":"Article","@id":"https:\/\/diariodelsurdigital.com.ar\/?p=7845#article","isPartOf":{"@id":"https:\/\/diariodelsurdigital.com.ar\/?p=7845"},"author":{"name":"Diario del Sur Digital","@id":"https:\/\/diariodelsurdigital.com.ar\/#\/schema\/person\/6136a32571657f7dba980b88b04c5465"},"headline":"Rige un alerta meteorol\u00f3gico por tormentas para Entre R\u00edos","datePublished":"2026-04-03T18:02:03+00:00","dateModified":"2026-04-03T18:10:09+00:00","mainEntityOfPage":{"@id":"https:\/\/diariodelsurdigital.com.ar\/?p=7845"},"wordCount":260,"commentCount":0,"image":{"@id":"https:\/\/diariodelsurdigital.com.ar\/?p=7845#primaryimage"},"thumbnailUrl":"https:\/\/diariodelsurdigital.com.ar\/wp-content\/uploads\/2026\/04\/tormentas-ZTW6Z4ZOHVEF7DD52XQV4LWU2A.png","articleSection":["Inter\u00e9s General","Provinciales"],"inLanguage":"es","potentialAction":[{"@type":"CommentAction","name":"Comment","target":["https:\/\/diariodelsurdigital.com.ar\/?p=7845#respond"]}]},{"@type":"WebPage","@id":"https:\/\/diariodelsurdigital.com.ar\/?p=7845","url":"https:\/\/diariodelsurdigital.com.ar\/?p=7845","name":"Rige un alerta meteorol\u00f3gico por tormentas para Entre R\u00edos - Diario del Sur","isPartOf":{"@id":"https:\/\/diariodelsurdigital.com.ar\/#website"},"primaryImageOfPage":{"@id":"https:\/\/diariodelsurdigital.com.ar\/?p=7845#primaryimage"},"image":{"@id":"https:\/\/diariodelsurdigital.com.ar\/?p=7845#primaryimage"},"thumbnailUrl":"https:\/\/diariodelsurdigital.com.ar\/wp-content\/uploads\/2026\/04\/tormentas-ZTW6Z4ZOHVEF7DD52XQV4LWU2A.png","datePublished":"2026-04-03T18:02:03+00:00","dateModified":"2026-04-03T18:10:09+00:00","author":{"@id":"https:\/\/diariodelsurdigital.com.ar\/#\/schema\/person\/6136a32571657f7dba980b88b04c5465"},"breadcrumb":{"@id":"https:\/\/diariodelsurdigital.com.ar\/?p=7845#breadcrumb"},"inLanguage":"es","potentialAction":[{"@type":"ReadAction","target":["https:\/\/diariodelsurdigital.com.ar\/?p=7845"]}]},{"@type":"ImageObject","inLanguage":"es","@id":"https:\/\/diariodelsurdigital.com.ar\/?p=7845#primaryimage","url":"https:\/\/diariodelsurdigital.com.ar\/wp-content\/uploads\/2026\/04\/tormentas-ZTW6Z4ZOHVEF7DD52XQV4LWU2A.png","contentUrl":"https:\/\/diariodelsurdigital.com.ar\/wp-content\/uploads\/2026\/04\/tormentas-ZTW6Z4ZOHVEF7DD52XQV4LWU2A.png","width":480,"height":270},{"@type":"BreadcrumbList","@id":"https:\/\/diariodelsurdigital.com.ar\/?p=7845#breadcrumb","itemListElement":[{"@type":"ListItem","position":1,"name":"Portada","item":"https:\/\/diariodelsurdigital.com.ar\/"},{"@type":"ListItem","position":2,"name":"Rige un alerta meteorol\u00f3gico por tormentas para Entre R\u00edos"}]},{"@type":"WebSite","@id":"https:\/\/diariodelsurdigital.com.ar\/#website","url":"https:\/\/diariodelsurdigital.com.ar\/","name":"Diario del Sur","description":"Digital","potentialAction":[{"@type":"SearchAction","target":{"@type":"EntryPoint","urlTemplate":"https:\/\/diariodelsurdigital.com.ar\/?s={search_term_string}"},"query-input":{"@type":"PropertyValueSpecification","valueRequired":true,"valueName":"search_term_string"}}],"inLanguage":"es"},{"@type":"Person","@id":"https:\/\/diariodelsurdigital.com.ar\/#\/schema\/person\/6136a32571657f7dba980b88b04c5465","name":"Diario del Sur Digital","image":{"@type":"ImageObject","inLanguage":"es","@id":"https:\/\/secure.gravatar.com\/avatar\/4c29ceac98541dd42460b2474aaa5dd37594d6ce6cb3cf2c101d09b48ee287ba?s=96&d=mm&r=g","url":"https:\/\/secure.gravatar.com\/avatar\/4c29ceac98541dd42460b2474aaa5dd37594d6ce6cb3cf2c101d09b48ee287ba?s=96&d=mm&r=g","contentUrl":"https:\/\/secure.gravatar.com\/avatar\/4c29ceac98541dd42460b2474aaa5dd37594d6ce6cb3cf2c101d09b48ee287ba?s=96&d=mm&r=g","caption":"Diario del Sur Digital"},"url":"https:\/\/diariodelsurdigital.com.ar\/?author=2"}]}},"_links":{"self":[{"href":"https:\/\/diariodelsurdigital.com.ar\/index.php?rest_route=\/wp\/v2\/posts\/7845","targetHints":{"allow":["GET"]}}],"collection":[{"href":"https:\/\/diariodelsurdigital.com.ar\/index.php?rest_route=\/wp\/v2\/posts"}],"about":[{"href":"https:\/\/diariodelsurdigital.com.ar\/index.php?rest_route=\/wp\/v2\/types\/post"}],"author":[{"embeddable":true,"href":"https:\/\/diariodelsurdigital.com.ar\/index.php?rest_route=\/wp\/v2\/users\/2"}],"replies":[{"embeddable":true,"href":"https:\/\/diariodelsurdigital.com.ar\/index.php?rest_route=%2Fwp%2Fv2%2Fcomments&post=7845"}],"version-history":[{"count":2,"href":"https:\/\/diariodelsurdigital.com.ar\/index.php?rest_route=\/wp\/v2\/posts\/7845\/revisions"}],"predecessor-version":[{"id":7848,"href":"https:\/\/diariodelsurdigital.com.ar\/index.php?rest_route=\/wp\/v2\/posts\/7845\/revisions\/7848"}],"wp:featuredmedia":[{"embeddable":true,"href":"https:\/\/diariodelsurdigital.com.ar\/index.php?rest_route=\/wp\/v2\/media\/7846"}],"wp:attachment":[{"href":"https:\/\/diariodelsurdigital.com.ar\/index.php?rest_route=%2Fwp%2Fv2%2Fmedia&parent=7845"}],"wp:term":[{"taxonomy":"category","embeddable":true,"href":"https:\/\/diariodelsurdigital.com.ar\/index.php?rest_route=%2Fwp%2Fv2%2Fcategories&post=7845"},{"taxonomy":"post_tag","embeddable":true,"href":"https:\/\/diariodelsurdigital.com.ar\/index.php?rest_route=%2Fwp%2Fv2%2Ftags&post=7845"}],"curies":[{"name":"wp","href":"https:\/\/api.w.org\/{rel}","templated":true}]}}