{"id":7856,"date":"2026-04-05T11:52:32","date_gmt":"2026-04-05T14:52:32","guid":{"rendered":"https:\/\/diariodelsurdigital.com.ar\/?p=7856"},"modified":"2026-04-05T11:52:33","modified_gmt":"2026-04-05T14:52:33","slug":"en-dos-semanas-comienza-en-paraguay-el-juicio-por-contrabando-al-exsenador-kueider","status":"publish","type":"post","link":"https:\/\/diariodelsurdigital.com.ar\/?p=7856","title":{"rendered":"En dos semanas comienza en Paraguay el juicio por contrabando al exsenador Kueider"},"content":{"rendered":"\n<h2 class=\"wp-block-heading\" id=\"nota-title\"><\/h2>\n\n\n\n<p>El ex senador nacional por Entre R\u00edos, Edgardo Kueider, se encamina a su primer enfrentamiento formal con la Justicia paraguaya. El pr\u00f3ximo lunes 20 de abril, en la Torre Norte del Palacio de Justicia de Asunci\u00f3n, se dar\u00e1 inicio a las audiencias del juicio oral por el presunto delito de \u00abcontrabando en grado de tentativa\u00bb.<\/p>\n\n\n\n<p>Kueider, quien fuera una figura pol\u00edtica central de la provincia, llega a esta instancia tras un a\u00f1o y tres meses de prisi\u00f3n domiciliaria, acusado de intentar ingresar USD 200 mil sin declarar a territorio paraguayo. Junto a \u00e9l ser\u00e1 juzgada Iara Guinsel, su ex secretaria y actual pareja, enfrentando ambos una pena m\u00ednima que parte de los dos a\u00f1os y medio de prisi\u00f3n.<\/p>\n\n\n\n<h5 class=\"wp-block-heading\"><strong>La estrategia de la defensa: \u00abEl dinero no es mercader\u00eda\u00bb<\/strong><\/h5>\n\n\n\n<p>De acuerdo a la informaci\u00f3n que trascendi\u00f3 sobre la estrategia legal que desplegar\u00e1 el ex legislador, su defensa se basar\u00e1 en dos argumentos principales para intentar desestimar la car\u00e1tula de contrabando:<\/p>\n\n\n\n<p>Naturaleza del efectivo: Sostendr\u00e1n que el dinero no puede ser considerado una \u00abmercader\u00eda\u00bb y, por lo tanto, no existe el delito de contrabando. No obstante, la fiscal\u00eda paraguaya mantiene la postura t\u00e9cnica inversa bas\u00e1ndose en antecedentes administrativos locales.<\/p>\n\n\n\n<p>Origen de los fondos: Afirmar\u00e1n que los USD 200 mil no pertenec\u00edan a Kueider ni a Guinsel, sino que eran propiedad de inversores paraguayos en bienes ra\u00edces y que el efectivo fue entregado en Ciudad del Este momentos antes del operativo policial.<\/p>\n\n\n\n<p>Seg\u00fan este relato defensivo, la pareja habr\u00eda recibido el dinero el 3 de diciembre de 2024, cruzaron a cenar a Brasil y, al regresar a Paraguay por el Puente de la Amistad en la madrugada del mi\u00e9rcoles 4, fueron interceptados con el bolso de dinero.<\/p>\n\n\n\n<h5 class=\"wp-block-heading\"><strong>De San Vicente a Luque: el presente de Kueider en Asunci\u00f3n<\/strong><\/h5>\n\n\n\n<p>Actualmente, el ex senador y su pareja cumplen el arresto domiciliario en un departamento del edificio Insignia 3, ubicado en la zona de Luque, en las afueras de la capital paraguaya. Tras pasar por otros dos complejos residenciales (Tierra Alta y un d\u00faplex en el barrio San Vicente), se encuentran en este predio que cuenta con seguridad las 24 horas y vigilancia constante de la Comisar\u00eda 52\u00b0 de la Polic\u00eda Nacional.<\/p>\n\n\n\n<p>El tiempo que Kueider lleva bajo arresto \u2014desde enero de 2025 en dicho r\u00e9gimen\u2014 ser\u00e1 computado a su favor en caso de recibir una sentencia condenatoria por parte del tribunal paraguayo.<\/p>\n\n\n\n<h5 class=\"wp-block-heading\"><strong>El horizonte judicial: Concordia y Comodoro Py<\/strong><\/h5>\n\n\n\n<p>La resoluci\u00f3n en Paraguay es solo el primer cap\u00edtulo de un complejo entramado legal para el dirigente entrerriano. Una vez concluido el proceso en el vecino pa\u00eds, se reactivar\u00e1 el juicio de extradici\u00f3n solicitado por la jueza federal Sandra Arroyo Salgado, quien lo investiga por enriquecimiento il\u00edcito y lavado de activos.<\/p>\n\n\n\n<p><strong>Asimismo, la justicia local sigue de cerca sus pasos:<\/strong><\/p>\n\n\n\n<p>Justicia Federal (San Isidro): Centra su investigaci\u00f3n en el per\u00edodo 2015-2019.<\/p>\n\n\n\n<p>Justicia de Concordia: Existe un legajo abierto que analiza toda su trayectoria p\u00fablica, desde que asumi\u00f3 como concejal de la ciudad en 1999, bajo sospechas de irregularidades en su patrimonio.<\/p>\n\n\n\n<p>Fuente:<strong>\u00a0<\/strong>APF Digital<\/p>\n\n\n\n<p><\/p>\n","protected":false},"excerpt":{"rendered":"<p>El ex senador nacional por Entre R\u00edos, Edgardo Kueider, se encamina a su primer enfrentamiento formal con la Justicia paraguaya. El pr\u00f3ximo lunes 20 de abril, en la Torre Norte del Palacio de Justicia de Asunci\u00f3n, se dar\u00e1 inicio a las audiencias del juicio oral por el presunto delito de \u00abcontrabando en grado de tentativa\u00bb. [&hellip;]<\/p>\n","protected":false},"author":2,"featured_media":7857,"comment_status":"open","ping_status":"open","sticky":false,"template":"","format":"standard","meta":{"footnotes":""},"categories":[20,26],"tags":[],"class_list":{"0":"post-7856","1":"post","2":"type-post","3":"status-publish","4":"format-standard","5":"has-post-thumbnail","7":"category-internacionales","8":"category-judiciales"},"yoast_head":"<!-- This site is optimized with the Yoast SEO plugin v27.4 - https:\/\/yoast.com\/product\/yoast-seo-wordpress\/ -->\n<title>En dos semanas comienza en Paraguay el juicio por contrabando al exsenador Kueider - Diario del Sur<\/title>\n<meta name=\"robots\" content=\"index, follow, max-snippet:-1, max-image-preview:large, max-video-preview:-1\" \/>\n<link rel=\"canonical\" href=\"https:\/\/diariodelsurdigital.com.ar\/?p=7856\" \/>\n<meta property=\"og:locale\" content=\"es_ES\" \/>\n<meta property=\"og:type\" content=\"article\" \/>\n<meta property=\"og:title\" content=\"En dos semanas comienza en Paraguay el juicio por contrabando al exsenador Kueider - Diario del Sur\" \/>\n<meta property=\"og:description\" content=\"El ex senador nacional por Entre R\u00edos, Edgardo Kueider, se encamina a su primer enfrentamiento formal con la Justicia paraguaya. El pr\u00f3ximo lunes 20 de abril, en la Torre Norte del Palacio de Justicia de Asunci\u00f3n, se dar\u00e1 inicio a las audiencias del juicio oral por el presunto delito de \u00abcontrabando en grado de tentativa\u00bb. [&hellip;]\" \/>\n<meta property=\"og:url\" content=\"https:\/\/diariodelsurdigital.com.ar\/?p=7856\" \/>\n<meta property=\"og:site_name\" content=\"Diario del Sur\" \/>\n<meta property=\"article:published_time\" content=\"2026-04-05T14:52:32+00:00\" \/>\n<meta property=\"article:modified_time\" content=\"2026-04-05T14:52:33+00:00\" \/>\n<meta property=\"og:image\" content=\"https:\/\/diariodelsurdigital.com.ar\/wp-content\/uploads\/2026\/04\/images-1.jpeg\" \/>\n\t<meta property=\"og:image:width\" content=\"408\" \/>\n\t<meta property=\"og:image:height\" content=\"276\" \/>\n\t<meta property=\"og:image:type\" content=\"image\/jpeg\" \/>\n<meta name=\"author\" content=\"Diario del Sur Digital\" \/>\n<meta name=\"twitter:card\" content=\"summary_large_image\" \/>\n<meta name=\"twitter:label1\" content=\"Escrito por\" \/>\n\t<meta name=\"twitter:data1\" content=\"Diario del Sur Digital\" \/>\n\t<meta name=\"twitter:label2\" content=\"Tiempo de lectura\" \/>\n\t<meta name=\"twitter:data2\" content=\"3 minutos\" \/>\n<script type=\"application\/ld+json\" class=\"yoast-schema-graph\">{\"@context\":\"https:\\\/\\\/schema.org\",\"@graph\":[{\"@type\":\"Article\",\"@id\":\"https:\\\/\\\/diariodelsurdigital.com.ar\\\/?p=7856#article\",\"isPartOf\":{\"@id\":\"https:\\\/\\\/diariodelsurdigital.com.ar\\\/?p=7856\"},\"author\":{\"name\":\"Diario del Sur Digital\",\"@id\":\"https:\\\/\\\/diariodelsurdigital.com.ar\\\/#\\\/schema\\\/person\\\/6136a32571657f7dba980b88b04c5465\"},\"headline\":\"En dos semanas comienza en Paraguay el juicio por contrabando al exsenador Kueider\",\"datePublished\":\"2026-04-05T14:52:32+00:00\",\"dateModified\":\"2026-04-05T14:52:33+00:00\",\"mainEntityOfPage\":{\"@id\":\"https:\\\/\\\/diariodelsurdigital.com.ar\\\/?p=7856\"},\"wordCount\":546,\"commentCount\":0,\"image\":{\"@id\":\"https:\\\/\\\/diariodelsurdigital.com.ar\\\/?p=7856#primaryimage\"},\"thumbnailUrl\":\"https:\\\/\\\/diariodelsurdigital.com.ar\\\/wp-content\\\/uploads\\\/2026\\\/04\\\/images-1.jpeg\",\"articleSection\":[\"Internacionales\",\"Judiciales\"],\"inLanguage\":\"es\",\"potentialAction\":[{\"@type\":\"CommentAction\",\"name\":\"Comment\",\"target\":[\"https:\\\/\\\/diariodelsurdigital.com.ar\\\/?p=7856#respond\"]}]},{\"@type\":\"WebPage\",\"@id\":\"https:\\\/\\\/diariodelsurdigital.com.ar\\\/?p=7856\",\"url\":\"https:\\\/\\\/diariodelsurdigital.com.ar\\\/?p=7856\",\"name\":\"En dos semanas comienza en Paraguay el juicio por contrabando al exsenador Kueider - Diario del Sur\",\"isPartOf\":{\"@id\":\"https:\\\/\\\/diariodelsurdigital.com.ar\\\/#website\"},\"primaryImageOfPage\":{\"@id\":\"https:\\\/\\\/diariodelsurdigital.com.ar\\\/?p=7856#primaryimage\"},\"image\":{\"@id\":\"https:\\\/\\\/diariodelsurdigital.com.ar\\\/?p=7856#primaryimage\"},\"thumbnailUrl\":\"https:\\\/\\\/diariodelsurdigital.com.ar\\\/wp-content\\\/uploads\\\/2026\\\/04\\\/images-1.jpeg\",\"datePublished\":\"2026-04-05T14:52:32+00:00\",\"dateModified\":\"2026-04-05T14:52:33+00:00\",\"author\":{\"@id\":\"https:\\\/\\\/diariodelsurdigital.com.ar\\\/#\\\/schema\\\/person\\\/6136a32571657f7dba980b88b04c5465\"},\"breadcrumb\":{\"@id\":\"https:\\\/\\\/diariodelsurdigital.com.ar\\\/?p=7856#breadcrumb\"},\"inLanguage\":\"es\",\"potentialAction\":[{\"@type\":\"ReadAction\",\"target\":[\"https:\\\/\\\/diariodelsurdigital.com.ar\\\/?p=7856\"]}]},{\"@type\":\"ImageObject\",\"inLanguage\":\"es\",\"@id\":\"https:\\\/\\\/diariodelsurdigital.com.ar\\\/?p=7856#primaryimage\",\"url\":\"https:\\\/\\\/diariodelsurdigital.com.ar\\\/wp-content\\\/uploads\\\/2026\\\/04\\\/images-1.jpeg\",\"contentUrl\":\"https:\\\/\\\/diariodelsurdigital.com.ar\\\/wp-content\\\/uploads\\\/2026\\\/04\\\/images-1.jpeg\",\"width\":408,\"height\":276},{\"@type\":\"BreadcrumbList\",\"@id\":\"https:\\\/\\\/diariodelsurdigital.com.ar\\\/?p=7856#breadcrumb\",\"itemListElement\":[{\"@type\":\"ListItem\",\"position\":1,\"name\":\"Portada\",\"item\":\"https:\\\/\\\/diariodelsurdigital.com.ar\\\/\"},{\"@type\":\"ListItem\",\"position\":2,\"name\":\"En dos semanas comienza en Paraguay el juicio por contrabando al exsenador Kueider\"}]},{\"@type\":\"WebSite\",\"@id\":\"https:\\\/\\\/diariodelsurdigital.com.ar\\\/#website\",\"url\":\"https:\\\/\\\/diariodelsurdigital.com.ar\\\/\",\"name\":\"Diario del Sur\",\"description\":\"Digital\",\"potentialAction\":[{\"@type\":\"SearchAction\",\"target\":{\"@type\":\"EntryPoint\",\"urlTemplate\":\"https:\\\/\\\/diariodelsurdigital.com.ar\\\/?s={search_term_string}\"},\"query-input\":{\"@type\":\"PropertyValueSpecification\",\"valueRequired\":true,\"valueName\":\"search_term_string\"}}],\"inLanguage\":\"es\"},{\"@type\":\"Person\",\"@id\":\"https:\\\/\\\/diariodelsurdigital.com.ar\\\/#\\\/schema\\\/person\\\/6136a32571657f7dba980b88b04c5465\",\"name\":\"Diario del Sur Digital\",\"image\":{\"@type\":\"ImageObject\",\"inLanguage\":\"es\",\"@id\":\"https:\\\/\\\/secure.gravatar.com\\\/avatar\\\/4c29ceac98541dd42460b2474aaa5dd37594d6ce6cb3cf2c101d09b48ee287ba?s=96&d=mm&r=g\",\"url\":\"https:\\\/\\\/secure.gravatar.com\\\/avatar\\\/4c29ceac98541dd42460b2474aaa5dd37594d6ce6cb3cf2c101d09b48ee287ba?s=96&d=mm&r=g\",\"contentUrl\":\"https:\\\/\\\/secure.gravatar.com\\\/avatar\\\/4c29ceac98541dd42460b2474aaa5dd37594d6ce6cb3cf2c101d09b48ee287ba?s=96&d=mm&r=g\",\"caption\":\"Diario del Sur Digital\"},\"url\":\"https:\\\/\\\/diariodelsurdigital.com.ar\\\/?author=2\"}]}<\/script>\n<!-- \/ Yoast SEO plugin. -->","yoast_head_json":{"title":"En dos semanas comienza en Paraguay el juicio por contrabando al exsenador Kueider - Diario del Sur","robots":{"index":"index","follow":"follow","max-snippet":"max-snippet:-1","max-image-preview":"max-image-preview:large","max-video-preview":"max-video-preview:-1"},"canonical":"https:\/\/diariodelsurdigital.com.ar\/?p=7856","og_locale":"es_ES","og_type":"article","og_title":"En dos semanas comienza en Paraguay el juicio por contrabando al exsenador Kueider - Diario del Sur","og_description":"El ex senador nacional por Entre R\u00edos, Edgardo Kueider, se encamina a su primer enfrentamiento formal con la Justicia paraguaya. El pr\u00f3ximo lunes 20 de abril, en la Torre Norte del Palacio de Justicia de Asunci\u00f3n, se dar\u00e1 inicio a las audiencias del juicio oral por el presunto delito de \u00abcontrabando en grado de tentativa\u00bb. [&hellip;]","og_url":"https:\/\/diariodelsurdigital.com.ar\/?p=7856","og_site_name":"Diario del Sur","article_published_time":"2026-04-05T14:52:32+00:00","article_modified_time":"2026-04-05T14:52:33+00:00","og_image":[{"width":408,"height":276,"url":"https:\/\/diariodelsurdigital.com.ar\/wp-content\/uploads\/2026\/04\/images-1.jpeg","type":"image\/jpeg"}],"author":"Diario del Sur Digital","twitter_card":"summary_large_image","twitter_misc":{"Escrito por":"Diario del Sur Digital","Tiempo de lectura":"3 minutos"},"schema":{"@context":"https:\/\/schema.org","@graph":[{"@type":"Article","@id":"https:\/\/diariodelsurdigital.com.ar\/?p=7856#article","isPartOf":{"@id":"https:\/\/diariodelsurdigital.com.ar\/?p=7856"},"author":{"name":"Diario del Sur Digital","@id":"https:\/\/diariodelsurdigital.com.ar\/#\/schema\/person\/6136a32571657f7dba980b88b04c5465"},"headline":"En dos semanas comienza en Paraguay el juicio por contrabando al exsenador Kueider","datePublished":"2026-04-05T14:52:32+00:00","dateModified":"2026-04-05T14:52:33+00:00","mainEntityOfPage":{"@id":"https:\/\/diariodelsurdigital.com.ar\/?p=7856"},"wordCount":546,"commentCount":0,"image":{"@id":"https:\/\/diariodelsurdigital.com.ar\/?p=7856#primaryimage"},"thumbnailUrl":"https:\/\/diariodelsurdigital.com.ar\/wp-content\/uploads\/2026\/04\/images-1.jpeg","articleSection":["Internacionales","Judiciales"],"inLanguage":"es","potentialAction":[{"@type":"CommentAction","name":"Comment","target":["https:\/\/diariodelsurdigital.com.ar\/?p=7856#respond"]}]},{"@type":"WebPage","@id":"https:\/\/diariodelsurdigital.com.ar\/?p=7856","url":"https:\/\/diariodelsurdigital.com.ar\/?p=7856","name":"En dos semanas comienza en Paraguay el juicio por contrabando al exsenador Kueider - Diario del Sur","isPartOf":{"@id":"https:\/\/diariodelsurdigital.com.ar\/#website"},"primaryImageOfPage":{"@id":"https:\/\/diariodelsurdigital.com.ar\/?p=7856#primaryimage"},"image":{"@id":"https:\/\/diariodelsurdigital.com.ar\/?p=7856#primaryimage"},"thumbnailUrl":"https:\/\/diariodelsurdigital.com.ar\/wp-content\/uploads\/2026\/04\/images-1.jpeg","datePublished":"2026-04-05T14:52:32+00:00","dateModified":"2026-04-05T14:52:33+00:00","author":{"@id":"https:\/\/diariodelsurdigital.com.ar\/#\/schema\/person\/6136a32571657f7dba980b88b04c5465"},"breadcrumb":{"@id":"https:\/\/diariodelsurdigital.com.ar\/?p=7856#breadcrumb"},"inLanguage":"es","potentialAction":[{"@type":"ReadAction","target":["https:\/\/diariodelsurdigital.com.ar\/?p=7856"]}]},{"@type":"ImageObject","inLanguage":"es","@id":"https:\/\/diariodelsurdigital.com.ar\/?p=7856#primaryimage","url":"https:\/\/diariodelsurdigital.com.ar\/wp-content\/uploads\/2026\/04\/images-1.jpeg","contentUrl":"https:\/\/diariodelsurdigital.com.ar\/wp-content\/uploads\/2026\/04\/images-1.jpeg","width":408,"height":276},{"@type":"BreadcrumbList","@id":"https:\/\/diariodelsurdigital.com.ar\/?p=7856#breadcrumb","itemListElement":[{"@type":"ListItem","position":1,"name":"Portada","item":"https:\/\/diariodelsurdigital.com.ar\/"},{"@type":"ListItem","position":2,"name":"En dos semanas comienza en Paraguay el juicio por contrabando al exsenador Kueider"}]},{"@type":"WebSite","@id":"https:\/\/diariodelsurdigital.com.ar\/#website","url":"https:\/\/diariodelsurdigital.com.ar\/","name":"Diario del Sur","description":"Digital","potentialAction":[{"@type":"SearchAction","target":{"@type":"EntryPoint","urlTemplate":"https:\/\/diariodelsurdigital.com.ar\/?s={search_term_string}"},"query-input":{"@type":"PropertyValueSpecification","valueRequired":true,"valueName":"search_term_string"}}],"inLanguage":"es"},{"@type":"Person","@id":"https:\/\/diariodelsurdigital.com.ar\/#\/schema\/person\/6136a32571657f7dba980b88b04c5465","name":"Diario del Sur Digital","image":{"@type":"ImageObject","inLanguage":"es","@id":"https:\/\/secure.gravatar.com\/avatar\/4c29ceac98541dd42460b2474aaa5dd37594d6ce6cb3cf2c101d09b48ee287ba?s=96&d=mm&r=g","url":"https:\/\/secure.gravatar.com\/avatar\/4c29ceac98541dd42460b2474aaa5dd37594d6ce6cb3cf2c101d09b48ee287ba?s=96&d=mm&r=g","contentUrl":"https:\/\/secure.gravatar.com\/avatar\/4c29ceac98541dd42460b2474aaa5dd37594d6ce6cb3cf2c101d09b48ee287ba?s=96&d=mm&r=g","caption":"Diario del Sur Digital"},"url":"https:\/\/diariodelsurdigital.com.ar\/?author=2"}]}},"_links":{"self":[{"href":"https:\/\/diariodelsurdigital.com.ar\/index.php?rest_route=\/wp\/v2\/posts\/7856","targetHints":{"allow":["GET"]}}],"collection":[{"href":"https:\/\/diariodelsurdigital.com.ar\/index.php?rest_route=\/wp\/v2\/posts"}],"about":[{"href":"https:\/\/diariodelsurdigital.com.ar\/index.php?rest_route=\/wp\/v2\/types\/post"}],"author":[{"embeddable":true,"href":"https:\/\/diariodelsurdigital.com.ar\/index.php?rest_route=\/wp\/v2\/users\/2"}],"replies":[{"embeddable":true,"href":"https:\/\/diariodelsurdigital.com.ar\/index.php?rest_route=%2Fwp%2Fv2%2Fcomments&post=7856"}],"version-history":[{"count":1,"href":"https:\/\/diariodelsurdigital.com.ar\/index.php?rest_route=\/wp\/v2\/posts\/7856\/revisions"}],"predecessor-version":[{"id":7858,"href":"https:\/\/diariodelsurdigital.com.ar\/index.php?rest_route=\/wp\/v2\/posts\/7856\/revisions\/7858"}],"wp:featuredmedia":[{"embeddable":true,"href":"https:\/\/diariodelsurdigital.com.ar\/index.php?rest_route=\/wp\/v2\/media\/7857"}],"wp:attachment":[{"href":"https:\/\/diariodelsurdigital.com.ar\/index.php?rest_route=%2Fwp%2Fv2%2Fmedia&parent=7856"}],"wp:term":[{"taxonomy":"category","embeddable":true,"href":"https:\/\/diariodelsurdigital.com.ar\/index.php?rest_route=%2Fwp%2Fv2%2Fcategories&post=7856"},{"taxonomy":"post_tag","embeddable":true,"href":"https:\/\/diariodelsurdigital.com.ar\/index.php?rest_route=%2Fwp%2Fv2%2Ftags&post=7856"}],"curies":[{"name":"wp","href":"https:\/\/api.w.org\/{rel}","templated":true}]}}