{"id":7859,"date":"2026-04-05T12:01:31","date_gmt":"2026-04-05T15:01:31","guid":{"rendered":"https:\/\/diariodelsurdigital.com.ar\/?p=7859"},"modified":"2026-04-05T12:01:32","modified_gmt":"2026-04-05T15:01:32","slug":"una-mujer-se-encuentra-en-estado-critico-tras-una-tentativa-de-femicidio-en-concordia","status":"publish","type":"post","link":"https:\/\/diariodelsurdigital.com.ar\/?p=7859","title":{"rendered":"Una mujer se encuentra en estado cr\u00edtico tras una tentativa de femicidio en Concordia"},"content":{"rendered":"\n<h1 class=\"wp-block-heading\"><\/h1>\n\n\n\n<h4 class=\"wp-block-heading\">El hecho ocurri\u00f3 en la madrugada de este s\u00e1bado. La v\u00edctima permanece internada en grave estado en el hospital Masvernat. El agresor, su pareja, fue detenido tras un operativo policial.<\/h4>\n\n\n\n<p><a href=\"https:\/\/api.whatsapp.com\/send?text=Una%20mujer%20lucha%20por%20su%20vida%20tras%20una%20tentativa%20de%20femicidio%20en%20Concordia%20-%20http:\/\/diarioriouruguay.com\/policiales\/\/una-mujer-lucha-por-su-vida-tras-una-tentativa-de-femicidio-en-concordia.htm\" target=\"_blank\" rel=\"noreferrer noopener\"><\/a><a href=\"https:\/\/diarioriouruguay.com\/policiales\/una-mujer-lucha-por-su-vida-tras-una-tentativa-de-femicidio-en-concordia.htm#\"><\/a><a href=\"javascript:copyLink('aviso', 'URL Copiada');\"><\/a><a href=\"https:\/\/diarioriouruguay.com\/policiales\/una-mujer-lucha-por-su-vida-tras-una-tentativa-de-femicidio-en-concordia.htm#\"><\/a><a href=\"tg:\/\/msg?text=Una%20mujer%20lucha%20por%20su%20vida%20tras%20una%20tentativa%20de%20femicidio%20en%20Concordia-http:\/\/diarioriouruguay.com\/policiales\/\/una-mujer-lucha-por-su-vida-tras-una-tentativa-de-femicidio-en-concordia.htm\" target=\"_blank\" rel=\"noreferrer noopener\"><\/a><a href=\"https:\/\/diarioriouruguay.com\/policiales\/una-mujer-lucha-por-su-vida-tras-una-tentativa-de-femicidio-en-concordia.htm#comentarios\"><\/a>La v\u00edctima se encuentra en estado cr\u00edtico luego de haber sido brutalmente atacada en un presunto caso de tentativa de femicidio ocurrido en la madrugada de este s\u00e1bado, en una vivienda ubicada en la intersecci\u00f3n de calles Sargento Cabral y 53.<\/p>\n\n\n\n<p>El hecho se registr\u00f3 alrededor de las 06:00 horas, cuando personal de Comisar\u00eda Segunda acudi\u00f3 al lugar tras un llamado de alerta realizado por otros moradores del domicilio, quienes manifestaron haber escuchado desesperados gritos de auxilio provenientes de una de las habitaciones.<\/p>\n\n\n\n<p>Al acercarse, los testigos observaron salir corriendo al hombre que conviv\u00eda con la v\u00edctima. Minutos despu\u00e9s, encontraron a la mujer tendida en el suelo, gravemente herida y cubierta de sangre.<\/p>\n\n\n\n<h3 class=\"wp-block-heading\">Un cuadro cl\u00ednico cr\u00edtico<\/h3>\n\n\n\n<p>En el lugar intervino tambi\u00e9n personal de la Divisi\u00f3n Polic\u00eda Cient\u00edfica, que llev\u00f3 adelante las pericias correspondientes para determinar las circunstancias del ataque.<\/p>\n\n\n\n<p>La v\u00edctima fue trasladada de urgencia al hospital Delicia Concepci\u00f3n Masvernat, donde los m\u00e9dicos constataron m\u00faltiples heridas de extrema gravedad. Presenta traumatismos punzocortantes en la regi\u00f3n occipital (derecha, central e izquierda), lesiones en la regi\u00f3n cervical derecha, interescapular y supraescapular derecha, adem\u00e1s del trapecio derecho.<\/p>\n\n\n\n<p>Tambi\u00e9n se le diagnostic\u00f3 una herida cortante penetrante en el t\u00f3rax, a la altura del segundo espacio intercostal sobre la l\u00ednea mamilar derecha. Actualmente, permanece con asistencia respiratoria mec\u00e1nica, con pupilas hiporreactivas y un cuadro de neumot\u00f3rax derecho con d\u00e9bito hem\u00e1tico. El car\u00e1cter de las lesiones fue establecido en 35 d\u00edas.<\/p>\n\n\n\n<h3 class=\"wp-block-heading\">Detenci\u00f3n del presunto agresor<\/h3>\n\n\n\n<p>En el marco de la investigaci\u00f3n, la fiscal interviniente, la Dra. Espinosa, dispuso el libramiento de un mandamiento de captura y detenci\u00f3n para el presunto autor del ataque, quien ser\u00eda la pareja de la v\u00edctima y conviv\u00eda con ella en el mismo domicilio.<\/p>\n\n\n\n<p>Tras un r\u00e1pido operativo de b\u00fasqueda, efectivos policiales lograron localizar al sospechoso en la vivienda de su hermana, en inmediaciones de calles T. Ib\u00e1\u00f1ez y Larroca, donde finalmente fue aprehendido.<\/p>\n\n\n\n<p>Adem\u00e1s, se procedi\u00f3 al secuestro de prendas de vestir tanto de la v\u00edctima como del detenido, las cuales ser\u00e1n sometidas a peritajes en el marco de la causa.<\/p>\n\n\n\n<h2 class=\"wp-block-heading\"> <\/h2>\n\n\n\n<p> <\/p>\n\n\n\n<p> <\/p>\n\n\n\n<p> <\/p>\n\n\n\n<p> <\/p>\n\n\n\n<p> <\/p>\n\n\n\n<h2 class=\"wp-block-heading\"> <\/h2>\n","protected":false},"excerpt":{"rendered":"<p>El hecho ocurri\u00f3 en la madrugada de este s\u00e1bado. La v\u00edctima permanece internada en grave estado en el hospital Masvernat. El agresor, su pareja, fue detenido tras un operativo policial. La v\u00edctima se encuentra en estado cr\u00edtico luego de haber sido brutalmente atacada en un presunto caso de tentativa de femicidio ocurrido en la madrugada [&hellip;]<\/p>\n","protected":false},"author":2,"featured_media":7860,"comment_status":"open","ping_status":"open","sticky":false,"template":"","format":"standard","meta":{"footnotes":""},"categories":[19,16],"tags":[],"class_list":{"0":"post-7859","1":"post","2":"type-post","3":"status-publish","4":"format-standard","5":"has-post-thumbnail","7":"category-interes-general","8":"category-locales"},"yoast_head":"<!-- This site is optimized with the Yoast SEO plugin v27.4 - https:\/\/yoast.com\/product\/yoast-seo-wordpress\/ -->\n<title>Una mujer se encuentra en estado cr\u00edtico tras una tentativa de femicidio en Concordia - Diario del Sur<\/title>\n<meta name=\"robots\" content=\"index, follow, max-snippet:-1, max-image-preview:large, max-video-preview:-1\" \/>\n<link rel=\"canonical\" href=\"https:\/\/diariodelsurdigital.com.ar\/?p=7859\" \/>\n<meta property=\"og:locale\" content=\"es_ES\" \/>\n<meta property=\"og:type\" content=\"article\" \/>\n<meta property=\"og:title\" content=\"Una mujer se encuentra en estado cr\u00edtico tras una tentativa de femicidio en Concordia - Diario del Sur\" \/>\n<meta property=\"og:description\" content=\"El hecho ocurri\u00f3 en la madrugada de este s\u00e1bado. La v\u00edctima permanece internada en grave estado en el hospital Masvernat. El agresor, su pareja, fue detenido tras un operativo policial. La v\u00edctima se encuentra en estado cr\u00edtico luego de haber sido brutalmente atacada en un presunto caso de tentativa de femicidio ocurrido en la madrugada [&hellip;]\" \/>\n<meta property=\"og:url\" content=\"https:\/\/diariodelsurdigital.com.ar\/?p=7859\" \/>\n<meta property=\"og:site_name\" content=\"Diario del Sur\" \/>\n<meta property=\"article:published_time\" content=\"2026-04-05T15:01:31+00:00\" \/>\n<meta property=\"article:modified_time\" content=\"2026-04-05T15:01:32+00:00\" \/>\n<meta property=\"og:image\" content=\"https:\/\/diariodelsurdigital.com.ar\/wp-content\/uploads\/2026\/04\/masvernat.png\" \/>\n\t<meta property=\"og:image:width\" content=\"420\" \/>\n\t<meta property=\"og:image:height\" content=\"236\" \/>\n\t<meta property=\"og:image:type\" content=\"image\/png\" \/>\n<meta name=\"author\" content=\"Diario del Sur Digital\" \/>\n<meta name=\"twitter:card\" content=\"summary_large_image\" \/>\n<meta name=\"twitter:label1\" content=\"Escrito por\" \/>\n\t<meta name=\"twitter:data1\" content=\"Diario del Sur Digital\" \/>\n\t<meta name=\"twitter:label2\" content=\"Tiempo de lectura\" \/>\n\t<meta name=\"twitter:data2\" content=\"2 minutos\" \/>\n<script type=\"application\/ld+json\" class=\"yoast-schema-graph\">{\"@context\":\"https:\\\/\\\/schema.org\",\"@graph\":[{\"@type\":\"Article\",\"@id\":\"https:\\\/\\\/diariodelsurdigital.com.ar\\\/?p=7859#article\",\"isPartOf\":{\"@id\":\"https:\\\/\\\/diariodelsurdigital.com.ar\\\/?p=7859\"},\"author\":{\"name\":\"Diario del Sur Digital\",\"@id\":\"https:\\\/\\\/diariodelsurdigital.com.ar\\\/#\\\/schema\\\/person\\\/6136a32571657f7dba980b88b04c5465\"},\"headline\":\"Una mujer se encuentra en estado cr\u00edtico tras una tentativa de femicidio en Concordia\",\"datePublished\":\"2026-04-05T15:01:31+00:00\",\"dateModified\":\"2026-04-05T15:01:32+00:00\",\"mainEntityOfPage\":{\"@id\":\"https:\\\/\\\/diariodelsurdigital.com.ar\\\/?p=7859\"},\"wordCount\":427,\"commentCount\":0,\"image\":{\"@id\":\"https:\\\/\\\/diariodelsurdigital.com.ar\\\/?p=7859#primaryimage\"},\"thumbnailUrl\":\"https:\\\/\\\/diariodelsurdigital.com.ar\\\/wp-content\\\/uploads\\\/2026\\\/04\\\/masvernat.png\",\"articleSection\":[\"Inter\u00e9s General\",\"Locales\"],\"inLanguage\":\"es\",\"potentialAction\":[{\"@type\":\"CommentAction\",\"name\":\"Comment\",\"target\":[\"https:\\\/\\\/diariodelsurdigital.com.ar\\\/?p=7859#respond\"]}]},{\"@type\":\"WebPage\",\"@id\":\"https:\\\/\\\/diariodelsurdigital.com.ar\\\/?p=7859\",\"url\":\"https:\\\/\\\/diariodelsurdigital.com.ar\\\/?p=7859\",\"name\":\"Una mujer se encuentra en estado cr\u00edtico tras una tentativa de femicidio en Concordia - Diario del Sur\",\"isPartOf\":{\"@id\":\"https:\\\/\\\/diariodelsurdigital.com.ar\\\/#website\"},\"primaryImageOfPage\":{\"@id\":\"https:\\\/\\\/diariodelsurdigital.com.ar\\\/?p=7859#primaryimage\"},\"image\":{\"@id\":\"https:\\\/\\\/diariodelsurdigital.com.ar\\\/?p=7859#primaryimage\"},\"thumbnailUrl\":\"https:\\\/\\\/diariodelsurdigital.com.ar\\\/wp-content\\\/uploads\\\/2026\\\/04\\\/masvernat.png\",\"datePublished\":\"2026-04-05T15:01:31+00:00\",\"dateModified\":\"2026-04-05T15:01:32+00:00\",\"author\":{\"@id\":\"https:\\\/\\\/diariodelsurdigital.com.ar\\\/#\\\/schema\\\/person\\\/6136a32571657f7dba980b88b04c5465\"},\"breadcrumb\":{\"@id\":\"https:\\\/\\\/diariodelsurdigital.com.ar\\\/?p=7859#breadcrumb\"},\"inLanguage\":\"es\",\"potentialAction\":[{\"@type\":\"ReadAction\",\"target\":[\"https:\\\/\\\/diariodelsurdigital.com.ar\\\/?p=7859\"]}]},{\"@type\":\"ImageObject\",\"inLanguage\":\"es\",\"@id\":\"https:\\\/\\\/diariodelsurdigital.com.ar\\\/?p=7859#primaryimage\",\"url\":\"https:\\\/\\\/diariodelsurdigital.com.ar\\\/wp-content\\\/uploads\\\/2026\\\/04\\\/masvernat.png\",\"contentUrl\":\"https:\\\/\\\/diariodelsurdigital.com.ar\\\/wp-content\\\/uploads\\\/2026\\\/04\\\/masvernat.png\",\"width\":420,\"height\":236},{\"@type\":\"BreadcrumbList\",\"@id\":\"https:\\\/\\\/diariodelsurdigital.com.ar\\\/?p=7859#breadcrumb\",\"itemListElement\":[{\"@type\":\"ListItem\",\"position\":1,\"name\":\"Portada\",\"item\":\"https:\\\/\\\/diariodelsurdigital.com.ar\\\/\"},{\"@type\":\"ListItem\",\"position\":2,\"name\":\"Una mujer se encuentra en estado cr\u00edtico tras una tentativa de femicidio en Concordia\"}]},{\"@type\":\"WebSite\",\"@id\":\"https:\\\/\\\/diariodelsurdigital.com.ar\\\/#website\",\"url\":\"https:\\\/\\\/diariodelsurdigital.com.ar\\\/\",\"name\":\"Diario del Sur\",\"description\":\"Digital\",\"potentialAction\":[{\"@type\":\"SearchAction\",\"target\":{\"@type\":\"EntryPoint\",\"urlTemplate\":\"https:\\\/\\\/diariodelsurdigital.com.ar\\\/?s={search_term_string}\"},\"query-input\":{\"@type\":\"PropertyValueSpecification\",\"valueRequired\":true,\"valueName\":\"search_term_string\"}}],\"inLanguage\":\"es\"},{\"@type\":\"Person\",\"@id\":\"https:\\\/\\\/diariodelsurdigital.com.ar\\\/#\\\/schema\\\/person\\\/6136a32571657f7dba980b88b04c5465\",\"name\":\"Diario del Sur Digital\",\"image\":{\"@type\":\"ImageObject\",\"inLanguage\":\"es\",\"@id\":\"https:\\\/\\\/secure.gravatar.com\\\/avatar\\\/4c29ceac98541dd42460b2474aaa5dd37594d6ce6cb3cf2c101d09b48ee287ba?s=96&d=mm&r=g\",\"url\":\"https:\\\/\\\/secure.gravatar.com\\\/avatar\\\/4c29ceac98541dd42460b2474aaa5dd37594d6ce6cb3cf2c101d09b48ee287ba?s=96&d=mm&r=g\",\"contentUrl\":\"https:\\\/\\\/secure.gravatar.com\\\/avatar\\\/4c29ceac98541dd42460b2474aaa5dd37594d6ce6cb3cf2c101d09b48ee287ba?s=96&d=mm&r=g\",\"caption\":\"Diario del Sur Digital\"},\"url\":\"https:\\\/\\\/diariodelsurdigital.com.ar\\\/?author=2\"}]}<\/script>\n<!-- \/ Yoast SEO plugin. -->","yoast_head_json":{"title":"Una mujer se encuentra en estado cr\u00edtico tras una tentativa de femicidio en Concordia - Diario del Sur","robots":{"index":"index","follow":"follow","max-snippet":"max-snippet:-1","max-image-preview":"max-image-preview:large","max-video-preview":"max-video-preview:-1"},"canonical":"https:\/\/diariodelsurdigital.com.ar\/?p=7859","og_locale":"es_ES","og_type":"article","og_title":"Una mujer se encuentra en estado cr\u00edtico tras una tentativa de femicidio en Concordia - Diario del Sur","og_description":"El hecho ocurri\u00f3 en la madrugada de este s\u00e1bado. La v\u00edctima permanece internada en grave estado en el hospital Masvernat. El agresor, su pareja, fue detenido tras un operativo policial. La v\u00edctima se encuentra en estado cr\u00edtico luego de haber sido brutalmente atacada en un presunto caso de tentativa de femicidio ocurrido en la madrugada [&hellip;]","og_url":"https:\/\/diariodelsurdigital.com.ar\/?p=7859","og_site_name":"Diario del Sur","article_published_time":"2026-04-05T15:01:31+00:00","article_modified_time":"2026-04-05T15:01:32+00:00","og_image":[{"width":420,"height":236,"url":"https:\/\/diariodelsurdigital.com.ar\/wp-content\/uploads\/2026\/04\/masvernat.png","type":"image\/png"}],"author":"Diario del Sur Digital","twitter_card":"summary_large_image","twitter_misc":{"Escrito por":"Diario del Sur Digital","Tiempo de lectura":"2 minutos"},"schema":{"@context":"https:\/\/schema.org","@graph":[{"@type":"Article","@id":"https:\/\/diariodelsurdigital.com.ar\/?p=7859#article","isPartOf":{"@id":"https:\/\/diariodelsurdigital.com.ar\/?p=7859"},"author":{"name":"Diario del Sur Digital","@id":"https:\/\/diariodelsurdigital.com.ar\/#\/schema\/person\/6136a32571657f7dba980b88b04c5465"},"headline":"Una mujer se encuentra en estado cr\u00edtico tras una tentativa de femicidio en Concordia","datePublished":"2026-04-05T15:01:31+00:00","dateModified":"2026-04-05T15:01:32+00:00","mainEntityOfPage":{"@id":"https:\/\/diariodelsurdigital.com.ar\/?p=7859"},"wordCount":427,"commentCount":0,"image":{"@id":"https:\/\/diariodelsurdigital.com.ar\/?p=7859#primaryimage"},"thumbnailUrl":"https:\/\/diariodelsurdigital.com.ar\/wp-content\/uploads\/2026\/04\/masvernat.png","articleSection":["Inter\u00e9s General","Locales"],"inLanguage":"es","potentialAction":[{"@type":"CommentAction","name":"Comment","target":["https:\/\/diariodelsurdigital.com.ar\/?p=7859#respond"]}]},{"@type":"WebPage","@id":"https:\/\/diariodelsurdigital.com.ar\/?p=7859","url":"https:\/\/diariodelsurdigital.com.ar\/?p=7859","name":"Una mujer se encuentra en estado cr\u00edtico tras una tentativa de femicidio en Concordia - Diario del Sur","isPartOf":{"@id":"https:\/\/diariodelsurdigital.com.ar\/#website"},"primaryImageOfPage":{"@id":"https:\/\/diariodelsurdigital.com.ar\/?p=7859#primaryimage"},"image":{"@id":"https:\/\/diariodelsurdigital.com.ar\/?p=7859#primaryimage"},"thumbnailUrl":"https:\/\/diariodelsurdigital.com.ar\/wp-content\/uploads\/2026\/04\/masvernat.png","datePublished":"2026-04-05T15:01:31+00:00","dateModified":"2026-04-05T15:01:32+00:00","author":{"@id":"https:\/\/diariodelsurdigital.com.ar\/#\/schema\/person\/6136a32571657f7dba980b88b04c5465"},"breadcrumb":{"@id":"https:\/\/diariodelsurdigital.com.ar\/?p=7859#breadcrumb"},"inLanguage":"es","potentialAction":[{"@type":"ReadAction","target":["https:\/\/diariodelsurdigital.com.ar\/?p=7859"]}]},{"@type":"ImageObject","inLanguage":"es","@id":"https:\/\/diariodelsurdigital.com.ar\/?p=7859#primaryimage","url":"https:\/\/diariodelsurdigital.com.ar\/wp-content\/uploads\/2026\/04\/masvernat.png","contentUrl":"https:\/\/diariodelsurdigital.com.ar\/wp-content\/uploads\/2026\/04\/masvernat.png","width":420,"height":236},{"@type":"BreadcrumbList","@id":"https:\/\/diariodelsurdigital.com.ar\/?p=7859#breadcrumb","itemListElement":[{"@type":"ListItem","position":1,"name":"Portada","item":"https:\/\/diariodelsurdigital.com.ar\/"},{"@type":"ListItem","position":2,"name":"Una mujer se encuentra en estado cr\u00edtico tras una tentativa de femicidio en Concordia"}]},{"@type":"WebSite","@id":"https:\/\/diariodelsurdigital.com.ar\/#website","url":"https:\/\/diariodelsurdigital.com.ar\/","name":"Diario del Sur","description":"Digital","potentialAction":[{"@type":"SearchAction","target":{"@type":"EntryPoint","urlTemplate":"https:\/\/diariodelsurdigital.com.ar\/?s={search_term_string}"},"query-input":{"@type":"PropertyValueSpecification","valueRequired":true,"valueName":"search_term_string"}}],"inLanguage":"es"},{"@type":"Person","@id":"https:\/\/diariodelsurdigital.com.ar\/#\/schema\/person\/6136a32571657f7dba980b88b04c5465","name":"Diario del Sur Digital","image":{"@type":"ImageObject","inLanguage":"es","@id":"https:\/\/secure.gravatar.com\/avatar\/4c29ceac98541dd42460b2474aaa5dd37594d6ce6cb3cf2c101d09b48ee287ba?s=96&d=mm&r=g","url":"https:\/\/secure.gravatar.com\/avatar\/4c29ceac98541dd42460b2474aaa5dd37594d6ce6cb3cf2c101d09b48ee287ba?s=96&d=mm&r=g","contentUrl":"https:\/\/secure.gravatar.com\/avatar\/4c29ceac98541dd42460b2474aaa5dd37594d6ce6cb3cf2c101d09b48ee287ba?s=96&d=mm&r=g","caption":"Diario del Sur Digital"},"url":"https:\/\/diariodelsurdigital.com.ar\/?author=2"}]}},"_links":{"self":[{"href":"https:\/\/diariodelsurdigital.com.ar\/index.php?rest_route=\/wp\/v2\/posts\/7859","targetHints":{"allow":["GET"]}}],"collection":[{"href":"https:\/\/diariodelsurdigital.com.ar\/index.php?rest_route=\/wp\/v2\/posts"}],"about":[{"href":"https:\/\/diariodelsurdigital.com.ar\/index.php?rest_route=\/wp\/v2\/types\/post"}],"author":[{"embeddable":true,"href":"https:\/\/diariodelsurdigital.com.ar\/index.php?rest_route=\/wp\/v2\/users\/2"}],"replies":[{"embeddable":true,"href":"https:\/\/diariodelsurdigital.com.ar\/index.php?rest_route=%2Fwp%2Fv2%2Fcomments&post=7859"}],"version-history":[{"count":1,"href":"https:\/\/diariodelsurdigital.com.ar\/index.php?rest_route=\/wp\/v2\/posts\/7859\/revisions"}],"predecessor-version":[{"id":7861,"href":"https:\/\/diariodelsurdigital.com.ar\/index.php?rest_route=\/wp\/v2\/posts\/7859\/revisions\/7861"}],"wp:featuredmedia":[{"embeddable":true,"href":"https:\/\/diariodelsurdigital.com.ar\/index.php?rest_route=\/wp\/v2\/media\/7860"}],"wp:attachment":[{"href":"https:\/\/diariodelsurdigital.com.ar\/index.php?rest_route=%2Fwp%2Fv2%2Fmedia&parent=7859"}],"wp:term":[{"taxonomy":"category","embeddable":true,"href":"https:\/\/diariodelsurdigital.com.ar\/index.php?rest_route=%2Fwp%2Fv2%2Fcategories&post=7859"},{"taxonomy":"post_tag","embeddable":true,"href":"https:\/\/diariodelsurdigital.com.ar\/index.php?rest_route=%2Fwp%2Fv2%2Ftags&post=7859"}],"curies":[{"name":"wp","href":"https:\/\/api.w.org\/{rel}","templated":true}]}}