{"id":7866,"date":"2026-04-05T20:14:36","date_gmt":"2026-04-05T23:14:36","guid":{"rendered":"https:\/\/diariodelsurdigital.com.ar\/?p=7866"},"modified":"2026-04-05T20:14:37","modified_gmt":"2026-04-05T23:14:37","slug":"en-entre-rios-lanzan-nuevo-canal-de-difusion-para-educacion-vial","status":"publish","type":"post","link":"https:\/\/diariodelsurdigital.com.ar\/?p=7866","title":{"rendered":"En Entre R\u00edos\u00a0lanzan nuevo canal de difusi\u00f3n para educaci\u00f3n vial"},"content":{"rendered":"\n<p><strong>El Ministerio de Seguridad y Justicia, a trav\u00e9s de la Divisi\u00f3n Educaci\u00f3n Vial de la Polic\u00eda, puso en funcionamiento un nuevo canal de difusi\u00f3n v\u00eda WhatsApp.<\/strong><\/p>\n\n\n\n<figure class=\"wp-block-image\"><img decoding=\"async\" src=\"https:\/\/cdnartic.ar\/qyF6KQl9CJ4M4ujTFTNoqH78T4M=\/1500x0\/filters:no_upscale():format(webp):quality(40)\/https:\/\/elheraldocdn.eleco.com.ar\/media\/2026\/04\/seguridad_vial.jpeg\" alt=\"En Entre R\u00edos\u00a0lanzan nuevo canal de difusi\u00f3n para educaci\u00f3n vial\"\/><\/figure>\n\n\n\n<p>La iniciativa busca modernizar el contacto con la ciudadan\u00eda y facilitar el acceso a informaci\u00f3n clave sobre seguridad en las rutas y calles de la provincia.<\/p>\n\n\n\n<p>El objetivo central es contribuir de manera directa a la prevenci\u00f3n de siniestros viales, fortaleciendo la seguridad en el tr\u00e1nsito a trav\u00e9s de la formaci\u00f3n y la concientizaci\u00f3n constante.<\/p>\n\n\n\n<p>Desde la repartici\u00f3n destacaron que la seguridad vial no solo depende de las normas, sino tambi\u00e9n de la conducta humana.&nbsp;<br>En ese sentido, se\u00f1alaron que el respeto y la tolerancia son valores fundamentales para garantizar una convivencia pac\u00edfica en la v\u00eda p\u00fablica y proteger la vida de toda la ciudadan\u00eda.<\/p>\n\n\n\n<p>A trav\u00e9s de este medio, las personas interesadas recibir\u00e1n informaci\u00f3n sobre normativas vigentes, consejos de conducci\u00f3n segura y novedades sobre campa\u00f1as de educaci\u00f3n vial en la provincia.<\/p>\n\n\n\n<p>Fuente: El Heraldo<\/p>\n","protected":false},"excerpt":{"rendered":"<p>El Ministerio de Seguridad y Justicia, a trav\u00e9s de la Divisi\u00f3n Educaci\u00f3n Vial de la Polic\u00eda, puso en funcionamiento un nuevo canal de difusi\u00f3n v\u00eda WhatsApp. La iniciativa busca modernizar el contacto con la ciudadan\u00eda y facilitar el acceso a informaci\u00f3n clave sobre seguridad en las rutas y calles de la provincia. El objetivo central [&hellip;]<\/p>\n","protected":false},"author":3,"featured_media":7867,"comment_status":"open","ping_status":"open","sticky":false,"template":"","format":"standard","meta":{"footnotes":""},"categories":[19],"tags":[],"class_list":{"0":"post-7866","1":"post","2":"type-post","3":"status-publish","4":"format-standard","5":"has-post-thumbnail","7":"category-interes-general"},"yoast_head":"<!-- This site is optimized with the Yoast SEO plugin v27.4 - https:\/\/yoast.com\/product\/yoast-seo-wordpress\/ -->\n<title>En Entre R\u00edos\u00a0lanzan nuevo canal de difusi\u00f3n para educaci\u00f3n vial - Diario del Sur<\/title>\n<meta name=\"robots\" content=\"index, follow, max-snippet:-1, max-image-preview:large, max-video-preview:-1\" \/>\n<link rel=\"canonical\" href=\"https:\/\/diariodelsurdigital.com.ar\/?p=7866\" \/>\n<meta property=\"og:locale\" content=\"es_ES\" \/>\n<meta property=\"og:type\" content=\"article\" \/>\n<meta property=\"og:title\" content=\"En Entre R\u00edos\u00a0lanzan nuevo canal de difusi\u00f3n para educaci\u00f3n vial - Diario del Sur\" \/>\n<meta property=\"og:description\" content=\"El Ministerio de Seguridad y Justicia, a trav\u00e9s de la Divisi\u00f3n Educaci\u00f3n Vial de la Polic\u00eda, puso en funcionamiento un nuevo canal de difusi\u00f3n v\u00eda WhatsApp. La iniciativa busca modernizar el contacto con la ciudadan\u00eda y facilitar el acceso a informaci\u00f3n clave sobre seguridad en las rutas y calles de la provincia. El objetivo central [&hellip;]\" \/>\n<meta property=\"og:url\" content=\"https:\/\/diariodelsurdigital.com.ar\/?p=7866\" \/>\n<meta property=\"og:site_name\" content=\"Diario del Sur\" \/>\n<meta property=\"article:published_time\" content=\"2026-04-05T23:14:36+00:00\" \/>\n<meta property=\"article:modified_time\" content=\"2026-04-05T23:14:37+00:00\" \/>\n<meta property=\"og:image\" content=\"https:\/\/diariodelsurdigital.com.ar\/wp-content\/uploads\/2026\/04\/seguridad_vial.webp\" \/>\n\t<meta property=\"og:image:width\" content=\"1500\" \/>\n\t<meta property=\"og:image:height\" content=\"1125\" \/>\n\t<meta property=\"og:image:type\" content=\"image\/webp\" \/>\n<meta name=\"author\" content=\"Diario del Sur Digital\" \/>\n<meta name=\"twitter:card\" content=\"summary_large_image\" \/>\n<meta name=\"twitter:label1\" content=\"Escrito por\" \/>\n\t<meta name=\"twitter:data1\" content=\"Diario del Sur Digital\" \/>\n\t<meta name=\"twitter:label2\" content=\"Tiempo de lectura\" \/>\n\t<meta name=\"twitter:data2\" content=\"2 minutos\" \/>\n<script type=\"application\/ld+json\" class=\"yoast-schema-graph\">{\"@context\":\"https:\\\/\\\/schema.org\",\"@graph\":[{\"@type\":\"Article\",\"@id\":\"https:\\\/\\\/diariodelsurdigital.com.ar\\\/?p=7866#article\",\"isPartOf\":{\"@id\":\"https:\\\/\\\/diariodelsurdigital.com.ar\\\/?p=7866\"},\"author\":{\"name\":\"Diario del Sur Digital\",\"@id\":\"https:\\\/\\\/diariodelsurdigital.com.ar\\\/#\\\/schema\\\/person\\\/d794acb23337e88c6e4004a39c32be62\"},\"headline\":\"En Entre R\u00edos\u00a0lanzan nuevo canal de difusi\u00f3n para educaci\u00f3n vial\",\"datePublished\":\"2026-04-05T23:14:36+00:00\",\"dateModified\":\"2026-04-05T23:14:37+00:00\",\"mainEntityOfPage\":{\"@id\":\"https:\\\/\\\/diariodelsurdigital.com.ar\\\/?p=7866\"},\"wordCount\":202,\"commentCount\":0,\"image\":{\"@id\":\"https:\\\/\\\/diariodelsurdigital.com.ar\\\/?p=7866#primaryimage\"},\"thumbnailUrl\":\"https:\\\/\\\/diariodelsurdigital.com.ar\\\/wp-content\\\/uploads\\\/2026\\\/04\\\/seguridad_vial.webp\",\"articleSection\":[\"Inter\u00e9s General\"],\"inLanguage\":\"es\",\"potentialAction\":[{\"@type\":\"CommentAction\",\"name\":\"Comment\",\"target\":[\"https:\\\/\\\/diariodelsurdigital.com.ar\\\/?p=7866#respond\"]}]},{\"@type\":\"WebPage\",\"@id\":\"https:\\\/\\\/diariodelsurdigital.com.ar\\\/?p=7866\",\"url\":\"https:\\\/\\\/diariodelsurdigital.com.ar\\\/?p=7866\",\"name\":\"En Entre R\u00edos\u00a0lanzan nuevo canal de difusi\u00f3n para educaci\u00f3n vial - Diario del Sur\",\"isPartOf\":{\"@id\":\"https:\\\/\\\/diariodelsurdigital.com.ar\\\/#website\"},\"primaryImageOfPage\":{\"@id\":\"https:\\\/\\\/diariodelsurdigital.com.ar\\\/?p=7866#primaryimage\"},\"image\":{\"@id\":\"https:\\\/\\\/diariodelsurdigital.com.ar\\\/?p=7866#primaryimage\"},\"thumbnailUrl\":\"https:\\\/\\\/diariodelsurdigital.com.ar\\\/wp-content\\\/uploads\\\/2026\\\/04\\\/seguridad_vial.webp\",\"datePublished\":\"2026-04-05T23:14:36+00:00\",\"dateModified\":\"2026-04-05T23:14:37+00:00\",\"author\":{\"@id\":\"https:\\\/\\\/diariodelsurdigital.com.ar\\\/#\\\/schema\\\/person\\\/d794acb23337e88c6e4004a39c32be62\"},\"breadcrumb\":{\"@id\":\"https:\\\/\\\/diariodelsurdigital.com.ar\\\/?p=7866#breadcrumb\"},\"inLanguage\":\"es\",\"potentialAction\":[{\"@type\":\"ReadAction\",\"target\":[\"https:\\\/\\\/diariodelsurdigital.com.ar\\\/?p=7866\"]}]},{\"@type\":\"ImageObject\",\"inLanguage\":\"es\",\"@id\":\"https:\\\/\\\/diariodelsurdigital.com.ar\\\/?p=7866#primaryimage\",\"url\":\"https:\\\/\\\/diariodelsurdigital.com.ar\\\/wp-content\\\/uploads\\\/2026\\\/04\\\/seguridad_vial.webp\",\"contentUrl\":\"https:\\\/\\\/diariodelsurdigital.com.ar\\\/wp-content\\\/uploads\\\/2026\\\/04\\\/seguridad_vial.webp\",\"width\":1500,\"height\":1125},{\"@type\":\"BreadcrumbList\",\"@id\":\"https:\\\/\\\/diariodelsurdigital.com.ar\\\/?p=7866#breadcrumb\",\"itemListElement\":[{\"@type\":\"ListItem\",\"position\":1,\"name\":\"Portada\",\"item\":\"https:\\\/\\\/diariodelsurdigital.com.ar\\\/\"},{\"@type\":\"ListItem\",\"position\":2,\"name\":\"En Entre R\u00edos\u00a0lanzan nuevo canal de difusi\u00f3n para educaci\u00f3n vial\"}]},{\"@type\":\"WebSite\",\"@id\":\"https:\\\/\\\/diariodelsurdigital.com.ar\\\/#website\",\"url\":\"https:\\\/\\\/diariodelsurdigital.com.ar\\\/\",\"name\":\"Diario del Sur\",\"description\":\"Digital\",\"potentialAction\":[{\"@type\":\"SearchAction\",\"target\":{\"@type\":\"EntryPoint\",\"urlTemplate\":\"https:\\\/\\\/diariodelsurdigital.com.ar\\\/?s={search_term_string}\"},\"query-input\":{\"@type\":\"PropertyValueSpecification\",\"valueRequired\":true,\"valueName\":\"search_term_string\"}}],\"inLanguage\":\"es\"},{\"@type\":\"Person\",\"@id\":\"https:\\\/\\\/diariodelsurdigital.com.ar\\\/#\\\/schema\\\/person\\\/d794acb23337e88c6e4004a39c32be62\",\"name\":\"Diario del Sur Digital\",\"image\":{\"@type\":\"ImageObject\",\"inLanguage\":\"es\",\"@id\":\"https:\\\/\\\/secure.gravatar.com\\\/avatar\\\/47679bcfa15734cfdefc176b6ad58adeeccac22b2e03e095ada6c622af2b463a?s=96&d=mm&r=g\",\"url\":\"https:\\\/\\\/secure.gravatar.com\\\/avatar\\\/47679bcfa15734cfdefc176b6ad58adeeccac22b2e03e095ada6c622af2b463a?s=96&d=mm&r=g\",\"contentUrl\":\"https:\\\/\\\/secure.gravatar.com\\\/avatar\\\/47679bcfa15734cfdefc176b6ad58adeeccac22b2e03e095ada6c622af2b463a?s=96&d=mm&r=g\",\"caption\":\"Diario del Sur Digital\"},\"url\":\"https:\\\/\\\/diariodelsurdigital.com.ar\\\/?author=3\"}]}<\/script>\n<!-- \/ Yoast SEO plugin. -->","yoast_head_json":{"title":"En Entre R\u00edos\u00a0lanzan nuevo canal de difusi\u00f3n para educaci\u00f3n vial - Diario del Sur","robots":{"index":"index","follow":"follow","max-snippet":"max-snippet:-1","max-image-preview":"max-image-preview:large","max-video-preview":"max-video-preview:-1"},"canonical":"https:\/\/diariodelsurdigital.com.ar\/?p=7866","og_locale":"es_ES","og_type":"article","og_title":"En Entre R\u00edos\u00a0lanzan nuevo canal de difusi\u00f3n para educaci\u00f3n vial - Diario del Sur","og_description":"El Ministerio de Seguridad y Justicia, a trav\u00e9s de la Divisi\u00f3n Educaci\u00f3n Vial de la Polic\u00eda, puso en funcionamiento un nuevo canal de difusi\u00f3n v\u00eda WhatsApp. La iniciativa busca modernizar el contacto con la ciudadan\u00eda y facilitar el acceso a informaci\u00f3n clave sobre seguridad en las rutas y calles de la provincia. El objetivo central [&hellip;]","og_url":"https:\/\/diariodelsurdigital.com.ar\/?p=7866","og_site_name":"Diario del Sur","article_published_time":"2026-04-05T23:14:36+00:00","article_modified_time":"2026-04-05T23:14:37+00:00","og_image":[{"width":1500,"height":1125,"url":"https:\/\/diariodelsurdigital.com.ar\/wp-content\/uploads\/2026\/04\/seguridad_vial.webp","type":"image\/webp"}],"author":"Diario del Sur Digital","twitter_card":"summary_large_image","twitter_misc":{"Escrito por":"Diario del Sur Digital","Tiempo de lectura":"2 minutos"},"schema":{"@context":"https:\/\/schema.org","@graph":[{"@type":"Article","@id":"https:\/\/diariodelsurdigital.com.ar\/?p=7866#article","isPartOf":{"@id":"https:\/\/diariodelsurdigital.com.ar\/?p=7866"},"author":{"name":"Diario del Sur Digital","@id":"https:\/\/diariodelsurdigital.com.ar\/#\/schema\/person\/d794acb23337e88c6e4004a39c32be62"},"headline":"En Entre R\u00edos\u00a0lanzan nuevo canal de difusi\u00f3n para educaci\u00f3n vial","datePublished":"2026-04-05T23:14:36+00:00","dateModified":"2026-04-05T23:14:37+00:00","mainEntityOfPage":{"@id":"https:\/\/diariodelsurdigital.com.ar\/?p=7866"},"wordCount":202,"commentCount":0,"image":{"@id":"https:\/\/diariodelsurdigital.com.ar\/?p=7866#primaryimage"},"thumbnailUrl":"https:\/\/diariodelsurdigital.com.ar\/wp-content\/uploads\/2026\/04\/seguridad_vial.webp","articleSection":["Inter\u00e9s General"],"inLanguage":"es","potentialAction":[{"@type":"CommentAction","name":"Comment","target":["https:\/\/diariodelsurdigital.com.ar\/?p=7866#respond"]}]},{"@type":"WebPage","@id":"https:\/\/diariodelsurdigital.com.ar\/?p=7866","url":"https:\/\/diariodelsurdigital.com.ar\/?p=7866","name":"En Entre R\u00edos\u00a0lanzan nuevo canal de difusi\u00f3n para educaci\u00f3n vial - Diario del Sur","isPartOf":{"@id":"https:\/\/diariodelsurdigital.com.ar\/#website"},"primaryImageOfPage":{"@id":"https:\/\/diariodelsurdigital.com.ar\/?p=7866#primaryimage"},"image":{"@id":"https:\/\/diariodelsurdigital.com.ar\/?p=7866#primaryimage"},"thumbnailUrl":"https:\/\/diariodelsurdigital.com.ar\/wp-content\/uploads\/2026\/04\/seguridad_vial.webp","datePublished":"2026-04-05T23:14:36+00:00","dateModified":"2026-04-05T23:14:37+00:00","author":{"@id":"https:\/\/diariodelsurdigital.com.ar\/#\/schema\/person\/d794acb23337e88c6e4004a39c32be62"},"breadcrumb":{"@id":"https:\/\/diariodelsurdigital.com.ar\/?p=7866#breadcrumb"},"inLanguage":"es","potentialAction":[{"@type":"ReadAction","target":["https:\/\/diariodelsurdigital.com.ar\/?p=7866"]}]},{"@type":"ImageObject","inLanguage":"es","@id":"https:\/\/diariodelsurdigital.com.ar\/?p=7866#primaryimage","url":"https:\/\/diariodelsurdigital.com.ar\/wp-content\/uploads\/2026\/04\/seguridad_vial.webp","contentUrl":"https:\/\/diariodelsurdigital.com.ar\/wp-content\/uploads\/2026\/04\/seguridad_vial.webp","width":1500,"height":1125},{"@type":"BreadcrumbList","@id":"https:\/\/diariodelsurdigital.com.ar\/?p=7866#breadcrumb","itemListElement":[{"@type":"ListItem","position":1,"name":"Portada","item":"https:\/\/diariodelsurdigital.com.ar\/"},{"@type":"ListItem","position":2,"name":"En Entre R\u00edos\u00a0lanzan nuevo canal de difusi\u00f3n para educaci\u00f3n vial"}]},{"@type":"WebSite","@id":"https:\/\/diariodelsurdigital.com.ar\/#website","url":"https:\/\/diariodelsurdigital.com.ar\/","name":"Diario del Sur","description":"Digital","potentialAction":[{"@type":"SearchAction","target":{"@type":"EntryPoint","urlTemplate":"https:\/\/diariodelsurdigital.com.ar\/?s={search_term_string}"},"query-input":{"@type":"PropertyValueSpecification","valueRequired":true,"valueName":"search_term_string"}}],"inLanguage":"es"},{"@type":"Person","@id":"https:\/\/diariodelsurdigital.com.ar\/#\/schema\/person\/d794acb23337e88c6e4004a39c32be62","name":"Diario del Sur Digital","image":{"@type":"ImageObject","inLanguage":"es","@id":"https:\/\/secure.gravatar.com\/avatar\/47679bcfa15734cfdefc176b6ad58adeeccac22b2e03e095ada6c622af2b463a?s=96&d=mm&r=g","url":"https:\/\/secure.gravatar.com\/avatar\/47679bcfa15734cfdefc176b6ad58adeeccac22b2e03e095ada6c622af2b463a?s=96&d=mm&r=g","contentUrl":"https:\/\/secure.gravatar.com\/avatar\/47679bcfa15734cfdefc176b6ad58adeeccac22b2e03e095ada6c622af2b463a?s=96&d=mm&r=g","caption":"Diario del Sur Digital"},"url":"https:\/\/diariodelsurdigital.com.ar\/?author=3"}]}},"_links":{"self":[{"href":"https:\/\/diariodelsurdigital.com.ar\/index.php?rest_route=\/wp\/v2\/posts\/7866","targetHints":{"allow":["GET"]}}],"collection":[{"href":"https:\/\/diariodelsurdigital.com.ar\/index.php?rest_route=\/wp\/v2\/posts"}],"about":[{"href":"https:\/\/diariodelsurdigital.com.ar\/index.php?rest_route=\/wp\/v2\/types\/post"}],"author":[{"embeddable":true,"href":"https:\/\/diariodelsurdigital.com.ar\/index.php?rest_route=\/wp\/v2\/users\/3"}],"replies":[{"embeddable":true,"href":"https:\/\/diariodelsurdigital.com.ar\/index.php?rest_route=%2Fwp%2Fv2%2Fcomments&post=7866"}],"version-history":[{"count":1,"href":"https:\/\/diariodelsurdigital.com.ar\/index.php?rest_route=\/wp\/v2\/posts\/7866\/revisions"}],"predecessor-version":[{"id":7868,"href":"https:\/\/diariodelsurdigital.com.ar\/index.php?rest_route=\/wp\/v2\/posts\/7866\/revisions\/7868"}],"wp:featuredmedia":[{"embeddable":true,"href":"https:\/\/diariodelsurdigital.com.ar\/index.php?rest_route=\/wp\/v2\/media\/7867"}],"wp:attachment":[{"href":"https:\/\/diariodelsurdigital.com.ar\/index.php?rest_route=%2Fwp%2Fv2%2Fmedia&parent=7866"}],"wp:term":[{"taxonomy":"category","embeddable":true,"href":"https:\/\/diariodelsurdigital.com.ar\/index.php?rest_route=%2Fwp%2Fv2%2Fcategories&post=7866"},{"taxonomy":"post_tag","embeddable":true,"href":"https:\/\/diariodelsurdigital.com.ar\/index.php?rest_route=%2Fwp%2Fv2%2Ftags&post=7866"}],"curies":[{"name":"wp","href":"https:\/\/api.w.org\/{rel}","templated":true}]}}