{"id":788,"date":"2025-01-29T15:59:00","date_gmt":"2025-01-29T18:59:00","guid":{"rendered":"https:\/\/diariodelsurdigital.com.ar\/?p=788"},"modified":"2025-01-29T16:02:13","modified_gmt":"2025-01-29T19:02:13","slug":"la-marcha-en-defensa-de-los-derechos-lgbtq-se-replicara-en-diferentes-localidades-de-la-provincia","status":"publish","type":"post","link":"https:\/\/diariodelsurdigital.com.ar\/?p=788","title":{"rendered":"La marcha antifascista se replicar\u00e1 en diferentes localidades de la provincia"},"content":{"rendered":"\n<p>Este s\u00e1bado se realizar\u00e1 en diferentes puntos del pa\u00eds la Marcha Federal del Orgullo Antifascista y Antirracista, organizada por colectivos LGBTQ+. Entre R\u00edos no ser\u00e1 excepci\u00f3n y en varias localidades se replicar\u00e1n las movilizaciones.<\/p>\n\n\n\n<p>Distintas organizaciones del colectivo LGBTIQNB+ anunciaron la realizaci\u00f3n de la \u00abMarcha Federal del Orgullo Antifascista, Antirracista y Anticapacitista\u00bb, que se llevar\u00e1 a cabo este s\u00e1bado. La movilizaci\u00f3n fue convocada como respuesta al discurso de Javier Milei durante su participaci\u00f3n en el Foro Econ\u00f3mico Mundial de Davos, en Suiza, donde cuestion\u00f3 a las minor\u00edas, las parejas homosexuales, las personas trans y a las mujeres.<\/p>\n\n\n\n<p>Adem\u00e1s la semana anterior el Gobierno nacional present\u00f3 un megaproyecto de reformas que incluye la derogaci\u00f3n de los cupos laborales para personas trans y con discapacidad, la eliminaci\u00f3n del cupo femenino para candidaturas pol\u00edticas, la descontinuaci\u00f3n del DNI no binario y la eliminaci\u00f3n de la figura del femicidio del C\u00f3digo Penal. Estas iniciativas han sido calificadas por las organizaciones de derechos humanos y colectivos feministas como un retroceso en materia de igualdad y derechos adquiridos.<\/p>\n\n\n\n<h2 class=\"wp-block-heading\"><strong>\u00bfEn qu\u00e9 lugares de Entre R\u00edos se realizar\u00e1n manifestaciones?<\/strong><\/h2>\n\n\n\n<p><strong>Paran\u00e1:&nbsp;<\/strong>Este mi\u00e9rcoles habr\u00e1 una asamblea abierta a las 18 en la Plaza Alvear. El s\u00e1bado a las 18 se marchar\u00e1 desde la Plaza 1\u00ba de Mayo hasta la Casa de Gobierno.<\/p>\n\n\n\n<p><strong>Concordia:<\/strong>&nbsp;El s\u00e1bado a las 19 se marchar\u00e1 desde Plaza Urquiza hasta la Plaza Principal.<\/p>\n\n\n\n<p><strong>Concepci\u00f3n del Uruguay:<\/strong>&nbsp;El s\u00e1bado a las19 se realizar\u00e1 una asamblea en la Plaza Ram\u00edrez.<\/p>\n\n\n\n<p><strong>Gualeguay:<\/strong>&nbsp;Este s\u00e1bado a las 19 se llevar\u00e1 a cabo una asamblea y marcha en la Plaza San Mart\u00edn.<\/p>\n\n\n\n<p><strong>Gualeguaych\u00fa:<\/strong>&nbsp;Este s\u00e1bado se realizar\u00e1 una asamblea a las 18:30 en la Plaza San Mart\u00edn.<\/p>\n","protected":false},"excerpt":{"rendered":"<p>Este s\u00e1bado se realizar\u00e1 en diferentes puntos del pa\u00eds la Marcha Federal del Orgullo Antifascista y Antirracista, organizada por colectivos LGBTQ+. Entre R\u00edos no ser\u00e1 excepci\u00f3n y en varias localidades se replicar\u00e1n las movilizaciones. Distintas organizaciones del colectivo LGBTIQNB+ anunciaron la realizaci\u00f3n de la \u00abMarcha Federal del Orgullo Antifascista, Antirracista y Anticapacitista\u00bb, que se llevar\u00e1 [&hellip;]<\/p>\n","protected":false},"author":4,"featured_media":789,"comment_status":"open","ping_status":"open","sticky":false,"template":"","format":"standard","meta":{"footnotes":""},"categories":[19,17],"tags":[],"class_list":{"0":"post-788","1":"post","2":"type-post","3":"status-publish","4":"format-standard","5":"has-post-thumbnail","7":"category-interes-general","8":"category-provinciales"},"yoast_head":"<!-- This site is optimized with the Yoast SEO plugin v27.4 - https:\/\/yoast.com\/product\/yoast-seo-wordpress\/ -->\n<title>La marcha antifascista se replicar\u00e1 en diferentes localidades de la provincia - Diario del Sur<\/title>\n<meta name=\"robots\" content=\"index, follow, max-snippet:-1, max-image-preview:large, max-video-preview:-1\" \/>\n<link rel=\"canonical\" href=\"https:\/\/diariodelsurdigital.com.ar\/?p=788\" \/>\n<meta property=\"og:locale\" content=\"es_ES\" \/>\n<meta property=\"og:type\" content=\"article\" \/>\n<meta property=\"og:title\" content=\"La marcha antifascista se replicar\u00e1 en diferentes localidades de la provincia - Diario del Sur\" \/>\n<meta property=\"og:description\" content=\"Este s\u00e1bado se realizar\u00e1 en diferentes puntos del pa\u00eds la Marcha Federal del Orgullo Antifascista y Antirracista, organizada por colectivos LGBTQ+. Entre R\u00edos no ser\u00e1 excepci\u00f3n y en varias localidades se replicar\u00e1n las movilizaciones. Distintas organizaciones del colectivo LGBTIQNB+ anunciaron la realizaci\u00f3n de la \u00abMarcha Federal del Orgullo Antifascista, Antirracista y Anticapacitista\u00bb, que se llevar\u00e1 [&hellip;]\" \/>\n<meta property=\"og:url\" content=\"https:\/\/diariodelsurdigital.com.ar\/?p=788\" \/>\n<meta property=\"og:site_name\" content=\"Diario del Sur\" \/>\n<meta property=\"article:published_time\" content=\"2025-01-29T18:59:00+00:00\" \/>\n<meta property=\"article:modified_time\" content=\"2025-01-29T19:02:13+00:00\" \/>\n<meta property=\"og:image\" content=\"https:\/\/diariodelsurdigital.com.ar\/wp-content\/uploads\/2025\/01\/md-2025-01-29T155751.363.webp\" \/>\n\t<meta property=\"og:image:width\" content=\"992\" \/>\n\t<meta property=\"og:image:height\" content=\"744\" \/>\n\t<meta property=\"og:image:type\" content=\"image\/webp\" \/>\n<meta name=\"author\" content=\"Diario del Sur Digital\" \/>\n<meta name=\"twitter:card\" content=\"summary_large_image\" \/>\n<meta name=\"twitter:label1\" content=\"Escrito por\" \/>\n\t<meta name=\"twitter:data1\" content=\"Diario del Sur Digital\" \/>\n\t<meta name=\"twitter:label2\" content=\"Tiempo de lectura\" \/>\n\t<meta name=\"twitter:data2\" content=\"2 minutos\" \/>\n<script type=\"application\/ld+json\" class=\"yoast-schema-graph\">{\"@context\":\"https:\\\/\\\/schema.org\",\"@graph\":[{\"@type\":\"Article\",\"@id\":\"https:\\\/\\\/diariodelsurdigital.com.ar\\\/?p=788#article\",\"isPartOf\":{\"@id\":\"https:\\\/\\\/diariodelsurdigital.com.ar\\\/?p=788\"},\"author\":{\"name\":\"Diario del Sur Digital\",\"@id\":\"https:\\\/\\\/diariodelsurdigital.com.ar\\\/#\\\/schema\\\/person\\\/1a4992532ed62965c968031b49195c81\"},\"headline\":\"La marcha antifascista se replicar\u00e1 en diferentes localidades de la provincia\",\"datePublished\":\"2025-01-29T18:59:00+00:00\",\"dateModified\":\"2025-01-29T19:02:13+00:00\",\"mainEntityOfPage\":{\"@id\":\"https:\\\/\\\/diariodelsurdigital.com.ar\\\/?p=788\"},\"wordCount\":317,\"commentCount\":0,\"image\":{\"@id\":\"https:\\\/\\\/diariodelsurdigital.com.ar\\\/?p=788#primaryimage\"},\"thumbnailUrl\":\"https:\\\/\\\/diariodelsurdigital.com.ar\\\/wp-content\\\/uploads\\\/2025\\\/01\\\/md-2025-01-29T155751.363.webp\",\"articleSection\":[\"Inter\u00e9s General\",\"Provinciales\"],\"inLanguage\":\"es\",\"potentialAction\":[{\"@type\":\"CommentAction\",\"name\":\"Comment\",\"target\":[\"https:\\\/\\\/diariodelsurdigital.com.ar\\\/?p=788#respond\"]}]},{\"@type\":\"WebPage\",\"@id\":\"https:\\\/\\\/diariodelsurdigital.com.ar\\\/?p=788\",\"url\":\"https:\\\/\\\/diariodelsurdigital.com.ar\\\/?p=788\",\"name\":\"La marcha antifascista se replicar\u00e1 en diferentes localidades de la provincia - Diario del Sur\",\"isPartOf\":{\"@id\":\"https:\\\/\\\/diariodelsurdigital.com.ar\\\/#website\"},\"primaryImageOfPage\":{\"@id\":\"https:\\\/\\\/diariodelsurdigital.com.ar\\\/?p=788#primaryimage\"},\"image\":{\"@id\":\"https:\\\/\\\/diariodelsurdigital.com.ar\\\/?p=788#primaryimage\"},\"thumbnailUrl\":\"https:\\\/\\\/diariodelsurdigital.com.ar\\\/wp-content\\\/uploads\\\/2025\\\/01\\\/md-2025-01-29T155751.363.webp\",\"datePublished\":\"2025-01-29T18:59:00+00:00\",\"dateModified\":\"2025-01-29T19:02:13+00:00\",\"author\":{\"@id\":\"https:\\\/\\\/diariodelsurdigital.com.ar\\\/#\\\/schema\\\/person\\\/1a4992532ed62965c968031b49195c81\"},\"breadcrumb\":{\"@id\":\"https:\\\/\\\/diariodelsurdigital.com.ar\\\/?p=788#breadcrumb\"},\"inLanguage\":\"es\",\"potentialAction\":[{\"@type\":\"ReadAction\",\"target\":[\"https:\\\/\\\/diariodelsurdigital.com.ar\\\/?p=788\"]}]},{\"@type\":\"ImageObject\",\"inLanguage\":\"es\",\"@id\":\"https:\\\/\\\/diariodelsurdigital.com.ar\\\/?p=788#primaryimage\",\"url\":\"https:\\\/\\\/diariodelsurdigital.com.ar\\\/wp-content\\\/uploads\\\/2025\\\/01\\\/md-2025-01-29T155751.363.webp\",\"contentUrl\":\"https:\\\/\\\/diariodelsurdigital.com.ar\\\/wp-content\\\/uploads\\\/2025\\\/01\\\/md-2025-01-29T155751.363.webp\",\"width\":992,\"height\":744},{\"@type\":\"BreadcrumbList\",\"@id\":\"https:\\\/\\\/diariodelsurdigital.com.ar\\\/?p=788#breadcrumb\",\"itemListElement\":[{\"@type\":\"ListItem\",\"position\":1,\"name\":\"Portada\",\"item\":\"https:\\\/\\\/diariodelsurdigital.com.ar\\\/\"},{\"@type\":\"ListItem\",\"position\":2,\"name\":\"La marcha antifascista se replicar\u00e1 en diferentes localidades de la provincia\"}]},{\"@type\":\"WebSite\",\"@id\":\"https:\\\/\\\/diariodelsurdigital.com.ar\\\/#website\",\"url\":\"https:\\\/\\\/diariodelsurdigital.com.ar\\\/\",\"name\":\"Diario del Sur\",\"description\":\"Digital\",\"potentialAction\":[{\"@type\":\"SearchAction\",\"target\":{\"@type\":\"EntryPoint\",\"urlTemplate\":\"https:\\\/\\\/diariodelsurdigital.com.ar\\\/?s={search_term_string}\"},\"query-input\":{\"@type\":\"PropertyValueSpecification\",\"valueRequired\":true,\"valueName\":\"search_term_string\"}}],\"inLanguage\":\"es\"},{\"@type\":\"Person\",\"@id\":\"https:\\\/\\\/diariodelsurdigital.com.ar\\\/#\\\/schema\\\/person\\\/1a4992532ed62965c968031b49195c81\",\"name\":\"Diario del Sur Digital\",\"image\":{\"@type\":\"ImageObject\",\"inLanguage\":\"es\",\"@id\":\"https:\\\/\\\/secure.gravatar.com\\\/avatar\\\/f0c7c47fc7146d19828273b9b8eda651c9c7ab583767e6338d3d3bee825adf76?s=96&d=mm&r=g\",\"url\":\"https:\\\/\\\/secure.gravatar.com\\\/avatar\\\/f0c7c47fc7146d19828273b9b8eda651c9c7ab583767e6338d3d3bee825adf76?s=96&d=mm&r=g\",\"contentUrl\":\"https:\\\/\\\/secure.gravatar.com\\\/avatar\\\/f0c7c47fc7146d19828273b9b8eda651c9c7ab583767e6338d3d3bee825adf76?s=96&d=mm&r=g\",\"caption\":\"Diario del Sur Digital\"},\"url\":\"https:\\\/\\\/diariodelsurdigital.com.ar\\\/?author=4\"}]}<\/script>\n<!-- \/ Yoast SEO plugin. -->","yoast_head_json":{"title":"La marcha antifascista se replicar\u00e1 en diferentes localidades de la provincia - Diario del Sur","robots":{"index":"index","follow":"follow","max-snippet":"max-snippet:-1","max-image-preview":"max-image-preview:large","max-video-preview":"max-video-preview:-1"},"canonical":"https:\/\/diariodelsurdigital.com.ar\/?p=788","og_locale":"es_ES","og_type":"article","og_title":"La marcha antifascista se replicar\u00e1 en diferentes localidades de la provincia - Diario del Sur","og_description":"Este s\u00e1bado se realizar\u00e1 en diferentes puntos del pa\u00eds la Marcha Federal del Orgullo Antifascista y Antirracista, organizada por colectivos LGBTQ+. Entre R\u00edos no ser\u00e1 excepci\u00f3n y en varias localidades se replicar\u00e1n las movilizaciones. Distintas organizaciones del colectivo LGBTIQNB+ anunciaron la realizaci\u00f3n de la \u00abMarcha Federal del Orgullo Antifascista, Antirracista y Anticapacitista\u00bb, que se llevar\u00e1 [&hellip;]","og_url":"https:\/\/diariodelsurdigital.com.ar\/?p=788","og_site_name":"Diario del Sur","article_published_time":"2025-01-29T18:59:00+00:00","article_modified_time":"2025-01-29T19:02:13+00:00","og_image":[{"width":992,"height":744,"url":"https:\/\/diariodelsurdigital.com.ar\/wp-content\/uploads\/2025\/01\/md-2025-01-29T155751.363.webp","type":"image\/webp"}],"author":"Diario del Sur Digital","twitter_card":"summary_large_image","twitter_misc":{"Escrito por":"Diario del Sur Digital","Tiempo de lectura":"2 minutos"},"schema":{"@context":"https:\/\/schema.org","@graph":[{"@type":"Article","@id":"https:\/\/diariodelsurdigital.com.ar\/?p=788#article","isPartOf":{"@id":"https:\/\/diariodelsurdigital.com.ar\/?p=788"},"author":{"name":"Diario del Sur Digital","@id":"https:\/\/diariodelsurdigital.com.ar\/#\/schema\/person\/1a4992532ed62965c968031b49195c81"},"headline":"La marcha antifascista se replicar\u00e1 en diferentes localidades de la provincia","datePublished":"2025-01-29T18:59:00+00:00","dateModified":"2025-01-29T19:02:13+00:00","mainEntityOfPage":{"@id":"https:\/\/diariodelsurdigital.com.ar\/?p=788"},"wordCount":317,"commentCount":0,"image":{"@id":"https:\/\/diariodelsurdigital.com.ar\/?p=788#primaryimage"},"thumbnailUrl":"https:\/\/diariodelsurdigital.com.ar\/wp-content\/uploads\/2025\/01\/md-2025-01-29T155751.363.webp","articleSection":["Inter\u00e9s General","Provinciales"],"inLanguage":"es","potentialAction":[{"@type":"CommentAction","name":"Comment","target":["https:\/\/diariodelsurdigital.com.ar\/?p=788#respond"]}]},{"@type":"WebPage","@id":"https:\/\/diariodelsurdigital.com.ar\/?p=788","url":"https:\/\/diariodelsurdigital.com.ar\/?p=788","name":"La marcha antifascista se replicar\u00e1 en diferentes localidades de la provincia - Diario del Sur","isPartOf":{"@id":"https:\/\/diariodelsurdigital.com.ar\/#website"},"primaryImageOfPage":{"@id":"https:\/\/diariodelsurdigital.com.ar\/?p=788#primaryimage"},"image":{"@id":"https:\/\/diariodelsurdigital.com.ar\/?p=788#primaryimage"},"thumbnailUrl":"https:\/\/diariodelsurdigital.com.ar\/wp-content\/uploads\/2025\/01\/md-2025-01-29T155751.363.webp","datePublished":"2025-01-29T18:59:00+00:00","dateModified":"2025-01-29T19:02:13+00:00","author":{"@id":"https:\/\/diariodelsurdigital.com.ar\/#\/schema\/person\/1a4992532ed62965c968031b49195c81"},"breadcrumb":{"@id":"https:\/\/diariodelsurdigital.com.ar\/?p=788#breadcrumb"},"inLanguage":"es","potentialAction":[{"@type":"ReadAction","target":["https:\/\/diariodelsurdigital.com.ar\/?p=788"]}]},{"@type":"ImageObject","inLanguage":"es","@id":"https:\/\/diariodelsurdigital.com.ar\/?p=788#primaryimage","url":"https:\/\/diariodelsurdigital.com.ar\/wp-content\/uploads\/2025\/01\/md-2025-01-29T155751.363.webp","contentUrl":"https:\/\/diariodelsurdigital.com.ar\/wp-content\/uploads\/2025\/01\/md-2025-01-29T155751.363.webp","width":992,"height":744},{"@type":"BreadcrumbList","@id":"https:\/\/diariodelsurdigital.com.ar\/?p=788#breadcrumb","itemListElement":[{"@type":"ListItem","position":1,"name":"Portada","item":"https:\/\/diariodelsurdigital.com.ar\/"},{"@type":"ListItem","position":2,"name":"La marcha antifascista se replicar\u00e1 en diferentes localidades de la provincia"}]},{"@type":"WebSite","@id":"https:\/\/diariodelsurdigital.com.ar\/#website","url":"https:\/\/diariodelsurdigital.com.ar\/","name":"Diario del Sur","description":"Digital","potentialAction":[{"@type":"SearchAction","target":{"@type":"EntryPoint","urlTemplate":"https:\/\/diariodelsurdigital.com.ar\/?s={search_term_string}"},"query-input":{"@type":"PropertyValueSpecification","valueRequired":true,"valueName":"search_term_string"}}],"inLanguage":"es"},{"@type":"Person","@id":"https:\/\/diariodelsurdigital.com.ar\/#\/schema\/person\/1a4992532ed62965c968031b49195c81","name":"Diario del Sur Digital","image":{"@type":"ImageObject","inLanguage":"es","@id":"https:\/\/secure.gravatar.com\/avatar\/f0c7c47fc7146d19828273b9b8eda651c9c7ab583767e6338d3d3bee825adf76?s=96&d=mm&r=g","url":"https:\/\/secure.gravatar.com\/avatar\/f0c7c47fc7146d19828273b9b8eda651c9c7ab583767e6338d3d3bee825adf76?s=96&d=mm&r=g","contentUrl":"https:\/\/secure.gravatar.com\/avatar\/f0c7c47fc7146d19828273b9b8eda651c9c7ab583767e6338d3d3bee825adf76?s=96&d=mm&r=g","caption":"Diario del Sur Digital"},"url":"https:\/\/diariodelsurdigital.com.ar\/?author=4"}]}},"_links":{"self":[{"href":"https:\/\/diariodelsurdigital.com.ar\/index.php?rest_route=\/wp\/v2\/posts\/788","targetHints":{"allow":["GET"]}}],"collection":[{"href":"https:\/\/diariodelsurdigital.com.ar\/index.php?rest_route=\/wp\/v2\/posts"}],"about":[{"href":"https:\/\/diariodelsurdigital.com.ar\/index.php?rest_route=\/wp\/v2\/types\/post"}],"author":[{"embeddable":true,"href":"https:\/\/diariodelsurdigital.com.ar\/index.php?rest_route=\/wp\/v2\/users\/4"}],"replies":[{"embeddable":true,"href":"https:\/\/diariodelsurdigital.com.ar\/index.php?rest_route=%2Fwp%2Fv2%2Fcomments&post=788"}],"version-history":[{"count":2,"href":"https:\/\/diariodelsurdigital.com.ar\/index.php?rest_route=\/wp\/v2\/posts\/788\/revisions"}],"predecessor-version":[{"id":794,"href":"https:\/\/diariodelsurdigital.com.ar\/index.php?rest_route=\/wp\/v2\/posts\/788\/revisions\/794"}],"wp:featuredmedia":[{"embeddable":true,"href":"https:\/\/diariodelsurdigital.com.ar\/index.php?rest_route=\/wp\/v2\/media\/789"}],"wp:attachment":[{"href":"https:\/\/diariodelsurdigital.com.ar\/index.php?rest_route=%2Fwp%2Fv2%2Fmedia&parent=788"}],"wp:term":[{"taxonomy":"category","embeddable":true,"href":"https:\/\/diariodelsurdigital.com.ar\/index.php?rest_route=%2Fwp%2Fv2%2Fcategories&post=788"},{"taxonomy":"post_tag","embeddable":true,"href":"https:\/\/diariodelsurdigital.com.ar\/index.php?rest_route=%2Fwp%2Fv2%2Ftags&post=788"}],"curies":[{"name":"wp","href":"https:\/\/api.w.org\/{rel}","templated":true}]}}