{"id":7890,"date":"2026-04-06T19:01:55","date_gmt":"2026-04-06T22:01:55","guid":{"rendered":"https:\/\/diariodelsurdigital.com.ar\/?p=7890"},"modified":"2026-04-06T19:01:56","modified_gmt":"2026-04-06T22:01:56","slug":"este-martes-comenzara-el-cronograma-de-pagos-de-becas-provinciales","status":"publish","type":"post","link":"https:\/\/diariodelsurdigital.com.ar\/?p=7890","title":{"rendered":"Este martes comenzar\u00e1 el cronograma de pagos de becas provinciales"},"content":{"rendered":"\n<p>EI Instituto Becario Provincial adelant\u00f3 que este martes 7 de abril comenzar\u00e1 el pago de las becas provinciales, el cual estar\u00e1 dividido en tres tramos, que incluyen tanto nivel secundario como superior. Se percibir\u00e1n por finalizaci\u00f3n de DNI y a trav\u00e9s del Banco Entre R\u00edos.<\/p>\n\n\n\n<p>El director ejecutivo del organismo, Mariano Berdi\u00f1as, record\u00f3 que \u00abcon este cronograma se cumplen los nueve tramos establecidos para la beca secundaria 2025 -2026. Asimismo, para terciario y universitario a\u00fan resta el \u00faltimo pago correspondiente a mayo\u00bb.<\/p>\n\n\n\n<p>Por otra parte, inform\u00f3 que \u00abestamos en pleno proceso de inscripciones para nivel secundario, tanto nuevas como renovaciones\u00bb. El funcionario destac\u00f3 el avance de esta etapa porque muchas familias han cumplimentado el proceso a trav\u00e9s de www.institutobecario.gov.ar o de nuestra APP\u00bb.<\/p>\n\n\n\n<p>Berdi\u00f1as hizo hincapi\u00e9 en que \u00abse encuentran disponibles nuestro chat online, nuestra Casa Central y Delegaciones para quienes necesiten asesoramiento para poder realizar el tr\u00e1mite en tiempo y forma\u00bb.<\/p>\n\n\n\n<p>\u00abComo gobierno provincial estamos trabajando para acercar estos beneficios a la poblaci\u00f3n. El Instituto, entre sus diferentes programas y servicios, tiene el firme compromiso de acompa\u00f1ar los sue\u00f1os de los estudiantes entrerrianos\u00bb, subray\u00f3.<\/p>\n\n\n\n<p>El cronograma completo de abril<\/p>\n\n\n\n<p>Martes 7: DNI finalizados en 0, 1, 2 y 3.&nbsp;<\/p>\n\n\n\n<p>Mi\u00e9rcoles 8: DNI finalizados en 4, 5 y 6.&nbsp;<\/p>\n\n\n\n<p>Jueves 9: DNI finalizados en 7, 8 y 9.<\/p>\n","protected":false},"excerpt":{"rendered":"<p>EI Instituto Becario Provincial adelant\u00f3 que este martes 7 de abril comenzar\u00e1 el pago de las becas provinciales, el cual estar\u00e1 dividido en tres tramos, que incluyen tanto nivel secundario como superior. Se percibir\u00e1n por finalizaci\u00f3n de DNI y a trav\u00e9s del Banco Entre R\u00edos. El director ejecutivo del organismo, Mariano Berdi\u00f1as, record\u00f3 que \u00abcon [&hellip;]<\/p>\n","protected":false},"author":3,"featured_media":7891,"comment_status":"open","ping_status":"open","sticky":false,"template":"","format":"standard","meta":{"footnotes":""},"categories":[19],"tags":[],"class_list":{"0":"post-7890","1":"post","2":"type-post","3":"status-publish","4":"format-standard","5":"has-post-thumbnail","7":"category-interes-general"},"yoast_head":"<!-- This site is optimized with the Yoast SEO plugin v27.4 - https:\/\/yoast.com\/product\/yoast-seo-wordpress\/ -->\n<title>Este martes comenzar\u00e1 el cronograma de pagos de becas provinciales - Diario del Sur<\/title>\n<meta name=\"robots\" content=\"index, follow, max-snippet:-1, max-image-preview:large, max-video-preview:-1\" \/>\n<link rel=\"canonical\" href=\"https:\/\/diariodelsurdigital.com.ar\/?p=7890\" \/>\n<meta property=\"og:locale\" content=\"es_ES\" \/>\n<meta property=\"og:type\" content=\"article\" \/>\n<meta property=\"og:title\" content=\"Este martes comenzar\u00e1 el cronograma de pagos de becas provinciales - Diario del Sur\" \/>\n<meta property=\"og:description\" content=\"EI Instituto Becario Provincial adelant\u00f3 que este martes 7 de abril comenzar\u00e1 el pago de las becas provinciales, el cual estar\u00e1 dividido en tres tramos, que incluyen tanto nivel secundario como superior. Se percibir\u00e1n por finalizaci\u00f3n de DNI y a trav\u00e9s del Banco Entre R\u00edos. El director ejecutivo del organismo, Mariano Berdi\u00f1as, record\u00f3 que \u00abcon [&hellip;]\" \/>\n<meta property=\"og:url\" content=\"https:\/\/diariodelsurdigital.com.ar\/?p=7890\" \/>\n<meta property=\"og:site_name\" content=\"Diario del Sur\" \/>\n<meta property=\"article:published_time\" content=\"2026-04-06T22:01:55+00:00\" \/>\n<meta property=\"article:modified_time\" content=\"2026-04-06T22:01:56+00:00\" \/>\n<meta property=\"og:image\" content=\"https:\/\/diariodelsurdigital.com.ar\/wp-content\/uploads\/2026\/04\/Sin-titulo.jpg\" \/>\n\t<meta property=\"og:image:width\" content=\"1916\" \/>\n\t<meta property=\"og:image:height\" content=\"1280\" \/>\n\t<meta property=\"og:image:type\" content=\"image\/jpeg\" \/>\n<meta name=\"author\" content=\"Diario del Sur Digital\" \/>\n<meta name=\"twitter:card\" content=\"summary_large_image\" \/>\n<meta name=\"twitter:label1\" content=\"Escrito por\" \/>\n\t<meta name=\"twitter:data1\" content=\"Diario del Sur Digital\" \/>\n\t<meta name=\"twitter:label2\" content=\"Tiempo de lectura\" \/>\n\t<meta name=\"twitter:data2\" content=\"2 minutos\" \/>\n<script type=\"application\/ld+json\" class=\"yoast-schema-graph\">{\"@context\":\"https:\\\/\\\/schema.org\",\"@graph\":[{\"@type\":\"Article\",\"@id\":\"https:\\\/\\\/diariodelsurdigital.com.ar\\\/?p=7890#article\",\"isPartOf\":{\"@id\":\"https:\\\/\\\/diariodelsurdigital.com.ar\\\/?p=7890\"},\"author\":{\"name\":\"Diario del Sur Digital\",\"@id\":\"https:\\\/\\\/diariodelsurdigital.com.ar\\\/#\\\/schema\\\/person\\\/d794acb23337e88c6e4004a39c32be62\"},\"headline\":\"Este martes comenzar\u00e1 el cronograma de pagos de becas provinciales\",\"datePublished\":\"2026-04-06T22:01:55+00:00\",\"dateModified\":\"2026-04-06T22:01:56+00:00\",\"mainEntityOfPage\":{\"@id\":\"https:\\\/\\\/diariodelsurdigital.com.ar\\\/?p=7890\"},\"wordCount\":231,\"commentCount\":0,\"image\":{\"@id\":\"https:\\\/\\\/diariodelsurdigital.com.ar\\\/?p=7890#primaryimage\"},\"thumbnailUrl\":\"https:\\\/\\\/diariodelsurdigital.com.ar\\\/wp-content\\\/uploads\\\/2026\\\/04\\\/Sin-titulo.jpg\",\"articleSection\":[\"Inter\u00e9s General\"],\"inLanguage\":\"es\",\"potentialAction\":[{\"@type\":\"CommentAction\",\"name\":\"Comment\",\"target\":[\"https:\\\/\\\/diariodelsurdigital.com.ar\\\/?p=7890#respond\"]}]},{\"@type\":\"WebPage\",\"@id\":\"https:\\\/\\\/diariodelsurdigital.com.ar\\\/?p=7890\",\"url\":\"https:\\\/\\\/diariodelsurdigital.com.ar\\\/?p=7890\",\"name\":\"Este martes comenzar\u00e1 el cronograma de pagos de becas provinciales - Diario del Sur\",\"isPartOf\":{\"@id\":\"https:\\\/\\\/diariodelsurdigital.com.ar\\\/#website\"},\"primaryImageOfPage\":{\"@id\":\"https:\\\/\\\/diariodelsurdigital.com.ar\\\/?p=7890#primaryimage\"},\"image\":{\"@id\":\"https:\\\/\\\/diariodelsurdigital.com.ar\\\/?p=7890#primaryimage\"},\"thumbnailUrl\":\"https:\\\/\\\/diariodelsurdigital.com.ar\\\/wp-content\\\/uploads\\\/2026\\\/04\\\/Sin-titulo.jpg\",\"datePublished\":\"2026-04-06T22:01:55+00:00\",\"dateModified\":\"2026-04-06T22:01:56+00:00\",\"author\":{\"@id\":\"https:\\\/\\\/diariodelsurdigital.com.ar\\\/#\\\/schema\\\/person\\\/d794acb23337e88c6e4004a39c32be62\"},\"breadcrumb\":{\"@id\":\"https:\\\/\\\/diariodelsurdigital.com.ar\\\/?p=7890#breadcrumb\"},\"inLanguage\":\"es\",\"potentialAction\":[{\"@type\":\"ReadAction\",\"target\":[\"https:\\\/\\\/diariodelsurdigital.com.ar\\\/?p=7890\"]}]},{\"@type\":\"ImageObject\",\"inLanguage\":\"es\",\"@id\":\"https:\\\/\\\/diariodelsurdigital.com.ar\\\/?p=7890#primaryimage\",\"url\":\"https:\\\/\\\/diariodelsurdigital.com.ar\\\/wp-content\\\/uploads\\\/2026\\\/04\\\/Sin-titulo.jpg\",\"contentUrl\":\"https:\\\/\\\/diariodelsurdigital.com.ar\\\/wp-content\\\/uploads\\\/2026\\\/04\\\/Sin-titulo.jpg\",\"width\":1916,\"height\":1280},{\"@type\":\"BreadcrumbList\",\"@id\":\"https:\\\/\\\/diariodelsurdigital.com.ar\\\/?p=7890#breadcrumb\",\"itemListElement\":[{\"@type\":\"ListItem\",\"position\":1,\"name\":\"Portada\",\"item\":\"https:\\\/\\\/diariodelsurdigital.com.ar\\\/\"},{\"@type\":\"ListItem\",\"position\":2,\"name\":\"Este martes comenzar\u00e1 el cronograma de pagos de becas provinciales\"}]},{\"@type\":\"WebSite\",\"@id\":\"https:\\\/\\\/diariodelsurdigital.com.ar\\\/#website\",\"url\":\"https:\\\/\\\/diariodelsurdigital.com.ar\\\/\",\"name\":\"Diario del Sur\",\"description\":\"Digital\",\"potentialAction\":[{\"@type\":\"SearchAction\",\"target\":{\"@type\":\"EntryPoint\",\"urlTemplate\":\"https:\\\/\\\/diariodelsurdigital.com.ar\\\/?s={search_term_string}\"},\"query-input\":{\"@type\":\"PropertyValueSpecification\",\"valueRequired\":true,\"valueName\":\"search_term_string\"}}],\"inLanguage\":\"es\"},{\"@type\":\"Person\",\"@id\":\"https:\\\/\\\/diariodelsurdigital.com.ar\\\/#\\\/schema\\\/person\\\/d794acb23337e88c6e4004a39c32be62\",\"name\":\"Diario del Sur Digital\",\"image\":{\"@type\":\"ImageObject\",\"inLanguage\":\"es\",\"@id\":\"https:\\\/\\\/secure.gravatar.com\\\/avatar\\\/47679bcfa15734cfdefc176b6ad58adeeccac22b2e03e095ada6c622af2b463a?s=96&d=mm&r=g\",\"url\":\"https:\\\/\\\/secure.gravatar.com\\\/avatar\\\/47679bcfa15734cfdefc176b6ad58adeeccac22b2e03e095ada6c622af2b463a?s=96&d=mm&r=g\",\"contentUrl\":\"https:\\\/\\\/secure.gravatar.com\\\/avatar\\\/47679bcfa15734cfdefc176b6ad58adeeccac22b2e03e095ada6c622af2b463a?s=96&d=mm&r=g\",\"caption\":\"Diario del Sur Digital\"},\"url\":\"https:\\\/\\\/diariodelsurdigital.com.ar\\\/?author=3\"}]}<\/script>\n<!-- \/ Yoast SEO plugin. -->","yoast_head_json":{"title":"Este martes comenzar\u00e1 el cronograma de pagos de becas provinciales - Diario del Sur","robots":{"index":"index","follow":"follow","max-snippet":"max-snippet:-1","max-image-preview":"max-image-preview:large","max-video-preview":"max-video-preview:-1"},"canonical":"https:\/\/diariodelsurdigital.com.ar\/?p=7890","og_locale":"es_ES","og_type":"article","og_title":"Este martes comenzar\u00e1 el cronograma de pagos de becas provinciales - Diario del Sur","og_description":"EI Instituto Becario Provincial adelant\u00f3 que este martes 7 de abril comenzar\u00e1 el pago de las becas provinciales, el cual estar\u00e1 dividido en tres tramos, que incluyen tanto nivel secundario como superior. Se percibir\u00e1n por finalizaci\u00f3n de DNI y a trav\u00e9s del Banco Entre R\u00edos. El director ejecutivo del organismo, Mariano Berdi\u00f1as, record\u00f3 que \u00abcon [&hellip;]","og_url":"https:\/\/diariodelsurdigital.com.ar\/?p=7890","og_site_name":"Diario del Sur","article_published_time":"2026-04-06T22:01:55+00:00","article_modified_time":"2026-04-06T22:01:56+00:00","og_image":[{"width":1916,"height":1280,"url":"https:\/\/diariodelsurdigital.com.ar\/wp-content\/uploads\/2026\/04\/Sin-titulo.jpg","type":"image\/jpeg"}],"author":"Diario del Sur Digital","twitter_card":"summary_large_image","twitter_misc":{"Escrito por":"Diario del Sur Digital","Tiempo de lectura":"2 minutos"},"schema":{"@context":"https:\/\/schema.org","@graph":[{"@type":"Article","@id":"https:\/\/diariodelsurdigital.com.ar\/?p=7890#article","isPartOf":{"@id":"https:\/\/diariodelsurdigital.com.ar\/?p=7890"},"author":{"name":"Diario del Sur Digital","@id":"https:\/\/diariodelsurdigital.com.ar\/#\/schema\/person\/d794acb23337e88c6e4004a39c32be62"},"headline":"Este martes comenzar\u00e1 el cronograma de pagos de becas provinciales","datePublished":"2026-04-06T22:01:55+00:00","dateModified":"2026-04-06T22:01:56+00:00","mainEntityOfPage":{"@id":"https:\/\/diariodelsurdigital.com.ar\/?p=7890"},"wordCount":231,"commentCount":0,"image":{"@id":"https:\/\/diariodelsurdigital.com.ar\/?p=7890#primaryimage"},"thumbnailUrl":"https:\/\/diariodelsurdigital.com.ar\/wp-content\/uploads\/2026\/04\/Sin-titulo.jpg","articleSection":["Inter\u00e9s General"],"inLanguage":"es","potentialAction":[{"@type":"CommentAction","name":"Comment","target":["https:\/\/diariodelsurdigital.com.ar\/?p=7890#respond"]}]},{"@type":"WebPage","@id":"https:\/\/diariodelsurdigital.com.ar\/?p=7890","url":"https:\/\/diariodelsurdigital.com.ar\/?p=7890","name":"Este martes comenzar\u00e1 el cronograma de pagos de becas provinciales - Diario del Sur","isPartOf":{"@id":"https:\/\/diariodelsurdigital.com.ar\/#website"},"primaryImageOfPage":{"@id":"https:\/\/diariodelsurdigital.com.ar\/?p=7890#primaryimage"},"image":{"@id":"https:\/\/diariodelsurdigital.com.ar\/?p=7890#primaryimage"},"thumbnailUrl":"https:\/\/diariodelsurdigital.com.ar\/wp-content\/uploads\/2026\/04\/Sin-titulo.jpg","datePublished":"2026-04-06T22:01:55+00:00","dateModified":"2026-04-06T22:01:56+00:00","author":{"@id":"https:\/\/diariodelsurdigital.com.ar\/#\/schema\/person\/d794acb23337e88c6e4004a39c32be62"},"breadcrumb":{"@id":"https:\/\/diariodelsurdigital.com.ar\/?p=7890#breadcrumb"},"inLanguage":"es","potentialAction":[{"@type":"ReadAction","target":["https:\/\/diariodelsurdigital.com.ar\/?p=7890"]}]},{"@type":"ImageObject","inLanguage":"es","@id":"https:\/\/diariodelsurdigital.com.ar\/?p=7890#primaryimage","url":"https:\/\/diariodelsurdigital.com.ar\/wp-content\/uploads\/2026\/04\/Sin-titulo.jpg","contentUrl":"https:\/\/diariodelsurdigital.com.ar\/wp-content\/uploads\/2026\/04\/Sin-titulo.jpg","width":1916,"height":1280},{"@type":"BreadcrumbList","@id":"https:\/\/diariodelsurdigital.com.ar\/?p=7890#breadcrumb","itemListElement":[{"@type":"ListItem","position":1,"name":"Portada","item":"https:\/\/diariodelsurdigital.com.ar\/"},{"@type":"ListItem","position":2,"name":"Este martes comenzar\u00e1 el cronograma de pagos de becas provinciales"}]},{"@type":"WebSite","@id":"https:\/\/diariodelsurdigital.com.ar\/#website","url":"https:\/\/diariodelsurdigital.com.ar\/","name":"Diario del Sur","description":"Digital","potentialAction":[{"@type":"SearchAction","target":{"@type":"EntryPoint","urlTemplate":"https:\/\/diariodelsurdigital.com.ar\/?s={search_term_string}"},"query-input":{"@type":"PropertyValueSpecification","valueRequired":true,"valueName":"search_term_string"}}],"inLanguage":"es"},{"@type":"Person","@id":"https:\/\/diariodelsurdigital.com.ar\/#\/schema\/person\/d794acb23337e88c6e4004a39c32be62","name":"Diario del Sur Digital","image":{"@type":"ImageObject","inLanguage":"es","@id":"https:\/\/secure.gravatar.com\/avatar\/47679bcfa15734cfdefc176b6ad58adeeccac22b2e03e095ada6c622af2b463a?s=96&d=mm&r=g","url":"https:\/\/secure.gravatar.com\/avatar\/47679bcfa15734cfdefc176b6ad58adeeccac22b2e03e095ada6c622af2b463a?s=96&d=mm&r=g","contentUrl":"https:\/\/secure.gravatar.com\/avatar\/47679bcfa15734cfdefc176b6ad58adeeccac22b2e03e095ada6c622af2b463a?s=96&d=mm&r=g","caption":"Diario del Sur Digital"},"url":"https:\/\/diariodelsurdigital.com.ar\/?author=3"}]}},"_links":{"self":[{"href":"https:\/\/diariodelsurdigital.com.ar\/index.php?rest_route=\/wp\/v2\/posts\/7890","targetHints":{"allow":["GET"]}}],"collection":[{"href":"https:\/\/diariodelsurdigital.com.ar\/index.php?rest_route=\/wp\/v2\/posts"}],"about":[{"href":"https:\/\/diariodelsurdigital.com.ar\/index.php?rest_route=\/wp\/v2\/types\/post"}],"author":[{"embeddable":true,"href":"https:\/\/diariodelsurdigital.com.ar\/index.php?rest_route=\/wp\/v2\/users\/3"}],"replies":[{"embeddable":true,"href":"https:\/\/diariodelsurdigital.com.ar\/index.php?rest_route=%2Fwp%2Fv2%2Fcomments&post=7890"}],"version-history":[{"count":1,"href":"https:\/\/diariodelsurdigital.com.ar\/index.php?rest_route=\/wp\/v2\/posts\/7890\/revisions"}],"predecessor-version":[{"id":7892,"href":"https:\/\/diariodelsurdigital.com.ar\/index.php?rest_route=\/wp\/v2\/posts\/7890\/revisions\/7892"}],"wp:featuredmedia":[{"embeddable":true,"href":"https:\/\/diariodelsurdigital.com.ar\/index.php?rest_route=\/wp\/v2\/media\/7891"}],"wp:attachment":[{"href":"https:\/\/diariodelsurdigital.com.ar\/index.php?rest_route=%2Fwp%2Fv2%2Fmedia&parent=7890"}],"wp:term":[{"taxonomy":"category","embeddable":true,"href":"https:\/\/diariodelsurdigital.com.ar\/index.php?rest_route=%2Fwp%2Fv2%2Fcategories&post=7890"},{"taxonomy":"post_tag","embeddable":true,"href":"https:\/\/diariodelsurdigital.com.ar\/index.php?rest_route=%2Fwp%2Fv2%2Ftags&post=7890"}],"curies":[{"name":"wp","href":"https:\/\/api.w.org\/{rel}","templated":true}]}}