{"id":7894,"date":"2026-04-06T21:08:01","date_gmt":"2026-04-07T00:08:01","guid":{"rendered":"https:\/\/diariodelsurdigital.com.ar\/?p=7894"},"modified":"2026-04-06T21:08:02","modified_gmt":"2026-04-07T00:08:02","slug":"tras-una-denuncia-rescataron-a-un-perro-que-estaba-en-malas-condiciones-y-abandonado-en-una-vivienda","status":"publish","type":"post","link":"https:\/\/diariodelsurdigital.com.ar\/?p=7894","title":{"rendered":"Tras una denuncia rescataron a un perro que estaba en malas condiciones y abandonado en una vivienda"},"content":{"rendered":"\n<p>El personal de la comisar\u00eda Primera llev\u00f3 adelante un allanamiento en el marco de una causa por presunto maltrato animal y rescat\u00f3 a un perro que se encontraba en malas condiciones.<\/p>\n\n\n\n<p>El procedimiento se realiz\u00f3 este lunes 6 de abril,  en una vivienda ubicada en calle Sarmiento al 245, en cumplimiento de una orden dispuesta por el juez de Garant\u00edas, Francisco Ledesma.<\/p>\n\n\n\n<p>El operativo estuvo a cargo del segundo jefe de la comisar\u00eda Primera, Ariel M\u00e9ndez, y durante la diligencia se procedi\u00f3 al secuestro de un can mestizo de aproximadamente tres meses de edad.<\/p>\n\n\n\n<p><\/p>\n\n\n\n<p>Seg\u00fan se inform\u00f3, el veterinario policial Diego Hirigoyen constat\u00f3 que el lugar no reun\u00eda las condiciones adecuadas para la contenci\u00f3n y h\u00e1bitat del animal, adem\u00e1s de que no contaba con libreta sanitaria.<\/p>\n\n\n\n<p>El procedimiento se concret\u00f3 luego de que un hombre realizara una denuncia al observar que desde hac\u00eda varios d\u00edas el perro permanec\u00eda en la terraza de la vivienda, ladrando de manera constante y aparentemente sin cuidados.<\/p>\n\n\n\n<p>En su exposici\u00f3n, el denunciante manifest\u00f3 que hab\u00eda visto retirarse a la propietaria del lugar y que desde entonces no habr\u00eda regresado, lo que gener\u00f3 preocupaci\u00f3n por el estado del animal.<\/p>\n\n\n\n<p>Finalmente, el perro \u2014llamado \u201cTom\u201d\u2014 qued\u00f3 bajo resguardo de la ONG Conciencia Animal.<\/p>\n\n\n\n<p><\/p>\n\n\n\n<p><\/p>\n\n\n\n<p><\/p>\n\n\n\n<p>Fuente: Concordia Policiales<\/p>\n\n\n\n<p style=\"max-width:1012px\"><\/p>\n","protected":false},"excerpt":{"rendered":"<p>El personal de la comisar\u00eda Primera llev\u00f3 adelante un allanamiento en el marco de una causa por presunto maltrato animal y rescat\u00f3 a un perro que se encontraba en malas condiciones. El procedimiento se realiz\u00f3 este lunes 6 de abril, en una vivienda ubicada en calle Sarmiento al 245, en cumplimiento de una orden dispuesta [&hellip;]<\/p>\n","protected":false},"author":3,"featured_media":7895,"comment_status":"open","ping_status":"open","sticky":false,"template":"","format":"standard","meta":{"footnotes":""},"categories":[16],"tags":[],"class_list":{"0":"post-7894","1":"post","2":"type-post","3":"status-publish","4":"format-standard","5":"has-post-thumbnail","7":"category-locales"},"yoast_head":"<!-- This site is optimized with the Yoast SEO plugin v27.4 - https:\/\/yoast.com\/product\/yoast-seo-wordpress\/ -->\n<title>Tras una denuncia rescataron a un perro que estaba en malas condiciones y abandonado en una vivienda - Diario del Sur<\/title>\n<meta name=\"robots\" content=\"index, follow, max-snippet:-1, max-image-preview:large, max-video-preview:-1\" \/>\n<link rel=\"canonical\" href=\"https:\/\/diariodelsurdigital.com.ar\/?p=7894\" \/>\n<meta property=\"og:locale\" content=\"es_ES\" \/>\n<meta property=\"og:type\" content=\"article\" \/>\n<meta property=\"og:title\" content=\"Tras una denuncia rescataron a un perro que estaba en malas condiciones y abandonado en una vivienda - Diario del Sur\" \/>\n<meta property=\"og:description\" content=\"El personal de la comisar\u00eda Primera llev\u00f3 adelante un allanamiento en el marco de una causa por presunto maltrato animal y rescat\u00f3 a un perro que se encontraba en malas condiciones. El procedimiento se realiz\u00f3 este lunes 6 de abril, en una vivienda ubicada en calle Sarmiento al 245, en cumplimiento de una orden dispuesta [&hellip;]\" \/>\n<meta property=\"og:url\" content=\"https:\/\/diariodelsurdigital.com.ar\/?p=7894\" \/>\n<meta property=\"og:site_name\" content=\"Diario del Sur\" \/>\n<meta property=\"article:published_time\" content=\"2026-04-07T00:08:01+00:00\" \/>\n<meta property=\"article:modified_time\" content=\"2026-04-07T00:08:02+00:00\" \/>\n<meta property=\"og:image\" content=\"https:\/\/diariodelsurdigital.com.ar\/wp-content\/uploads\/2026\/04\/tom-768x1024-1.jpeg\" \/>\n\t<meta property=\"og:image:width\" content=\"768\" \/>\n\t<meta property=\"og:image:height\" content=\"1024\" \/>\n\t<meta property=\"og:image:type\" content=\"image\/jpeg\" \/>\n<meta name=\"author\" content=\"Diario del Sur Digital\" \/>\n<meta name=\"twitter:card\" content=\"summary_large_image\" \/>\n<meta name=\"twitter:label1\" content=\"Escrito por\" \/>\n\t<meta name=\"twitter:data1\" content=\"Diario del Sur Digital\" \/>\n\t<meta name=\"twitter:label2\" content=\"Tiempo de lectura\" \/>\n\t<meta name=\"twitter:data2\" content=\"2 minutos\" \/>\n<script type=\"application\/ld+json\" class=\"yoast-schema-graph\">{\"@context\":\"https:\\\/\\\/schema.org\",\"@graph\":[{\"@type\":\"Article\",\"@id\":\"https:\\\/\\\/diariodelsurdigital.com.ar\\\/?p=7894#article\",\"isPartOf\":{\"@id\":\"https:\\\/\\\/diariodelsurdigital.com.ar\\\/?p=7894\"},\"author\":{\"name\":\"Diario del Sur Digital\",\"@id\":\"https:\\\/\\\/diariodelsurdigital.com.ar\\\/#\\\/schema\\\/person\\\/d794acb23337e88c6e4004a39c32be62\"},\"headline\":\"Tras una denuncia rescataron a un perro que estaba en malas condiciones y abandonado en una vivienda\",\"datePublished\":\"2026-04-07T00:08:01+00:00\",\"dateModified\":\"2026-04-07T00:08:02+00:00\",\"mainEntityOfPage\":{\"@id\":\"https:\\\/\\\/diariodelsurdigital.com.ar\\\/?p=7894\"},\"wordCount\":240,\"commentCount\":0,\"image\":{\"@id\":\"https:\\\/\\\/diariodelsurdigital.com.ar\\\/?p=7894#primaryimage\"},\"thumbnailUrl\":\"https:\\\/\\\/diariodelsurdigital.com.ar\\\/wp-content\\\/uploads\\\/2026\\\/04\\\/tom-768x1024-1.jpeg\",\"articleSection\":[\"Locales\"],\"inLanguage\":\"es\",\"potentialAction\":[{\"@type\":\"CommentAction\",\"name\":\"Comment\",\"target\":[\"https:\\\/\\\/diariodelsurdigital.com.ar\\\/?p=7894#respond\"]}]},{\"@type\":\"WebPage\",\"@id\":\"https:\\\/\\\/diariodelsurdigital.com.ar\\\/?p=7894\",\"url\":\"https:\\\/\\\/diariodelsurdigital.com.ar\\\/?p=7894\",\"name\":\"Tras una denuncia rescataron a un perro que estaba en malas condiciones y abandonado en una vivienda - Diario del Sur\",\"isPartOf\":{\"@id\":\"https:\\\/\\\/diariodelsurdigital.com.ar\\\/#website\"},\"primaryImageOfPage\":{\"@id\":\"https:\\\/\\\/diariodelsurdigital.com.ar\\\/?p=7894#primaryimage\"},\"image\":{\"@id\":\"https:\\\/\\\/diariodelsurdigital.com.ar\\\/?p=7894#primaryimage\"},\"thumbnailUrl\":\"https:\\\/\\\/diariodelsurdigital.com.ar\\\/wp-content\\\/uploads\\\/2026\\\/04\\\/tom-768x1024-1.jpeg\",\"datePublished\":\"2026-04-07T00:08:01+00:00\",\"dateModified\":\"2026-04-07T00:08:02+00:00\",\"author\":{\"@id\":\"https:\\\/\\\/diariodelsurdigital.com.ar\\\/#\\\/schema\\\/person\\\/d794acb23337e88c6e4004a39c32be62\"},\"breadcrumb\":{\"@id\":\"https:\\\/\\\/diariodelsurdigital.com.ar\\\/?p=7894#breadcrumb\"},\"inLanguage\":\"es\",\"potentialAction\":[{\"@type\":\"ReadAction\",\"target\":[\"https:\\\/\\\/diariodelsurdigital.com.ar\\\/?p=7894\"]}]},{\"@type\":\"ImageObject\",\"inLanguage\":\"es\",\"@id\":\"https:\\\/\\\/diariodelsurdigital.com.ar\\\/?p=7894#primaryimage\",\"url\":\"https:\\\/\\\/diariodelsurdigital.com.ar\\\/wp-content\\\/uploads\\\/2026\\\/04\\\/tom-768x1024-1.jpeg\",\"contentUrl\":\"https:\\\/\\\/diariodelsurdigital.com.ar\\\/wp-content\\\/uploads\\\/2026\\\/04\\\/tom-768x1024-1.jpeg\",\"width\":768,\"height\":1024},{\"@type\":\"BreadcrumbList\",\"@id\":\"https:\\\/\\\/diariodelsurdigital.com.ar\\\/?p=7894#breadcrumb\",\"itemListElement\":[{\"@type\":\"ListItem\",\"position\":1,\"name\":\"Portada\",\"item\":\"https:\\\/\\\/diariodelsurdigital.com.ar\\\/\"},{\"@type\":\"ListItem\",\"position\":2,\"name\":\"Tras una denuncia rescataron a un perro que estaba en malas condiciones y abandonado en una vivienda\"}]},{\"@type\":\"WebSite\",\"@id\":\"https:\\\/\\\/diariodelsurdigital.com.ar\\\/#website\",\"url\":\"https:\\\/\\\/diariodelsurdigital.com.ar\\\/\",\"name\":\"Diario del Sur\",\"description\":\"Digital\",\"potentialAction\":[{\"@type\":\"SearchAction\",\"target\":{\"@type\":\"EntryPoint\",\"urlTemplate\":\"https:\\\/\\\/diariodelsurdigital.com.ar\\\/?s={search_term_string}\"},\"query-input\":{\"@type\":\"PropertyValueSpecification\",\"valueRequired\":true,\"valueName\":\"search_term_string\"}}],\"inLanguage\":\"es\"},{\"@type\":\"Person\",\"@id\":\"https:\\\/\\\/diariodelsurdigital.com.ar\\\/#\\\/schema\\\/person\\\/d794acb23337e88c6e4004a39c32be62\",\"name\":\"Diario del Sur Digital\",\"image\":{\"@type\":\"ImageObject\",\"inLanguage\":\"es\",\"@id\":\"https:\\\/\\\/secure.gravatar.com\\\/avatar\\\/47679bcfa15734cfdefc176b6ad58adeeccac22b2e03e095ada6c622af2b463a?s=96&d=mm&r=g\",\"url\":\"https:\\\/\\\/secure.gravatar.com\\\/avatar\\\/47679bcfa15734cfdefc176b6ad58adeeccac22b2e03e095ada6c622af2b463a?s=96&d=mm&r=g\",\"contentUrl\":\"https:\\\/\\\/secure.gravatar.com\\\/avatar\\\/47679bcfa15734cfdefc176b6ad58adeeccac22b2e03e095ada6c622af2b463a?s=96&d=mm&r=g\",\"caption\":\"Diario del Sur Digital\"},\"url\":\"https:\\\/\\\/diariodelsurdigital.com.ar\\\/?author=3\"}]}<\/script>\n<!-- \/ Yoast SEO plugin. -->","yoast_head_json":{"title":"Tras una denuncia rescataron a un perro que estaba en malas condiciones y abandonado en una vivienda - Diario del Sur","robots":{"index":"index","follow":"follow","max-snippet":"max-snippet:-1","max-image-preview":"max-image-preview:large","max-video-preview":"max-video-preview:-1"},"canonical":"https:\/\/diariodelsurdigital.com.ar\/?p=7894","og_locale":"es_ES","og_type":"article","og_title":"Tras una denuncia rescataron a un perro que estaba en malas condiciones y abandonado en una vivienda - Diario del Sur","og_description":"El personal de la comisar\u00eda Primera llev\u00f3 adelante un allanamiento en el marco de una causa por presunto maltrato animal y rescat\u00f3 a un perro que se encontraba en malas condiciones. El procedimiento se realiz\u00f3 este lunes 6 de abril, en una vivienda ubicada en calle Sarmiento al 245, en cumplimiento de una orden dispuesta [&hellip;]","og_url":"https:\/\/diariodelsurdigital.com.ar\/?p=7894","og_site_name":"Diario del Sur","article_published_time":"2026-04-07T00:08:01+00:00","article_modified_time":"2026-04-07T00:08:02+00:00","og_image":[{"width":768,"height":1024,"url":"https:\/\/diariodelsurdigital.com.ar\/wp-content\/uploads\/2026\/04\/tom-768x1024-1.jpeg","type":"image\/jpeg"}],"author":"Diario del Sur Digital","twitter_card":"summary_large_image","twitter_misc":{"Escrito por":"Diario del Sur Digital","Tiempo de lectura":"2 minutos"},"schema":{"@context":"https:\/\/schema.org","@graph":[{"@type":"Article","@id":"https:\/\/diariodelsurdigital.com.ar\/?p=7894#article","isPartOf":{"@id":"https:\/\/diariodelsurdigital.com.ar\/?p=7894"},"author":{"name":"Diario del Sur Digital","@id":"https:\/\/diariodelsurdigital.com.ar\/#\/schema\/person\/d794acb23337e88c6e4004a39c32be62"},"headline":"Tras una denuncia rescataron a un perro que estaba en malas condiciones y abandonado en una vivienda","datePublished":"2026-04-07T00:08:01+00:00","dateModified":"2026-04-07T00:08:02+00:00","mainEntityOfPage":{"@id":"https:\/\/diariodelsurdigital.com.ar\/?p=7894"},"wordCount":240,"commentCount":0,"image":{"@id":"https:\/\/diariodelsurdigital.com.ar\/?p=7894#primaryimage"},"thumbnailUrl":"https:\/\/diariodelsurdigital.com.ar\/wp-content\/uploads\/2026\/04\/tom-768x1024-1.jpeg","articleSection":["Locales"],"inLanguage":"es","potentialAction":[{"@type":"CommentAction","name":"Comment","target":["https:\/\/diariodelsurdigital.com.ar\/?p=7894#respond"]}]},{"@type":"WebPage","@id":"https:\/\/diariodelsurdigital.com.ar\/?p=7894","url":"https:\/\/diariodelsurdigital.com.ar\/?p=7894","name":"Tras una denuncia rescataron a un perro que estaba en malas condiciones y abandonado en una vivienda - Diario del Sur","isPartOf":{"@id":"https:\/\/diariodelsurdigital.com.ar\/#website"},"primaryImageOfPage":{"@id":"https:\/\/diariodelsurdigital.com.ar\/?p=7894#primaryimage"},"image":{"@id":"https:\/\/diariodelsurdigital.com.ar\/?p=7894#primaryimage"},"thumbnailUrl":"https:\/\/diariodelsurdigital.com.ar\/wp-content\/uploads\/2026\/04\/tom-768x1024-1.jpeg","datePublished":"2026-04-07T00:08:01+00:00","dateModified":"2026-04-07T00:08:02+00:00","author":{"@id":"https:\/\/diariodelsurdigital.com.ar\/#\/schema\/person\/d794acb23337e88c6e4004a39c32be62"},"breadcrumb":{"@id":"https:\/\/diariodelsurdigital.com.ar\/?p=7894#breadcrumb"},"inLanguage":"es","potentialAction":[{"@type":"ReadAction","target":["https:\/\/diariodelsurdigital.com.ar\/?p=7894"]}]},{"@type":"ImageObject","inLanguage":"es","@id":"https:\/\/diariodelsurdigital.com.ar\/?p=7894#primaryimage","url":"https:\/\/diariodelsurdigital.com.ar\/wp-content\/uploads\/2026\/04\/tom-768x1024-1.jpeg","contentUrl":"https:\/\/diariodelsurdigital.com.ar\/wp-content\/uploads\/2026\/04\/tom-768x1024-1.jpeg","width":768,"height":1024},{"@type":"BreadcrumbList","@id":"https:\/\/diariodelsurdigital.com.ar\/?p=7894#breadcrumb","itemListElement":[{"@type":"ListItem","position":1,"name":"Portada","item":"https:\/\/diariodelsurdigital.com.ar\/"},{"@type":"ListItem","position":2,"name":"Tras una denuncia rescataron a un perro que estaba en malas condiciones y abandonado en una vivienda"}]},{"@type":"WebSite","@id":"https:\/\/diariodelsurdigital.com.ar\/#website","url":"https:\/\/diariodelsurdigital.com.ar\/","name":"Diario del Sur","description":"Digital","potentialAction":[{"@type":"SearchAction","target":{"@type":"EntryPoint","urlTemplate":"https:\/\/diariodelsurdigital.com.ar\/?s={search_term_string}"},"query-input":{"@type":"PropertyValueSpecification","valueRequired":true,"valueName":"search_term_string"}}],"inLanguage":"es"},{"@type":"Person","@id":"https:\/\/diariodelsurdigital.com.ar\/#\/schema\/person\/d794acb23337e88c6e4004a39c32be62","name":"Diario del Sur Digital","image":{"@type":"ImageObject","inLanguage":"es","@id":"https:\/\/secure.gravatar.com\/avatar\/47679bcfa15734cfdefc176b6ad58adeeccac22b2e03e095ada6c622af2b463a?s=96&d=mm&r=g","url":"https:\/\/secure.gravatar.com\/avatar\/47679bcfa15734cfdefc176b6ad58adeeccac22b2e03e095ada6c622af2b463a?s=96&d=mm&r=g","contentUrl":"https:\/\/secure.gravatar.com\/avatar\/47679bcfa15734cfdefc176b6ad58adeeccac22b2e03e095ada6c622af2b463a?s=96&d=mm&r=g","caption":"Diario del Sur Digital"},"url":"https:\/\/diariodelsurdigital.com.ar\/?author=3"}]}},"_links":{"self":[{"href":"https:\/\/diariodelsurdigital.com.ar\/index.php?rest_route=\/wp\/v2\/posts\/7894","targetHints":{"allow":["GET"]}}],"collection":[{"href":"https:\/\/diariodelsurdigital.com.ar\/index.php?rest_route=\/wp\/v2\/posts"}],"about":[{"href":"https:\/\/diariodelsurdigital.com.ar\/index.php?rest_route=\/wp\/v2\/types\/post"}],"author":[{"embeddable":true,"href":"https:\/\/diariodelsurdigital.com.ar\/index.php?rest_route=\/wp\/v2\/users\/3"}],"replies":[{"embeddable":true,"href":"https:\/\/diariodelsurdigital.com.ar\/index.php?rest_route=%2Fwp%2Fv2%2Fcomments&post=7894"}],"version-history":[{"count":1,"href":"https:\/\/diariodelsurdigital.com.ar\/index.php?rest_route=\/wp\/v2\/posts\/7894\/revisions"}],"predecessor-version":[{"id":7896,"href":"https:\/\/diariodelsurdigital.com.ar\/index.php?rest_route=\/wp\/v2\/posts\/7894\/revisions\/7896"}],"wp:featuredmedia":[{"embeddable":true,"href":"https:\/\/diariodelsurdigital.com.ar\/index.php?rest_route=\/wp\/v2\/media\/7895"}],"wp:attachment":[{"href":"https:\/\/diariodelsurdigital.com.ar\/index.php?rest_route=%2Fwp%2Fv2%2Fmedia&parent=7894"}],"wp:term":[{"taxonomy":"category","embeddable":true,"href":"https:\/\/diariodelsurdigital.com.ar\/index.php?rest_route=%2Fwp%2Fv2%2Fcategories&post=7894"},{"taxonomy":"post_tag","embeddable":true,"href":"https:\/\/diariodelsurdigital.com.ar\/index.php?rest_route=%2Fwp%2Fv2%2Ftags&post=7894"}],"curies":[{"name":"wp","href":"https:\/\/api.w.org\/{rel}","templated":true}]}}