{"id":791,"date":"2025-01-29T16:00:42","date_gmt":"2025-01-29T19:00:42","guid":{"rendered":"https:\/\/diariodelsurdigital.com.ar\/?p=791"},"modified":"2025-01-29T16:00:43","modified_gmt":"2025-01-29T19:00:43","slug":"preocupacion-en-rio-negro-por-la-masiva-llegada-de-concordienses-que-no-consiguen-trabajo","status":"publish","type":"post","link":"https:\/\/diariodelsurdigital.com.ar\/?p=791","title":{"rendered":"Preocupaci\u00f3n en R\u00edo Negro por la masiva llegada de concordienses que no consiguen trabajo"},"content":{"rendered":"\n<p>Desde la municipalidad de Cipolletti manifestaron su preocupaci\u00f3n por la masiva llegada de \u00abtrabajadores golondrina\u00bb y que finalmente no logran acceder a la cosecha. Se\u00f1alan que hay muchas personas varadas en la terminal.<\/p>\n\n\n\n<p>La ciudad de Cipolletti, en R\u00edo Negro, enfrenta una creciente preocupaci\u00f3n ante la llegada de una gran cantidad de trabajadores golondrina que, tras recorrer cientos de kil\u00f3metros en busca de oportunidades laborales en la regi\u00f3n, no logran insertarse en el mercado laboral local.<\/p>\n\n\n\n<p>Desde la Municipalidad de Cipolletti, el titular de la Secretar\u00eda de Desarrollo Humano, Diego Cides, advirti\u00f3 sobre la complejidad de esta situaci\u00f3n y revel\u00f3 que gran parte de estos trabajadores provienen de la ciudad de Concordia. \u00abHoy lunes a primera hora me encontr\u00e9 con cinco personas en la Secretar\u00eda, todas llegadas con la esperanza de conseguir trabajo en las chacras\u201d, dijo.<\/p>\n\n\n\n<p>En este sentido a\u00f1adi\u00f3 que all\u00ed -por nuestra ciudad- aparentemente se les promete un futuro laboral en el Valle, algo que no se condice con la realidad. \u201cLas chacras ya cuentan con su personal habitual; no hay trabajo en la magnitud que les venden\u201d.<\/p>\n\n\n\n<p>Uno de los puntos m\u00e1s alarmantes es que, seg\u00fan testimonios recogidos por Cides, los pasajes de los trabajadores golondrina son financiados por el municipio de Concordia. \u201cHan llegado m\u00e1s de mil personas este \u00faltimo mes. Habl\u00e9 con 25 de ellas, y todas me dieron el mismo relato: terminan la temporada del ar\u00e1ndano y los env\u00edan para ac\u00e1 con falsas promesas\u201d, seg\u00fan detall\u00f3.<\/p>\n\n\n\n<p>\u201cAl principio pudimos ayudar a algunos a regresar a sus provincias, pero esto se est\u00e1 transformando en una cadena imparable\u201d, subray\u00f3 Cides, quien tambi\u00e9n adelant\u00f3 que buscar\u00e1 dialogar con las autoridades de Concordia, para entender el trasfondo de estas acciones.<\/p>\n\n\n\n<p>Una de las \u00faltimas historias que se conocieron a trav\u00e9s de las redes sociales, fue la de Franco y Walter, quienes desde Tucum\u00e1n vinieron con la promesa de empleo y no se cumpli\u00f3.<\/p>\n\n\n\n<p>Vale mencionar que en enero de 2025, se planearon unos 1.000 traslados de trabajadores frut\u00edcolas de Concordia a las provincias de R\u00edo Negro y Neuqu\u00e9n para la cosecha de manzanas. El traslado fue una acci\u00f3n conjunta entre el Gobierno de Entre R\u00edos y la Municipalidad de Concordia, public\u00f3 Diario R\u00edo Uruguay.<\/p>\n","protected":false},"excerpt":{"rendered":"<p>Desde la municipalidad de Cipolletti manifestaron su preocupaci\u00f3n por la masiva llegada de \u00abtrabajadores golondrina\u00bb y que finalmente no logran acceder a la cosecha. Se\u00f1alan que hay muchas personas varadas en la terminal. La ciudad de Cipolletti, en R\u00edo Negro, enfrenta una creciente preocupaci\u00f3n ante la llegada de una gran cantidad de trabajadores golondrina que, [&hellip;]<\/p>\n","protected":false},"author":4,"featured_media":792,"comment_status":"open","ping_status":"open","sticky":false,"template":"","format":"standard","meta":{"footnotes":""},"categories":[19,16],"tags":[],"class_list":{"0":"post-791","1":"post","2":"type-post","3":"status-publish","4":"format-standard","5":"has-post-thumbnail","7":"category-interes-general","8":"category-locales"},"yoast_head":"<!-- This site is optimized with the Yoast SEO plugin v27.4 - https:\/\/yoast.com\/product\/yoast-seo-wordpress\/ -->\n<title>Preocupaci\u00f3n en R\u00edo Negro por la masiva llegada de concordienses que no consiguen trabajo - Diario del Sur<\/title>\n<meta name=\"robots\" content=\"index, follow, max-snippet:-1, max-image-preview:large, max-video-preview:-1\" \/>\n<link rel=\"canonical\" href=\"https:\/\/diariodelsurdigital.com.ar\/?p=791\" \/>\n<meta property=\"og:locale\" content=\"es_ES\" \/>\n<meta property=\"og:type\" content=\"article\" \/>\n<meta property=\"og:title\" content=\"Preocupaci\u00f3n en R\u00edo Negro por la masiva llegada de concordienses que no consiguen trabajo - Diario del Sur\" \/>\n<meta property=\"og:description\" content=\"Desde la municipalidad de Cipolletti manifestaron su preocupaci\u00f3n por la masiva llegada de \u00abtrabajadores golondrina\u00bb y que finalmente no logran acceder a la cosecha. Se\u00f1alan que hay muchas personas varadas en la terminal. La ciudad de Cipolletti, en R\u00edo Negro, enfrenta una creciente preocupaci\u00f3n ante la llegada de una gran cantidad de trabajadores golondrina que, [&hellip;]\" \/>\n<meta property=\"og:url\" content=\"https:\/\/diariodelsurdigital.com.ar\/?p=791\" \/>\n<meta property=\"og:site_name\" content=\"Diario del Sur\" \/>\n<meta property=\"article:published_time\" content=\"2025-01-29T19:00:42+00:00\" \/>\n<meta property=\"article:modified_time\" content=\"2025-01-29T19:00:43+00:00\" \/>\n<meta property=\"og:image\" content=\"https:\/\/diariodelsurdigital.com.ar\/wp-content\/uploads\/2025\/01\/md-2025-01-29T155912.686.webp\" \/>\n\t<meta property=\"og:image:width\" content=\"992\" \/>\n\t<meta property=\"og:image:height\" content=\"661\" \/>\n\t<meta property=\"og:image:type\" content=\"image\/webp\" \/>\n<meta name=\"author\" content=\"Diario del Sur Digital\" \/>\n<meta name=\"twitter:card\" content=\"summary_large_image\" \/>\n<meta name=\"twitter:label1\" content=\"Escrito por\" \/>\n\t<meta name=\"twitter:data1\" content=\"Diario del Sur Digital\" \/>\n\t<meta name=\"twitter:label2\" content=\"Tiempo de lectura\" \/>\n\t<meta name=\"twitter:data2\" content=\"2 minutos\" \/>\n<script type=\"application\/ld+json\" class=\"yoast-schema-graph\">{\"@context\":\"https:\\\/\\\/schema.org\",\"@graph\":[{\"@type\":\"Article\",\"@id\":\"https:\\\/\\\/diariodelsurdigital.com.ar\\\/?p=791#article\",\"isPartOf\":{\"@id\":\"https:\\\/\\\/diariodelsurdigital.com.ar\\\/?p=791\"},\"author\":{\"name\":\"Diario del Sur Digital\",\"@id\":\"https:\\\/\\\/diariodelsurdigital.com.ar\\\/#\\\/schema\\\/person\\\/1a4992532ed62965c968031b49195c81\"},\"headline\":\"Preocupaci\u00f3n en R\u00edo Negro por la masiva llegada de concordienses que no consiguen trabajo\",\"datePublished\":\"2025-01-29T19:00:42+00:00\",\"dateModified\":\"2025-01-29T19:00:43+00:00\",\"mainEntityOfPage\":{\"@id\":\"https:\\\/\\\/diariodelsurdigital.com.ar\\\/?p=791\"},\"wordCount\":405,\"commentCount\":0,\"image\":{\"@id\":\"https:\\\/\\\/diariodelsurdigital.com.ar\\\/?p=791#primaryimage\"},\"thumbnailUrl\":\"https:\\\/\\\/diariodelsurdigital.com.ar\\\/wp-content\\\/uploads\\\/2025\\\/01\\\/md-2025-01-29T155912.686.webp\",\"articleSection\":[\"Inter\u00e9s General\",\"Locales\"],\"inLanguage\":\"es\",\"potentialAction\":[{\"@type\":\"CommentAction\",\"name\":\"Comment\",\"target\":[\"https:\\\/\\\/diariodelsurdigital.com.ar\\\/?p=791#respond\"]}]},{\"@type\":\"WebPage\",\"@id\":\"https:\\\/\\\/diariodelsurdigital.com.ar\\\/?p=791\",\"url\":\"https:\\\/\\\/diariodelsurdigital.com.ar\\\/?p=791\",\"name\":\"Preocupaci\u00f3n en R\u00edo Negro por la masiva llegada de concordienses que no consiguen trabajo - Diario del Sur\",\"isPartOf\":{\"@id\":\"https:\\\/\\\/diariodelsurdigital.com.ar\\\/#website\"},\"primaryImageOfPage\":{\"@id\":\"https:\\\/\\\/diariodelsurdigital.com.ar\\\/?p=791#primaryimage\"},\"image\":{\"@id\":\"https:\\\/\\\/diariodelsurdigital.com.ar\\\/?p=791#primaryimage\"},\"thumbnailUrl\":\"https:\\\/\\\/diariodelsurdigital.com.ar\\\/wp-content\\\/uploads\\\/2025\\\/01\\\/md-2025-01-29T155912.686.webp\",\"datePublished\":\"2025-01-29T19:00:42+00:00\",\"dateModified\":\"2025-01-29T19:00:43+00:00\",\"author\":{\"@id\":\"https:\\\/\\\/diariodelsurdigital.com.ar\\\/#\\\/schema\\\/person\\\/1a4992532ed62965c968031b49195c81\"},\"breadcrumb\":{\"@id\":\"https:\\\/\\\/diariodelsurdigital.com.ar\\\/?p=791#breadcrumb\"},\"inLanguage\":\"es\",\"potentialAction\":[{\"@type\":\"ReadAction\",\"target\":[\"https:\\\/\\\/diariodelsurdigital.com.ar\\\/?p=791\"]}]},{\"@type\":\"ImageObject\",\"inLanguage\":\"es\",\"@id\":\"https:\\\/\\\/diariodelsurdigital.com.ar\\\/?p=791#primaryimage\",\"url\":\"https:\\\/\\\/diariodelsurdigital.com.ar\\\/wp-content\\\/uploads\\\/2025\\\/01\\\/md-2025-01-29T155912.686.webp\",\"contentUrl\":\"https:\\\/\\\/diariodelsurdigital.com.ar\\\/wp-content\\\/uploads\\\/2025\\\/01\\\/md-2025-01-29T155912.686.webp\",\"width\":992,\"height\":661},{\"@type\":\"BreadcrumbList\",\"@id\":\"https:\\\/\\\/diariodelsurdigital.com.ar\\\/?p=791#breadcrumb\",\"itemListElement\":[{\"@type\":\"ListItem\",\"position\":1,\"name\":\"Portada\",\"item\":\"https:\\\/\\\/diariodelsurdigital.com.ar\\\/\"},{\"@type\":\"ListItem\",\"position\":2,\"name\":\"Preocupaci\u00f3n en R\u00edo Negro por la masiva llegada de concordienses que no consiguen trabajo\"}]},{\"@type\":\"WebSite\",\"@id\":\"https:\\\/\\\/diariodelsurdigital.com.ar\\\/#website\",\"url\":\"https:\\\/\\\/diariodelsurdigital.com.ar\\\/\",\"name\":\"Diario del Sur\",\"description\":\"Digital\",\"potentialAction\":[{\"@type\":\"SearchAction\",\"target\":{\"@type\":\"EntryPoint\",\"urlTemplate\":\"https:\\\/\\\/diariodelsurdigital.com.ar\\\/?s={search_term_string}\"},\"query-input\":{\"@type\":\"PropertyValueSpecification\",\"valueRequired\":true,\"valueName\":\"search_term_string\"}}],\"inLanguage\":\"es\"},{\"@type\":\"Person\",\"@id\":\"https:\\\/\\\/diariodelsurdigital.com.ar\\\/#\\\/schema\\\/person\\\/1a4992532ed62965c968031b49195c81\",\"name\":\"Diario del Sur Digital\",\"image\":{\"@type\":\"ImageObject\",\"inLanguage\":\"es\",\"@id\":\"https:\\\/\\\/secure.gravatar.com\\\/avatar\\\/f0c7c47fc7146d19828273b9b8eda651c9c7ab583767e6338d3d3bee825adf76?s=96&d=mm&r=g\",\"url\":\"https:\\\/\\\/secure.gravatar.com\\\/avatar\\\/f0c7c47fc7146d19828273b9b8eda651c9c7ab583767e6338d3d3bee825adf76?s=96&d=mm&r=g\",\"contentUrl\":\"https:\\\/\\\/secure.gravatar.com\\\/avatar\\\/f0c7c47fc7146d19828273b9b8eda651c9c7ab583767e6338d3d3bee825adf76?s=96&d=mm&r=g\",\"caption\":\"Diario del Sur Digital\"},\"url\":\"https:\\\/\\\/diariodelsurdigital.com.ar\\\/?author=4\"}]}<\/script>\n<!-- \/ Yoast SEO plugin. -->","yoast_head_json":{"title":"Preocupaci\u00f3n en R\u00edo Negro por la masiva llegada de concordienses que no consiguen trabajo - Diario del Sur","robots":{"index":"index","follow":"follow","max-snippet":"max-snippet:-1","max-image-preview":"max-image-preview:large","max-video-preview":"max-video-preview:-1"},"canonical":"https:\/\/diariodelsurdigital.com.ar\/?p=791","og_locale":"es_ES","og_type":"article","og_title":"Preocupaci\u00f3n en R\u00edo Negro por la masiva llegada de concordienses que no consiguen trabajo - Diario del Sur","og_description":"Desde la municipalidad de Cipolletti manifestaron su preocupaci\u00f3n por la masiva llegada de \u00abtrabajadores golondrina\u00bb y que finalmente no logran acceder a la cosecha. Se\u00f1alan que hay muchas personas varadas en la terminal. La ciudad de Cipolletti, en R\u00edo Negro, enfrenta una creciente preocupaci\u00f3n ante la llegada de una gran cantidad de trabajadores golondrina que, [&hellip;]","og_url":"https:\/\/diariodelsurdigital.com.ar\/?p=791","og_site_name":"Diario del Sur","article_published_time":"2025-01-29T19:00:42+00:00","article_modified_time":"2025-01-29T19:00:43+00:00","og_image":[{"width":992,"height":661,"url":"https:\/\/diariodelsurdigital.com.ar\/wp-content\/uploads\/2025\/01\/md-2025-01-29T155912.686.webp","type":"image\/webp"}],"author":"Diario del Sur Digital","twitter_card":"summary_large_image","twitter_misc":{"Escrito por":"Diario del Sur Digital","Tiempo de lectura":"2 minutos"},"schema":{"@context":"https:\/\/schema.org","@graph":[{"@type":"Article","@id":"https:\/\/diariodelsurdigital.com.ar\/?p=791#article","isPartOf":{"@id":"https:\/\/diariodelsurdigital.com.ar\/?p=791"},"author":{"name":"Diario del Sur Digital","@id":"https:\/\/diariodelsurdigital.com.ar\/#\/schema\/person\/1a4992532ed62965c968031b49195c81"},"headline":"Preocupaci\u00f3n en R\u00edo Negro por la masiva llegada de concordienses que no consiguen trabajo","datePublished":"2025-01-29T19:00:42+00:00","dateModified":"2025-01-29T19:00:43+00:00","mainEntityOfPage":{"@id":"https:\/\/diariodelsurdigital.com.ar\/?p=791"},"wordCount":405,"commentCount":0,"image":{"@id":"https:\/\/diariodelsurdigital.com.ar\/?p=791#primaryimage"},"thumbnailUrl":"https:\/\/diariodelsurdigital.com.ar\/wp-content\/uploads\/2025\/01\/md-2025-01-29T155912.686.webp","articleSection":["Inter\u00e9s General","Locales"],"inLanguage":"es","potentialAction":[{"@type":"CommentAction","name":"Comment","target":["https:\/\/diariodelsurdigital.com.ar\/?p=791#respond"]}]},{"@type":"WebPage","@id":"https:\/\/diariodelsurdigital.com.ar\/?p=791","url":"https:\/\/diariodelsurdigital.com.ar\/?p=791","name":"Preocupaci\u00f3n en R\u00edo Negro por la masiva llegada de concordienses que no consiguen trabajo - Diario del Sur","isPartOf":{"@id":"https:\/\/diariodelsurdigital.com.ar\/#website"},"primaryImageOfPage":{"@id":"https:\/\/diariodelsurdigital.com.ar\/?p=791#primaryimage"},"image":{"@id":"https:\/\/diariodelsurdigital.com.ar\/?p=791#primaryimage"},"thumbnailUrl":"https:\/\/diariodelsurdigital.com.ar\/wp-content\/uploads\/2025\/01\/md-2025-01-29T155912.686.webp","datePublished":"2025-01-29T19:00:42+00:00","dateModified":"2025-01-29T19:00:43+00:00","author":{"@id":"https:\/\/diariodelsurdigital.com.ar\/#\/schema\/person\/1a4992532ed62965c968031b49195c81"},"breadcrumb":{"@id":"https:\/\/diariodelsurdigital.com.ar\/?p=791#breadcrumb"},"inLanguage":"es","potentialAction":[{"@type":"ReadAction","target":["https:\/\/diariodelsurdigital.com.ar\/?p=791"]}]},{"@type":"ImageObject","inLanguage":"es","@id":"https:\/\/diariodelsurdigital.com.ar\/?p=791#primaryimage","url":"https:\/\/diariodelsurdigital.com.ar\/wp-content\/uploads\/2025\/01\/md-2025-01-29T155912.686.webp","contentUrl":"https:\/\/diariodelsurdigital.com.ar\/wp-content\/uploads\/2025\/01\/md-2025-01-29T155912.686.webp","width":992,"height":661},{"@type":"BreadcrumbList","@id":"https:\/\/diariodelsurdigital.com.ar\/?p=791#breadcrumb","itemListElement":[{"@type":"ListItem","position":1,"name":"Portada","item":"https:\/\/diariodelsurdigital.com.ar\/"},{"@type":"ListItem","position":2,"name":"Preocupaci\u00f3n en R\u00edo Negro por la masiva llegada de concordienses que no consiguen trabajo"}]},{"@type":"WebSite","@id":"https:\/\/diariodelsurdigital.com.ar\/#website","url":"https:\/\/diariodelsurdigital.com.ar\/","name":"Diario del Sur","description":"Digital","potentialAction":[{"@type":"SearchAction","target":{"@type":"EntryPoint","urlTemplate":"https:\/\/diariodelsurdigital.com.ar\/?s={search_term_string}"},"query-input":{"@type":"PropertyValueSpecification","valueRequired":true,"valueName":"search_term_string"}}],"inLanguage":"es"},{"@type":"Person","@id":"https:\/\/diariodelsurdigital.com.ar\/#\/schema\/person\/1a4992532ed62965c968031b49195c81","name":"Diario del Sur Digital","image":{"@type":"ImageObject","inLanguage":"es","@id":"https:\/\/secure.gravatar.com\/avatar\/f0c7c47fc7146d19828273b9b8eda651c9c7ab583767e6338d3d3bee825adf76?s=96&d=mm&r=g","url":"https:\/\/secure.gravatar.com\/avatar\/f0c7c47fc7146d19828273b9b8eda651c9c7ab583767e6338d3d3bee825adf76?s=96&d=mm&r=g","contentUrl":"https:\/\/secure.gravatar.com\/avatar\/f0c7c47fc7146d19828273b9b8eda651c9c7ab583767e6338d3d3bee825adf76?s=96&d=mm&r=g","caption":"Diario del Sur Digital"},"url":"https:\/\/diariodelsurdigital.com.ar\/?author=4"}]}},"_links":{"self":[{"href":"https:\/\/diariodelsurdigital.com.ar\/index.php?rest_route=\/wp\/v2\/posts\/791","targetHints":{"allow":["GET"]}}],"collection":[{"href":"https:\/\/diariodelsurdigital.com.ar\/index.php?rest_route=\/wp\/v2\/posts"}],"about":[{"href":"https:\/\/diariodelsurdigital.com.ar\/index.php?rest_route=\/wp\/v2\/types\/post"}],"author":[{"embeddable":true,"href":"https:\/\/diariodelsurdigital.com.ar\/index.php?rest_route=\/wp\/v2\/users\/4"}],"replies":[{"embeddable":true,"href":"https:\/\/diariodelsurdigital.com.ar\/index.php?rest_route=%2Fwp%2Fv2%2Fcomments&post=791"}],"version-history":[{"count":1,"href":"https:\/\/diariodelsurdigital.com.ar\/index.php?rest_route=\/wp\/v2\/posts\/791\/revisions"}],"predecessor-version":[{"id":793,"href":"https:\/\/diariodelsurdigital.com.ar\/index.php?rest_route=\/wp\/v2\/posts\/791\/revisions\/793"}],"wp:featuredmedia":[{"embeddable":true,"href":"https:\/\/diariodelsurdigital.com.ar\/index.php?rest_route=\/wp\/v2\/media\/792"}],"wp:attachment":[{"href":"https:\/\/diariodelsurdigital.com.ar\/index.php?rest_route=%2Fwp%2Fv2%2Fmedia&parent=791"}],"wp:term":[{"taxonomy":"category","embeddable":true,"href":"https:\/\/diariodelsurdigital.com.ar\/index.php?rest_route=%2Fwp%2Fv2%2Fcategories&post=791"},{"taxonomy":"post_tag","embeddable":true,"href":"https:\/\/diariodelsurdigital.com.ar\/index.php?rest_route=%2Fwp%2Fv2%2Ftags&post=791"}],"curies":[{"name":"wp","href":"https:\/\/api.w.org\/{rel}","templated":true}]}}