{"id":7910,"date":"2026-04-07T08:46:36","date_gmt":"2026-04-07T11:46:36","guid":{"rendered":"https:\/\/diariodelsurdigital.com.ar\/?p=7910"},"modified":"2026-04-07T08:46:37","modified_gmt":"2026-04-07T11:46:37","slug":"reforma-previsional-la-caja-no-se-salva-ajustando-a-los-mas-debiles-sino-con-transparencia-senalo-ucr-activa","status":"publish","type":"post","link":"https:\/\/diariodelsurdigital.com.ar\/?p=7910","title":{"rendered":"Reforma previsional: \u00abLa Caja no se salva ajustando a los m\u00e1s d\u00e9biles sino con transparencia\u201d, se\u00f1al\u00f3 UCR Activa"},"content":{"rendered":"\n<p>Mediante un comunicado, los radicales marcaron postura sobre el proyecto que impulsa el Gobierno provincial. En el texto indican que el tratamiento no debe ser fugaz y se debe convocar a todos los sectores. Adem\u00e1s exigen que, antes de realizar cambios, se le pida a Naci\u00f3n compensaciones previsionales adeudadas.<\/p>\n\n\n\n<p><\/p>\n\n\n\n<p>Comunicado completo de UCR Activa<\/p>\n\n\n\n<p>ANTES DE AJUSTAR: TRANSPARENTAR Y FINANCIAR<\/p>\n\n\n\n<p>Una pol\u00edtica de estado<\/p>\n\n\n\n<p>La Caja de Jubilaciones de Entre R\u00edos no puede ser tratada como una urgencia fiscal ni como una variable de ajuste, sino como una pol\u00edtica de estado porque lo que se decida hoy marcar\u00e1 durante d\u00e9cadas la vida de trabajadores, jubilados y pensionados. Por eso, cualquier modificaci\u00f3n del sistema previsional no puede surgir de lineamientos cambiantes, reuniones reservadas ni presiones pol\u00edticas.<\/p>\n\n\n\n<p>El Estado tiene obligaciones<\/p>\n\n\n\n<p>La Ley 8732 obliga a que, si los fondos no alcanzan, la Provincia y las municipalidades adheridas cubran el d\u00e9ficit en la proporci\u00f3n en que lo originan, y que la Provincia transfiera mensualmente lo necesario para pagar las prestaciones. Por lo tanto, la verdadera pregunta no es cu\u00e1nto recortar, sino: \u00bfqu\u00e9 es lo que no se est\u00e1 cumpliendo y por qu\u00e9?<\/p>\n\n\n\n<p>La \u201csustentabilidad\u201d es una obligaci\u00f3n del Estado, no una excusa para bajar haberes o endurecer condiciones jubilatorias.<\/p>\n\n\n\n<p>El antecedente IOSPER<\/p>\n\n\n\n<p>Es notable el paralelismo -en el manejo que hace el Gobierno provincial- entre la Caja de Jubilaciones con el IOSPER: primero el Estado desfinancia o incumple, y luego usa esa crisis como argumento para avanzar sobre derechos.<\/p>\n\n\n\n<p>Lo que no se hizo<\/p>\n\n\n\n<p>La Provincia pretende ajustar sin agotar las v\u00edas de financiamiento menos lesivas. No reclam\u00f3 la totalidad de las compensaciones previsionales que la Naci\u00f3n adeudaba y acept\u00f3 una soluci\u00f3n parcial, dejando pendiente una parte sustancial del reclamo.<\/p>\n\n\n\n<p>El Gobierno no hizo ni hace todo lo que debe hacer, por lo tanto, es una falacia cualquier intento de presentar el ajuste como inevitable.<\/p>\n\n\n\n<p>El caso ENERSA<\/p>\n\n\n\n<p>Uno de los agujeros hist\u00f3ricos m\u00e1s notorios del sistema es la ENERSA. El propio gobierno reconoci\u00f3 p\u00fablicamente que la incorporaci\u00f3n de sus trabajadores al r\u00e9gimen provincial podr\u00eda representar alrededor de 1.200 millones de pesos por mes, 15.000 millones al a\u00f1o y m\u00e1s de 300.000 millones acumulados en veinte a\u00f1os. A eso se suma que la Caja paga beneficios a alrededor de 800 jubilados del sector mientras que al sistema provincial aportan apenas 28.<\/p>\n\n\n\n<p>El agujero de la ineficiencia cr\u00f3nica<\/p>\n\n\n\n<p>S\u00f3lo en el rubro energ\u00e9tico podr\u00edan incorporarse unos 1.700 aportantes m\u00e1s a la Caja, entre ENERSA, cooperativas el\u00e9ctricas y empresas tercerizadas vinculadas al servicio, todos con salarios relativamente altos y sin una ola inmediata de jubilaciones. \u00bfPor qu\u00e9 no lo hacen? Lo mismo sucede con SIDECREER, BERSA y otros. La incorporaci\u00f3n de estos sectores vinculados al Estado podr\u00edan dar ox\u00edgeno financiero al sistema.<\/p>\n\n\n\n<p>El debate con los entrerrianos<\/p>\n\n\n\n<p>El gobierno debe convocar a audiencias p\u00fablicas y abrir un proceso real de participaci\u00f3n ciudadana. Un tema que atraviesa a toda la sociedad y que afectar\u00e1 de manera irreversible a los entrerrianos no puede resolverse entre pocos funcionarios, gremios afines y legisladores dispuestos a acompa\u00f1ar sin exigir toda la informaci\u00f3n necesaria. Jubilados, trabajadores, especialistas, universidades, organizaciones sociales y la ciudadan\u00eda deben debatir p\u00fablicamente la mejor salida posible con el menor da\u00f1o posible, no como una formalidad, sino como una condici\u00f3n de legitimidad democr\u00e1tica.<\/p>\n\n\n\n<p>L\u00edmites innegociables<\/p>\n\n\n\n<p>En ese debate no se puede tocar el haber inicial ni, sobre todo, la movilidad sin provocar una baja real sustancial en los ingresos jubilatorios.<\/p>\n\n\n\n<p>Hoy, una vez determinado el haber inicial, \u00e9ste acompa\u00f1a el aumento real del trabajador activo. Reemplazar ese criterio por un \u00edndice similar al de la ANSES, desligado de la mejora efectiva del salario y sujeto, en los hechos, a la discrecionalidad del Poder Ejecutivo. Eso implica licuar progresivamente el ingreso del jubilado, lo que encuentra l\u00edmites en la jurisprudencia previsional y en criterios constitucionales frente a f\u00f3rmulas regresivas.<\/p>\n\n\n\n<p>La verdadera salida<\/p>\n\n\n\n<p>La discusi\u00f3n no puede quedar encerrada en una falsa alternativa entre conservar todo como est\u00e1 o aceptar resignadamente un ajuste. La pregunta correcta es otra: \u00bfc\u00f3mo sostenemos el sistema actual y lo hacemos viable sin quitar derechos ni poner en juego la dignidad de los jubilados y pensionados? La Caja no se salva ajustando a los m\u00e1s d\u00e9biles. Se sostiene con transparencia, responsabilidad estatal, financiamiento serio y una decisi\u00f3n democr\u00e1tica de fondo: que Entre R\u00edos discuta su futuro previsional de cara a la sociedad y no entre cuatro paredes.<\/p>\n","protected":false},"excerpt":{"rendered":"<p>Mediante un comunicado, los radicales marcaron postura sobre el proyecto que impulsa el Gobierno provincial. En el texto indican que el tratamiento no debe ser fugaz y se debe convocar a todos los sectores. Adem\u00e1s exigen que, antes de realizar cambios, se le pida a Naci\u00f3n compensaciones previsionales adeudadas. Comunicado completo de UCR Activa ANTES [&hellip;]<\/p>\n","protected":false},"author":4,"featured_media":7911,"comment_status":"open","ping_status":"open","sticky":false,"template":"","format":"standard","meta":{"footnotes":""},"categories":[19,17],"tags":[],"class_list":{"0":"post-7910","1":"post","2":"type-post","3":"status-publish","4":"format-standard","5":"has-post-thumbnail","7":"category-interes-general","8":"category-provinciales"},"yoast_head":"<!-- This site is optimized with the Yoast SEO plugin v27.4 - https:\/\/yoast.com\/product\/yoast-seo-wordpress\/ -->\n<title>Reforma previsional: &quot;La Caja no se salva ajustando a los m\u00e1s d\u00e9biles sino con transparencia\u201d, se\u00f1al\u00f3 UCR Activa - Diario del Sur<\/title>\n<meta name=\"robots\" content=\"index, follow, max-snippet:-1, max-image-preview:large, max-video-preview:-1\" \/>\n<link rel=\"canonical\" href=\"https:\/\/diariodelsurdigital.com.ar\/?p=7910\" \/>\n<meta property=\"og:locale\" content=\"es_ES\" \/>\n<meta property=\"og:type\" content=\"article\" \/>\n<meta property=\"og:title\" content=\"Reforma previsional: &quot;La Caja no se salva ajustando a los m\u00e1s d\u00e9biles sino con transparencia\u201d, se\u00f1al\u00f3 UCR Activa - Diario del Sur\" \/>\n<meta property=\"og:description\" content=\"Mediante un comunicado, los radicales marcaron postura sobre el proyecto que impulsa el Gobierno provincial. En el texto indican que el tratamiento no debe ser fugaz y se debe convocar a todos los sectores. Adem\u00e1s exigen que, antes de realizar cambios, se le pida a Naci\u00f3n compensaciones previsionales adeudadas. Comunicado completo de UCR Activa ANTES [&hellip;]\" \/>\n<meta property=\"og:url\" content=\"https:\/\/diariodelsurdigital.com.ar\/?p=7910\" \/>\n<meta property=\"og:site_name\" content=\"Diario del Sur\" \/>\n<meta property=\"article:published_time\" content=\"2026-04-07T11:46:36+00:00\" \/>\n<meta property=\"article:modified_time\" content=\"2026-04-07T11:46:37+00:00\" \/>\n<meta property=\"og:image\" content=\"https:\/\/diariodelsurdigital.com.ar\/wp-content\/uploads\/2026\/04\/md-68.webp\" \/>\n\t<meta property=\"og:image:width\" content=\"992\" \/>\n\t<meta property=\"og:image:height\" content=\"796\" \/>\n\t<meta property=\"og:image:type\" content=\"image\/webp\" \/>\n<meta name=\"author\" content=\"Diario del Sur Digital\" \/>\n<meta name=\"twitter:card\" content=\"summary_large_image\" \/>\n<meta name=\"twitter:label1\" content=\"Escrito por\" \/>\n\t<meta name=\"twitter:data1\" content=\"Diario del Sur Digital\" \/>\n\t<meta name=\"twitter:label2\" content=\"Tiempo de lectura\" \/>\n\t<meta name=\"twitter:data2\" content=\"4 minutos\" \/>\n<script type=\"application\/ld+json\" class=\"yoast-schema-graph\">{\"@context\":\"https:\\\/\\\/schema.org\",\"@graph\":[{\"@type\":\"Article\",\"@id\":\"https:\\\/\\\/diariodelsurdigital.com.ar\\\/?p=7910#article\",\"isPartOf\":{\"@id\":\"https:\\\/\\\/diariodelsurdigital.com.ar\\\/?p=7910\"},\"author\":{\"name\":\"Diario del Sur Digital\",\"@id\":\"https:\\\/\\\/diariodelsurdigital.com.ar\\\/#\\\/schema\\\/person\\\/1a4992532ed62965c968031b49195c81\"},\"headline\":\"Reforma previsional: \u00abLa Caja no se salva ajustando a los m\u00e1s d\u00e9biles sino con transparencia\u201d, se\u00f1al\u00f3 UCR Activa\",\"datePublished\":\"2026-04-07T11:46:36+00:00\",\"dateModified\":\"2026-04-07T11:46:37+00:00\",\"mainEntityOfPage\":{\"@id\":\"https:\\\/\\\/diariodelsurdigital.com.ar\\\/?p=7910\"},\"wordCount\":800,\"commentCount\":0,\"image\":{\"@id\":\"https:\\\/\\\/diariodelsurdigital.com.ar\\\/?p=7910#primaryimage\"},\"thumbnailUrl\":\"https:\\\/\\\/diariodelsurdigital.com.ar\\\/wp-content\\\/uploads\\\/2026\\\/04\\\/md-68.webp\",\"articleSection\":[\"Inter\u00e9s General\",\"Provinciales\"],\"inLanguage\":\"es\",\"potentialAction\":[{\"@type\":\"CommentAction\",\"name\":\"Comment\",\"target\":[\"https:\\\/\\\/diariodelsurdigital.com.ar\\\/?p=7910#respond\"]}]},{\"@type\":\"WebPage\",\"@id\":\"https:\\\/\\\/diariodelsurdigital.com.ar\\\/?p=7910\",\"url\":\"https:\\\/\\\/diariodelsurdigital.com.ar\\\/?p=7910\",\"name\":\"Reforma previsional: \\\"La Caja no se salva ajustando a los m\u00e1s d\u00e9biles sino con transparencia\u201d, se\u00f1al\u00f3 UCR Activa - Diario del Sur\",\"isPartOf\":{\"@id\":\"https:\\\/\\\/diariodelsurdigital.com.ar\\\/#website\"},\"primaryImageOfPage\":{\"@id\":\"https:\\\/\\\/diariodelsurdigital.com.ar\\\/?p=7910#primaryimage\"},\"image\":{\"@id\":\"https:\\\/\\\/diariodelsurdigital.com.ar\\\/?p=7910#primaryimage\"},\"thumbnailUrl\":\"https:\\\/\\\/diariodelsurdigital.com.ar\\\/wp-content\\\/uploads\\\/2026\\\/04\\\/md-68.webp\",\"datePublished\":\"2026-04-07T11:46:36+00:00\",\"dateModified\":\"2026-04-07T11:46:37+00:00\",\"author\":{\"@id\":\"https:\\\/\\\/diariodelsurdigital.com.ar\\\/#\\\/schema\\\/person\\\/1a4992532ed62965c968031b49195c81\"},\"breadcrumb\":{\"@id\":\"https:\\\/\\\/diariodelsurdigital.com.ar\\\/?p=7910#breadcrumb\"},\"inLanguage\":\"es\",\"potentialAction\":[{\"@type\":\"ReadAction\",\"target\":[\"https:\\\/\\\/diariodelsurdigital.com.ar\\\/?p=7910\"]}]},{\"@type\":\"ImageObject\",\"inLanguage\":\"es\",\"@id\":\"https:\\\/\\\/diariodelsurdigital.com.ar\\\/?p=7910#primaryimage\",\"url\":\"https:\\\/\\\/diariodelsurdigital.com.ar\\\/wp-content\\\/uploads\\\/2026\\\/04\\\/md-68.webp\",\"contentUrl\":\"https:\\\/\\\/diariodelsurdigital.com.ar\\\/wp-content\\\/uploads\\\/2026\\\/04\\\/md-68.webp\",\"width\":992,\"height\":796},{\"@type\":\"BreadcrumbList\",\"@id\":\"https:\\\/\\\/diariodelsurdigital.com.ar\\\/?p=7910#breadcrumb\",\"itemListElement\":[{\"@type\":\"ListItem\",\"position\":1,\"name\":\"Portada\",\"item\":\"https:\\\/\\\/diariodelsurdigital.com.ar\\\/\"},{\"@type\":\"ListItem\",\"position\":2,\"name\":\"Reforma previsional: \u00abLa Caja no se salva ajustando a los m\u00e1s d\u00e9biles sino con transparencia\u201d, se\u00f1al\u00f3 UCR Activa\"}]},{\"@type\":\"WebSite\",\"@id\":\"https:\\\/\\\/diariodelsurdigital.com.ar\\\/#website\",\"url\":\"https:\\\/\\\/diariodelsurdigital.com.ar\\\/\",\"name\":\"Diario del Sur\",\"description\":\"Digital\",\"potentialAction\":[{\"@type\":\"SearchAction\",\"target\":{\"@type\":\"EntryPoint\",\"urlTemplate\":\"https:\\\/\\\/diariodelsurdigital.com.ar\\\/?s={search_term_string}\"},\"query-input\":{\"@type\":\"PropertyValueSpecification\",\"valueRequired\":true,\"valueName\":\"search_term_string\"}}],\"inLanguage\":\"es\"},{\"@type\":\"Person\",\"@id\":\"https:\\\/\\\/diariodelsurdigital.com.ar\\\/#\\\/schema\\\/person\\\/1a4992532ed62965c968031b49195c81\",\"name\":\"Diario del Sur Digital\",\"image\":{\"@type\":\"ImageObject\",\"inLanguage\":\"es\",\"@id\":\"https:\\\/\\\/secure.gravatar.com\\\/avatar\\\/f0c7c47fc7146d19828273b9b8eda651c9c7ab583767e6338d3d3bee825adf76?s=96&d=mm&r=g\",\"url\":\"https:\\\/\\\/secure.gravatar.com\\\/avatar\\\/f0c7c47fc7146d19828273b9b8eda651c9c7ab583767e6338d3d3bee825adf76?s=96&d=mm&r=g\",\"contentUrl\":\"https:\\\/\\\/secure.gravatar.com\\\/avatar\\\/f0c7c47fc7146d19828273b9b8eda651c9c7ab583767e6338d3d3bee825adf76?s=96&d=mm&r=g\",\"caption\":\"Diario del Sur Digital\"},\"url\":\"https:\\\/\\\/diariodelsurdigital.com.ar\\\/?author=4\"}]}<\/script>\n<!-- \/ Yoast SEO plugin. -->","yoast_head_json":{"title":"Reforma previsional: \"La Caja no se salva ajustando a los m\u00e1s d\u00e9biles sino con transparencia\u201d, se\u00f1al\u00f3 UCR Activa - Diario del Sur","robots":{"index":"index","follow":"follow","max-snippet":"max-snippet:-1","max-image-preview":"max-image-preview:large","max-video-preview":"max-video-preview:-1"},"canonical":"https:\/\/diariodelsurdigital.com.ar\/?p=7910","og_locale":"es_ES","og_type":"article","og_title":"Reforma previsional: \"La Caja no se salva ajustando a los m\u00e1s d\u00e9biles sino con transparencia\u201d, se\u00f1al\u00f3 UCR Activa - Diario del Sur","og_description":"Mediante un comunicado, los radicales marcaron postura sobre el proyecto que impulsa el Gobierno provincial. En el texto indican que el tratamiento no debe ser fugaz y se debe convocar a todos los sectores. Adem\u00e1s exigen que, antes de realizar cambios, se le pida a Naci\u00f3n compensaciones previsionales adeudadas. Comunicado completo de UCR Activa ANTES [&hellip;]","og_url":"https:\/\/diariodelsurdigital.com.ar\/?p=7910","og_site_name":"Diario del Sur","article_published_time":"2026-04-07T11:46:36+00:00","article_modified_time":"2026-04-07T11:46:37+00:00","og_image":[{"width":992,"height":796,"url":"https:\/\/diariodelsurdigital.com.ar\/wp-content\/uploads\/2026\/04\/md-68.webp","type":"image\/webp"}],"author":"Diario del Sur Digital","twitter_card":"summary_large_image","twitter_misc":{"Escrito por":"Diario del Sur Digital","Tiempo de lectura":"4 minutos"},"schema":{"@context":"https:\/\/schema.org","@graph":[{"@type":"Article","@id":"https:\/\/diariodelsurdigital.com.ar\/?p=7910#article","isPartOf":{"@id":"https:\/\/diariodelsurdigital.com.ar\/?p=7910"},"author":{"name":"Diario del Sur Digital","@id":"https:\/\/diariodelsurdigital.com.ar\/#\/schema\/person\/1a4992532ed62965c968031b49195c81"},"headline":"Reforma previsional: \u00abLa Caja no se salva ajustando a los m\u00e1s d\u00e9biles sino con transparencia\u201d, se\u00f1al\u00f3 UCR Activa","datePublished":"2026-04-07T11:46:36+00:00","dateModified":"2026-04-07T11:46:37+00:00","mainEntityOfPage":{"@id":"https:\/\/diariodelsurdigital.com.ar\/?p=7910"},"wordCount":800,"commentCount":0,"image":{"@id":"https:\/\/diariodelsurdigital.com.ar\/?p=7910#primaryimage"},"thumbnailUrl":"https:\/\/diariodelsurdigital.com.ar\/wp-content\/uploads\/2026\/04\/md-68.webp","articleSection":["Inter\u00e9s General","Provinciales"],"inLanguage":"es","potentialAction":[{"@type":"CommentAction","name":"Comment","target":["https:\/\/diariodelsurdigital.com.ar\/?p=7910#respond"]}]},{"@type":"WebPage","@id":"https:\/\/diariodelsurdigital.com.ar\/?p=7910","url":"https:\/\/diariodelsurdigital.com.ar\/?p=7910","name":"Reforma previsional: \"La Caja no se salva ajustando a los m\u00e1s d\u00e9biles sino con transparencia\u201d, se\u00f1al\u00f3 UCR Activa - Diario del Sur","isPartOf":{"@id":"https:\/\/diariodelsurdigital.com.ar\/#website"},"primaryImageOfPage":{"@id":"https:\/\/diariodelsurdigital.com.ar\/?p=7910#primaryimage"},"image":{"@id":"https:\/\/diariodelsurdigital.com.ar\/?p=7910#primaryimage"},"thumbnailUrl":"https:\/\/diariodelsurdigital.com.ar\/wp-content\/uploads\/2026\/04\/md-68.webp","datePublished":"2026-04-07T11:46:36+00:00","dateModified":"2026-04-07T11:46:37+00:00","author":{"@id":"https:\/\/diariodelsurdigital.com.ar\/#\/schema\/person\/1a4992532ed62965c968031b49195c81"},"breadcrumb":{"@id":"https:\/\/diariodelsurdigital.com.ar\/?p=7910#breadcrumb"},"inLanguage":"es","potentialAction":[{"@type":"ReadAction","target":["https:\/\/diariodelsurdigital.com.ar\/?p=7910"]}]},{"@type":"ImageObject","inLanguage":"es","@id":"https:\/\/diariodelsurdigital.com.ar\/?p=7910#primaryimage","url":"https:\/\/diariodelsurdigital.com.ar\/wp-content\/uploads\/2026\/04\/md-68.webp","contentUrl":"https:\/\/diariodelsurdigital.com.ar\/wp-content\/uploads\/2026\/04\/md-68.webp","width":992,"height":796},{"@type":"BreadcrumbList","@id":"https:\/\/diariodelsurdigital.com.ar\/?p=7910#breadcrumb","itemListElement":[{"@type":"ListItem","position":1,"name":"Portada","item":"https:\/\/diariodelsurdigital.com.ar\/"},{"@type":"ListItem","position":2,"name":"Reforma previsional: \u00abLa Caja no se salva ajustando a los m\u00e1s d\u00e9biles sino con transparencia\u201d, se\u00f1al\u00f3 UCR Activa"}]},{"@type":"WebSite","@id":"https:\/\/diariodelsurdigital.com.ar\/#website","url":"https:\/\/diariodelsurdigital.com.ar\/","name":"Diario del Sur","description":"Digital","potentialAction":[{"@type":"SearchAction","target":{"@type":"EntryPoint","urlTemplate":"https:\/\/diariodelsurdigital.com.ar\/?s={search_term_string}"},"query-input":{"@type":"PropertyValueSpecification","valueRequired":true,"valueName":"search_term_string"}}],"inLanguage":"es"},{"@type":"Person","@id":"https:\/\/diariodelsurdigital.com.ar\/#\/schema\/person\/1a4992532ed62965c968031b49195c81","name":"Diario del Sur Digital","image":{"@type":"ImageObject","inLanguage":"es","@id":"https:\/\/secure.gravatar.com\/avatar\/f0c7c47fc7146d19828273b9b8eda651c9c7ab583767e6338d3d3bee825adf76?s=96&d=mm&r=g","url":"https:\/\/secure.gravatar.com\/avatar\/f0c7c47fc7146d19828273b9b8eda651c9c7ab583767e6338d3d3bee825adf76?s=96&d=mm&r=g","contentUrl":"https:\/\/secure.gravatar.com\/avatar\/f0c7c47fc7146d19828273b9b8eda651c9c7ab583767e6338d3d3bee825adf76?s=96&d=mm&r=g","caption":"Diario del Sur Digital"},"url":"https:\/\/diariodelsurdigital.com.ar\/?author=4"}]}},"_links":{"self":[{"href":"https:\/\/diariodelsurdigital.com.ar\/index.php?rest_route=\/wp\/v2\/posts\/7910","targetHints":{"allow":["GET"]}}],"collection":[{"href":"https:\/\/diariodelsurdigital.com.ar\/index.php?rest_route=\/wp\/v2\/posts"}],"about":[{"href":"https:\/\/diariodelsurdigital.com.ar\/index.php?rest_route=\/wp\/v2\/types\/post"}],"author":[{"embeddable":true,"href":"https:\/\/diariodelsurdigital.com.ar\/index.php?rest_route=\/wp\/v2\/users\/4"}],"replies":[{"embeddable":true,"href":"https:\/\/diariodelsurdigital.com.ar\/index.php?rest_route=%2Fwp%2Fv2%2Fcomments&post=7910"}],"version-history":[{"count":1,"href":"https:\/\/diariodelsurdigital.com.ar\/index.php?rest_route=\/wp\/v2\/posts\/7910\/revisions"}],"predecessor-version":[{"id":7912,"href":"https:\/\/diariodelsurdigital.com.ar\/index.php?rest_route=\/wp\/v2\/posts\/7910\/revisions\/7912"}],"wp:featuredmedia":[{"embeddable":true,"href":"https:\/\/diariodelsurdigital.com.ar\/index.php?rest_route=\/wp\/v2\/media\/7911"}],"wp:attachment":[{"href":"https:\/\/diariodelsurdigital.com.ar\/index.php?rest_route=%2Fwp%2Fv2%2Fmedia&parent=7910"}],"wp:term":[{"taxonomy":"category","embeddable":true,"href":"https:\/\/diariodelsurdigital.com.ar\/index.php?rest_route=%2Fwp%2Fv2%2Fcategories&post=7910"},{"taxonomy":"post_tag","embeddable":true,"href":"https:\/\/diariodelsurdigital.com.ar\/index.php?rest_route=%2Fwp%2Fv2%2Ftags&post=7910"}],"curies":[{"name":"wp","href":"https:\/\/api.w.org\/{rel}","templated":true}]}}