{"id":7918,"date":"2026-04-07T16:50:56","date_gmt":"2026-04-07T19:50:56","guid":{"rendered":"https:\/\/diariodelsurdigital.com.ar\/?p=7918"},"modified":"2026-04-07T16:50:56","modified_gmt":"2026-04-07T19:50:56","slug":"el-jefe-de-la-comisaria-de-chajari-y-un-sargento-fueron-apartados-de-sus-funciones","status":"publish","type":"post","link":"https:\/\/diariodelsurdigital.com.ar\/?p=7918","title":{"rendered":"El Jefe de la comisar\u00eda de Chajar\u00ed y un Sargento fueron apartados\u00a0de sus funciones"},"content":{"rendered":"\n<p><strong>Tras el suicido de una joven mujer polic\u00eda en la ciudad de Chajar\u00ed, el pasado jueves 2 de abril, en un comercio ubicado en la intersecci\u00f3n de las avenidas 9 de Julio y Siburu, en las \u00faltimas horas pasaron a disponibilidad a dos integrantes de la comisar\u00eda local N\u00b0 1.<\/strong><\/p>\n\n\n\n<figure class=\"wp-block-image\"><img decoding=\"async\" src=\"https:\/\/cdnartic.ar\/17ooJNmp6slwouCTkY44TrSCC9E=\/1500x0\/filters:no_upscale():format(webp):quality(40)\/https:\/\/elheraldocdn.eleco.com.ar\/media\/2026\/04\/comisaria_chajari.jpeg\" alt=\"El Jefe de la comisar\u00eda de Chajar\u00ed y un Sargento fueron apartados\u00a0de sus funciones\"\/><\/figure>\n\n\n\n<p>La informaci\u00f3n fue confirmada a Radio Chajar\u00ed por el Comisario Inspector Luis Cristian Valdez Puente, Jefe Departamental de la polic\u00eda, quien manifest\u00f3 que el Jefe de la Comisaria N\u00b0 1, Mauricio Maschio y el Sargento Leonard, fueron puestos a disponibilidad.<\/p>\n\n\n\n<p>La decisi\u00f3n se ha tomado a \u201clos fines de darle un marco de transparencia tanto a la investigaci\u00f3n judicial como a la interna\u201d explic\u00f3 Valdez Puente.<br>A su vez, manifest\u00f3 que \u201cpersonal de Asuntos Internos se hizo presente en la comisar\u00eda y nosotros hemos puesto a disposici\u00f3n todos los elementos que nos requirieron. Han tomado entrevistas al personal\u201d.<\/p>\n\n\n\n<p>El entrevistado record\u00f3 que el celular de la joven polic\u00eda fue secuestrado en el lugar del hecho y fue puesto a disposici\u00f3n de la justicia. &nbsp;<br>Cabe recordar que el pase a disponibilidad en la polic\u00eda es una medida administrativa preventiva y transitoria, no una sanci\u00f3n definitiva, que separa al personal de sus funciones ordinarias. Se aplica ante investigaciones internas, sumarios o conductas indecorosas para preservar el orden, retirando temporalmente el arma y otros elementos.<\/p>\n\n\n\n<p>Fuente: El Heraldo <\/p>\n","protected":false},"excerpt":{"rendered":"<p>Tras el suicido de una joven mujer polic\u00eda en la ciudad de Chajar\u00ed, el pasado jueves 2 de abril, en un comercio ubicado en la intersecci\u00f3n de las avenidas 9 de Julio y Siburu, en las \u00faltimas horas pasaron a disponibilidad a dos integrantes de la comisar\u00eda local N\u00b0 1. La informaci\u00f3n fue confirmada a [&hellip;]<\/p>\n","protected":false},"author":3,"featured_media":7919,"comment_status":"open","ping_status":"open","sticky":false,"template":"","format":"standard","meta":{"footnotes":""},"categories":[21],"tags":[],"class_list":{"0":"post-7918","1":"post","2":"type-post","3":"status-publish","4":"format-standard","5":"has-post-thumbnail","7":"category-policiales"},"yoast_head":"<!-- This site is optimized with the Yoast SEO plugin v27.4 - https:\/\/yoast.com\/product\/yoast-seo-wordpress\/ -->\n<title>El Jefe de la comisar\u00eda de Chajar\u00ed y un Sargento fueron apartados\u00a0de sus funciones - Diario del Sur<\/title>\n<meta name=\"robots\" content=\"index, follow, max-snippet:-1, max-image-preview:large, max-video-preview:-1\" \/>\n<link rel=\"canonical\" href=\"https:\/\/diariodelsurdigital.com.ar\/?p=7918\" \/>\n<meta property=\"og:locale\" content=\"es_ES\" \/>\n<meta property=\"og:type\" content=\"article\" \/>\n<meta property=\"og:title\" content=\"El Jefe de la comisar\u00eda de Chajar\u00ed y un Sargento fueron apartados\u00a0de sus funciones - Diario del Sur\" \/>\n<meta property=\"og:description\" content=\"Tras el suicido de una joven mujer polic\u00eda en la ciudad de Chajar\u00ed, el pasado jueves 2 de abril, en un comercio ubicado en la intersecci\u00f3n de las avenidas 9 de Julio y Siburu, en las \u00faltimas horas pasaron a disponibilidad a dos integrantes de la comisar\u00eda local N\u00b0 1. La informaci\u00f3n fue confirmada a [&hellip;]\" \/>\n<meta property=\"og:url\" content=\"https:\/\/diariodelsurdigital.com.ar\/?p=7918\" \/>\n<meta property=\"og:site_name\" content=\"Diario del Sur\" \/>\n<meta property=\"article:published_time\" content=\"2026-04-07T19:50:56+00:00\" \/>\n<meta property=\"og:image\" content=\"https:\/\/diariodelsurdigital.com.ar\/wp-content\/uploads\/2026\/04\/comisaria_chajari.webp\" \/>\n\t<meta property=\"og:image:width\" content=\"960\" \/>\n\t<meta property=\"og:image:height\" content=\"720\" \/>\n\t<meta property=\"og:image:type\" content=\"image\/webp\" \/>\n<meta name=\"author\" content=\"Diario del Sur Digital\" \/>\n<meta name=\"twitter:card\" content=\"summary_large_image\" \/>\n<meta name=\"twitter:label1\" content=\"Escrito por\" \/>\n\t<meta name=\"twitter:data1\" content=\"Diario del Sur Digital\" \/>\n\t<meta name=\"twitter:label2\" content=\"Tiempo de lectura\" \/>\n\t<meta name=\"twitter:data2\" content=\"2 minutos\" \/>\n<script type=\"application\/ld+json\" class=\"yoast-schema-graph\">{\"@context\":\"https:\\\/\\\/schema.org\",\"@graph\":[{\"@type\":\"Article\",\"@id\":\"https:\\\/\\\/diariodelsurdigital.com.ar\\\/?p=7918#article\",\"isPartOf\":{\"@id\":\"https:\\\/\\\/diariodelsurdigital.com.ar\\\/?p=7918\"},\"author\":{\"name\":\"Diario del Sur Digital\",\"@id\":\"https:\\\/\\\/diariodelsurdigital.com.ar\\\/#\\\/schema\\\/person\\\/d794acb23337e88c6e4004a39c32be62\"},\"headline\":\"El Jefe de la comisar\u00eda de Chajar\u00ed y un Sargento fueron apartados\u00a0de sus funciones\",\"datePublished\":\"2026-04-07T19:50:56+00:00\",\"mainEntityOfPage\":{\"@id\":\"https:\\\/\\\/diariodelsurdigital.com.ar\\\/?p=7918\"},\"wordCount\":251,\"commentCount\":0,\"image\":{\"@id\":\"https:\\\/\\\/diariodelsurdigital.com.ar\\\/?p=7918#primaryimage\"},\"thumbnailUrl\":\"https:\\\/\\\/diariodelsurdigital.com.ar\\\/wp-content\\\/uploads\\\/2026\\\/04\\\/comisaria_chajari.webp\",\"articleSection\":[\"Policiales\"],\"inLanguage\":\"es\",\"potentialAction\":[{\"@type\":\"CommentAction\",\"name\":\"Comment\",\"target\":[\"https:\\\/\\\/diariodelsurdigital.com.ar\\\/?p=7918#respond\"]}]},{\"@type\":\"WebPage\",\"@id\":\"https:\\\/\\\/diariodelsurdigital.com.ar\\\/?p=7918\",\"url\":\"https:\\\/\\\/diariodelsurdigital.com.ar\\\/?p=7918\",\"name\":\"El Jefe de la comisar\u00eda de Chajar\u00ed y un Sargento fueron apartados\u00a0de sus funciones - Diario del Sur\",\"isPartOf\":{\"@id\":\"https:\\\/\\\/diariodelsurdigital.com.ar\\\/#website\"},\"primaryImageOfPage\":{\"@id\":\"https:\\\/\\\/diariodelsurdigital.com.ar\\\/?p=7918#primaryimage\"},\"image\":{\"@id\":\"https:\\\/\\\/diariodelsurdigital.com.ar\\\/?p=7918#primaryimage\"},\"thumbnailUrl\":\"https:\\\/\\\/diariodelsurdigital.com.ar\\\/wp-content\\\/uploads\\\/2026\\\/04\\\/comisaria_chajari.webp\",\"datePublished\":\"2026-04-07T19:50:56+00:00\",\"author\":{\"@id\":\"https:\\\/\\\/diariodelsurdigital.com.ar\\\/#\\\/schema\\\/person\\\/d794acb23337e88c6e4004a39c32be62\"},\"breadcrumb\":{\"@id\":\"https:\\\/\\\/diariodelsurdigital.com.ar\\\/?p=7918#breadcrumb\"},\"inLanguage\":\"es\",\"potentialAction\":[{\"@type\":\"ReadAction\",\"target\":[\"https:\\\/\\\/diariodelsurdigital.com.ar\\\/?p=7918\"]}]},{\"@type\":\"ImageObject\",\"inLanguage\":\"es\",\"@id\":\"https:\\\/\\\/diariodelsurdigital.com.ar\\\/?p=7918#primaryimage\",\"url\":\"https:\\\/\\\/diariodelsurdigital.com.ar\\\/wp-content\\\/uploads\\\/2026\\\/04\\\/comisaria_chajari.webp\",\"contentUrl\":\"https:\\\/\\\/diariodelsurdigital.com.ar\\\/wp-content\\\/uploads\\\/2026\\\/04\\\/comisaria_chajari.webp\",\"width\":960,\"height\":720},{\"@type\":\"BreadcrumbList\",\"@id\":\"https:\\\/\\\/diariodelsurdigital.com.ar\\\/?p=7918#breadcrumb\",\"itemListElement\":[{\"@type\":\"ListItem\",\"position\":1,\"name\":\"Portada\",\"item\":\"https:\\\/\\\/diariodelsurdigital.com.ar\\\/\"},{\"@type\":\"ListItem\",\"position\":2,\"name\":\"El Jefe de la comisar\u00eda de Chajar\u00ed y un Sargento fueron apartados\u00a0de sus funciones\"}]},{\"@type\":\"WebSite\",\"@id\":\"https:\\\/\\\/diariodelsurdigital.com.ar\\\/#website\",\"url\":\"https:\\\/\\\/diariodelsurdigital.com.ar\\\/\",\"name\":\"Diario del Sur\",\"description\":\"Digital\",\"potentialAction\":[{\"@type\":\"SearchAction\",\"target\":{\"@type\":\"EntryPoint\",\"urlTemplate\":\"https:\\\/\\\/diariodelsurdigital.com.ar\\\/?s={search_term_string}\"},\"query-input\":{\"@type\":\"PropertyValueSpecification\",\"valueRequired\":true,\"valueName\":\"search_term_string\"}}],\"inLanguage\":\"es\"},{\"@type\":\"Person\",\"@id\":\"https:\\\/\\\/diariodelsurdigital.com.ar\\\/#\\\/schema\\\/person\\\/d794acb23337e88c6e4004a39c32be62\",\"name\":\"Diario del Sur Digital\",\"image\":{\"@type\":\"ImageObject\",\"inLanguage\":\"es\",\"@id\":\"https:\\\/\\\/secure.gravatar.com\\\/avatar\\\/47679bcfa15734cfdefc176b6ad58adeeccac22b2e03e095ada6c622af2b463a?s=96&d=mm&r=g\",\"url\":\"https:\\\/\\\/secure.gravatar.com\\\/avatar\\\/47679bcfa15734cfdefc176b6ad58adeeccac22b2e03e095ada6c622af2b463a?s=96&d=mm&r=g\",\"contentUrl\":\"https:\\\/\\\/secure.gravatar.com\\\/avatar\\\/47679bcfa15734cfdefc176b6ad58adeeccac22b2e03e095ada6c622af2b463a?s=96&d=mm&r=g\",\"caption\":\"Diario del Sur Digital\"},\"url\":\"https:\\\/\\\/diariodelsurdigital.com.ar\\\/?author=3\"}]}<\/script>\n<!-- \/ Yoast SEO plugin. -->","yoast_head_json":{"title":"El Jefe de la comisar\u00eda de Chajar\u00ed y un Sargento fueron apartados\u00a0de sus funciones - Diario del Sur","robots":{"index":"index","follow":"follow","max-snippet":"max-snippet:-1","max-image-preview":"max-image-preview:large","max-video-preview":"max-video-preview:-1"},"canonical":"https:\/\/diariodelsurdigital.com.ar\/?p=7918","og_locale":"es_ES","og_type":"article","og_title":"El Jefe de la comisar\u00eda de Chajar\u00ed y un Sargento fueron apartados\u00a0de sus funciones - Diario del Sur","og_description":"Tras el suicido de una joven mujer polic\u00eda en la ciudad de Chajar\u00ed, el pasado jueves 2 de abril, en un comercio ubicado en la intersecci\u00f3n de las avenidas 9 de Julio y Siburu, en las \u00faltimas horas pasaron a disponibilidad a dos integrantes de la comisar\u00eda local N\u00b0 1. La informaci\u00f3n fue confirmada a [&hellip;]","og_url":"https:\/\/diariodelsurdigital.com.ar\/?p=7918","og_site_name":"Diario del Sur","article_published_time":"2026-04-07T19:50:56+00:00","og_image":[{"width":960,"height":720,"url":"https:\/\/diariodelsurdigital.com.ar\/wp-content\/uploads\/2026\/04\/comisaria_chajari.webp","type":"image\/webp"}],"author":"Diario del Sur Digital","twitter_card":"summary_large_image","twitter_misc":{"Escrito por":"Diario del Sur Digital","Tiempo de lectura":"2 minutos"},"schema":{"@context":"https:\/\/schema.org","@graph":[{"@type":"Article","@id":"https:\/\/diariodelsurdigital.com.ar\/?p=7918#article","isPartOf":{"@id":"https:\/\/diariodelsurdigital.com.ar\/?p=7918"},"author":{"name":"Diario del Sur Digital","@id":"https:\/\/diariodelsurdigital.com.ar\/#\/schema\/person\/d794acb23337e88c6e4004a39c32be62"},"headline":"El Jefe de la comisar\u00eda de Chajar\u00ed y un Sargento fueron apartados\u00a0de sus funciones","datePublished":"2026-04-07T19:50:56+00:00","mainEntityOfPage":{"@id":"https:\/\/diariodelsurdigital.com.ar\/?p=7918"},"wordCount":251,"commentCount":0,"image":{"@id":"https:\/\/diariodelsurdigital.com.ar\/?p=7918#primaryimage"},"thumbnailUrl":"https:\/\/diariodelsurdigital.com.ar\/wp-content\/uploads\/2026\/04\/comisaria_chajari.webp","articleSection":["Policiales"],"inLanguage":"es","potentialAction":[{"@type":"CommentAction","name":"Comment","target":["https:\/\/diariodelsurdigital.com.ar\/?p=7918#respond"]}]},{"@type":"WebPage","@id":"https:\/\/diariodelsurdigital.com.ar\/?p=7918","url":"https:\/\/diariodelsurdigital.com.ar\/?p=7918","name":"El Jefe de la comisar\u00eda de Chajar\u00ed y un Sargento fueron apartados\u00a0de sus funciones - Diario del Sur","isPartOf":{"@id":"https:\/\/diariodelsurdigital.com.ar\/#website"},"primaryImageOfPage":{"@id":"https:\/\/diariodelsurdigital.com.ar\/?p=7918#primaryimage"},"image":{"@id":"https:\/\/diariodelsurdigital.com.ar\/?p=7918#primaryimage"},"thumbnailUrl":"https:\/\/diariodelsurdigital.com.ar\/wp-content\/uploads\/2026\/04\/comisaria_chajari.webp","datePublished":"2026-04-07T19:50:56+00:00","author":{"@id":"https:\/\/diariodelsurdigital.com.ar\/#\/schema\/person\/d794acb23337e88c6e4004a39c32be62"},"breadcrumb":{"@id":"https:\/\/diariodelsurdigital.com.ar\/?p=7918#breadcrumb"},"inLanguage":"es","potentialAction":[{"@type":"ReadAction","target":["https:\/\/diariodelsurdigital.com.ar\/?p=7918"]}]},{"@type":"ImageObject","inLanguage":"es","@id":"https:\/\/diariodelsurdigital.com.ar\/?p=7918#primaryimage","url":"https:\/\/diariodelsurdigital.com.ar\/wp-content\/uploads\/2026\/04\/comisaria_chajari.webp","contentUrl":"https:\/\/diariodelsurdigital.com.ar\/wp-content\/uploads\/2026\/04\/comisaria_chajari.webp","width":960,"height":720},{"@type":"BreadcrumbList","@id":"https:\/\/diariodelsurdigital.com.ar\/?p=7918#breadcrumb","itemListElement":[{"@type":"ListItem","position":1,"name":"Portada","item":"https:\/\/diariodelsurdigital.com.ar\/"},{"@type":"ListItem","position":2,"name":"El Jefe de la comisar\u00eda de Chajar\u00ed y un Sargento fueron apartados\u00a0de sus funciones"}]},{"@type":"WebSite","@id":"https:\/\/diariodelsurdigital.com.ar\/#website","url":"https:\/\/diariodelsurdigital.com.ar\/","name":"Diario del Sur","description":"Digital","potentialAction":[{"@type":"SearchAction","target":{"@type":"EntryPoint","urlTemplate":"https:\/\/diariodelsurdigital.com.ar\/?s={search_term_string}"},"query-input":{"@type":"PropertyValueSpecification","valueRequired":true,"valueName":"search_term_string"}}],"inLanguage":"es"},{"@type":"Person","@id":"https:\/\/diariodelsurdigital.com.ar\/#\/schema\/person\/d794acb23337e88c6e4004a39c32be62","name":"Diario del Sur Digital","image":{"@type":"ImageObject","inLanguage":"es","@id":"https:\/\/secure.gravatar.com\/avatar\/47679bcfa15734cfdefc176b6ad58adeeccac22b2e03e095ada6c622af2b463a?s=96&d=mm&r=g","url":"https:\/\/secure.gravatar.com\/avatar\/47679bcfa15734cfdefc176b6ad58adeeccac22b2e03e095ada6c622af2b463a?s=96&d=mm&r=g","contentUrl":"https:\/\/secure.gravatar.com\/avatar\/47679bcfa15734cfdefc176b6ad58adeeccac22b2e03e095ada6c622af2b463a?s=96&d=mm&r=g","caption":"Diario del Sur Digital"},"url":"https:\/\/diariodelsurdigital.com.ar\/?author=3"}]}},"_links":{"self":[{"href":"https:\/\/diariodelsurdigital.com.ar\/index.php?rest_route=\/wp\/v2\/posts\/7918","targetHints":{"allow":["GET"]}}],"collection":[{"href":"https:\/\/diariodelsurdigital.com.ar\/index.php?rest_route=\/wp\/v2\/posts"}],"about":[{"href":"https:\/\/diariodelsurdigital.com.ar\/index.php?rest_route=\/wp\/v2\/types\/post"}],"author":[{"embeddable":true,"href":"https:\/\/diariodelsurdigital.com.ar\/index.php?rest_route=\/wp\/v2\/users\/3"}],"replies":[{"embeddable":true,"href":"https:\/\/diariodelsurdigital.com.ar\/index.php?rest_route=%2Fwp%2Fv2%2Fcomments&post=7918"}],"version-history":[{"count":1,"href":"https:\/\/diariodelsurdigital.com.ar\/index.php?rest_route=\/wp\/v2\/posts\/7918\/revisions"}],"predecessor-version":[{"id":7920,"href":"https:\/\/diariodelsurdigital.com.ar\/index.php?rest_route=\/wp\/v2\/posts\/7918\/revisions\/7920"}],"wp:featuredmedia":[{"embeddable":true,"href":"https:\/\/diariodelsurdigital.com.ar\/index.php?rest_route=\/wp\/v2\/media\/7919"}],"wp:attachment":[{"href":"https:\/\/diariodelsurdigital.com.ar\/index.php?rest_route=%2Fwp%2Fv2%2Fmedia&parent=7918"}],"wp:term":[{"taxonomy":"category","embeddable":true,"href":"https:\/\/diariodelsurdigital.com.ar\/index.php?rest_route=%2Fwp%2Fv2%2Fcategories&post=7918"},{"taxonomy":"post_tag","embeddable":true,"href":"https:\/\/diariodelsurdigital.com.ar\/index.php?rest_route=%2Fwp%2Fv2%2Ftags&post=7918"}],"curies":[{"name":"wp","href":"https:\/\/api.w.org\/{rel}","templated":true}]}}