{"id":7930,"date":"2026-04-07T20:04:19","date_gmt":"2026-04-07T23:04:19","guid":{"rendered":"https:\/\/diariodelsurdigital.com.ar\/?p=7930"},"modified":"2026-04-07T20:16:13","modified_gmt":"2026-04-07T23:16:13","slug":"la-justicia-fallo-a-favor-de-camejo-y-ordeno-reconocer-provisoriamente-a-la-conduccion-electa-del-sindicato-de-la-fruta","status":"publish","type":"post","link":"https:\/\/diariodelsurdigital.com.ar\/?p=7930","title":{"rendered":"La Justicia fall\u00f3 a favor de Camejo y orden\u00f3 reconocer provisoriamente a la conducci\u00f3n electa del Sindicato de la Fruta"},"content":{"rendered":"\n<h1 class=\"wp-block-heading\" id=\"brxe-mcjnxk\"><\/h1>\n\n\n\n<p id=\"brxe-cxaobx\">El Juzgado Nacional del Trabajo N\u00b0 2 oblig\u00f3 al Estado a emitir la certificaci\u00f3n provisoria de autoridades y advirti\u00f3 con multas de $100 mil por d\u00eda. La decisi\u00f3n irrumpe en una disputa que lleva meses sin resoluci\u00f3n y mantiene paralizada la vida institucional del gremio.<\/p>\n\n\n\n<figure class=\"wp-block-image\"><img decoding=\"async\" src=\"https:\/\/www.diariojunio.com.ar\/wp-content\/uploads\/2024\/01\/avatar_user_4_1706611335.jpg\" alt=\"\"\/><\/figure>\n\n\n\n<p id=\"brxe-yvuqgx\"><strong>Por: Federico Odorisio<\/strong><\/p>\n\n\n\n<figure class=\"wp-block-image\" id=\"brxe-kfggav\"><img decoding=\"async\" src=\"https:\/\/www.diariojunio.com.ar\/wp-content\/uploads\/2026\/03\/sof-2.jpg\" alt=\"\"\/><\/figure>\n\n\n\n<p>Luego de meses de conflicto, denuncias cruzadas y una par\u00e1lisis que golpea de lleno a trabajadores y afiliados, la Justicia nacional dio un paso que puede reordenar \u2014al menos de forma transitoria\u2014 la situaci\u00f3n del Sindicato Obrero de la Fruta (SOF) de Concordia.<\/p>\n\n\n\n<p>El Juzgado Nacional de Primera Instancia del Trabajo N\u00b0 2 resolvi\u00f3 este 7 de abril ordenar a la Direcci\u00f3n Nacional de Asociaciones del Trabajo que, en un plazo de cinco d\u00edas, emita la certificaci\u00f3n provisoria de las autoridades surgidas del proceso electoral del 20 de enero de 2026. La medida advirti\u00f3 que si el organismo no cumple, deber\u00e1 pagar una multa de $100.000 por cada d\u00eda de demora.<\/p>\n\n\n\n<figure class=\"wp-block-image\"><img decoding=\"async\" src=\"https:\/\/www.diariojunio.com.ar\/wp-content\/uploads\/2026\/04\/sindicato-de-la-fruta-resolucion.-jpg-300x238.jpg\" alt=\"sindicato de la fruta resoluci\u00f3n. jpg\" class=\"wp-image-144758\"\/><\/figure>\n\n\n\n<p>Seg\u00fan consta en el expediente, la lista \u201cCeleste Unidad\u201d se impuso en los comicios del 20 de enero, consagrando a Domingo Alcides Camejo como secretario general para el per\u00edodo 2026-2030. El proceso electoral \u2014desde la convocatoria hasta la asunci\u00f3n de autoridades el 23 de febrero\u2014 se desarroll\u00f3, al menos en la instancia interna, sin impugnaciones formales.<\/p>\n\n\n\n<p>Sin embargo, el reconocimiento oficial nunca lleg\u00f3.<\/p>\n\n\n\n<p>La autoridad laboral nacional se declar\u00f3 \u201cincompetente\u201d para emitir la certificaci\u00f3n, apoy\u00e1ndose en una interpretaci\u00f3n del DNU 342\/2025 y en la menci\u00f3n de una impugnaci\u00f3n de terceros. Esa decisi\u00f3n administrativa, en los hechos, dej\u00f3 al sindicato en un limbo: autoridades electas, pero sin validaci\u00f3n formal para ejercer.<\/p>\n\n\n\n<p>El fallo es categ\u00f3rico al respecto. Se\u00f1ala que la certificaci\u00f3n no es un acto discrecional ni jurisdiccional, sino un tr\u00e1mite de constataci\u00f3n. Y que su ausencia bloquea la vida institucional de cualquier organizaci\u00f3n.<\/p>\n\n\n\n<p>Desde diciembre de 2025, la disputa por la conducci\u00f3n del SOF escal\u00f3 con episodios judiciales, denuncias por usurpaci\u00f3n de la sede gremial y un clima de incertidumbre que impacta tanto en los trabajadores como en el sector citr\u00edcola. La situaci\u00f3n lleg\u00f3 a un punto cr\u00edtico a fines de marzo, cuando se produjeron detenciones tras un intento de ingreso a la sede sindical en medio de reclamos salariales de empleados administrativos que, seg\u00fan se denunci\u00f3, llevaban meses sin cobrar.<\/p>\n\n\n\n<p>En paralelo, productores citr\u00edcolas comenzaron a retener aportes sindicales y de obra social a la espera de una definici\u00f3n clara sobre qui\u00e9n detenta la conducci\u00f3n leg\u00edtima del gremio. Sin conducci\u00f3n reconocida, el sindicato pierde capacidad operativa, pero tambi\u00e9n financiera.<\/p>\n\n\n\n<p>La Justicia tom\u00f3 nota de ese cuadro y en su resoluci\u00f3n advierti\u00f3 que la falta de certificaci\u00f3n no solo impide actos administrativos b\u00e1sicos \u2014como firmar documentos o gestionar recursos\u2014, sino que tambi\u00e9n pone en riesgo la continuidad de prestaciones esenciales.<\/p>\n\n\n\n<p><strong>La obra social, en el centro de la escena<\/strong><\/p>\n\n\n\n<p>Uno de los puntos m\u00e1s sensibles del fallo es el impacto sobre la obra social del sector.<\/p>\n\n\n\n<p>El juez remarc\u00f3 que la ausencia de autoridades certificadas puede derivar en la paralizaci\u00f3n operativa del sistema de salud del gremio. Y se\u00f1al\u00f3 que esa situaci\u00f3n podr\u00eda comprometer prestaciones b\u00e1sicas, con consecuencias directas sobre la salud de los afiliados.<\/p>\n\n\n\n<p>En el expediente se plantea que la obra social ya se encontraba afectada por la falta de validaci\u00f3n institucional, lo que refuerza la urgencia de una soluci\u00f3n, aunque sea provisoria.<\/p>\n\n\n\n<p><strong>Una salida de emergencia<\/strong><\/p>\n\n\n\n<p>La medida dictada es, en t\u00e9rminos judiciales, una cautelar. No resuelve el fondo del conflicto \u2014que seguir\u00e1 su curso\u2014, pero busca evitar un da\u00f1o mayor.<\/p>\n\n\n\n<p>En ese sentido, ordena emitir una certificaci\u00f3n provisoria que refleje el resultado electoral y permita normalizar, al menos parcialmente, el funcionamiento del sindicato hasta que haya una sentencia definitiva.<\/p>\n\n\n\n<p>El fallo tambi\u00e9n fija un l\u00edmite al accionar estatal, entendiendo que el silencio o la inacci\u00f3n administrativa no pueden derivar en la par\u00e1lisis de derechos fundamentales, como la libertad sindical.<\/p>\n\n\n\n<p>La decisi\u00f3n, por un lado, obliga al Estado a tomar una posici\u00f3n concreta en un plazo breve. Por otro, reintroduce en la escena institucional a una conducci\u00f3n que hab\u00eda quedado, en los hechos, fuera de juego por falta de reconocimiento formal y una intervenci\u00f3n cargada de pol\u00e9micas.<\/p>\n\n\n\n<p>Cabe mencionar la figura de Cristian Iv\u00e1n Amaro -quien carga con una condena penal y una sentencia de 2016 a tres a\u00f1os de prisi\u00f3n en suspenso por el delito de&nbsp;<strong>homicidio agravado en grado de tentativa contra el ex diputado provincial Alejandro Bahler-<\/strong>, el interventor del SOF se fue consolidando en el conflicto con un respaldo pol\u00edtico manifiesto. El ex dirigente bancario y ex funcionario provincial, desembarc\u00f3 en el gremio como representante de una federaci\u00f3n de reciente creaci\u00f3n, FATREFU, sin reconocimiento pleno y vinculada al diputado libertario Pablo Ansaloni, quien p\u00fablicamente respald\u00f3 ese proceso de intervenci\u00f3n . En el plano local y provincial, distintas se\u00f1ales pol\u00edticas \u2014 sectores del oficialismo tanto a nivel provincial y local\u2014 fueron entendidas como un aval t\u00e1cito a esa avanzada. En ese contexto, la falta de definici\u00f3n de la Secretar\u00eda de Trabajo frente a una elecci\u00f3n ya realizada y sin impugnaciones internas fue entendida por el sector de Camejo como parte de un entramado pol\u00edtico y judicial que explicaba en buena medida el \u201csilencio\u201d administrativo que ahora la Justicia vino a romper.<\/p>\n\n\n\n<figure class=\"wp-block-image\"><img decoding=\"async\" src=\"https:\/\/www.diariojunio.com.ar\/wp-content\/uploads\/2026\/04\/sof-agradecimientos-roger-y-cia-300x179.jpg\" alt=\"sof agradecimientos roger y cia\" class=\"wp-image-144762\"\/><\/figure>\n\n\n\n<p>El pr\u00f3ximo paso ser\u00e1 discutir si corresponde o no la certificaci\u00f3n definitiva y qu\u00e9 alcance tiene la intervenci\u00f3n \u2014formal o de hecho\u2014 que atraviesa al sindicato.<\/p>\n\n\n\n<blockquote class=\"wp-block-quote is-layout-flow wp-block-quote-is-layout-flow\"><\/blockquote>\n","protected":false},"excerpt":{"rendered":"<p>El Juzgado Nacional del Trabajo N\u00b0 2 oblig\u00f3 al Estado a emitir la certificaci\u00f3n provisoria de autoridades y advirti\u00f3 con multas de $100 mil por d\u00eda. La decisi\u00f3n irrumpe en una disputa que lleva meses sin resoluci\u00f3n y mantiene paralizada la vida institucional del gremio. Por: Federico Odorisio Luego de meses de conflicto, denuncias cruzadas [&hellip;]<\/p>\n","protected":false},"author":2,"featured_media":7931,"comment_status":"open","ping_status":"open","sticky":false,"template":"","format":"standard","meta":{"footnotes":""},"categories":[19,16,1],"tags":[],"class_list":{"0":"post-7930","1":"post","2":"type-post","3":"status-publish","4":"format-standard","5":"has-post-thumbnail","7":"category-interes-general","8":"category-locales","9":"category-uncategorized"},"yoast_head":"<!-- This site is optimized with the Yoast SEO plugin v27.4 - https:\/\/yoast.com\/product\/yoast-seo-wordpress\/ -->\n<title>La Justicia fall\u00f3 a favor de Camejo y orden\u00f3 reconocer provisoriamente a la conducci\u00f3n electa del Sindicato de la Fruta - Diario del Sur<\/title>\n<meta name=\"robots\" content=\"index, follow, max-snippet:-1, max-image-preview:large, max-video-preview:-1\" \/>\n<link rel=\"canonical\" href=\"https:\/\/diariodelsurdigital.com.ar\/?p=7930\" \/>\n<meta property=\"og:locale\" content=\"es_ES\" \/>\n<meta property=\"og:type\" content=\"article\" \/>\n<meta property=\"og:title\" content=\"La Justicia fall\u00f3 a favor de Camejo y orden\u00f3 reconocer provisoriamente a la conducci\u00f3n electa del Sindicato de la Fruta - Diario del Sur\" \/>\n<meta property=\"og:description\" content=\"El Juzgado Nacional del Trabajo N\u00b0 2 oblig\u00f3 al Estado a emitir la certificaci\u00f3n provisoria de autoridades y advirti\u00f3 con multas de $100 mil por d\u00eda. La decisi\u00f3n irrumpe en una disputa que lleva meses sin resoluci\u00f3n y mantiene paralizada la vida institucional del gremio. Por: Federico Odorisio Luego de meses de conflicto, denuncias cruzadas [&hellip;]\" \/>\n<meta property=\"og:url\" content=\"https:\/\/diariodelsurdigital.com.ar\/?p=7930\" \/>\n<meta property=\"og:site_name\" content=\"Diario del Sur\" \/>\n<meta property=\"article:published_time\" content=\"2026-04-07T23:04:19+00:00\" \/>\n<meta property=\"article:modified_time\" content=\"2026-04-07T23:16:13+00:00\" \/>\n<meta property=\"og:image\" content=\"https:\/\/diariodelsurdigital.com.ar\/wp-content\/uploads\/2026\/04\/alcides-camejo-concordia-sindicato-la-fruta-1jpg.png\" \/>\n\t<meta property=\"og:image:width\" content=\"422\" \/>\n\t<meta property=\"og:image:height\" content=\"252\" \/>\n\t<meta property=\"og:image:type\" content=\"image\/png\" \/>\n<meta name=\"author\" content=\"Diario del Sur Digital\" \/>\n<meta name=\"twitter:card\" content=\"summary_large_image\" \/>\n<meta name=\"twitter:label1\" content=\"Escrito por\" \/>\n\t<meta name=\"twitter:data1\" content=\"Diario del Sur Digital\" \/>\n\t<meta name=\"twitter:label2\" content=\"Tiempo de lectura\" \/>\n\t<meta name=\"twitter:data2\" content=\"6 minutos\" \/>\n<script type=\"application\/ld+json\" class=\"yoast-schema-graph\">{\"@context\":\"https:\\\/\\\/schema.org\",\"@graph\":[{\"@type\":\"Article\",\"@id\":\"https:\\\/\\\/diariodelsurdigital.com.ar\\\/?p=7930#article\",\"isPartOf\":{\"@id\":\"https:\\\/\\\/diariodelsurdigital.com.ar\\\/?p=7930\"},\"author\":{\"name\":\"Diario del Sur Digital\",\"@id\":\"https:\\\/\\\/diariodelsurdigital.com.ar\\\/#\\\/schema\\\/person\\\/6136a32571657f7dba980b88b04c5465\"},\"headline\":\"La Justicia fall\u00f3 a favor de Camejo y orden\u00f3 reconocer provisoriamente a la conducci\u00f3n electa del Sindicato de la Fruta\",\"datePublished\":\"2026-04-07T23:04:19+00:00\",\"dateModified\":\"2026-04-07T23:16:13+00:00\",\"mainEntityOfPage\":{\"@id\":\"https:\\\/\\\/diariodelsurdigital.com.ar\\\/?p=7930\"},\"wordCount\":982,\"commentCount\":1,\"image\":{\"@id\":\"https:\\\/\\\/diariodelsurdigital.com.ar\\\/?p=7930#primaryimage\"},\"thumbnailUrl\":\"https:\\\/\\\/diariodelsurdigital.com.ar\\\/wp-content\\\/uploads\\\/2026\\\/04\\\/alcides-camejo-concordia-sindicato-la-fruta-1jpg.png\",\"articleSection\":[\"Inter\u00e9s General\",\"Locales\",\"Uncategorized\"],\"inLanguage\":\"es\",\"potentialAction\":[{\"@type\":\"CommentAction\",\"name\":\"Comment\",\"target\":[\"https:\\\/\\\/diariodelsurdigital.com.ar\\\/?p=7930#respond\"]}]},{\"@type\":\"WebPage\",\"@id\":\"https:\\\/\\\/diariodelsurdigital.com.ar\\\/?p=7930\",\"url\":\"https:\\\/\\\/diariodelsurdigital.com.ar\\\/?p=7930\",\"name\":\"La Justicia fall\u00f3 a favor de Camejo y orden\u00f3 reconocer provisoriamente a la conducci\u00f3n electa del Sindicato de la Fruta - Diario del Sur\",\"isPartOf\":{\"@id\":\"https:\\\/\\\/diariodelsurdigital.com.ar\\\/#website\"},\"primaryImageOfPage\":{\"@id\":\"https:\\\/\\\/diariodelsurdigital.com.ar\\\/?p=7930#primaryimage\"},\"image\":{\"@id\":\"https:\\\/\\\/diariodelsurdigital.com.ar\\\/?p=7930#primaryimage\"},\"thumbnailUrl\":\"https:\\\/\\\/diariodelsurdigital.com.ar\\\/wp-content\\\/uploads\\\/2026\\\/04\\\/alcides-camejo-concordia-sindicato-la-fruta-1jpg.png\",\"datePublished\":\"2026-04-07T23:04:19+00:00\",\"dateModified\":\"2026-04-07T23:16:13+00:00\",\"author\":{\"@id\":\"https:\\\/\\\/diariodelsurdigital.com.ar\\\/#\\\/schema\\\/person\\\/6136a32571657f7dba980b88b04c5465\"},\"breadcrumb\":{\"@id\":\"https:\\\/\\\/diariodelsurdigital.com.ar\\\/?p=7930#breadcrumb\"},\"inLanguage\":\"es\",\"potentialAction\":[{\"@type\":\"ReadAction\",\"target\":[\"https:\\\/\\\/diariodelsurdigital.com.ar\\\/?p=7930\"]}]},{\"@type\":\"ImageObject\",\"inLanguage\":\"es\",\"@id\":\"https:\\\/\\\/diariodelsurdigital.com.ar\\\/?p=7930#primaryimage\",\"url\":\"https:\\\/\\\/diariodelsurdigital.com.ar\\\/wp-content\\\/uploads\\\/2026\\\/04\\\/alcides-camejo-concordia-sindicato-la-fruta-1jpg.png\",\"contentUrl\":\"https:\\\/\\\/diariodelsurdigital.com.ar\\\/wp-content\\\/uploads\\\/2026\\\/04\\\/alcides-camejo-concordia-sindicato-la-fruta-1jpg.png\",\"width\":422,\"height\":252},{\"@type\":\"BreadcrumbList\",\"@id\":\"https:\\\/\\\/diariodelsurdigital.com.ar\\\/?p=7930#breadcrumb\",\"itemListElement\":[{\"@type\":\"ListItem\",\"position\":1,\"name\":\"Portada\",\"item\":\"https:\\\/\\\/diariodelsurdigital.com.ar\\\/\"},{\"@type\":\"ListItem\",\"position\":2,\"name\":\"La Justicia fall\u00f3 a favor de Camejo y orden\u00f3 reconocer provisoriamente a la conducci\u00f3n electa del Sindicato de la Fruta\"}]},{\"@type\":\"WebSite\",\"@id\":\"https:\\\/\\\/diariodelsurdigital.com.ar\\\/#website\",\"url\":\"https:\\\/\\\/diariodelsurdigital.com.ar\\\/\",\"name\":\"Diario del Sur\",\"description\":\"Digital\",\"potentialAction\":[{\"@type\":\"SearchAction\",\"target\":{\"@type\":\"EntryPoint\",\"urlTemplate\":\"https:\\\/\\\/diariodelsurdigital.com.ar\\\/?s={search_term_string}\"},\"query-input\":{\"@type\":\"PropertyValueSpecification\",\"valueRequired\":true,\"valueName\":\"search_term_string\"}}],\"inLanguage\":\"es\"},{\"@type\":\"Person\",\"@id\":\"https:\\\/\\\/diariodelsurdigital.com.ar\\\/#\\\/schema\\\/person\\\/6136a32571657f7dba980b88b04c5465\",\"name\":\"Diario del Sur Digital\",\"image\":{\"@type\":\"ImageObject\",\"inLanguage\":\"es\",\"@id\":\"https:\\\/\\\/secure.gravatar.com\\\/avatar\\\/4c29ceac98541dd42460b2474aaa5dd37594d6ce6cb3cf2c101d09b48ee287ba?s=96&d=mm&r=g\",\"url\":\"https:\\\/\\\/secure.gravatar.com\\\/avatar\\\/4c29ceac98541dd42460b2474aaa5dd37594d6ce6cb3cf2c101d09b48ee287ba?s=96&d=mm&r=g\",\"contentUrl\":\"https:\\\/\\\/secure.gravatar.com\\\/avatar\\\/4c29ceac98541dd42460b2474aaa5dd37594d6ce6cb3cf2c101d09b48ee287ba?s=96&d=mm&r=g\",\"caption\":\"Diario del Sur Digital\"},\"url\":\"https:\\\/\\\/diariodelsurdigital.com.ar\\\/?author=2\"}]}<\/script>\n<!-- \/ Yoast SEO plugin. -->","yoast_head_json":{"title":"La Justicia fall\u00f3 a favor de Camejo y orden\u00f3 reconocer provisoriamente a la conducci\u00f3n electa del Sindicato de la Fruta - Diario del Sur","robots":{"index":"index","follow":"follow","max-snippet":"max-snippet:-1","max-image-preview":"max-image-preview:large","max-video-preview":"max-video-preview:-1"},"canonical":"https:\/\/diariodelsurdigital.com.ar\/?p=7930","og_locale":"es_ES","og_type":"article","og_title":"La Justicia fall\u00f3 a favor de Camejo y orden\u00f3 reconocer provisoriamente a la conducci\u00f3n electa del Sindicato de la Fruta - Diario del Sur","og_description":"El Juzgado Nacional del Trabajo N\u00b0 2 oblig\u00f3 al Estado a emitir la certificaci\u00f3n provisoria de autoridades y advirti\u00f3 con multas de $100 mil por d\u00eda. La decisi\u00f3n irrumpe en una disputa que lleva meses sin resoluci\u00f3n y mantiene paralizada la vida institucional del gremio. Por: Federico Odorisio Luego de meses de conflicto, denuncias cruzadas [&hellip;]","og_url":"https:\/\/diariodelsurdigital.com.ar\/?p=7930","og_site_name":"Diario del Sur","article_published_time":"2026-04-07T23:04:19+00:00","article_modified_time":"2026-04-07T23:16:13+00:00","og_image":[{"width":422,"height":252,"url":"https:\/\/diariodelsurdigital.com.ar\/wp-content\/uploads\/2026\/04\/alcides-camejo-concordia-sindicato-la-fruta-1jpg.png","type":"image\/png"}],"author":"Diario del Sur Digital","twitter_card":"summary_large_image","twitter_misc":{"Escrito por":"Diario del Sur Digital","Tiempo de lectura":"6 minutos"},"schema":{"@context":"https:\/\/schema.org","@graph":[{"@type":"Article","@id":"https:\/\/diariodelsurdigital.com.ar\/?p=7930#article","isPartOf":{"@id":"https:\/\/diariodelsurdigital.com.ar\/?p=7930"},"author":{"name":"Diario del Sur Digital","@id":"https:\/\/diariodelsurdigital.com.ar\/#\/schema\/person\/6136a32571657f7dba980b88b04c5465"},"headline":"La Justicia fall\u00f3 a favor de Camejo y orden\u00f3 reconocer provisoriamente a la conducci\u00f3n electa del Sindicato de la Fruta","datePublished":"2026-04-07T23:04:19+00:00","dateModified":"2026-04-07T23:16:13+00:00","mainEntityOfPage":{"@id":"https:\/\/diariodelsurdigital.com.ar\/?p=7930"},"wordCount":982,"commentCount":1,"image":{"@id":"https:\/\/diariodelsurdigital.com.ar\/?p=7930#primaryimage"},"thumbnailUrl":"https:\/\/diariodelsurdigital.com.ar\/wp-content\/uploads\/2026\/04\/alcides-camejo-concordia-sindicato-la-fruta-1jpg.png","articleSection":["Inter\u00e9s General","Locales","Uncategorized"],"inLanguage":"es","potentialAction":[{"@type":"CommentAction","name":"Comment","target":["https:\/\/diariodelsurdigital.com.ar\/?p=7930#respond"]}]},{"@type":"WebPage","@id":"https:\/\/diariodelsurdigital.com.ar\/?p=7930","url":"https:\/\/diariodelsurdigital.com.ar\/?p=7930","name":"La Justicia fall\u00f3 a favor de Camejo y orden\u00f3 reconocer provisoriamente a la conducci\u00f3n electa del Sindicato de la Fruta - Diario del Sur","isPartOf":{"@id":"https:\/\/diariodelsurdigital.com.ar\/#website"},"primaryImageOfPage":{"@id":"https:\/\/diariodelsurdigital.com.ar\/?p=7930#primaryimage"},"image":{"@id":"https:\/\/diariodelsurdigital.com.ar\/?p=7930#primaryimage"},"thumbnailUrl":"https:\/\/diariodelsurdigital.com.ar\/wp-content\/uploads\/2026\/04\/alcides-camejo-concordia-sindicato-la-fruta-1jpg.png","datePublished":"2026-04-07T23:04:19+00:00","dateModified":"2026-04-07T23:16:13+00:00","author":{"@id":"https:\/\/diariodelsurdigital.com.ar\/#\/schema\/person\/6136a32571657f7dba980b88b04c5465"},"breadcrumb":{"@id":"https:\/\/diariodelsurdigital.com.ar\/?p=7930#breadcrumb"},"inLanguage":"es","potentialAction":[{"@type":"ReadAction","target":["https:\/\/diariodelsurdigital.com.ar\/?p=7930"]}]},{"@type":"ImageObject","inLanguage":"es","@id":"https:\/\/diariodelsurdigital.com.ar\/?p=7930#primaryimage","url":"https:\/\/diariodelsurdigital.com.ar\/wp-content\/uploads\/2026\/04\/alcides-camejo-concordia-sindicato-la-fruta-1jpg.png","contentUrl":"https:\/\/diariodelsurdigital.com.ar\/wp-content\/uploads\/2026\/04\/alcides-camejo-concordia-sindicato-la-fruta-1jpg.png","width":422,"height":252},{"@type":"BreadcrumbList","@id":"https:\/\/diariodelsurdigital.com.ar\/?p=7930#breadcrumb","itemListElement":[{"@type":"ListItem","position":1,"name":"Portada","item":"https:\/\/diariodelsurdigital.com.ar\/"},{"@type":"ListItem","position":2,"name":"La Justicia fall\u00f3 a favor de Camejo y orden\u00f3 reconocer provisoriamente a la conducci\u00f3n electa del Sindicato de la Fruta"}]},{"@type":"WebSite","@id":"https:\/\/diariodelsurdigital.com.ar\/#website","url":"https:\/\/diariodelsurdigital.com.ar\/","name":"Diario del Sur","description":"Digital","potentialAction":[{"@type":"SearchAction","target":{"@type":"EntryPoint","urlTemplate":"https:\/\/diariodelsurdigital.com.ar\/?s={search_term_string}"},"query-input":{"@type":"PropertyValueSpecification","valueRequired":true,"valueName":"search_term_string"}}],"inLanguage":"es"},{"@type":"Person","@id":"https:\/\/diariodelsurdigital.com.ar\/#\/schema\/person\/6136a32571657f7dba980b88b04c5465","name":"Diario del Sur Digital","image":{"@type":"ImageObject","inLanguage":"es","@id":"https:\/\/secure.gravatar.com\/avatar\/4c29ceac98541dd42460b2474aaa5dd37594d6ce6cb3cf2c101d09b48ee287ba?s=96&d=mm&r=g","url":"https:\/\/secure.gravatar.com\/avatar\/4c29ceac98541dd42460b2474aaa5dd37594d6ce6cb3cf2c101d09b48ee287ba?s=96&d=mm&r=g","contentUrl":"https:\/\/secure.gravatar.com\/avatar\/4c29ceac98541dd42460b2474aaa5dd37594d6ce6cb3cf2c101d09b48ee287ba?s=96&d=mm&r=g","caption":"Diario del Sur Digital"},"url":"https:\/\/diariodelsurdigital.com.ar\/?author=2"}]}},"_links":{"self":[{"href":"https:\/\/diariodelsurdigital.com.ar\/index.php?rest_route=\/wp\/v2\/posts\/7930","targetHints":{"allow":["GET"]}}],"collection":[{"href":"https:\/\/diariodelsurdigital.com.ar\/index.php?rest_route=\/wp\/v2\/posts"}],"about":[{"href":"https:\/\/diariodelsurdigital.com.ar\/index.php?rest_route=\/wp\/v2\/types\/post"}],"author":[{"embeddable":true,"href":"https:\/\/diariodelsurdigital.com.ar\/index.php?rest_route=\/wp\/v2\/users\/2"}],"replies":[{"embeddable":true,"href":"https:\/\/diariodelsurdigital.com.ar\/index.php?rest_route=%2Fwp%2Fv2%2Fcomments&post=7930"}],"version-history":[{"count":3,"href":"https:\/\/diariodelsurdigital.com.ar\/index.php?rest_route=\/wp\/v2\/posts\/7930\/revisions"}],"predecessor-version":[{"id":7934,"href":"https:\/\/diariodelsurdigital.com.ar\/index.php?rest_route=\/wp\/v2\/posts\/7930\/revisions\/7934"}],"wp:featuredmedia":[{"embeddable":true,"href":"https:\/\/diariodelsurdigital.com.ar\/index.php?rest_route=\/wp\/v2\/media\/7931"}],"wp:attachment":[{"href":"https:\/\/diariodelsurdigital.com.ar\/index.php?rest_route=%2Fwp%2Fv2%2Fmedia&parent=7930"}],"wp:term":[{"taxonomy":"category","embeddable":true,"href":"https:\/\/diariodelsurdigital.com.ar\/index.php?rest_route=%2Fwp%2Fv2%2Fcategories&post=7930"},{"taxonomy":"post_tag","embeddable":true,"href":"https:\/\/diariodelsurdigital.com.ar\/index.php?rest_route=%2Fwp%2Fv2%2Ftags&post=7930"}],"curies":[{"name":"wp","href":"https:\/\/api.w.org\/{rel}","templated":true}]}}