{"id":7935,"date":"2026-04-08T10:12:25","date_gmt":"2026-04-08T13:12:25","guid":{"rendered":"https:\/\/diariodelsurdigital.com.ar\/?p=7935"},"modified":"2026-04-08T10:12:27","modified_gmt":"2026-04-08T13:12:27","slug":"ley-de-glaciares-no-vamos-a-permitir-que-el-agua-sea-tratada-como-una-mercancia-expreso-osuna","status":"publish","type":"post","link":"https:\/\/diariodelsurdigital.com.ar\/?p=7935","title":{"rendered":"Ley de Glaciares: \u201cNo vamos a permitir que el agua sea tratada como una mercanc\u00eda\u201d, expres\u00f3 Osuna"},"content":{"rendered":"\n<p>Mediante un comunicado la legisladora anticip\u00f3 que rechazar\u00e1 la iniciativa presentada por el Ejecutivo, que cuenta con media sanci\u00f3n de Senado. El debate en Diputados comenzar\u00e1 este mi\u00e9rcoles desde las 15.<\/p>\n\n\n\n<p>Este mi\u00e9rcoles el proyecto que establece cambios en la Ley de Glaciares ser\u00e1 votado en el recinto, tras obtener dictamen con 37 votos a favor.<\/p>\n\n\n\n<p>Una de las diputadas que participar\u00e1 del debate ser\u00e1 la entrerriana Blanca Osuna de Uni\u00f3n de la Patria, que emiti\u00f3 un comunicado adelantando su voto en contra de la iniciativa presentada por el Ejecutivo.<\/p>\n\n\n\n<p>\u201cNuestra postura es firme: no vamos a permitir que el agua sea tratada como una mercanc\u00eda. Nos oponemos a cualquier intento de modificar la Ley de Glaciares y a toda pol\u00edtica que ponga en riesgo nuestras reservas de agua\u201d, sostuvo.<\/p>\n\n\n\n<p>Comunicado completo<\/p>\n\n\n\n<p>El agua de los glaciares y el agua de nuestros r\u00edos Paran\u00e1 y Uruguay est\u00e1n siendo tratados por el Presidente de la Naci\u00f3n como bienes comercializables. Los recursos naturales se encuentran en el centro de disputas econ\u00f3micas donde el impacto ambiental y social no parece importarle ni a Frigerio, ni a la Canciller\u00eda, ni a la CARU, ni al propio Presidente.<\/p>\n\n\n\n<p>La iniciativa del Poder Ejecutivo Nacional de modificar la Ley de Glaciares a favor de empresas mineras que buscan r\u00e9dito sin medir consecuencias pone en riesgo reservas estrat\u00e9gicas de agua dulce. No se trata de un hecho aislado: forma parte de una misma pol\u00edtica que concibe al agua como un bien transable, al servicio de intereses econ\u00f3micos, en su gran mayor\u00eda extranjeros.<\/p>\n\n\n\n<p>El problema no empieza ni termina en la cordillera. En Entre R\u00edos lo vemos con claridad: la privatizaci\u00f3n de la red navegable troncal del r\u00edo Paran\u00e1, con el dragado a 44 pies, pensado para la circulaci\u00f3n de buques cada vez m\u00e1s grandes, no responde a las necesidades locales ni de nuestras comunidades, sino a la rentabilidad de grandes exportadoras del corredor Paraguay\u2013Paran\u00e1, asentadas en los puertos privados de Rosario y con la complicidad de actores locales.<\/p>\n\n\n\n<p>Lo mismo ocurre en el r\u00edo Uruguay, donde el proyecto de producci\u00f3n de combustible sint\u00e9tico a instalarse en Paysand\u00fa afectar\u00e1 la regi\u00f3n de Palmares, incluyendo a Col\u00f3n, San Jos\u00e9, Villa Elisa, Colonia Liebig y Ubajay.<\/p>\n\n\n\n<p>Las consecuencias son claras: transformaciones irreversibles del ecosistema, afectaci\u00f3n de afluentes, riesgo en la provisi\u00f3n de agua potable, p\u00e9rdida del equilibrio ambiental y de la vida, y frustraci\u00f3n de los desarrollos econ\u00f3micos y sociales de las regiones perjudicadas.<\/p>\n\n\n\n<p>Existen antecedentes concretos: dragados profundos han generado graves problemas en la pesca artesanal y en el acceso al agua para servicios domiciliarios en la ciudad de Victoria y otras localidades.<\/p>\n\n\n\n<p>Estamos frente a una misma l\u00f3gica de entrega, que prioriza ganancias para unos pocos por sobre el derecho de nuestras comunidades a vivir en un ambiente sano.<\/p>\n\n\n\n<p>Nuestra postura es firme: no vamos a permitir que el agua sea tratada como una mercanc\u00eda.<\/p>\n\n\n\n<p>Nos oponemos a cualquier intento de modificar la Ley de Glaciares y a toda pol\u00edtica que ponga en riesgo nuestras reservas de agua.<\/p>\n\n\n\n<p>Defender el agua es defender la vida y la soberan\u00eda argentina.<\/p>\n","protected":false},"excerpt":{"rendered":"<p>Mediante un comunicado la legisladora anticip\u00f3 que rechazar\u00e1 la iniciativa presentada por el Ejecutivo, que cuenta con media sanci\u00f3n de Senado. El debate en Diputados comenzar\u00e1 este mi\u00e9rcoles desde las 15. Este mi\u00e9rcoles el proyecto que establece cambios en la Ley de Glaciares ser\u00e1 votado en el recinto, tras obtener dictamen con 37 votos a [&hellip;]<\/p>\n","protected":false},"author":4,"featured_media":7936,"comment_status":"open","ping_status":"open","sticky":false,"template":"","format":"standard","meta":{"footnotes":""},"categories":[18,22],"tags":[],"class_list":{"0":"post-7935","1":"post","2":"type-post","3":"status-publish","4":"format-standard","5":"has-post-thumbnail","7":"category-nacionales","8":"category-politica"},"yoast_head":"<!-- This site is optimized with the Yoast SEO plugin v27.4 - https:\/\/yoast.com\/product\/yoast-seo-wordpress\/ -->\n<title>Ley de Glaciares: \u201cNo vamos a permitir que el agua sea tratada como una mercanc\u00eda\u201d, expres\u00f3 Osuna - Diario del Sur<\/title>\n<meta name=\"robots\" content=\"index, follow, max-snippet:-1, max-image-preview:large, max-video-preview:-1\" \/>\n<link rel=\"canonical\" href=\"https:\/\/diariodelsurdigital.com.ar\/?p=7935\" \/>\n<meta property=\"og:locale\" content=\"es_ES\" \/>\n<meta property=\"og:type\" content=\"article\" \/>\n<meta property=\"og:title\" content=\"Ley de Glaciares: \u201cNo vamos a permitir que el agua sea tratada como una mercanc\u00eda\u201d, expres\u00f3 Osuna - Diario del Sur\" \/>\n<meta property=\"og:description\" content=\"Mediante un comunicado la legisladora anticip\u00f3 que rechazar\u00e1 la iniciativa presentada por el Ejecutivo, que cuenta con media sanci\u00f3n de Senado. El debate en Diputados comenzar\u00e1 este mi\u00e9rcoles desde las 15. Este mi\u00e9rcoles el proyecto que establece cambios en la Ley de Glaciares ser\u00e1 votado en el recinto, tras obtener dictamen con 37 votos a [&hellip;]\" \/>\n<meta property=\"og:url\" content=\"https:\/\/diariodelsurdigital.com.ar\/?p=7935\" \/>\n<meta property=\"og:site_name\" content=\"Diario del Sur\" \/>\n<meta property=\"article:published_time\" content=\"2026-04-08T13:12:25+00:00\" \/>\n<meta property=\"article:modified_time\" content=\"2026-04-08T13:12:27+00:00\" \/>\n<meta property=\"og:image\" content=\"https:\/\/diariodelsurdigital.com.ar\/wp-content\/uploads\/2026\/04\/md-69.webp\" \/>\n\t<meta property=\"og:image:width\" content=\"992\" \/>\n\t<meta property=\"og:image:height\" content=\"744\" \/>\n\t<meta property=\"og:image:type\" content=\"image\/webp\" \/>\n<meta name=\"author\" content=\"Diario del Sur Digital\" \/>\n<meta name=\"twitter:card\" content=\"summary_large_image\" \/>\n<meta name=\"twitter:label1\" content=\"Escrito por\" \/>\n\t<meta name=\"twitter:data1\" content=\"Diario del Sur Digital\" \/>\n\t<meta name=\"twitter:label2\" content=\"Tiempo de lectura\" \/>\n\t<meta name=\"twitter:data2\" content=\"3 minutos\" \/>\n<script type=\"application\/ld+json\" class=\"yoast-schema-graph\">{\"@context\":\"https:\\\/\\\/schema.org\",\"@graph\":[{\"@type\":\"Article\",\"@id\":\"https:\\\/\\\/diariodelsurdigital.com.ar\\\/?p=7935#article\",\"isPartOf\":{\"@id\":\"https:\\\/\\\/diariodelsurdigital.com.ar\\\/?p=7935\"},\"author\":{\"name\":\"Diario del Sur Digital\",\"@id\":\"https:\\\/\\\/diariodelsurdigital.com.ar\\\/#\\\/schema\\\/person\\\/1a4992532ed62965c968031b49195c81\"},\"headline\":\"Ley de Glaciares: \u201cNo vamos a permitir que el agua sea tratada como una mercanc\u00eda\u201d, expres\u00f3 Osuna\",\"datePublished\":\"2026-04-08T13:12:25+00:00\",\"dateModified\":\"2026-04-08T13:12:27+00:00\",\"mainEntityOfPage\":{\"@id\":\"https:\\\/\\\/diariodelsurdigital.com.ar\\\/?p=7935\"},\"wordCount\":562,\"commentCount\":0,\"image\":{\"@id\":\"https:\\\/\\\/diariodelsurdigital.com.ar\\\/?p=7935#primaryimage\"},\"thumbnailUrl\":\"https:\\\/\\\/diariodelsurdigital.com.ar\\\/wp-content\\\/uploads\\\/2026\\\/04\\\/md-69.webp\",\"articleSection\":[\"Nacionales\",\"Pol\u00edtica\"],\"inLanguage\":\"es\",\"potentialAction\":[{\"@type\":\"CommentAction\",\"name\":\"Comment\",\"target\":[\"https:\\\/\\\/diariodelsurdigital.com.ar\\\/?p=7935#respond\"]}]},{\"@type\":\"WebPage\",\"@id\":\"https:\\\/\\\/diariodelsurdigital.com.ar\\\/?p=7935\",\"url\":\"https:\\\/\\\/diariodelsurdigital.com.ar\\\/?p=7935\",\"name\":\"Ley de Glaciares: \u201cNo vamos a permitir que el agua sea tratada como una mercanc\u00eda\u201d, expres\u00f3 Osuna - Diario del Sur\",\"isPartOf\":{\"@id\":\"https:\\\/\\\/diariodelsurdigital.com.ar\\\/#website\"},\"primaryImageOfPage\":{\"@id\":\"https:\\\/\\\/diariodelsurdigital.com.ar\\\/?p=7935#primaryimage\"},\"image\":{\"@id\":\"https:\\\/\\\/diariodelsurdigital.com.ar\\\/?p=7935#primaryimage\"},\"thumbnailUrl\":\"https:\\\/\\\/diariodelsurdigital.com.ar\\\/wp-content\\\/uploads\\\/2026\\\/04\\\/md-69.webp\",\"datePublished\":\"2026-04-08T13:12:25+00:00\",\"dateModified\":\"2026-04-08T13:12:27+00:00\",\"author\":{\"@id\":\"https:\\\/\\\/diariodelsurdigital.com.ar\\\/#\\\/schema\\\/person\\\/1a4992532ed62965c968031b49195c81\"},\"breadcrumb\":{\"@id\":\"https:\\\/\\\/diariodelsurdigital.com.ar\\\/?p=7935#breadcrumb\"},\"inLanguage\":\"es\",\"potentialAction\":[{\"@type\":\"ReadAction\",\"target\":[\"https:\\\/\\\/diariodelsurdigital.com.ar\\\/?p=7935\"]}]},{\"@type\":\"ImageObject\",\"inLanguage\":\"es\",\"@id\":\"https:\\\/\\\/diariodelsurdigital.com.ar\\\/?p=7935#primaryimage\",\"url\":\"https:\\\/\\\/diariodelsurdigital.com.ar\\\/wp-content\\\/uploads\\\/2026\\\/04\\\/md-69.webp\",\"contentUrl\":\"https:\\\/\\\/diariodelsurdigital.com.ar\\\/wp-content\\\/uploads\\\/2026\\\/04\\\/md-69.webp\",\"width\":992,\"height\":744},{\"@type\":\"BreadcrumbList\",\"@id\":\"https:\\\/\\\/diariodelsurdigital.com.ar\\\/?p=7935#breadcrumb\",\"itemListElement\":[{\"@type\":\"ListItem\",\"position\":1,\"name\":\"Portada\",\"item\":\"https:\\\/\\\/diariodelsurdigital.com.ar\\\/\"},{\"@type\":\"ListItem\",\"position\":2,\"name\":\"Ley de Glaciares: \u201cNo vamos a permitir que el agua sea tratada como una mercanc\u00eda\u201d, expres\u00f3 Osuna\"}]},{\"@type\":\"WebSite\",\"@id\":\"https:\\\/\\\/diariodelsurdigital.com.ar\\\/#website\",\"url\":\"https:\\\/\\\/diariodelsurdigital.com.ar\\\/\",\"name\":\"Diario del Sur\",\"description\":\"Digital\",\"potentialAction\":[{\"@type\":\"SearchAction\",\"target\":{\"@type\":\"EntryPoint\",\"urlTemplate\":\"https:\\\/\\\/diariodelsurdigital.com.ar\\\/?s={search_term_string}\"},\"query-input\":{\"@type\":\"PropertyValueSpecification\",\"valueRequired\":true,\"valueName\":\"search_term_string\"}}],\"inLanguage\":\"es\"},{\"@type\":\"Person\",\"@id\":\"https:\\\/\\\/diariodelsurdigital.com.ar\\\/#\\\/schema\\\/person\\\/1a4992532ed62965c968031b49195c81\",\"name\":\"Diario del Sur Digital\",\"image\":{\"@type\":\"ImageObject\",\"inLanguage\":\"es\",\"@id\":\"https:\\\/\\\/secure.gravatar.com\\\/avatar\\\/f0c7c47fc7146d19828273b9b8eda651c9c7ab583767e6338d3d3bee825adf76?s=96&d=mm&r=g\",\"url\":\"https:\\\/\\\/secure.gravatar.com\\\/avatar\\\/f0c7c47fc7146d19828273b9b8eda651c9c7ab583767e6338d3d3bee825adf76?s=96&d=mm&r=g\",\"contentUrl\":\"https:\\\/\\\/secure.gravatar.com\\\/avatar\\\/f0c7c47fc7146d19828273b9b8eda651c9c7ab583767e6338d3d3bee825adf76?s=96&d=mm&r=g\",\"caption\":\"Diario del Sur Digital\"},\"url\":\"https:\\\/\\\/diariodelsurdigital.com.ar\\\/?author=4\"}]}<\/script>\n<!-- \/ Yoast SEO plugin. -->","yoast_head_json":{"title":"Ley de Glaciares: \u201cNo vamos a permitir que el agua sea tratada como una mercanc\u00eda\u201d, expres\u00f3 Osuna - Diario del Sur","robots":{"index":"index","follow":"follow","max-snippet":"max-snippet:-1","max-image-preview":"max-image-preview:large","max-video-preview":"max-video-preview:-1"},"canonical":"https:\/\/diariodelsurdigital.com.ar\/?p=7935","og_locale":"es_ES","og_type":"article","og_title":"Ley de Glaciares: \u201cNo vamos a permitir que el agua sea tratada como una mercanc\u00eda\u201d, expres\u00f3 Osuna - Diario del Sur","og_description":"Mediante un comunicado la legisladora anticip\u00f3 que rechazar\u00e1 la iniciativa presentada por el Ejecutivo, que cuenta con media sanci\u00f3n de Senado. El debate en Diputados comenzar\u00e1 este mi\u00e9rcoles desde las 15. Este mi\u00e9rcoles el proyecto que establece cambios en la Ley de Glaciares ser\u00e1 votado en el recinto, tras obtener dictamen con 37 votos a [&hellip;]","og_url":"https:\/\/diariodelsurdigital.com.ar\/?p=7935","og_site_name":"Diario del Sur","article_published_time":"2026-04-08T13:12:25+00:00","article_modified_time":"2026-04-08T13:12:27+00:00","og_image":[{"width":992,"height":744,"url":"https:\/\/diariodelsurdigital.com.ar\/wp-content\/uploads\/2026\/04\/md-69.webp","type":"image\/webp"}],"author":"Diario del Sur Digital","twitter_card":"summary_large_image","twitter_misc":{"Escrito por":"Diario del Sur Digital","Tiempo de lectura":"3 minutos"},"schema":{"@context":"https:\/\/schema.org","@graph":[{"@type":"Article","@id":"https:\/\/diariodelsurdigital.com.ar\/?p=7935#article","isPartOf":{"@id":"https:\/\/diariodelsurdigital.com.ar\/?p=7935"},"author":{"name":"Diario del Sur Digital","@id":"https:\/\/diariodelsurdigital.com.ar\/#\/schema\/person\/1a4992532ed62965c968031b49195c81"},"headline":"Ley de Glaciares: \u201cNo vamos a permitir que el agua sea tratada como una mercanc\u00eda\u201d, expres\u00f3 Osuna","datePublished":"2026-04-08T13:12:25+00:00","dateModified":"2026-04-08T13:12:27+00:00","mainEntityOfPage":{"@id":"https:\/\/diariodelsurdigital.com.ar\/?p=7935"},"wordCount":562,"commentCount":0,"image":{"@id":"https:\/\/diariodelsurdigital.com.ar\/?p=7935#primaryimage"},"thumbnailUrl":"https:\/\/diariodelsurdigital.com.ar\/wp-content\/uploads\/2026\/04\/md-69.webp","articleSection":["Nacionales","Pol\u00edtica"],"inLanguage":"es","potentialAction":[{"@type":"CommentAction","name":"Comment","target":["https:\/\/diariodelsurdigital.com.ar\/?p=7935#respond"]}]},{"@type":"WebPage","@id":"https:\/\/diariodelsurdigital.com.ar\/?p=7935","url":"https:\/\/diariodelsurdigital.com.ar\/?p=7935","name":"Ley de Glaciares: \u201cNo vamos a permitir que el agua sea tratada como una mercanc\u00eda\u201d, expres\u00f3 Osuna - Diario del Sur","isPartOf":{"@id":"https:\/\/diariodelsurdigital.com.ar\/#website"},"primaryImageOfPage":{"@id":"https:\/\/diariodelsurdigital.com.ar\/?p=7935#primaryimage"},"image":{"@id":"https:\/\/diariodelsurdigital.com.ar\/?p=7935#primaryimage"},"thumbnailUrl":"https:\/\/diariodelsurdigital.com.ar\/wp-content\/uploads\/2026\/04\/md-69.webp","datePublished":"2026-04-08T13:12:25+00:00","dateModified":"2026-04-08T13:12:27+00:00","author":{"@id":"https:\/\/diariodelsurdigital.com.ar\/#\/schema\/person\/1a4992532ed62965c968031b49195c81"},"breadcrumb":{"@id":"https:\/\/diariodelsurdigital.com.ar\/?p=7935#breadcrumb"},"inLanguage":"es","potentialAction":[{"@type":"ReadAction","target":["https:\/\/diariodelsurdigital.com.ar\/?p=7935"]}]},{"@type":"ImageObject","inLanguage":"es","@id":"https:\/\/diariodelsurdigital.com.ar\/?p=7935#primaryimage","url":"https:\/\/diariodelsurdigital.com.ar\/wp-content\/uploads\/2026\/04\/md-69.webp","contentUrl":"https:\/\/diariodelsurdigital.com.ar\/wp-content\/uploads\/2026\/04\/md-69.webp","width":992,"height":744},{"@type":"BreadcrumbList","@id":"https:\/\/diariodelsurdigital.com.ar\/?p=7935#breadcrumb","itemListElement":[{"@type":"ListItem","position":1,"name":"Portada","item":"https:\/\/diariodelsurdigital.com.ar\/"},{"@type":"ListItem","position":2,"name":"Ley de Glaciares: \u201cNo vamos a permitir que el agua sea tratada como una mercanc\u00eda\u201d, expres\u00f3 Osuna"}]},{"@type":"WebSite","@id":"https:\/\/diariodelsurdigital.com.ar\/#website","url":"https:\/\/diariodelsurdigital.com.ar\/","name":"Diario del Sur","description":"Digital","potentialAction":[{"@type":"SearchAction","target":{"@type":"EntryPoint","urlTemplate":"https:\/\/diariodelsurdigital.com.ar\/?s={search_term_string}"},"query-input":{"@type":"PropertyValueSpecification","valueRequired":true,"valueName":"search_term_string"}}],"inLanguage":"es"},{"@type":"Person","@id":"https:\/\/diariodelsurdigital.com.ar\/#\/schema\/person\/1a4992532ed62965c968031b49195c81","name":"Diario del Sur Digital","image":{"@type":"ImageObject","inLanguage":"es","@id":"https:\/\/secure.gravatar.com\/avatar\/f0c7c47fc7146d19828273b9b8eda651c9c7ab583767e6338d3d3bee825adf76?s=96&d=mm&r=g","url":"https:\/\/secure.gravatar.com\/avatar\/f0c7c47fc7146d19828273b9b8eda651c9c7ab583767e6338d3d3bee825adf76?s=96&d=mm&r=g","contentUrl":"https:\/\/secure.gravatar.com\/avatar\/f0c7c47fc7146d19828273b9b8eda651c9c7ab583767e6338d3d3bee825adf76?s=96&d=mm&r=g","caption":"Diario del Sur Digital"},"url":"https:\/\/diariodelsurdigital.com.ar\/?author=4"}]}},"_links":{"self":[{"href":"https:\/\/diariodelsurdigital.com.ar\/index.php?rest_route=\/wp\/v2\/posts\/7935","targetHints":{"allow":["GET"]}}],"collection":[{"href":"https:\/\/diariodelsurdigital.com.ar\/index.php?rest_route=\/wp\/v2\/posts"}],"about":[{"href":"https:\/\/diariodelsurdigital.com.ar\/index.php?rest_route=\/wp\/v2\/types\/post"}],"author":[{"embeddable":true,"href":"https:\/\/diariodelsurdigital.com.ar\/index.php?rest_route=\/wp\/v2\/users\/4"}],"replies":[{"embeddable":true,"href":"https:\/\/diariodelsurdigital.com.ar\/index.php?rest_route=%2Fwp%2Fv2%2Fcomments&post=7935"}],"version-history":[{"count":1,"href":"https:\/\/diariodelsurdigital.com.ar\/index.php?rest_route=\/wp\/v2\/posts\/7935\/revisions"}],"predecessor-version":[{"id":7937,"href":"https:\/\/diariodelsurdigital.com.ar\/index.php?rest_route=\/wp\/v2\/posts\/7935\/revisions\/7937"}],"wp:featuredmedia":[{"embeddable":true,"href":"https:\/\/diariodelsurdigital.com.ar\/index.php?rest_route=\/wp\/v2\/media\/7936"}],"wp:attachment":[{"href":"https:\/\/diariodelsurdigital.com.ar\/index.php?rest_route=%2Fwp%2Fv2%2Fmedia&parent=7935"}],"wp:term":[{"taxonomy":"category","embeddable":true,"href":"https:\/\/diariodelsurdigital.com.ar\/index.php?rest_route=%2Fwp%2Fv2%2Fcategories&post=7935"},{"taxonomy":"post_tag","embeddable":true,"href":"https:\/\/diariodelsurdigital.com.ar\/index.php?rest_route=%2Fwp%2Fv2%2Ftags&post=7935"}],"curies":[{"name":"wp","href":"https:\/\/api.w.org\/{rel}","templated":true}]}}