{"id":7938,"date":"2026-04-08T10:14:10","date_gmt":"2026-04-08T13:14:10","guid":{"rendered":"https:\/\/diariodelsurdigital.com.ar\/?p=7938"},"modified":"2026-04-08T10:14:12","modified_gmt":"2026-04-08T13:14:12","slug":"la-paz-un-alumno-de-13-anos-llevo-un-arma-casera-en-su-mochila","status":"publish","type":"post","link":"https:\/\/diariodelsurdigital.com.ar\/?p=7938","title":{"rendered":"La Paz: Un alumno de 13 a\u00f1os llev\u00f3 un arma casera en su mochila"},"content":{"rendered":"\n<p>El elemento fue secuestrado por la Polic\u00eda en La Paz y el menor qued\u00f3 a disposici\u00f3n de la Justicia antes de ser entregado a sus padres.<\/p>\n\n\n\n<p>Un preocupante episodio se registr\u00f3 este martes en la ciudad de La Paz, en Entre R\u00edos, cuando un estudiante de 13 a\u00f1os fue sorprendido con un arma de fabricaci\u00f3n casera dentro de la Escuela N\u00ba 109 \u201cCarlos Daniel Vila\u201d.<\/p>\n\n\n\n<p>Seg\u00fan informaron fuentes policiales de la Jefatura Departamental La Paz, el hecho ocurri\u00f3 durante la tarde, luego de que autoridades escolares alertaran sobre la posible presencia de un arma entre las pertenencias de un alumno.<\/p>\n\n\n\n<p>Ante el aviso, efectivos de la Comisar\u00eda Primera se hicieron presentes en el lugar y constataron que el menor ten\u00eda en su poder un arma de fuego tipo \u201ctumbera\u201d, de fabricaci\u00f3n casera. De inmediato, los uniformados procedieron al secuestro del elemento y garantizaron la seguridad dentro de la instituci\u00f3n.<\/p>\n\n\n\n<p>La situaci\u00f3n fue comunicada a la Unidad Fiscal en turno, que dispuso el formal secuestro del arma y la intervenci\u00f3n del Defensor Oficial, adem\u00e1s de dar participaci\u00f3n a los organismos de protecci\u00f3n de menores.<\/p>\n\n\n\n<p>El adolescente fue correctamente identificado por las autoridades y, tras cumplirse los procedimientos de rigor, fue entregado a sus padres, inform\u00f3 UNO.<\/p>\n\n\n\n<p>El hecho gener\u00f3 preocupaci\u00f3n en la comunidad educativa, ya que pone en evidencia la necesidad de reforzar los controles y el acompa\u00f1amiento a los j\u00f3venes para prevenir este tipo de situaciones de riesgo dentro de las escuelas.<\/p>\n\n\n\n<p>En el caso intervino personal de la Comisar\u00eda Primera, con conocimiento de la Justicia y las \u00e1reas correspondientes de protecci\u00f3n de la ni\u00f1ez.<\/p>\n","protected":false},"excerpt":{"rendered":"<p>El elemento fue secuestrado por la Polic\u00eda en La Paz y el menor qued\u00f3 a disposici\u00f3n de la Justicia antes de ser entregado a sus padres. Un preocupante episodio se registr\u00f3 este martes en la ciudad de La Paz, en Entre R\u00edos, cuando un estudiante de 13 a\u00f1os fue sorprendido con un arma de fabricaci\u00f3n [&hellip;]<\/p>\n","protected":false},"author":4,"featured_media":7939,"comment_status":"open","ping_status":"open","sticky":false,"template":"","format":"standard","meta":{"footnotes":""},"categories":[21,17],"tags":[],"class_list":{"0":"post-7938","1":"post","2":"type-post","3":"status-publish","4":"format-standard","5":"has-post-thumbnail","7":"category-policiales","8":"category-provinciales"},"yoast_head":"<!-- This site is optimized with the Yoast SEO plugin v27.4 - https:\/\/yoast.com\/product\/yoast-seo-wordpress\/ -->\n<title>La Paz: Un alumno de 13 a\u00f1os llev\u00f3 un arma casera en su mochila - Diario del Sur<\/title>\n<meta name=\"robots\" content=\"index, follow, max-snippet:-1, max-image-preview:large, max-video-preview:-1\" \/>\n<link rel=\"canonical\" href=\"https:\/\/diariodelsurdigital.com.ar\/?p=7938\" \/>\n<meta property=\"og:locale\" content=\"es_ES\" \/>\n<meta property=\"og:type\" content=\"article\" \/>\n<meta property=\"og:title\" content=\"La Paz: Un alumno de 13 a\u00f1os llev\u00f3 un arma casera en su mochila - Diario del Sur\" \/>\n<meta property=\"og:description\" content=\"El elemento fue secuestrado por la Polic\u00eda en La Paz y el menor qued\u00f3 a disposici\u00f3n de la Justicia antes de ser entregado a sus padres. Un preocupante episodio se registr\u00f3 este martes en la ciudad de La Paz, en Entre R\u00edos, cuando un estudiante de 13 a\u00f1os fue sorprendido con un arma de fabricaci\u00f3n [&hellip;]\" \/>\n<meta property=\"og:url\" content=\"https:\/\/diariodelsurdigital.com.ar\/?p=7938\" \/>\n<meta property=\"og:site_name\" content=\"Diario del Sur\" \/>\n<meta property=\"article:published_time\" content=\"2026-04-08T13:14:10+00:00\" \/>\n<meta property=\"article:modified_time\" content=\"2026-04-08T13:14:12+00:00\" \/>\n<meta property=\"og:image\" content=\"https:\/\/diariodelsurdigital.com.ar\/wp-content\/uploads\/2026\/04\/md-70.webp\" \/>\n\t<meta property=\"og:image:width\" content=\"992\" \/>\n\t<meta property=\"og:image:height\" content=\"666\" \/>\n\t<meta property=\"og:image:type\" content=\"image\/webp\" \/>\n<meta name=\"author\" content=\"Diario del Sur Digital\" \/>\n<meta name=\"twitter:card\" content=\"summary_large_image\" \/>\n<meta name=\"twitter:label1\" content=\"Escrito por\" \/>\n\t<meta name=\"twitter:data1\" content=\"Diario del Sur Digital\" \/>\n\t<meta name=\"twitter:label2\" content=\"Tiempo de lectura\" \/>\n\t<meta name=\"twitter:data2\" content=\"2 minutos\" \/>\n<script type=\"application\/ld+json\" class=\"yoast-schema-graph\">{\"@context\":\"https:\\\/\\\/schema.org\",\"@graph\":[{\"@type\":\"Article\",\"@id\":\"https:\\\/\\\/diariodelsurdigital.com.ar\\\/?p=7938#article\",\"isPartOf\":{\"@id\":\"https:\\\/\\\/diariodelsurdigital.com.ar\\\/?p=7938\"},\"author\":{\"name\":\"Diario del Sur Digital\",\"@id\":\"https:\\\/\\\/diariodelsurdigital.com.ar\\\/#\\\/schema\\\/person\\\/1a4992532ed62965c968031b49195c81\"},\"headline\":\"La Paz: Un alumno de 13 a\u00f1os llev\u00f3 un arma casera en su mochila\",\"datePublished\":\"2026-04-08T13:14:10+00:00\",\"dateModified\":\"2026-04-08T13:14:12+00:00\",\"mainEntityOfPage\":{\"@id\":\"https:\\\/\\\/diariodelsurdigital.com.ar\\\/?p=7938\"},\"wordCount\":298,\"commentCount\":0,\"image\":{\"@id\":\"https:\\\/\\\/diariodelsurdigital.com.ar\\\/?p=7938#primaryimage\"},\"thumbnailUrl\":\"https:\\\/\\\/diariodelsurdigital.com.ar\\\/wp-content\\\/uploads\\\/2026\\\/04\\\/md-70.webp\",\"articleSection\":[\"Policiales\",\"Provinciales\"],\"inLanguage\":\"es\",\"potentialAction\":[{\"@type\":\"CommentAction\",\"name\":\"Comment\",\"target\":[\"https:\\\/\\\/diariodelsurdigital.com.ar\\\/?p=7938#respond\"]}]},{\"@type\":\"WebPage\",\"@id\":\"https:\\\/\\\/diariodelsurdigital.com.ar\\\/?p=7938\",\"url\":\"https:\\\/\\\/diariodelsurdigital.com.ar\\\/?p=7938\",\"name\":\"La Paz: Un alumno de 13 a\u00f1os llev\u00f3 un arma casera en su mochila - Diario del Sur\",\"isPartOf\":{\"@id\":\"https:\\\/\\\/diariodelsurdigital.com.ar\\\/#website\"},\"primaryImageOfPage\":{\"@id\":\"https:\\\/\\\/diariodelsurdigital.com.ar\\\/?p=7938#primaryimage\"},\"image\":{\"@id\":\"https:\\\/\\\/diariodelsurdigital.com.ar\\\/?p=7938#primaryimage\"},\"thumbnailUrl\":\"https:\\\/\\\/diariodelsurdigital.com.ar\\\/wp-content\\\/uploads\\\/2026\\\/04\\\/md-70.webp\",\"datePublished\":\"2026-04-08T13:14:10+00:00\",\"dateModified\":\"2026-04-08T13:14:12+00:00\",\"author\":{\"@id\":\"https:\\\/\\\/diariodelsurdigital.com.ar\\\/#\\\/schema\\\/person\\\/1a4992532ed62965c968031b49195c81\"},\"breadcrumb\":{\"@id\":\"https:\\\/\\\/diariodelsurdigital.com.ar\\\/?p=7938#breadcrumb\"},\"inLanguage\":\"es\",\"potentialAction\":[{\"@type\":\"ReadAction\",\"target\":[\"https:\\\/\\\/diariodelsurdigital.com.ar\\\/?p=7938\"]}]},{\"@type\":\"ImageObject\",\"inLanguage\":\"es\",\"@id\":\"https:\\\/\\\/diariodelsurdigital.com.ar\\\/?p=7938#primaryimage\",\"url\":\"https:\\\/\\\/diariodelsurdigital.com.ar\\\/wp-content\\\/uploads\\\/2026\\\/04\\\/md-70.webp\",\"contentUrl\":\"https:\\\/\\\/diariodelsurdigital.com.ar\\\/wp-content\\\/uploads\\\/2026\\\/04\\\/md-70.webp\",\"width\":992,\"height\":666},{\"@type\":\"BreadcrumbList\",\"@id\":\"https:\\\/\\\/diariodelsurdigital.com.ar\\\/?p=7938#breadcrumb\",\"itemListElement\":[{\"@type\":\"ListItem\",\"position\":1,\"name\":\"Portada\",\"item\":\"https:\\\/\\\/diariodelsurdigital.com.ar\\\/\"},{\"@type\":\"ListItem\",\"position\":2,\"name\":\"La Paz: Un alumno de 13 a\u00f1os llev\u00f3 un arma casera en su mochila\"}]},{\"@type\":\"WebSite\",\"@id\":\"https:\\\/\\\/diariodelsurdigital.com.ar\\\/#website\",\"url\":\"https:\\\/\\\/diariodelsurdigital.com.ar\\\/\",\"name\":\"Diario del Sur\",\"description\":\"Digital\",\"potentialAction\":[{\"@type\":\"SearchAction\",\"target\":{\"@type\":\"EntryPoint\",\"urlTemplate\":\"https:\\\/\\\/diariodelsurdigital.com.ar\\\/?s={search_term_string}\"},\"query-input\":{\"@type\":\"PropertyValueSpecification\",\"valueRequired\":true,\"valueName\":\"search_term_string\"}}],\"inLanguage\":\"es\"},{\"@type\":\"Person\",\"@id\":\"https:\\\/\\\/diariodelsurdigital.com.ar\\\/#\\\/schema\\\/person\\\/1a4992532ed62965c968031b49195c81\",\"name\":\"Diario del Sur Digital\",\"image\":{\"@type\":\"ImageObject\",\"inLanguage\":\"es\",\"@id\":\"https:\\\/\\\/secure.gravatar.com\\\/avatar\\\/f0c7c47fc7146d19828273b9b8eda651c9c7ab583767e6338d3d3bee825adf76?s=96&d=mm&r=g\",\"url\":\"https:\\\/\\\/secure.gravatar.com\\\/avatar\\\/f0c7c47fc7146d19828273b9b8eda651c9c7ab583767e6338d3d3bee825adf76?s=96&d=mm&r=g\",\"contentUrl\":\"https:\\\/\\\/secure.gravatar.com\\\/avatar\\\/f0c7c47fc7146d19828273b9b8eda651c9c7ab583767e6338d3d3bee825adf76?s=96&d=mm&r=g\",\"caption\":\"Diario del Sur Digital\"},\"url\":\"https:\\\/\\\/diariodelsurdigital.com.ar\\\/?author=4\"}]}<\/script>\n<!-- \/ Yoast SEO plugin. -->","yoast_head_json":{"title":"La Paz: Un alumno de 13 a\u00f1os llev\u00f3 un arma casera en su mochila - Diario del Sur","robots":{"index":"index","follow":"follow","max-snippet":"max-snippet:-1","max-image-preview":"max-image-preview:large","max-video-preview":"max-video-preview:-1"},"canonical":"https:\/\/diariodelsurdigital.com.ar\/?p=7938","og_locale":"es_ES","og_type":"article","og_title":"La Paz: Un alumno de 13 a\u00f1os llev\u00f3 un arma casera en su mochila - Diario del Sur","og_description":"El elemento fue secuestrado por la Polic\u00eda en La Paz y el menor qued\u00f3 a disposici\u00f3n de la Justicia antes de ser entregado a sus padres. Un preocupante episodio se registr\u00f3 este martes en la ciudad de La Paz, en Entre R\u00edos, cuando un estudiante de 13 a\u00f1os fue sorprendido con un arma de fabricaci\u00f3n [&hellip;]","og_url":"https:\/\/diariodelsurdigital.com.ar\/?p=7938","og_site_name":"Diario del Sur","article_published_time":"2026-04-08T13:14:10+00:00","article_modified_time":"2026-04-08T13:14:12+00:00","og_image":[{"width":992,"height":666,"url":"https:\/\/diariodelsurdigital.com.ar\/wp-content\/uploads\/2026\/04\/md-70.webp","type":"image\/webp"}],"author":"Diario del Sur Digital","twitter_card":"summary_large_image","twitter_misc":{"Escrito por":"Diario del Sur Digital","Tiempo de lectura":"2 minutos"},"schema":{"@context":"https:\/\/schema.org","@graph":[{"@type":"Article","@id":"https:\/\/diariodelsurdigital.com.ar\/?p=7938#article","isPartOf":{"@id":"https:\/\/diariodelsurdigital.com.ar\/?p=7938"},"author":{"name":"Diario del Sur Digital","@id":"https:\/\/diariodelsurdigital.com.ar\/#\/schema\/person\/1a4992532ed62965c968031b49195c81"},"headline":"La Paz: Un alumno de 13 a\u00f1os llev\u00f3 un arma casera en su mochila","datePublished":"2026-04-08T13:14:10+00:00","dateModified":"2026-04-08T13:14:12+00:00","mainEntityOfPage":{"@id":"https:\/\/diariodelsurdigital.com.ar\/?p=7938"},"wordCount":298,"commentCount":0,"image":{"@id":"https:\/\/diariodelsurdigital.com.ar\/?p=7938#primaryimage"},"thumbnailUrl":"https:\/\/diariodelsurdigital.com.ar\/wp-content\/uploads\/2026\/04\/md-70.webp","articleSection":["Policiales","Provinciales"],"inLanguage":"es","potentialAction":[{"@type":"CommentAction","name":"Comment","target":["https:\/\/diariodelsurdigital.com.ar\/?p=7938#respond"]}]},{"@type":"WebPage","@id":"https:\/\/diariodelsurdigital.com.ar\/?p=7938","url":"https:\/\/diariodelsurdigital.com.ar\/?p=7938","name":"La Paz: Un alumno de 13 a\u00f1os llev\u00f3 un arma casera en su mochila - Diario del Sur","isPartOf":{"@id":"https:\/\/diariodelsurdigital.com.ar\/#website"},"primaryImageOfPage":{"@id":"https:\/\/diariodelsurdigital.com.ar\/?p=7938#primaryimage"},"image":{"@id":"https:\/\/diariodelsurdigital.com.ar\/?p=7938#primaryimage"},"thumbnailUrl":"https:\/\/diariodelsurdigital.com.ar\/wp-content\/uploads\/2026\/04\/md-70.webp","datePublished":"2026-04-08T13:14:10+00:00","dateModified":"2026-04-08T13:14:12+00:00","author":{"@id":"https:\/\/diariodelsurdigital.com.ar\/#\/schema\/person\/1a4992532ed62965c968031b49195c81"},"breadcrumb":{"@id":"https:\/\/diariodelsurdigital.com.ar\/?p=7938#breadcrumb"},"inLanguage":"es","potentialAction":[{"@type":"ReadAction","target":["https:\/\/diariodelsurdigital.com.ar\/?p=7938"]}]},{"@type":"ImageObject","inLanguage":"es","@id":"https:\/\/diariodelsurdigital.com.ar\/?p=7938#primaryimage","url":"https:\/\/diariodelsurdigital.com.ar\/wp-content\/uploads\/2026\/04\/md-70.webp","contentUrl":"https:\/\/diariodelsurdigital.com.ar\/wp-content\/uploads\/2026\/04\/md-70.webp","width":992,"height":666},{"@type":"BreadcrumbList","@id":"https:\/\/diariodelsurdigital.com.ar\/?p=7938#breadcrumb","itemListElement":[{"@type":"ListItem","position":1,"name":"Portada","item":"https:\/\/diariodelsurdigital.com.ar\/"},{"@type":"ListItem","position":2,"name":"La Paz: Un alumno de 13 a\u00f1os llev\u00f3 un arma casera en su mochila"}]},{"@type":"WebSite","@id":"https:\/\/diariodelsurdigital.com.ar\/#website","url":"https:\/\/diariodelsurdigital.com.ar\/","name":"Diario del Sur","description":"Digital","potentialAction":[{"@type":"SearchAction","target":{"@type":"EntryPoint","urlTemplate":"https:\/\/diariodelsurdigital.com.ar\/?s={search_term_string}"},"query-input":{"@type":"PropertyValueSpecification","valueRequired":true,"valueName":"search_term_string"}}],"inLanguage":"es"},{"@type":"Person","@id":"https:\/\/diariodelsurdigital.com.ar\/#\/schema\/person\/1a4992532ed62965c968031b49195c81","name":"Diario del Sur Digital","image":{"@type":"ImageObject","inLanguage":"es","@id":"https:\/\/secure.gravatar.com\/avatar\/f0c7c47fc7146d19828273b9b8eda651c9c7ab583767e6338d3d3bee825adf76?s=96&d=mm&r=g","url":"https:\/\/secure.gravatar.com\/avatar\/f0c7c47fc7146d19828273b9b8eda651c9c7ab583767e6338d3d3bee825adf76?s=96&d=mm&r=g","contentUrl":"https:\/\/secure.gravatar.com\/avatar\/f0c7c47fc7146d19828273b9b8eda651c9c7ab583767e6338d3d3bee825adf76?s=96&d=mm&r=g","caption":"Diario del Sur Digital"},"url":"https:\/\/diariodelsurdigital.com.ar\/?author=4"}]}},"_links":{"self":[{"href":"https:\/\/diariodelsurdigital.com.ar\/index.php?rest_route=\/wp\/v2\/posts\/7938","targetHints":{"allow":["GET"]}}],"collection":[{"href":"https:\/\/diariodelsurdigital.com.ar\/index.php?rest_route=\/wp\/v2\/posts"}],"about":[{"href":"https:\/\/diariodelsurdigital.com.ar\/index.php?rest_route=\/wp\/v2\/types\/post"}],"author":[{"embeddable":true,"href":"https:\/\/diariodelsurdigital.com.ar\/index.php?rest_route=\/wp\/v2\/users\/4"}],"replies":[{"embeddable":true,"href":"https:\/\/diariodelsurdigital.com.ar\/index.php?rest_route=%2Fwp%2Fv2%2Fcomments&post=7938"}],"version-history":[{"count":1,"href":"https:\/\/diariodelsurdigital.com.ar\/index.php?rest_route=\/wp\/v2\/posts\/7938\/revisions"}],"predecessor-version":[{"id":7940,"href":"https:\/\/diariodelsurdigital.com.ar\/index.php?rest_route=\/wp\/v2\/posts\/7938\/revisions\/7940"}],"wp:featuredmedia":[{"embeddable":true,"href":"https:\/\/diariodelsurdigital.com.ar\/index.php?rest_route=\/wp\/v2\/media\/7939"}],"wp:attachment":[{"href":"https:\/\/diariodelsurdigital.com.ar\/index.php?rest_route=%2Fwp%2Fv2%2Fmedia&parent=7938"}],"wp:term":[{"taxonomy":"category","embeddable":true,"href":"https:\/\/diariodelsurdigital.com.ar\/index.php?rest_route=%2Fwp%2Fv2%2Fcategories&post=7938"},{"taxonomy":"post_tag","embeddable":true,"href":"https:\/\/diariodelsurdigital.com.ar\/index.php?rest_route=%2Fwp%2Fv2%2Ftags&post=7938"}],"curies":[{"name":"wp","href":"https:\/\/api.w.org\/{rel}","templated":true}]}}