{"id":7944,"date":"2026-04-08T10:20:38","date_gmt":"2026-04-08T13:20:38","guid":{"rendered":"https:\/\/diariodelsurdigital.com.ar\/?p=7944"},"modified":"2026-04-08T10:20:38","modified_gmt":"2026-04-08T13:20:38","slug":"con-78-mil-pesos-no-se-vive-movimientos-sociales-protestaron-en-parana-contra-el-hambre-y-el-recorte-de-programas-sociales","status":"publish","type":"post","link":"https:\/\/diariodelsurdigital.com.ar\/?p=7944","title":{"rendered":"\u00abCon 78 mil pesos no se vive\u00bb: Movimientos sociales protestaron en Paran\u00e1 contra el hambre y el recorte de programas sociales"},"content":{"rendered":"\n<p>Referentes de diversos movimientos populares y sindicatos se concentraron frente a la Casa de Gobierno para denunciar que el recorte nacional empuja a miles de familias a la indigencia. Exigen respuestas urgentes al gobernador Frigerio y a la ministra de Desarrollo Humano ante la par\u00e1lisis de los comedores y las unidades productivas.<\/p>\n\n\n\n<p><\/p>\n\n\n\n<p>Este martes, la capital entrerriana fue escenario de una movilizaci\u00f3n protagonizada por organizaciones sociales y gremiales en rechazo a la decisi\u00f3n del Gobierno Nacional de eliminar el programa \u00abVolver al Trabajo\u00bb.<\/p>\n\n\n\n<p>La jornada de lucha, que uni\u00f3 a sectores de la Uni\u00f3n de los Trabajadores de la Econom\u00eda Popular (UTEP), la Corriente Clasista Combativa (CCC), el Polo Obrero, Libres del Sur, el MST Teresa Vive y sindicatos como ATE y Sitradu, culmin\u00f3 con la entrega de un petitorio ante el Ministerio de Desarrollo Humano de la provincia, exigiendo la declaraci\u00f3n de la emergencia alimentaria y la restituci\u00f3n de recursos.<\/p>\n\n\n\n<p><br>El impacto en los barrios<br>El reclamo central gir\u00f3 en torno a la p\u00e9rdida del ingreso de $78.000, que percib\u00edan m\u00e1s de 20.000 entrerrianos. Los oradores coincidieron en que este monto, aunque insuficiente para cubrir la canasta b\u00e1sica, representaba el \u00fanico sost\u00e9n para miles de familias que sostienen merenderos y cooperativas de trabajo.<\/p>\n\n\n\n<p>La dirigente de la UTEP, Tamara Berales, fue encargada de abrir y cerrar el acto y subray\u00f3 la firmeza de la protesta: \u00abA pesar de las diferencias, tenemos bien en claro que el salario de la econom\u00eda popular no se toca. Esto afecta a todo el pa\u00eds y hay que defenderlo como lo hicimos cuando lo conquistamos hace 10 a\u00f1os\u00bb.<\/p>\n\n\n\n<p>Adem\u00e1s, alert\u00f3 sobre la ausencia del Estado en las periferias: \u00abEn nuestro barrio est\u00e1 avanzando la narcoestructura; no est\u00e1 el Estado, sino el transa d\u00e1ndole laburo a nuestros gurises\u00bb.<\/p>\n\n\n\n<p>Por su parte, la referente de la Corriente Clasista Combativa (CCC) relat\u00f3 la crisis que atraviesan las unidades productivas: \u00abLa producci\u00f3n se vino abajo porque ingresan productos importados. En nuestra f\u00e1brica de ropa de trabajo tuvimos que dejar de alquilar el local e ir a un lugar m\u00e1s precario. El gobierno nos trata de vagos, pero nos sac\u00f3 el financiamiento y nos cercan con la inflaci\u00f3n\u00bb.<\/p>\n\n\n\n<p>\u00abCon las heladeras vac\u00edas no hay paz\u00bb<br>Desde el Polo Obrero, la cr\u00edtica apunt\u00f3 a la falta de respuestas de la gesti\u00f3n provincial ante el recorte nacional: \u00abQueremos mostrarle a este gobierno provincial que si se cae algo nacional, \u00e9l tiene que defender a los compa\u00f1eros. Si hoy les dan una pala o una m\u00e1quina de coser, van a seguir laburando mientras tengan brazos y piernas\u00bb.<\/p>\n\n\n\n<p>En esa l\u00ednea, la representante del MST Teresa Vive calific\u00f3 el ataque de \u00abcriminal\u00bb: \u00ab\u00bfQui\u00e9n vive con 78.000 pesos? Les sacan esos mangos que serv\u00edan para el gas, para la SUBE o para comprar algo en la librer\u00eda y mandar los chicos a la escuela. Plata hay, porque lo que se paga al FMI equivale a miles de programas con aumento\u00bb.<\/p>\n\n\n\n<p>Unidad obrera y universitaria<br>La jornada cont\u00f3 con el respaldo de sectores sindicales que llamaron a la \u00abunidad de clase\u00bb. Oscar Muntes, titular de ATE Entre R\u00edos, expres\u00f3: \u00abNo pensamos ver gente revolviendo los tachos de basura. Se triplic\u00f3 la gente en situaci\u00f3n de calle. Los gobiernos provinciales y municipales tienen que estar del lado del pueblo y no de las grandes corporaciones\u00bb.<\/p>\n\n\n\n<p>Asimismo, Sof\u00eda C\u00e1ceres Sforza (Sitradu) vincul\u00f3 el ajuste en los barrios con el desfinanciamiento de las universidades: \u00abEste gobierno nacional y provincial viene por todos los trabajadores. Quieren desarmar la ciencia, la salud y los barrios, pero ac\u00e1 estamos resistiendo en unidad y acci\u00f3n\u00bb.<\/p>\n\n\n\n<p>El petitorio: Puntos clave<br>Al finalizar la movilizaci\u00f3n se ley\u00f3 un petitorio dirigido a la ministra de Desarrollo Humano, Ver\u00f3nica Berisso, en el que se exige: Audiencia urgente con las autoridades provinciales; restituci\u00f3n inmediata de los programas sociales; pr\u00f3rroga de la Ley de Emergencia Alimentaria; reconocimiento objetivo para los trabajadores de la econom\u00eda popular e inversi\u00f3n en obras y fortalecimiento de las unidades productivas.<\/p>\n\n\n\n<p>Las organizaciones advirtieron que, de no obtener respuestas, las medidas de fuerza se profundizar\u00e1n, asegurando que \u00abel camino es la calle\u00bb ante un ajuste que consideran insostenible para el tejido social de Entre R\u00edos<\/p>\n\n\n\n<p><\/p>\n","protected":false},"excerpt":{"rendered":"<p>Referentes de diversos movimientos populares y sindicatos se concentraron frente a la Casa de Gobierno para denunciar que el recorte nacional empuja a miles de familias a la indigencia. Exigen respuestas urgentes al gobernador Frigerio y a la ministra de Desarrollo Humano ante la par\u00e1lisis de los comedores y las unidades productivas. Este martes, la [&hellip;]<\/p>\n","protected":false},"author":4,"featured_media":7945,"comment_status":"open","ping_status":"open","sticky":false,"template":"","format":"standard","meta":{"footnotes":""},"categories":[19,17],"tags":[],"class_list":{"0":"post-7944","1":"post","2":"type-post","3":"status-publish","4":"format-standard","5":"has-post-thumbnail","7":"category-interes-general","8":"category-provinciales"},"yoast_head":"<!-- This site is optimized with the Yoast SEO plugin v27.4 - https:\/\/yoast.com\/product\/yoast-seo-wordpress\/ -->\n<title>&quot;Con 78 mil pesos no se vive&quot;: Movimientos sociales protestaron en Paran\u00e1 contra el hambre y el recorte de programas sociales - Diario del Sur<\/title>\n<meta name=\"robots\" content=\"index, follow, max-snippet:-1, max-image-preview:large, max-video-preview:-1\" \/>\n<link rel=\"canonical\" href=\"https:\/\/diariodelsurdigital.com.ar\/?p=7944\" \/>\n<meta property=\"og:locale\" content=\"es_ES\" \/>\n<meta property=\"og:type\" content=\"article\" \/>\n<meta property=\"og:title\" content=\"&quot;Con 78 mil pesos no se vive&quot;: Movimientos sociales protestaron en Paran\u00e1 contra el hambre y el recorte de programas sociales - Diario del Sur\" \/>\n<meta property=\"og:description\" content=\"Referentes de diversos movimientos populares y sindicatos se concentraron frente a la Casa de Gobierno para denunciar que el recorte nacional empuja a miles de familias a la indigencia. Exigen respuestas urgentes al gobernador Frigerio y a la ministra de Desarrollo Humano ante la par\u00e1lisis de los comedores y las unidades productivas. Este martes, la [&hellip;]\" \/>\n<meta property=\"og:url\" content=\"https:\/\/diariodelsurdigital.com.ar\/?p=7944\" \/>\n<meta property=\"og:site_name\" content=\"Diario del Sur\" \/>\n<meta property=\"article:published_time\" content=\"2026-04-08T13:20:38+00:00\" \/>\n<meta property=\"og:image\" content=\"https:\/\/diariodelsurdigital.com.ar\/wp-content\/uploads\/2026\/04\/md-72.webp\" \/>\n\t<meta property=\"og:image:width\" content=\"743\" \/>\n\t<meta property=\"og:image:height\" content=\"992\" \/>\n\t<meta property=\"og:image:type\" content=\"image\/webp\" \/>\n<meta name=\"author\" content=\"Diario del Sur Digital\" \/>\n<meta name=\"twitter:card\" content=\"summary_large_image\" \/>\n<meta name=\"twitter:label1\" content=\"Escrito por\" \/>\n\t<meta name=\"twitter:data1\" content=\"Diario del Sur Digital\" \/>\n\t<meta name=\"twitter:label2\" content=\"Tiempo de lectura\" \/>\n\t<meta name=\"twitter:data2\" content=\"4 minutos\" \/>\n<script type=\"application\/ld+json\" class=\"yoast-schema-graph\">{\"@context\":\"https:\\\/\\\/schema.org\",\"@graph\":[{\"@type\":\"Article\",\"@id\":\"https:\\\/\\\/diariodelsurdigital.com.ar\\\/?p=7944#article\",\"isPartOf\":{\"@id\":\"https:\\\/\\\/diariodelsurdigital.com.ar\\\/?p=7944\"},\"author\":{\"name\":\"Diario del Sur Digital\",\"@id\":\"https:\\\/\\\/diariodelsurdigital.com.ar\\\/#\\\/schema\\\/person\\\/1a4992532ed62965c968031b49195c81\"},\"headline\":\"\u00abCon 78 mil pesos no se vive\u00bb: Movimientos sociales protestaron en Paran\u00e1 contra el hambre y el recorte de programas sociales\",\"datePublished\":\"2026-04-08T13:20:38+00:00\",\"mainEntityOfPage\":{\"@id\":\"https:\\\/\\\/diariodelsurdigital.com.ar\\\/?p=7944\"},\"wordCount\":747,\"commentCount\":0,\"image\":{\"@id\":\"https:\\\/\\\/diariodelsurdigital.com.ar\\\/?p=7944#primaryimage\"},\"thumbnailUrl\":\"https:\\\/\\\/diariodelsurdigital.com.ar\\\/wp-content\\\/uploads\\\/2026\\\/04\\\/md-72.webp\",\"articleSection\":[\"Inter\u00e9s General\",\"Provinciales\"],\"inLanguage\":\"es\",\"potentialAction\":[{\"@type\":\"CommentAction\",\"name\":\"Comment\",\"target\":[\"https:\\\/\\\/diariodelsurdigital.com.ar\\\/?p=7944#respond\"]}]},{\"@type\":\"WebPage\",\"@id\":\"https:\\\/\\\/diariodelsurdigital.com.ar\\\/?p=7944\",\"url\":\"https:\\\/\\\/diariodelsurdigital.com.ar\\\/?p=7944\",\"name\":\"\\\"Con 78 mil pesos no se vive\\\": Movimientos sociales protestaron en Paran\u00e1 contra el hambre y el recorte de programas sociales - Diario del Sur\",\"isPartOf\":{\"@id\":\"https:\\\/\\\/diariodelsurdigital.com.ar\\\/#website\"},\"primaryImageOfPage\":{\"@id\":\"https:\\\/\\\/diariodelsurdigital.com.ar\\\/?p=7944#primaryimage\"},\"image\":{\"@id\":\"https:\\\/\\\/diariodelsurdigital.com.ar\\\/?p=7944#primaryimage\"},\"thumbnailUrl\":\"https:\\\/\\\/diariodelsurdigital.com.ar\\\/wp-content\\\/uploads\\\/2026\\\/04\\\/md-72.webp\",\"datePublished\":\"2026-04-08T13:20:38+00:00\",\"author\":{\"@id\":\"https:\\\/\\\/diariodelsurdigital.com.ar\\\/#\\\/schema\\\/person\\\/1a4992532ed62965c968031b49195c81\"},\"breadcrumb\":{\"@id\":\"https:\\\/\\\/diariodelsurdigital.com.ar\\\/?p=7944#breadcrumb\"},\"inLanguage\":\"es\",\"potentialAction\":[{\"@type\":\"ReadAction\",\"target\":[\"https:\\\/\\\/diariodelsurdigital.com.ar\\\/?p=7944\"]}]},{\"@type\":\"ImageObject\",\"inLanguage\":\"es\",\"@id\":\"https:\\\/\\\/diariodelsurdigital.com.ar\\\/?p=7944#primaryimage\",\"url\":\"https:\\\/\\\/diariodelsurdigital.com.ar\\\/wp-content\\\/uploads\\\/2026\\\/04\\\/md-72.webp\",\"contentUrl\":\"https:\\\/\\\/diariodelsurdigital.com.ar\\\/wp-content\\\/uploads\\\/2026\\\/04\\\/md-72.webp\",\"width\":743,\"height\":992},{\"@type\":\"BreadcrumbList\",\"@id\":\"https:\\\/\\\/diariodelsurdigital.com.ar\\\/?p=7944#breadcrumb\",\"itemListElement\":[{\"@type\":\"ListItem\",\"position\":1,\"name\":\"Portada\",\"item\":\"https:\\\/\\\/diariodelsurdigital.com.ar\\\/\"},{\"@type\":\"ListItem\",\"position\":2,\"name\":\"\u00abCon 78 mil pesos no se vive\u00bb: Movimientos sociales protestaron en Paran\u00e1 contra el hambre y el recorte de programas sociales\"}]},{\"@type\":\"WebSite\",\"@id\":\"https:\\\/\\\/diariodelsurdigital.com.ar\\\/#website\",\"url\":\"https:\\\/\\\/diariodelsurdigital.com.ar\\\/\",\"name\":\"Diario del Sur\",\"description\":\"Digital\",\"potentialAction\":[{\"@type\":\"SearchAction\",\"target\":{\"@type\":\"EntryPoint\",\"urlTemplate\":\"https:\\\/\\\/diariodelsurdigital.com.ar\\\/?s={search_term_string}\"},\"query-input\":{\"@type\":\"PropertyValueSpecification\",\"valueRequired\":true,\"valueName\":\"search_term_string\"}}],\"inLanguage\":\"es\"},{\"@type\":\"Person\",\"@id\":\"https:\\\/\\\/diariodelsurdigital.com.ar\\\/#\\\/schema\\\/person\\\/1a4992532ed62965c968031b49195c81\",\"name\":\"Diario del Sur Digital\",\"image\":{\"@type\":\"ImageObject\",\"inLanguage\":\"es\",\"@id\":\"https:\\\/\\\/secure.gravatar.com\\\/avatar\\\/f0c7c47fc7146d19828273b9b8eda651c9c7ab583767e6338d3d3bee825adf76?s=96&d=mm&r=g\",\"url\":\"https:\\\/\\\/secure.gravatar.com\\\/avatar\\\/f0c7c47fc7146d19828273b9b8eda651c9c7ab583767e6338d3d3bee825adf76?s=96&d=mm&r=g\",\"contentUrl\":\"https:\\\/\\\/secure.gravatar.com\\\/avatar\\\/f0c7c47fc7146d19828273b9b8eda651c9c7ab583767e6338d3d3bee825adf76?s=96&d=mm&r=g\",\"caption\":\"Diario del Sur Digital\"},\"url\":\"https:\\\/\\\/diariodelsurdigital.com.ar\\\/?author=4\"}]}<\/script>\n<!-- \/ Yoast SEO plugin. -->","yoast_head_json":{"title":"\"Con 78 mil pesos no se vive\": Movimientos sociales protestaron en Paran\u00e1 contra el hambre y el recorte de programas sociales - Diario del Sur","robots":{"index":"index","follow":"follow","max-snippet":"max-snippet:-1","max-image-preview":"max-image-preview:large","max-video-preview":"max-video-preview:-1"},"canonical":"https:\/\/diariodelsurdigital.com.ar\/?p=7944","og_locale":"es_ES","og_type":"article","og_title":"\"Con 78 mil pesos no se vive\": Movimientos sociales protestaron en Paran\u00e1 contra el hambre y el recorte de programas sociales - Diario del Sur","og_description":"Referentes de diversos movimientos populares y sindicatos se concentraron frente a la Casa de Gobierno para denunciar que el recorte nacional empuja a miles de familias a la indigencia. Exigen respuestas urgentes al gobernador Frigerio y a la ministra de Desarrollo Humano ante la par\u00e1lisis de los comedores y las unidades productivas. Este martes, la [&hellip;]","og_url":"https:\/\/diariodelsurdigital.com.ar\/?p=7944","og_site_name":"Diario del Sur","article_published_time":"2026-04-08T13:20:38+00:00","og_image":[{"width":743,"height":992,"url":"https:\/\/diariodelsurdigital.com.ar\/wp-content\/uploads\/2026\/04\/md-72.webp","type":"image\/webp"}],"author":"Diario del Sur Digital","twitter_card":"summary_large_image","twitter_misc":{"Escrito por":"Diario del Sur Digital","Tiempo de lectura":"4 minutos"},"schema":{"@context":"https:\/\/schema.org","@graph":[{"@type":"Article","@id":"https:\/\/diariodelsurdigital.com.ar\/?p=7944#article","isPartOf":{"@id":"https:\/\/diariodelsurdigital.com.ar\/?p=7944"},"author":{"name":"Diario del Sur Digital","@id":"https:\/\/diariodelsurdigital.com.ar\/#\/schema\/person\/1a4992532ed62965c968031b49195c81"},"headline":"\u00abCon 78 mil pesos no se vive\u00bb: Movimientos sociales protestaron en Paran\u00e1 contra el hambre y el recorte de programas sociales","datePublished":"2026-04-08T13:20:38+00:00","mainEntityOfPage":{"@id":"https:\/\/diariodelsurdigital.com.ar\/?p=7944"},"wordCount":747,"commentCount":0,"image":{"@id":"https:\/\/diariodelsurdigital.com.ar\/?p=7944#primaryimage"},"thumbnailUrl":"https:\/\/diariodelsurdigital.com.ar\/wp-content\/uploads\/2026\/04\/md-72.webp","articleSection":["Inter\u00e9s General","Provinciales"],"inLanguage":"es","potentialAction":[{"@type":"CommentAction","name":"Comment","target":["https:\/\/diariodelsurdigital.com.ar\/?p=7944#respond"]}]},{"@type":"WebPage","@id":"https:\/\/diariodelsurdigital.com.ar\/?p=7944","url":"https:\/\/diariodelsurdigital.com.ar\/?p=7944","name":"\"Con 78 mil pesos no se vive\": Movimientos sociales protestaron en Paran\u00e1 contra el hambre y el recorte de programas sociales - Diario del Sur","isPartOf":{"@id":"https:\/\/diariodelsurdigital.com.ar\/#website"},"primaryImageOfPage":{"@id":"https:\/\/diariodelsurdigital.com.ar\/?p=7944#primaryimage"},"image":{"@id":"https:\/\/diariodelsurdigital.com.ar\/?p=7944#primaryimage"},"thumbnailUrl":"https:\/\/diariodelsurdigital.com.ar\/wp-content\/uploads\/2026\/04\/md-72.webp","datePublished":"2026-04-08T13:20:38+00:00","author":{"@id":"https:\/\/diariodelsurdigital.com.ar\/#\/schema\/person\/1a4992532ed62965c968031b49195c81"},"breadcrumb":{"@id":"https:\/\/diariodelsurdigital.com.ar\/?p=7944#breadcrumb"},"inLanguage":"es","potentialAction":[{"@type":"ReadAction","target":["https:\/\/diariodelsurdigital.com.ar\/?p=7944"]}]},{"@type":"ImageObject","inLanguage":"es","@id":"https:\/\/diariodelsurdigital.com.ar\/?p=7944#primaryimage","url":"https:\/\/diariodelsurdigital.com.ar\/wp-content\/uploads\/2026\/04\/md-72.webp","contentUrl":"https:\/\/diariodelsurdigital.com.ar\/wp-content\/uploads\/2026\/04\/md-72.webp","width":743,"height":992},{"@type":"BreadcrumbList","@id":"https:\/\/diariodelsurdigital.com.ar\/?p=7944#breadcrumb","itemListElement":[{"@type":"ListItem","position":1,"name":"Portada","item":"https:\/\/diariodelsurdigital.com.ar\/"},{"@type":"ListItem","position":2,"name":"\u00abCon 78 mil pesos no se vive\u00bb: Movimientos sociales protestaron en Paran\u00e1 contra el hambre y el recorte de programas sociales"}]},{"@type":"WebSite","@id":"https:\/\/diariodelsurdigital.com.ar\/#website","url":"https:\/\/diariodelsurdigital.com.ar\/","name":"Diario del Sur","description":"Digital","potentialAction":[{"@type":"SearchAction","target":{"@type":"EntryPoint","urlTemplate":"https:\/\/diariodelsurdigital.com.ar\/?s={search_term_string}"},"query-input":{"@type":"PropertyValueSpecification","valueRequired":true,"valueName":"search_term_string"}}],"inLanguage":"es"},{"@type":"Person","@id":"https:\/\/diariodelsurdigital.com.ar\/#\/schema\/person\/1a4992532ed62965c968031b49195c81","name":"Diario del Sur Digital","image":{"@type":"ImageObject","inLanguage":"es","@id":"https:\/\/secure.gravatar.com\/avatar\/f0c7c47fc7146d19828273b9b8eda651c9c7ab583767e6338d3d3bee825adf76?s=96&d=mm&r=g","url":"https:\/\/secure.gravatar.com\/avatar\/f0c7c47fc7146d19828273b9b8eda651c9c7ab583767e6338d3d3bee825adf76?s=96&d=mm&r=g","contentUrl":"https:\/\/secure.gravatar.com\/avatar\/f0c7c47fc7146d19828273b9b8eda651c9c7ab583767e6338d3d3bee825adf76?s=96&d=mm&r=g","caption":"Diario del Sur Digital"},"url":"https:\/\/diariodelsurdigital.com.ar\/?author=4"}]}},"_links":{"self":[{"href":"https:\/\/diariodelsurdigital.com.ar\/index.php?rest_route=\/wp\/v2\/posts\/7944","targetHints":{"allow":["GET"]}}],"collection":[{"href":"https:\/\/diariodelsurdigital.com.ar\/index.php?rest_route=\/wp\/v2\/posts"}],"about":[{"href":"https:\/\/diariodelsurdigital.com.ar\/index.php?rest_route=\/wp\/v2\/types\/post"}],"author":[{"embeddable":true,"href":"https:\/\/diariodelsurdigital.com.ar\/index.php?rest_route=\/wp\/v2\/users\/4"}],"replies":[{"embeddable":true,"href":"https:\/\/diariodelsurdigital.com.ar\/index.php?rest_route=%2Fwp%2Fv2%2Fcomments&post=7944"}],"version-history":[{"count":1,"href":"https:\/\/diariodelsurdigital.com.ar\/index.php?rest_route=\/wp\/v2\/posts\/7944\/revisions"}],"predecessor-version":[{"id":7946,"href":"https:\/\/diariodelsurdigital.com.ar\/index.php?rest_route=\/wp\/v2\/posts\/7944\/revisions\/7946"}],"wp:featuredmedia":[{"embeddable":true,"href":"https:\/\/diariodelsurdigital.com.ar\/index.php?rest_route=\/wp\/v2\/media\/7945"}],"wp:attachment":[{"href":"https:\/\/diariodelsurdigital.com.ar\/index.php?rest_route=%2Fwp%2Fv2%2Fmedia&parent=7944"}],"wp:term":[{"taxonomy":"category","embeddable":true,"href":"https:\/\/diariodelsurdigital.com.ar\/index.php?rest_route=%2Fwp%2Fv2%2Fcategories&post=7944"},{"taxonomy":"post_tag","embeddable":true,"href":"https:\/\/diariodelsurdigital.com.ar\/index.php?rest_route=%2Fwp%2Fv2%2Ftags&post=7944"}],"curies":[{"name":"wp","href":"https:\/\/api.w.org\/{rel}","templated":true}]}}