{"id":795,"date":"2025-01-29T21:04:26","date_gmt":"2025-01-30T00:04:26","guid":{"rendered":"https:\/\/diariodelsurdigital.com.ar\/?p=795"},"modified":"2025-01-29T21:04:27","modified_gmt":"2025-01-30T00:04:27","slug":"odorisio-el-periodismo-es-lo-que-da-luz-para-ver-lo-que-hacen-las-cucarachas","status":"publish","type":"post","link":"https:\/\/diariodelsurdigital.com.ar\/?p=795","title":{"rendered":"Odorisio: \u201cEl periodismo es lo que da luz para ver lo que hacen las cucarachas\u201d"},"content":{"rendered":"\n<p><\/p>\n\n\n\n<p>En una larga entrevista con <strong>Diario del SUR Digital<\/strong>, el periodista concordiense Federico Odorisio, se refiri\u00f3 a su despido de la Radio P\u00fablica Municipal. Hizo un repaso de su vida. Habl\u00f3 de su formaci\u00f3n. de quienes lo hicieron incursionar en la profesi\u00f3n y de su paso por distintos medios, escritos y orales. Tambi\u00e9n dej\u00f3 un mensaje para aquellos j\u00f3venes que se inician en el riguroso arte de la comunicaci\u00f3n y la investigaci\u00f3n period\u00edstica.<\/p>\n\n\n\n<p>Federico Odorisio naci\u00f3 en Concordia, tiene 47 a\u00f1os. Fue alumno de la Escuela T\u00e9cnica N\u00b01 y luego culmin\u00f3 el nivel medio en la Escuela Comercio N\u00b02. Realiz\u00f3 sus estudios superiores en la ciudad de Rosario en donde obtuvo el t\u00edtulo de periodista. Actualmente convive con su pareja con quien tiene tiene tres hijos.<\/p>\n\n\n\n<p>Recientemente despedido de Radio P\u00fablica Municipal, con el visto del Presidente Municipal, Francisco Azcu\u00e9, luego de que Odorisio le produjo varias de las notas de cuando Azcu\u00e9 era candidato, en donde hablabla de mano dura, de meter presos a los corruptos y de denunciar a los chorros, no solo que se le habland\u00f3 la mano, sino que cort\u00f3 por uno de los eslabones m\u00e1s d\u00e9biles de la estructura radial p\u00fablica: Un Monotributista que dec\u00eda verdades, precisamente se\u00f1alando actos non sanctos, en donde figuraban algunos funcionarios, empresarios; algunos de ellos vinculados al negocio inmobiliario. Como si esto fuera poco, lo echaron justo cuando le faltaban apenas unos d\u00edas para tomarse licencia, porque estuvo durante todo enero cubriendo a sus compa\u00f1eros.<\/p>\n\n\n\n<p>Consultado por este medio, Odorisio se\u00f1al\u00f3 que, \u201cLuego de terminar los estudios y hacer algo de m\u00fasica y con mi pareja embarazada, a los 22 a\u00f1os aproximadamente volv\u00ed a Concordia, luego de obtener mi t\u00edtulo de periodista en la ciudad de Rosario. Recuerdo que mi primer trabajo fue en Radio Citricultura con Gustavo Guaglianone y Pelusa Tito, en el programa \u00b4Entre Nos\u00b4. All\u00ed realizaba notas sociales y de color. Luego de eso, creo que, por recomendaci\u00f3n de Horacio Osorio, habl\u00e9 con Claudio Gastaldi all\u00e1 por 1999 y me comenz\u00f3 a hablar sobre el proyecto de la Revista Setiembre, que luego se le di\u00f3 el nombre de Junio, por el D\u00eda del Periodista. Recuerdo que hice una nota tipo sociol\u00f3gica sobre las carrozas estudiantiles. Fue mi primera nota escrita en la N\u00b0 0 de la Revista Setiembre. Durante la crisis del 2001 recuerdo que el costo del papel y la impresi\u00f3n eran muy altas, tambi\u00e9n la presi\u00f3n de algunos sectores para que nos levanten la publicidad y no podamos continuar eran corrientes en esos momentos. La gente no ten\u00eda plata, se cobraba en federales. Recuerdo que el \u00faltimo n\u00famero de la Revista fue en diciembre del 2001, en plena movilizaci\u00f3n del Pueblo en Plaza de Mayo. A partir de ah\u00ed se comenz\u00f3 a hablar de los medios digitales y los punto com (.com) Mientras tanto continu\u00e9 con Gastaldi en el Programa, Atando Cabos que se emit\u00eda por Radio Mesopot\u00e1mica. Tambi\u00e9n tuve mi pasaje por Radio 24 con (Carlitos) Fulladoza\u201d, rememor\u00f3 Odorisio.<\/p>\n\n\n\n<p><strong>Desembarco en Radio Ciudadana<\/strong><\/p>\n\n\n\n<p>Federico Odorisio tuvo un interregno de 17 a\u00f1os en donde se dedic\u00f3 a realizar otras actividades, trabaj\u00f3 en comercios, vend\u00eda productos en la calle para una distribuidora, mientras escrib\u00eda algunas columnas de opini\u00f3n con seud\u00f3nimo, en Diario Junio y Diario R\u00edo Uruguay. \u201cEn el a\u00f1o 2020 escrib\u00eda columnas dominicales que se llamaban las columnas de Ox\u00edmoron, que eran escritos un poco literarios, un poco period\u00edsticos, abordando temas sociales. Era todo de onda, para despuntar el vicio\u201d, aclar\u00f3 Federico.<\/p>\n\n\n\n<p>Odorisio destac\u00f3 el pasaje de Claudio Gastaldi y Gustavo Guaglianone por la Radio P\u00fablica. \u201cUno por que fue el que organiz\u00f3 de alguna manera la emisora concordiense municipal all\u00e1 por el 2015 y el otro el que le pas\u00f3 el cincel, con la particularidad de que los dos dieron libertad de trabajo a todos\u201d, indic\u00f3.<\/p>\n\n\n\n<p>Cont\u00f3 que durante la gesti\u00f3n de Guaglianone, Laura Terenzano lo pidi\u00f3 para que realizara tareas de producci\u00f3n period\u00edstica en el programa de Tarea Fina, junto a Lucrecia Carmar\u00e1n, durante dos a\u00f1os. Hasta que lleg\u00f3 un momento que era tal el trabajo de producci\u00f3n y adem\u00e1s de cargar lo que se produc\u00eda a la redes que me super\u00f3 y despu\u00e9s el tema de los sorteos, las consignas, los premios, etc, que no son estrictamente cuestiones period\u00edsticas y cosas que me dejaron de gustar. Consciente de que como monotributista yo estaba cumpliendo un servicio, estuve por irme y Gustavo Guaglianone no lo permiti\u00f3. Me dijo que me ocupara del informativo de 6 a 7 de la ma\u00f1ana. Que me encargara de todo lo producido por la radio y la volcara en una p\u00e1gina web y todas las redes sociales. Luego de mi espacio continuaba Laura y Lucrecia. Luego de algunas charlas con ella, naci\u00f3 la idea sobre la marcha de realizar durante los pases, algunas charlas de opini\u00f3n sobre la realidad. Comenz\u00f3 a gustar a la audiencia, pero parece que al poder no. Hablamos sobre la dureza del intendente al principio de su gesti\u00f3n y como fue cambiando gradualmente su postura. Comenzamos a hablar de Milei, de Frigerio, de los peronistas d\u00edscolos que se fueron del partido, etc, y eso parece que molest\u00f3\u201d, dispar\u00f3 el periodista.<\/p>\n\n\n\n<p>Consultado sobre porqu\u00e9 Odorisio se lo echa y a Laura Terenzano no, puesto que tambi\u00e9n hace un periodismo progre y cr\u00edtico. \u201cPorque Laura Terenzano es de Planta y yo soy monotributista\u201d, contest\u00f3 en forma categ\u00f3rica el periodista.<\/p>\n\n\n\n<p>Odorisio atribuye su salida de la Radio P\u00fablica, no solo a la presi\u00f3n ejercida por los sectores pol\u00edticos que componen el Estado Municipal, sino tambi\u00e9n a algunos empresarios, desarrolladores inmobiliarios, profesionales, abogados, miembros del poder judicial, que molestos por sus publicaciones, tambi\u00e9n se quejaron.<\/p>\n\n\n\n<p>\u201cEs una l\u00e1stima que piensen as\u00ed. No se puede hacer callar a todo el mundo. Es necesario tener voces cr\u00edticas y disonantes, Eso hace bien a la sociedad. Hasta dir\u00eda que la cr\u00edtica hace que mejore una gesti\u00f3n. A que se corrijan cosas que se est\u00e1n haciendo mal\u201d, sugiri\u00f3 Odorisio.<\/p>\n\n\n\n<p>Una de las versiones a la que pudo acceder <strong>Diario del SUR Digital <\/strong>que circularon este fin de semana, es que el Intendente Francisco Azcu\u00e9 hab\u00eda confiado a un allegado que tal vez estuvo \u201capresurado con la determinaci\u00f3n de echar a Odorisio, al sentirse presionado por sus socios conservadores que comparten el poder municipal\u201d.<\/p>\n\n\n\n<p><strong>Mensaje a los j\u00f3venes estudiantes de periodismo<\/strong><\/p>\n\n\n\n<p>Preguntado sobre qu\u00e9 mensaje les dejar\u00eda a aquellos j\u00f3venes que quieren incursionar en el mundo de la informaci\u00f3n y el periodismo, Odorisio indic\u00f3, \u201cQue estudien otra carrera\u2026 (risas). Les dir\u00eda que el periodismo no es una profesi\u00f3n \u00fanicamente, que el periodismo es una elecci\u00f3n de vida. Es un modo de vivir. Y sobre todo tienen que pensar, porqu\u00e9 estudiar periodismo. El periodismo para m\u00ed es un servicio p\u00fablico. El periodismo es lo que da luz para ver lo que hacen las cucarachas. Que tienen que comprometerse, sobre todo con la verdad. Entender que la informaci\u00f3n es important\u00edsima para el funcionamiento de una sociedad. En un mundo en donde abunda la informaci\u00f3n es importante ver y distinguir entre la verdad y la mentira, entre lo falso y lo aut\u00e9ntico. Estamos viviendo en un oscurantismo moderno\u201d, asever\u00f3.<\/p>\n\n\n\n<p>Como despedida, Odorisio agreg\u00f3 que \u201cFrente a todo lo que me ocurri\u00f3 estos d\u00edas, me qued\u00f3 claro que lo que uno produce, fue le\u00eddo o escuchado. Yo que soy m\u00e1s anal\u00f3gico que digital, he recibido muchas capturas de pantalla con muestras de cari\u00f1o y solidaridad. Esas muestras de afectos hacen bien al alma. Demuestran que uno no ha arado en el desierto\u201d, culmin\u00f3.<\/p>\n\n\n\n<p><strong>Nota de la Redacci\u00f3n<\/strong>: Por este medio hacemos p\u00fablico, en nombre <strong>de Diario del SUR Digital<\/strong> y su equipo, nuestro total repudio al despido arbitrario realizado por el Ejecutivo Municipal, contra el colega Federico Odorisio. A su vez, convocamos a la Marcha del 1ro. de Febrero, del LGTBYQ en contra del Fascismo \u00a0y el Racismo en donde incluiremos nuestro reclamo en defensa de un periodismo libre, sin ataduras y hostigamientos.<\/p>\n","protected":false},"excerpt":{"rendered":"<p>En una larga entrevista con Diario del SUR Digital, el periodista concordiense Federico Odorisio, se refiri\u00f3 a su despido de la Radio P\u00fablica Municipal. Hizo un repaso de su vida. Habl\u00f3 de su formaci\u00f3n. de quienes lo hicieron incursionar en la profesi\u00f3n y de su paso por distintos medios, escritos y orales. Tambi\u00e9n dej\u00f3 un [&hellip;]<\/p>\n","protected":false},"author":2,"featured_media":796,"comment_status":"open","ping_status":"open","sticky":false,"template":"","format":"standard","meta":{"footnotes":""},"categories":[16],"tags":[],"class_list":{"0":"post-795","1":"post","2":"type-post","3":"status-publish","4":"format-standard","5":"has-post-thumbnail","7":"category-locales"},"yoast_head":"<!-- This site is optimized with the Yoast SEO plugin v27.4 - https:\/\/yoast.com\/product\/yoast-seo-wordpress\/ -->\n<title>Odorisio: \u201cEl periodismo es lo que da luz para ver lo que hacen las cucarachas\u201d - Diario del Sur<\/title>\n<meta name=\"robots\" content=\"index, follow, max-snippet:-1, max-image-preview:large, max-video-preview:-1\" \/>\n<link rel=\"canonical\" href=\"https:\/\/diariodelsurdigital.com.ar\/?p=795\" \/>\n<meta property=\"og:locale\" content=\"es_ES\" \/>\n<meta property=\"og:type\" content=\"article\" \/>\n<meta property=\"og:title\" content=\"Odorisio: \u201cEl periodismo es lo que da luz para ver lo que hacen las cucarachas\u201d - Diario del Sur\" \/>\n<meta property=\"og:description\" content=\"En una larga entrevista con Diario del SUR Digital, el periodista concordiense Federico Odorisio, se refiri\u00f3 a su despido de la Radio P\u00fablica Municipal. Hizo un repaso de su vida. Habl\u00f3 de su formaci\u00f3n. de quienes lo hicieron incursionar en la profesi\u00f3n y de su paso por distintos medios, escritos y orales. Tambi\u00e9n dej\u00f3 un [&hellip;]\" \/>\n<meta property=\"og:url\" content=\"https:\/\/diariodelsurdigital.com.ar\/?p=795\" \/>\n<meta property=\"og:site_name\" content=\"Diario del Sur\" \/>\n<meta property=\"article:published_time\" content=\"2025-01-30T00:04:26+00:00\" \/>\n<meta property=\"article:modified_time\" content=\"2025-01-30T00:04:27+00:00\" \/>\n<meta property=\"og:image\" content=\"https:\/\/diariodelsurdigital.com.ar\/wp-content\/uploads\/2025\/01\/Imagen-de-WhatsApp-2025-01-29-a-las-20.47.39_cf341e84.jpg\" \/>\n\t<meta property=\"og:image:width\" content=\"451\" \/>\n\t<meta property=\"og:image:height\" content=\"454\" \/>\n\t<meta property=\"og:image:type\" content=\"image\/jpeg\" \/>\n<meta name=\"author\" content=\"Diario del Sur Digital\" \/>\n<meta name=\"twitter:card\" content=\"summary_large_image\" \/>\n<meta name=\"twitter:label1\" content=\"Escrito por\" \/>\n\t<meta name=\"twitter:data1\" content=\"Diario del Sur Digital\" \/>\n\t<meta name=\"twitter:label2\" content=\"Tiempo de lectura\" \/>\n\t<meta name=\"twitter:data2\" content=\"7 minutos\" \/>\n<script type=\"application\/ld+json\" class=\"yoast-schema-graph\">{\"@context\":\"https:\\\/\\\/schema.org\",\"@graph\":[{\"@type\":\"Article\",\"@id\":\"https:\\\/\\\/diariodelsurdigital.com.ar\\\/?p=795#article\",\"isPartOf\":{\"@id\":\"https:\\\/\\\/diariodelsurdigital.com.ar\\\/?p=795\"},\"author\":{\"name\":\"Diario del Sur Digital\",\"@id\":\"https:\\\/\\\/diariodelsurdigital.com.ar\\\/#\\\/schema\\\/person\\\/6136a32571657f7dba980b88b04c5465\"},\"headline\":\"Odorisio: \u201cEl periodismo es lo que da luz para ver lo que hacen las cucarachas\u201d\",\"datePublished\":\"2025-01-30T00:04:26+00:00\",\"dateModified\":\"2025-01-30T00:04:27+00:00\",\"mainEntityOfPage\":{\"@id\":\"https:\\\/\\\/diariodelsurdigital.com.ar\\\/?p=795\"},\"wordCount\":1415,\"commentCount\":0,\"image\":{\"@id\":\"https:\\\/\\\/diariodelsurdigital.com.ar\\\/?p=795#primaryimage\"},\"thumbnailUrl\":\"https:\\\/\\\/diariodelsurdigital.com.ar\\\/wp-content\\\/uploads\\\/2025\\\/01\\\/Imagen-de-WhatsApp-2025-01-29-a-las-20.47.39_cf341e84.jpg\",\"articleSection\":[\"Locales\"],\"inLanguage\":\"es\",\"potentialAction\":[{\"@type\":\"CommentAction\",\"name\":\"Comment\",\"target\":[\"https:\\\/\\\/diariodelsurdigital.com.ar\\\/?p=795#respond\"]}]},{\"@type\":\"WebPage\",\"@id\":\"https:\\\/\\\/diariodelsurdigital.com.ar\\\/?p=795\",\"url\":\"https:\\\/\\\/diariodelsurdigital.com.ar\\\/?p=795\",\"name\":\"Odorisio: \u201cEl periodismo es lo que da luz para ver lo que hacen las cucarachas\u201d - Diario del Sur\",\"isPartOf\":{\"@id\":\"https:\\\/\\\/diariodelsurdigital.com.ar\\\/#website\"},\"primaryImageOfPage\":{\"@id\":\"https:\\\/\\\/diariodelsurdigital.com.ar\\\/?p=795#primaryimage\"},\"image\":{\"@id\":\"https:\\\/\\\/diariodelsurdigital.com.ar\\\/?p=795#primaryimage\"},\"thumbnailUrl\":\"https:\\\/\\\/diariodelsurdigital.com.ar\\\/wp-content\\\/uploads\\\/2025\\\/01\\\/Imagen-de-WhatsApp-2025-01-29-a-las-20.47.39_cf341e84.jpg\",\"datePublished\":\"2025-01-30T00:04:26+00:00\",\"dateModified\":\"2025-01-30T00:04:27+00:00\",\"author\":{\"@id\":\"https:\\\/\\\/diariodelsurdigital.com.ar\\\/#\\\/schema\\\/person\\\/6136a32571657f7dba980b88b04c5465\"},\"breadcrumb\":{\"@id\":\"https:\\\/\\\/diariodelsurdigital.com.ar\\\/?p=795#breadcrumb\"},\"inLanguage\":\"es\",\"potentialAction\":[{\"@type\":\"ReadAction\",\"target\":[\"https:\\\/\\\/diariodelsurdigital.com.ar\\\/?p=795\"]}]},{\"@type\":\"ImageObject\",\"inLanguage\":\"es\",\"@id\":\"https:\\\/\\\/diariodelsurdigital.com.ar\\\/?p=795#primaryimage\",\"url\":\"https:\\\/\\\/diariodelsurdigital.com.ar\\\/wp-content\\\/uploads\\\/2025\\\/01\\\/Imagen-de-WhatsApp-2025-01-29-a-las-20.47.39_cf341e84.jpg\",\"contentUrl\":\"https:\\\/\\\/diariodelsurdigital.com.ar\\\/wp-content\\\/uploads\\\/2025\\\/01\\\/Imagen-de-WhatsApp-2025-01-29-a-las-20.47.39_cf341e84.jpg\",\"width\":451,\"height\":454},{\"@type\":\"BreadcrumbList\",\"@id\":\"https:\\\/\\\/diariodelsurdigital.com.ar\\\/?p=795#breadcrumb\",\"itemListElement\":[{\"@type\":\"ListItem\",\"position\":1,\"name\":\"Portada\",\"item\":\"https:\\\/\\\/diariodelsurdigital.com.ar\\\/\"},{\"@type\":\"ListItem\",\"position\":2,\"name\":\"Odorisio: \u201cEl periodismo es lo que da luz para ver lo que hacen las cucarachas\u201d\"}]},{\"@type\":\"WebSite\",\"@id\":\"https:\\\/\\\/diariodelsurdigital.com.ar\\\/#website\",\"url\":\"https:\\\/\\\/diariodelsurdigital.com.ar\\\/\",\"name\":\"Diario del Sur\",\"description\":\"Digital\",\"potentialAction\":[{\"@type\":\"SearchAction\",\"target\":{\"@type\":\"EntryPoint\",\"urlTemplate\":\"https:\\\/\\\/diariodelsurdigital.com.ar\\\/?s={search_term_string}\"},\"query-input\":{\"@type\":\"PropertyValueSpecification\",\"valueRequired\":true,\"valueName\":\"search_term_string\"}}],\"inLanguage\":\"es\"},{\"@type\":\"Person\",\"@id\":\"https:\\\/\\\/diariodelsurdigital.com.ar\\\/#\\\/schema\\\/person\\\/6136a32571657f7dba980b88b04c5465\",\"name\":\"Diario del Sur Digital\",\"image\":{\"@type\":\"ImageObject\",\"inLanguage\":\"es\",\"@id\":\"https:\\\/\\\/secure.gravatar.com\\\/avatar\\\/4c29ceac98541dd42460b2474aaa5dd37594d6ce6cb3cf2c101d09b48ee287ba?s=96&d=mm&r=g\",\"url\":\"https:\\\/\\\/secure.gravatar.com\\\/avatar\\\/4c29ceac98541dd42460b2474aaa5dd37594d6ce6cb3cf2c101d09b48ee287ba?s=96&d=mm&r=g\",\"contentUrl\":\"https:\\\/\\\/secure.gravatar.com\\\/avatar\\\/4c29ceac98541dd42460b2474aaa5dd37594d6ce6cb3cf2c101d09b48ee287ba?s=96&d=mm&r=g\",\"caption\":\"Diario del Sur Digital\"},\"url\":\"https:\\\/\\\/diariodelsurdigital.com.ar\\\/?author=2\"}]}<\/script>\n<!-- \/ Yoast SEO plugin. -->","yoast_head_json":{"title":"Odorisio: \u201cEl periodismo es lo que da luz para ver lo que hacen las cucarachas\u201d - Diario del Sur","robots":{"index":"index","follow":"follow","max-snippet":"max-snippet:-1","max-image-preview":"max-image-preview:large","max-video-preview":"max-video-preview:-1"},"canonical":"https:\/\/diariodelsurdigital.com.ar\/?p=795","og_locale":"es_ES","og_type":"article","og_title":"Odorisio: \u201cEl periodismo es lo que da luz para ver lo que hacen las cucarachas\u201d - Diario del Sur","og_description":"En una larga entrevista con Diario del SUR Digital, el periodista concordiense Federico Odorisio, se refiri\u00f3 a su despido de la Radio P\u00fablica Municipal. Hizo un repaso de su vida. Habl\u00f3 de su formaci\u00f3n. de quienes lo hicieron incursionar en la profesi\u00f3n y de su paso por distintos medios, escritos y orales. Tambi\u00e9n dej\u00f3 un [&hellip;]","og_url":"https:\/\/diariodelsurdigital.com.ar\/?p=795","og_site_name":"Diario del Sur","article_published_time":"2025-01-30T00:04:26+00:00","article_modified_time":"2025-01-30T00:04:27+00:00","og_image":[{"width":451,"height":454,"url":"https:\/\/diariodelsurdigital.com.ar\/wp-content\/uploads\/2025\/01\/Imagen-de-WhatsApp-2025-01-29-a-las-20.47.39_cf341e84.jpg","type":"image\/jpeg"}],"author":"Diario del Sur Digital","twitter_card":"summary_large_image","twitter_misc":{"Escrito por":"Diario del Sur Digital","Tiempo de lectura":"7 minutos"},"schema":{"@context":"https:\/\/schema.org","@graph":[{"@type":"Article","@id":"https:\/\/diariodelsurdigital.com.ar\/?p=795#article","isPartOf":{"@id":"https:\/\/diariodelsurdigital.com.ar\/?p=795"},"author":{"name":"Diario del Sur Digital","@id":"https:\/\/diariodelsurdigital.com.ar\/#\/schema\/person\/6136a32571657f7dba980b88b04c5465"},"headline":"Odorisio: \u201cEl periodismo es lo que da luz para ver lo que hacen las cucarachas\u201d","datePublished":"2025-01-30T00:04:26+00:00","dateModified":"2025-01-30T00:04:27+00:00","mainEntityOfPage":{"@id":"https:\/\/diariodelsurdigital.com.ar\/?p=795"},"wordCount":1415,"commentCount":0,"image":{"@id":"https:\/\/diariodelsurdigital.com.ar\/?p=795#primaryimage"},"thumbnailUrl":"https:\/\/diariodelsurdigital.com.ar\/wp-content\/uploads\/2025\/01\/Imagen-de-WhatsApp-2025-01-29-a-las-20.47.39_cf341e84.jpg","articleSection":["Locales"],"inLanguage":"es","potentialAction":[{"@type":"CommentAction","name":"Comment","target":["https:\/\/diariodelsurdigital.com.ar\/?p=795#respond"]}]},{"@type":"WebPage","@id":"https:\/\/diariodelsurdigital.com.ar\/?p=795","url":"https:\/\/diariodelsurdigital.com.ar\/?p=795","name":"Odorisio: \u201cEl periodismo es lo que da luz para ver lo que hacen las cucarachas\u201d - Diario del Sur","isPartOf":{"@id":"https:\/\/diariodelsurdigital.com.ar\/#website"},"primaryImageOfPage":{"@id":"https:\/\/diariodelsurdigital.com.ar\/?p=795#primaryimage"},"image":{"@id":"https:\/\/diariodelsurdigital.com.ar\/?p=795#primaryimage"},"thumbnailUrl":"https:\/\/diariodelsurdigital.com.ar\/wp-content\/uploads\/2025\/01\/Imagen-de-WhatsApp-2025-01-29-a-las-20.47.39_cf341e84.jpg","datePublished":"2025-01-30T00:04:26+00:00","dateModified":"2025-01-30T00:04:27+00:00","author":{"@id":"https:\/\/diariodelsurdigital.com.ar\/#\/schema\/person\/6136a32571657f7dba980b88b04c5465"},"breadcrumb":{"@id":"https:\/\/diariodelsurdigital.com.ar\/?p=795#breadcrumb"},"inLanguage":"es","potentialAction":[{"@type":"ReadAction","target":["https:\/\/diariodelsurdigital.com.ar\/?p=795"]}]},{"@type":"ImageObject","inLanguage":"es","@id":"https:\/\/diariodelsurdigital.com.ar\/?p=795#primaryimage","url":"https:\/\/diariodelsurdigital.com.ar\/wp-content\/uploads\/2025\/01\/Imagen-de-WhatsApp-2025-01-29-a-las-20.47.39_cf341e84.jpg","contentUrl":"https:\/\/diariodelsurdigital.com.ar\/wp-content\/uploads\/2025\/01\/Imagen-de-WhatsApp-2025-01-29-a-las-20.47.39_cf341e84.jpg","width":451,"height":454},{"@type":"BreadcrumbList","@id":"https:\/\/diariodelsurdigital.com.ar\/?p=795#breadcrumb","itemListElement":[{"@type":"ListItem","position":1,"name":"Portada","item":"https:\/\/diariodelsurdigital.com.ar\/"},{"@type":"ListItem","position":2,"name":"Odorisio: \u201cEl periodismo es lo que da luz para ver lo que hacen las cucarachas\u201d"}]},{"@type":"WebSite","@id":"https:\/\/diariodelsurdigital.com.ar\/#website","url":"https:\/\/diariodelsurdigital.com.ar\/","name":"Diario del Sur","description":"Digital","potentialAction":[{"@type":"SearchAction","target":{"@type":"EntryPoint","urlTemplate":"https:\/\/diariodelsurdigital.com.ar\/?s={search_term_string}"},"query-input":{"@type":"PropertyValueSpecification","valueRequired":true,"valueName":"search_term_string"}}],"inLanguage":"es"},{"@type":"Person","@id":"https:\/\/diariodelsurdigital.com.ar\/#\/schema\/person\/6136a32571657f7dba980b88b04c5465","name":"Diario del Sur Digital","image":{"@type":"ImageObject","inLanguage":"es","@id":"https:\/\/secure.gravatar.com\/avatar\/4c29ceac98541dd42460b2474aaa5dd37594d6ce6cb3cf2c101d09b48ee287ba?s=96&d=mm&r=g","url":"https:\/\/secure.gravatar.com\/avatar\/4c29ceac98541dd42460b2474aaa5dd37594d6ce6cb3cf2c101d09b48ee287ba?s=96&d=mm&r=g","contentUrl":"https:\/\/secure.gravatar.com\/avatar\/4c29ceac98541dd42460b2474aaa5dd37594d6ce6cb3cf2c101d09b48ee287ba?s=96&d=mm&r=g","caption":"Diario del Sur Digital"},"url":"https:\/\/diariodelsurdigital.com.ar\/?author=2"}]}},"_links":{"self":[{"href":"https:\/\/diariodelsurdigital.com.ar\/index.php?rest_route=\/wp\/v2\/posts\/795","targetHints":{"allow":["GET"]}}],"collection":[{"href":"https:\/\/diariodelsurdigital.com.ar\/index.php?rest_route=\/wp\/v2\/posts"}],"about":[{"href":"https:\/\/diariodelsurdigital.com.ar\/index.php?rest_route=\/wp\/v2\/types\/post"}],"author":[{"embeddable":true,"href":"https:\/\/diariodelsurdigital.com.ar\/index.php?rest_route=\/wp\/v2\/users\/2"}],"replies":[{"embeddable":true,"href":"https:\/\/diariodelsurdigital.com.ar\/index.php?rest_route=%2Fwp%2Fv2%2Fcomments&post=795"}],"version-history":[{"count":1,"href":"https:\/\/diariodelsurdigital.com.ar\/index.php?rest_route=\/wp\/v2\/posts\/795\/revisions"}],"predecessor-version":[{"id":797,"href":"https:\/\/diariodelsurdigital.com.ar\/index.php?rest_route=\/wp\/v2\/posts\/795\/revisions\/797"}],"wp:featuredmedia":[{"embeddable":true,"href":"https:\/\/diariodelsurdigital.com.ar\/index.php?rest_route=\/wp\/v2\/media\/796"}],"wp:attachment":[{"href":"https:\/\/diariodelsurdigital.com.ar\/index.php?rest_route=%2Fwp%2Fv2%2Fmedia&parent=795"}],"wp:term":[{"taxonomy":"category","embeddable":true,"href":"https:\/\/diariodelsurdigital.com.ar\/index.php?rest_route=%2Fwp%2Fv2%2Fcategories&post=795"},{"taxonomy":"post_tag","embeddable":true,"href":"https:\/\/diariodelsurdigital.com.ar\/index.php?rest_route=%2Fwp%2Fv2%2Ftags&post=795"}],"curies":[{"name":"wp","href":"https:\/\/api.w.org\/{rel}","templated":true}]}}