{"id":802,"date":"2025-01-30T11:45:23","date_gmt":"2025-01-30T14:45:23","guid":{"rendered":"https:\/\/diariodelsurdigital.com.ar\/?p=802"},"modified":"2025-01-30T11:45:24","modified_gmt":"2025-01-30T14:45:24","slug":"el-pro-de-mauricio-macri-definio-acompanar-al-gobierno-en-la-suspension-de-las-paso","status":"publish","type":"post","link":"https:\/\/diariodelsurdigital.com.ar\/?p=802","title":{"rendered":"El PRO de Mauricio Macri defini\u00f3 acompa\u00f1ar al gobierno en la suspensi\u00f3n de las PASO"},"content":{"rendered":"\n<p>Los miembros presentes en la reuni\u00f3n adelantaron posturas sobre los temas de las sesiones extraordinarias. Mauricio Macri encabez\u00f3 la reuni\u00f3n en medio de las fugas en la Legislatura porte\u00f1a. Se mostraron firmes respecto del acompa\u00f1amiento a la suspensi\u00f3n de las PASO, ficha limpia y los proyectos penales. La reuni\u00f3n se dio en medio de una relaci\u00f3n tensa entre el macrismo y el Poder Ejecutivo.<\/p>\n\n\n\n<p>Concretada la designaci\u00f3n oficial del senador nacional Alfredo de \u00c1ngeli al frente del bloque Pro en la C\u00e1mara alta, Mauricio Macri, presidente del partido a nivel nacional, encabez\u00f3 una reuni\u00f3n con la mesa ejecutiva para definir una postura de cara a los temas de las sesiones extraordinarias.<\/p>\n\n\n\n<p><strong>Firmes<\/strong><\/p>\n\n\n\n<p>El portal de noticias legislativas parlamentario.com, precis\u00f3 que los referentes de Propuesta Republicana presentes en el encuentro en Balcarce 412, sede del Pro, se mostraron firmes respecto del acompa\u00f1amiento a la suspensi\u00f3n de las PASO, ficha limpia y los proyectos penales. Esta reuni\u00f3n se dio en medio de una relaci\u00f3n tensa entre el macrismo y el Poder Ejecutivo. De hecho, este encuentro se dio justo cuando el Pro sufr\u00eda en la Legislatura porte\u00f1a el \u00e9xodo de un grupo de legisladores: tres diputados que responden a Patricia Bullrich pasaron a formar parte de La Libertad Avanza. Una movida diagramada por Karina Milei para nada ingenua, con el objetivo de seguir haci\u00e9ndole da\u00f1o al partido de Mauricio Macri, principal sost\u00e9n parlamentario del oficialismo nacional.<\/p>\n\n\n\n<p><strong>Reclamo<\/strong><\/p>\n\n\n\n<p>Con el antecedente de hace un par de semanas del comunicado con un duro reclamo del PRO para con el Gobierno nacional por la ausencia del Presupuesto 2025 en el temario de extraordinarias, sumado a la amenaza de fugas del partido macrista hacia La Libertad Avanza, el Pro opt\u00f3 por acompa\u00f1ar las iniciativas propuestas por el presidente de la Naci\u00f3n, pero dejando en claro su descontento con el accionar del Poder Ejecutivo Nacional.<\/p>\n\n\n\n<p>El partido fundado por Macri hab\u00eda cuestionado la decisi\u00f3n de no incluir a la \u00abley de leyes\u00bb a trav\u00e9s de un fuerte comunicado contra el Gobierno nacional: \u201cEste enfoque nos aleja de la democracia participativa y refuerza una visi\u00f3n autoritaria, donde no hay espacio para el debate ni la construcci\u00f3n conjunta\u201d.<\/p>\n\n\n\n<p>A la salida del encuentro en Balcarce 412, el gobernador chubutense Ignacio Torres se mostr\u00f3 optimista y alent\u00f3 la posibilidad de apoyar los proyectos penales del temario de extraordinarias: \u201cSi tuvi\u00e9ramos aprobada la ley de reiterancia, hablar\u00edamos de que Jones Huala sali\u00f3 en libertad\u201d.<\/p>\n\n\n\n<p>De igual manera, la diputada nacional Silvia Lospennato expres\u00f3 que \u201cestamos con la mayor disposici\u00f3n para dialogar\u201d. Luego, ante una consulta de los medios de comunicaci\u00f3n presentes, respondi\u00f3: \u201cNo sab\u00eda que Diego Santilli estuvo reunido en Casa Rosada\u201d. En efecto, previo a la reuni\u00f3n en la sede del Pro, el mencionado diputado nacional pas\u00f3 por la sede del Gobierno nacional para reunirse con Lule Menem, asesor de Karina Milei. Seg\u00fan pudo saber este medio, la reuni\u00f3n estaba prevista para el d\u00eda anterior, pero fue pospuesta para este mi\u00e9rcoles \u201cpor razones de agenda\u201d, que alguno sugiri\u00f3 este mi\u00e9rcoles ten\u00eda la deliberada intenci\u00f3n de generar escozor puertas adentro del Pro.<\/p>\n\n\n\n<p>Participaron tambi\u00e9n presencialmente de la cumbre el mencionado Diego Santilli, su par Mar\u00eda Eugenia Vidal, titular de la Fundaci\u00f3n Pensar; el jefe de Gobierno porte\u00f1o, Jorge Macri; la intendenta de Vicente L\u00f3pez Soledad Mart\u00ednez y el secretario general del partido, Facundo P\u00e9rez Carletti. Por su parte, Cristian Ritondo, jefe de bloque en Diputados, Guillermo Montenegro, intendente de Gral. Pueyrred\u00f3n, y Rogelio Frigerio, mandatario de Entre R\u00edos, se conectaron por zoom.&nbsp;<\/p>\n","protected":false},"excerpt":{"rendered":"<p>Los miembros presentes en la reuni\u00f3n adelantaron posturas sobre los temas de las sesiones extraordinarias. Mauricio Macri encabez\u00f3 la reuni\u00f3n en medio de las fugas en la Legislatura porte\u00f1a. Se mostraron firmes respecto del acompa\u00f1amiento a la suspensi\u00f3n de las PASO, ficha limpia y los proyectos penales. La reuni\u00f3n se dio en medio de una [&hellip;]<\/p>\n","protected":false},"author":4,"featured_media":803,"comment_status":"open","ping_status":"open","sticky":false,"template":"","format":"standard","meta":{"footnotes":""},"categories":[18,22],"tags":[],"class_list":{"0":"post-802","1":"post","2":"type-post","3":"status-publish","4":"format-standard","5":"has-post-thumbnail","7":"category-nacionales","8":"category-politica"},"yoast_head":"<!-- This site is optimized with the Yoast SEO plugin v27.4 - https:\/\/yoast.com\/product\/yoast-seo-wordpress\/ -->\n<title>El PRO de Mauricio Macri defini\u00f3 acompa\u00f1ar al gobierno en la suspensi\u00f3n de las PASO - Diario del Sur<\/title>\n<meta name=\"robots\" content=\"index, follow, max-snippet:-1, max-image-preview:large, max-video-preview:-1\" \/>\n<link rel=\"canonical\" href=\"https:\/\/diariodelsurdigital.com.ar\/?p=802\" \/>\n<meta property=\"og:locale\" content=\"es_ES\" \/>\n<meta property=\"og:type\" content=\"article\" \/>\n<meta property=\"og:title\" content=\"El PRO de Mauricio Macri defini\u00f3 acompa\u00f1ar al gobierno en la suspensi\u00f3n de las PASO - Diario del Sur\" \/>\n<meta property=\"og:description\" content=\"Los miembros presentes en la reuni\u00f3n adelantaron posturas sobre los temas de las sesiones extraordinarias. Mauricio Macri encabez\u00f3 la reuni\u00f3n en medio de las fugas en la Legislatura porte\u00f1a. Se mostraron firmes respecto del acompa\u00f1amiento a la suspensi\u00f3n de las PASO, ficha limpia y los proyectos penales. La reuni\u00f3n se dio en medio de una [&hellip;]\" \/>\n<meta property=\"og:url\" content=\"https:\/\/diariodelsurdigital.com.ar\/?p=802\" \/>\n<meta property=\"og:site_name\" content=\"Diario del Sur\" \/>\n<meta property=\"article:published_time\" content=\"2025-01-30T14:45:23+00:00\" \/>\n<meta property=\"article:modified_time\" content=\"2025-01-30T14:45:24+00:00\" \/>\n<meta property=\"og:image\" content=\"https:\/\/diariodelsurdigital.com.ar\/wp-content\/uploads\/2025\/01\/md-2025-01-30T114411.852.webp\" \/>\n\t<meta property=\"og:image:width\" content=\"992\" \/>\n\t<meta property=\"og:image:height\" content=\"575\" \/>\n\t<meta property=\"og:image:type\" content=\"image\/webp\" \/>\n<meta name=\"author\" content=\"Diario del Sur Digital\" \/>\n<meta name=\"twitter:card\" content=\"summary_large_image\" \/>\n<meta name=\"twitter:label1\" content=\"Escrito por\" \/>\n\t<meta name=\"twitter:data1\" content=\"Diario del Sur Digital\" \/>\n\t<meta name=\"twitter:label2\" content=\"Tiempo de lectura\" \/>\n\t<meta name=\"twitter:data2\" content=\"3 minutos\" \/>\n<script type=\"application\/ld+json\" class=\"yoast-schema-graph\">{\"@context\":\"https:\\\/\\\/schema.org\",\"@graph\":[{\"@type\":\"Article\",\"@id\":\"https:\\\/\\\/diariodelsurdigital.com.ar\\\/?p=802#article\",\"isPartOf\":{\"@id\":\"https:\\\/\\\/diariodelsurdigital.com.ar\\\/?p=802\"},\"author\":{\"name\":\"Diario del Sur Digital\",\"@id\":\"https:\\\/\\\/diariodelsurdigital.com.ar\\\/#\\\/schema\\\/person\\\/1a4992532ed62965c968031b49195c81\"},\"headline\":\"El PRO de Mauricio Macri defini\u00f3 acompa\u00f1ar al gobierno en la suspensi\u00f3n de las PASO\",\"datePublished\":\"2025-01-30T14:45:23+00:00\",\"dateModified\":\"2025-01-30T14:45:24+00:00\",\"mainEntityOfPage\":{\"@id\":\"https:\\\/\\\/diariodelsurdigital.com.ar\\\/?p=802\"},\"wordCount\":645,\"commentCount\":0,\"image\":{\"@id\":\"https:\\\/\\\/diariodelsurdigital.com.ar\\\/?p=802#primaryimage\"},\"thumbnailUrl\":\"https:\\\/\\\/diariodelsurdigital.com.ar\\\/wp-content\\\/uploads\\\/2025\\\/01\\\/md-2025-01-30T114411.852.webp\",\"articleSection\":[\"Nacionales\",\"Pol\u00edtica\"],\"inLanguage\":\"es\",\"potentialAction\":[{\"@type\":\"CommentAction\",\"name\":\"Comment\",\"target\":[\"https:\\\/\\\/diariodelsurdigital.com.ar\\\/?p=802#respond\"]}]},{\"@type\":\"WebPage\",\"@id\":\"https:\\\/\\\/diariodelsurdigital.com.ar\\\/?p=802\",\"url\":\"https:\\\/\\\/diariodelsurdigital.com.ar\\\/?p=802\",\"name\":\"El PRO de Mauricio Macri defini\u00f3 acompa\u00f1ar al gobierno en la suspensi\u00f3n de las PASO - Diario del Sur\",\"isPartOf\":{\"@id\":\"https:\\\/\\\/diariodelsurdigital.com.ar\\\/#website\"},\"primaryImageOfPage\":{\"@id\":\"https:\\\/\\\/diariodelsurdigital.com.ar\\\/?p=802#primaryimage\"},\"image\":{\"@id\":\"https:\\\/\\\/diariodelsurdigital.com.ar\\\/?p=802#primaryimage\"},\"thumbnailUrl\":\"https:\\\/\\\/diariodelsurdigital.com.ar\\\/wp-content\\\/uploads\\\/2025\\\/01\\\/md-2025-01-30T114411.852.webp\",\"datePublished\":\"2025-01-30T14:45:23+00:00\",\"dateModified\":\"2025-01-30T14:45:24+00:00\",\"author\":{\"@id\":\"https:\\\/\\\/diariodelsurdigital.com.ar\\\/#\\\/schema\\\/person\\\/1a4992532ed62965c968031b49195c81\"},\"breadcrumb\":{\"@id\":\"https:\\\/\\\/diariodelsurdigital.com.ar\\\/?p=802#breadcrumb\"},\"inLanguage\":\"es\",\"potentialAction\":[{\"@type\":\"ReadAction\",\"target\":[\"https:\\\/\\\/diariodelsurdigital.com.ar\\\/?p=802\"]}]},{\"@type\":\"ImageObject\",\"inLanguage\":\"es\",\"@id\":\"https:\\\/\\\/diariodelsurdigital.com.ar\\\/?p=802#primaryimage\",\"url\":\"https:\\\/\\\/diariodelsurdigital.com.ar\\\/wp-content\\\/uploads\\\/2025\\\/01\\\/md-2025-01-30T114411.852.webp\",\"contentUrl\":\"https:\\\/\\\/diariodelsurdigital.com.ar\\\/wp-content\\\/uploads\\\/2025\\\/01\\\/md-2025-01-30T114411.852.webp\",\"width\":992,\"height\":575},{\"@type\":\"BreadcrumbList\",\"@id\":\"https:\\\/\\\/diariodelsurdigital.com.ar\\\/?p=802#breadcrumb\",\"itemListElement\":[{\"@type\":\"ListItem\",\"position\":1,\"name\":\"Portada\",\"item\":\"https:\\\/\\\/diariodelsurdigital.com.ar\\\/\"},{\"@type\":\"ListItem\",\"position\":2,\"name\":\"El PRO de Mauricio Macri defini\u00f3 acompa\u00f1ar al gobierno en la suspensi\u00f3n de las PASO\"}]},{\"@type\":\"WebSite\",\"@id\":\"https:\\\/\\\/diariodelsurdigital.com.ar\\\/#website\",\"url\":\"https:\\\/\\\/diariodelsurdigital.com.ar\\\/\",\"name\":\"Diario del Sur\",\"description\":\"Digital\",\"potentialAction\":[{\"@type\":\"SearchAction\",\"target\":{\"@type\":\"EntryPoint\",\"urlTemplate\":\"https:\\\/\\\/diariodelsurdigital.com.ar\\\/?s={search_term_string}\"},\"query-input\":{\"@type\":\"PropertyValueSpecification\",\"valueRequired\":true,\"valueName\":\"search_term_string\"}}],\"inLanguage\":\"es\"},{\"@type\":\"Person\",\"@id\":\"https:\\\/\\\/diariodelsurdigital.com.ar\\\/#\\\/schema\\\/person\\\/1a4992532ed62965c968031b49195c81\",\"name\":\"Diario del Sur Digital\",\"image\":{\"@type\":\"ImageObject\",\"inLanguage\":\"es\",\"@id\":\"https:\\\/\\\/secure.gravatar.com\\\/avatar\\\/f0c7c47fc7146d19828273b9b8eda651c9c7ab583767e6338d3d3bee825adf76?s=96&d=mm&r=g\",\"url\":\"https:\\\/\\\/secure.gravatar.com\\\/avatar\\\/f0c7c47fc7146d19828273b9b8eda651c9c7ab583767e6338d3d3bee825adf76?s=96&d=mm&r=g\",\"contentUrl\":\"https:\\\/\\\/secure.gravatar.com\\\/avatar\\\/f0c7c47fc7146d19828273b9b8eda651c9c7ab583767e6338d3d3bee825adf76?s=96&d=mm&r=g\",\"caption\":\"Diario del Sur Digital\"},\"url\":\"https:\\\/\\\/diariodelsurdigital.com.ar\\\/?author=4\"}]}<\/script>\n<!-- \/ Yoast SEO plugin. -->","yoast_head_json":{"title":"El PRO de Mauricio Macri defini\u00f3 acompa\u00f1ar al gobierno en la suspensi\u00f3n de las PASO - Diario del Sur","robots":{"index":"index","follow":"follow","max-snippet":"max-snippet:-1","max-image-preview":"max-image-preview:large","max-video-preview":"max-video-preview:-1"},"canonical":"https:\/\/diariodelsurdigital.com.ar\/?p=802","og_locale":"es_ES","og_type":"article","og_title":"El PRO de Mauricio Macri defini\u00f3 acompa\u00f1ar al gobierno en la suspensi\u00f3n de las PASO - Diario del Sur","og_description":"Los miembros presentes en la reuni\u00f3n adelantaron posturas sobre los temas de las sesiones extraordinarias. Mauricio Macri encabez\u00f3 la reuni\u00f3n en medio de las fugas en la Legislatura porte\u00f1a. Se mostraron firmes respecto del acompa\u00f1amiento a la suspensi\u00f3n de las PASO, ficha limpia y los proyectos penales. La reuni\u00f3n se dio en medio de una [&hellip;]","og_url":"https:\/\/diariodelsurdigital.com.ar\/?p=802","og_site_name":"Diario del Sur","article_published_time":"2025-01-30T14:45:23+00:00","article_modified_time":"2025-01-30T14:45:24+00:00","og_image":[{"width":992,"height":575,"url":"https:\/\/diariodelsurdigital.com.ar\/wp-content\/uploads\/2025\/01\/md-2025-01-30T114411.852.webp","type":"image\/webp"}],"author":"Diario del Sur Digital","twitter_card":"summary_large_image","twitter_misc":{"Escrito por":"Diario del Sur Digital","Tiempo de lectura":"3 minutos"},"schema":{"@context":"https:\/\/schema.org","@graph":[{"@type":"Article","@id":"https:\/\/diariodelsurdigital.com.ar\/?p=802#article","isPartOf":{"@id":"https:\/\/diariodelsurdigital.com.ar\/?p=802"},"author":{"name":"Diario del Sur Digital","@id":"https:\/\/diariodelsurdigital.com.ar\/#\/schema\/person\/1a4992532ed62965c968031b49195c81"},"headline":"El PRO de Mauricio Macri defini\u00f3 acompa\u00f1ar al gobierno en la suspensi\u00f3n de las PASO","datePublished":"2025-01-30T14:45:23+00:00","dateModified":"2025-01-30T14:45:24+00:00","mainEntityOfPage":{"@id":"https:\/\/diariodelsurdigital.com.ar\/?p=802"},"wordCount":645,"commentCount":0,"image":{"@id":"https:\/\/diariodelsurdigital.com.ar\/?p=802#primaryimage"},"thumbnailUrl":"https:\/\/diariodelsurdigital.com.ar\/wp-content\/uploads\/2025\/01\/md-2025-01-30T114411.852.webp","articleSection":["Nacionales","Pol\u00edtica"],"inLanguage":"es","potentialAction":[{"@type":"CommentAction","name":"Comment","target":["https:\/\/diariodelsurdigital.com.ar\/?p=802#respond"]}]},{"@type":"WebPage","@id":"https:\/\/diariodelsurdigital.com.ar\/?p=802","url":"https:\/\/diariodelsurdigital.com.ar\/?p=802","name":"El PRO de Mauricio Macri defini\u00f3 acompa\u00f1ar al gobierno en la suspensi\u00f3n de las PASO - Diario del Sur","isPartOf":{"@id":"https:\/\/diariodelsurdigital.com.ar\/#website"},"primaryImageOfPage":{"@id":"https:\/\/diariodelsurdigital.com.ar\/?p=802#primaryimage"},"image":{"@id":"https:\/\/diariodelsurdigital.com.ar\/?p=802#primaryimage"},"thumbnailUrl":"https:\/\/diariodelsurdigital.com.ar\/wp-content\/uploads\/2025\/01\/md-2025-01-30T114411.852.webp","datePublished":"2025-01-30T14:45:23+00:00","dateModified":"2025-01-30T14:45:24+00:00","author":{"@id":"https:\/\/diariodelsurdigital.com.ar\/#\/schema\/person\/1a4992532ed62965c968031b49195c81"},"breadcrumb":{"@id":"https:\/\/diariodelsurdigital.com.ar\/?p=802#breadcrumb"},"inLanguage":"es","potentialAction":[{"@type":"ReadAction","target":["https:\/\/diariodelsurdigital.com.ar\/?p=802"]}]},{"@type":"ImageObject","inLanguage":"es","@id":"https:\/\/diariodelsurdigital.com.ar\/?p=802#primaryimage","url":"https:\/\/diariodelsurdigital.com.ar\/wp-content\/uploads\/2025\/01\/md-2025-01-30T114411.852.webp","contentUrl":"https:\/\/diariodelsurdigital.com.ar\/wp-content\/uploads\/2025\/01\/md-2025-01-30T114411.852.webp","width":992,"height":575},{"@type":"BreadcrumbList","@id":"https:\/\/diariodelsurdigital.com.ar\/?p=802#breadcrumb","itemListElement":[{"@type":"ListItem","position":1,"name":"Portada","item":"https:\/\/diariodelsurdigital.com.ar\/"},{"@type":"ListItem","position":2,"name":"El PRO de Mauricio Macri defini\u00f3 acompa\u00f1ar al gobierno en la suspensi\u00f3n de las PASO"}]},{"@type":"WebSite","@id":"https:\/\/diariodelsurdigital.com.ar\/#website","url":"https:\/\/diariodelsurdigital.com.ar\/","name":"Diario del Sur","description":"Digital","potentialAction":[{"@type":"SearchAction","target":{"@type":"EntryPoint","urlTemplate":"https:\/\/diariodelsurdigital.com.ar\/?s={search_term_string}"},"query-input":{"@type":"PropertyValueSpecification","valueRequired":true,"valueName":"search_term_string"}}],"inLanguage":"es"},{"@type":"Person","@id":"https:\/\/diariodelsurdigital.com.ar\/#\/schema\/person\/1a4992532ed62965c968031b49195c81","name":"Diario del Sur Digital","image":{"@type":"ImageObject","inLanguage":"es","@id":"https:\/\/secure.gravatar.com\/avatar\/f0c7c47fc7146d19828273b9b8eda651c9c7ab583767e6338d3d3bee825adf76?s=96&d=mm&r=g","url":"https:\/\/secure.gravatar.com\/avatar\/f0c7c47fc7146d19828273b9b8eda651c9c7ab583767e6338d3d3bee825adf76?s=96&d=mm&r=g","contentUrl":"https:\/\/secure.gravatar.com\/avatar\/f0c7c47fc7146d19828273b9b8eda651c9c7ab583767e6338d3d3bee825adf76?s=96&d=mm&r=g","caption":"Diario del Sur Digital"},"url":"https:\/\/diariodelsurdigital.com.ar\/?author=4"}]}},"_links":{"self":[{"href":"https:\/\/diariodelsurdigital.com.ar\/index.php?rest_route=\/wp\/v2\/posts\/802","targetHints":{"allow":["GET"]}}],"collection":[{"href":"https:\/\/diariodelsurdigital.com.ar\/index.php?rest_route=\/wp\/v2\/posts"}],"about":[{"href":"https:\/\/diariodelsurdigital.com.ar\/index.php?rest_route=\/wp\/v2\/types\/post"}],"author":[{"embeddable":true,"href":"https:\/\/diariodelsurdigital.com.ar\/index.php?rest_route=\/wp\/v2\/users\/4"}],"replies":[{"embeddable":true,"href":"https:\/\/diariodelsurdigital.com.ar\/index.php?rest_route=%2Fwp%2Fv2%2Fcomments&post=802"}],"version-history":[{"count":1,"href":"https:\/\/diariodelsurdigital.com.ar\/index.php?rest_route=\/wp\/v2\/posts\/802\/revisions"}],"predecessor-version":[{"id":804,"href":"https:\/\/diariodelsurdigital.com.ar\/index.php?rest_route=\/wp\/v2\/posts\/802\/revisions\/804"}],"wp:featuredmedia":[{"embeddable":true,"href":"https:\/\/diariodelsurdigital.com.ar\/index.php?rest_route=\/wp\/v2\/media\/803"}],"wp:attachment":[{"href":"https:\/\/diariodelsurdigital.com.ar\/index.php?rest_route=%2Fwp%2Fv2%2Fmedia&parent=802"}],"wp:term":[{"taxonomy":"category","embeddable":true,"href":"https:\/\/diariodelsurdigital.com.ar\/index.php?rest_route=%2Fwp%2Fv2%2Fcategories&post=802"},{"taxonomy":"post_tag","embeddable":true,"href":"https:\/\/diariodelsurdigital.com.ar\/index.php?rest_route=%2Fwp%2Fv2%2Ftags&post=802"}],"curies":[{"name":"wp","href":"https:\/\/api.w.org\/{rel}","templated":true}]}}