{"id":805,"date":"2025-01-30T11:47:29","date_gmt":"2025-01-30T14:47:29","guid":{"rendered":"https:\/\/diariodelsurdigital.com.ar\/?p=805"},"modified":"2025-01-30T11:47:30","modified_gmt":"2025-01-30T14:47:30","slug":"el-gobierno-provincial-se-prepara-para-dar-inicio-a-las-paritarias","status":"publish","type":"post","link":"https:\/\/diariodelsurdigital.com.ar\/?p=805","title":{"rendered":"El Gobierno provincial se prepara para dar inicio a las paritarias"},"content":{"rendered":"\n<p>El Secretario de Trabajo, Mariano Camoirano, inform\u00f3 que el sector docente ser\u00eda convocado el viernes 7 de febrero, d\u00eda en que vence el plazo dispuesto en el \u00faltimo acta paritaria. En tanto, para llamar a los gremios estatales \u201chay un poco m\u00e1s de tiempo\u201d, se\u00f1al\u00f3. \u201cTenemos todo febrero para convocarlos\u201d, sostuvo.<\/p>\n\n\n\n<p>Tras el primer a\u00f1o de gesti\u00f3n, en el que hubo idas y vueltas con los sindicatos docentes y estatales, el Gobierno de Rogelio Frigerio se apronta para dar inicio a nuevas negociaciones salariales con los sindicatos que representan a docentes y estatales.<\/p>\n\n\n\n<p>En este marco, la iniciativa la tom\u00f3 Agmer, cuyo Secretario General la semana pasada inst\u00f3 a las autoridades gubernamentales a convocar a paritaria antes del 7 de febrero, plazo que se estableci\u00f3 en el \u00faltimo acuerdo salarial.<\/p>\n\n\n\n<p>El Secretario de Trabajo de la Provincia, Mariano Camoirano, se refiri\u00f3 a la instancia de negociaciones que se avecina: \u201cEl \u00faltimo acta paritaria docente da plazo hasta el viernes 7 de febrero para la convocatoria\u201d, record\u00f3 y afirm\u00f3 que en dicha acta tambi\u00e9n \u201cest\u00e1n acotados los temas que se van a discutir\u201d en esa oportunidad.<\/p>\n\n\n\n<p>Adem\u00e1s sostuvo: \u201cEstimo que el Consejo General de Educaci\u00f3n (CGE) est\u00e1 con ese tema, as\u00ed que seguramente la convocatoria va a ser para ese viernes 7\u201d.<\/p>\n\n\n\n<p>Remarc\u00f3 en el mismo sentido que \u201cno puede pasar de ese d\u00eda porque es un compromiso que est\u00e1 establecido en el acta paritaria, por lo que solo queda establecer horario\u201d.<\/p>\n\n\n\n<p>En relaci\u00f3n a la convocatoria al sector estatal, el funcionario indic\u00f3 que \u201chay un poquito m\u00e1s de tiempo\u201d porque el \u00faltimo acuerdo firmado incluye la actualizaci\u00f3n salarial por IPC \u201chasta febrero inclusive\u201d, record\u00f3. \u201cEso nos da margen hasta una vez conocidos los datos inflacionarios\u201d, explic\u00f3 en declaraciones a Radio La Voz.<\/p>\n\n\n\n<p>\u201cTenemos todo febrero para ir convocando\u201d, manifest\u00f3 y entendi\u00f3 que \u201centre las partes se pondr\u00e1n de acuerdo para ver cu\u00e1ndo empiezan las primeras reuniones\u201d.&nbsp;<\/p>\n","protected":false},"excerpt":{"rendered":"<p>El Secretario de Trabajo, Mariano Camoirano, inform\u00f3 que el sector docente ser\u00eda convocado el viernes 7 de febrero, d\u00eda en que vence el plazo dispuesto en el \u00faltimo acta paritaria. En tanto, para llamar a los gremios estatales \u201chay un poco m\u00e1s de tiempo\u201d, se\u00f1al\u00f3. \u201cTenemos todo febrero para convocarlos\u201d, sostuvo. Tras el primer a\u00f1o [&hellip;]<\/p>\n","protected":false},"author":4,"featured_media":806,"comment_status":"open","ping_status":"open","sticky":false,"template":"","format":"standard","meta":{"footnotes":""},"categories":[19,17],"tags":[],"class_list":{"0":"post-805","1":"post","2":"type-post","3":"status-publish","4":"format-standard","5":"has-post-thumbnail","7":"category-interes-general","8":"category-provinciales"},"yoast_head":"<!-- This site is optimized with the Yoast SEO plugin v27.4 - https:\/\/yoast.com\/product\/yoast-seo-wordpress\/ -->\n<title>El Gobierno provincial se prepara para dar inicio a las paritarias - Diario del Sur<\/title>\n<meta name=\"robots\" content=\"index, follow, max-snippet:-1, max-image-preview:large, max-video-preview:-1\" \/>\n<link rel=\"canonical\" href=\"https:\/\/diariodelsurdigital.com.ar\/?p=805\" \/>\n<meta property=\"og:locale\" content=\"es_ES\" \/>\n<meta property=\"og:type\" content=\"article\" \/>\n<meta property=\"og:title\" content=\"El Gobierno provincial se prepara para dar inicio a las paritarias - Diario del Sur\" \/>\n<meta property=\"og:description\" content=\"El Secretario de Trabajo, Mariano Camoirano, inform\u00f3 que el sector docente ser\u00eda convocado el viernes 7 de febrero, d\u00eda en que vence el plazo dispuesto en el \u00faltimo acta paritaria. En tanto, para llamar a los gremios estatales \u201chay un poco m\u00e1s de tiempo\u201d, se\u00f1al\u00f3. \u201cTenemos todo febrero para convocarlos\u201d, sostuvo. Tras el primer a\u00f1o [&hellip;]\" \/>\n<meta property=\"og:url\" content=\"https:\/\/diariodelsurdigital.com.ar\/?p=805\" \/>\n<meta property=\"og:site_name\" content=\"Diario del Sur\" \/>\n<meta property=\"article:published_time\" content=\"2025-01-30T14:47:29+00:00\" \/>\n<meta property=\"article:modified_time\" content=\"2025-01-30T14:47:30+00:00\" \/>\n<meta property=\"og:image\" content=\"https:\/\/diariodelsurdigital.com.ar\/wp-content\/uploads\/2025\/01\/md-2025-01-30T114545.392.webp\" \/>\n\t<meta property=\"og:image:width\" content=\"992\" \/>\n\t<meta property=\"og:image:height\" content=\"659\" \/>\n\t<meta property=\"og:image:type\" content=\"image\/webp\" \/>\n<meta name=\"author\" content=\"Diario del Sur Digital\" \/>\n<meta name=\"twitter:card\" content=\"summary_large_image\" \/>\n<meta name=\"twitter:label1\" content=\"Escrito por\" \/>\n\t<meta name=\"twitter:data1\" content=\"Diario del Sur Digital\" \/>\n\t<meta name=\"twitter:label2\" content=\"Tiempo de lectura\" \/>\n\t<meta name=\"twitter:data2\" content=\"2 minutos\" \/>\n<script type=\"application\/ld+json\" class=\"yoast-schema-graph\">{\"@context\":\"https:\\\/\\\/schema.org\",\"@graph\":[{\"@type\":\"Article\",\"@id\":\"https:\\\/\\\/diariodelsurdigital.com.ar\\\/?p=805#article\",\"isPartOf\":{\"@id\":\"https:\\\/\\\/diariodelsurdigital.com.ar\\\/?p=805\"},\"author\":{\"name\":\"Diario del Sur Digital\",\"@id\":\"https:\\\/\\\/diariodelsurdigital.com.ar\\\/#\\\/schema\\\/person\\\/1a4992532ed62965c968031b49195c81\"},\"headline\":\"El Gobierno provincial se prepara para dar inicio a las paritarias\",\"datePublished\":\"2025-01-30T14:47:29+00:00\",\"dateModified\":\"2025-01-30T14:47:30+00:00\",\"mainEntityOfPage\":{\"@id\":\"https:\\\/\\\/diariodelsurdigital.com.ar\\\/?p=805\"},\"wordCount\":340,\"commentCount\":0,\"image\":{\"@id\":\"https:\\\/\\\/diariodelsurdigital.com.ar\\\/?p=805#primaryimage\"},\"thumbnailUrl\":\"https:\\\/\\\/diariodelsurdigital.com.ar\\\/wp-content\\\/uploads\\\/2025\\\/01\\\/md-2025-01-30T114545.392.webp\",\"articleSection\":[\"Inter\u00e9s General\",\"Provinciales\"],\"inLanguage\":\"es\",\"potentialAction\":[{\"@type\":\"CommentAction\",\"name\":\"Comment\",\"target\":[\"https:\\\/\\\/diariodelsurdigital.com.ar\\\/?p=805#respond\"]}]},{\"@type\":\"WebPage\",\"@id\":\"https:\\\/\\\/diariodelsurdigital.com.ar\\\/?p=805\",\"url\":\"https:\\\/\\\/diariodelsurdigital.com.ar\\\/?p=805\",\"name\":\"El Gobierno provincial se prepara para dar inicio a las paritarias - Diario del Sur\",\"isPartOf\":{\"@id\":\"https:\\\/\\\/diariodelsurdigital.com.ar\\\/#website\"},\"primaryImageOfPage\":{\"@id\":\"https:\\\/\\\/diariodelsurdigital.com.ar\\\/?p=805#primaryimage\"},\"image\":{\"@id\":\"https:\\\/\\\/diariodelsurdigital.com.ar\\\/?p=805#primaryimage\"},\"thumbnailUrl\":\"https:\\\/\\\/diariodelsurdigital.com.ar\\\/wp-content\\\/uploads\\\/2025\\\/01\\\/md-2025-01-30T114545.392.webp\",\"datePublished\":\"2025-01-30T14:47:29+00:00\",\"dateModified\":\"2025-01-30T14:47:30+00:00\",\"author\":{\"@id\":\"https:\\\/\\\/diariodelsurdigital.com.ar\\\/#\\\/schema\\\/person\\\/1a4992532ed62965c968031b49195c81\"},\"breadcrumb\":{\"@id\":\"https:\\\/\\\/diariodelsurdigital.com.ar\\\/?p=805#breadcrumb\"},\"inLanguage\":\"es\",\"potentialAction\":[{\"@type\":\"ReadAction\",\"target\":[\"https:\\\/\\\/diariodelsurdigital.com.ar\\\/?p=805\"]}]},{\"@type\":\"ImageObject\",\"inLanguage\":\"es\",\"@id\":\"https:\\\/\\\/diariodelsurdigital.com.ar\\\/?p=805#primaryimage\",\"url\":\"https:\\\/\\\/diariodelsurdigital.com.ar\\\/wp-content\\\/uploads\\\/2025\\\/01\\\/md-2025-01-30T114545.392.webp\",\"contentUrl\":\"https:\\\/\\\/diariodelsurdigital.com.ar\\\/wp-content\\\/uploads\\\/2025\\\/01\\\/md-2025-01-30T114545.392.webp\",\"width\":992,\"height\":659},{\"@type\":\"BreadcrumbList\",\"@id\":\"https:\\\/\\\/diariodelsurdigital.com.ar\\\/?p=805#breadcrumb\",\"itemListElement\":[{\"@type\":\"ListItem\",\"position\":1,\"name\":\"Portada\",\"item\":\"https:\\\/\\\/diariodelsurdigital.com.ar\\\/\"},{\"@type\":\"ListItem\",\"position\":2,\"name\":\"El Gobierno provincial se prepara para dar inicio a las paritarias\"}]},{\"@type\":\"WebSite\",\"@id\":\"https:\\\/\\\/diariodelsurdigital.com.ar\\\/#website\",\"url\":\"https:\\\/\\\/diariodelsurdigital.com.ar\\\/\",\"name\":\"Diario del Sur\",\"description\":\"Digital\",\"potentialAction\":[{\"@type\":\"SearchAction\",\"target\":{\"@type\":\"EntryPoint\",\"urlTemplate\":\"https:\\\/\\\/diariodelsurdigital.com.ar\\\/?s={search_term_string}\"},\"query-input\":{\"@type\":\"PropertyValueSpecification\",\"valueRequired\":true,\"valueName\":\"search_term_string\"}}],\"inLanguage\":\"es\"},{\"@type\":\"Person\",\"@id\":\"https:\\\/\\\/diariodelsurdigital.com.ar\\\/#\\\/schema\\\/person\\\/1a4992532ed62965c968031b49195c81\",\"name\":\"Diario del Sur Digital\",\"image\":{\"@type\":\"ImageObject\",\"inLanguage\":\"es\",\"@id\":\"https:\\\/\\\/secure.gravatar.com\\\/avatar\\\/f0c7c47fc7146d19828273b9b8eda651c9c7ab583767e6338d3d3bee825adf76?s=96&d=mm&r=g\",\"url\":\"https:\\\/\\\/secure.gravatar.com\\\/avatar\\\/f0c7c47fc7146d19828273b9b8eda651c9c7ab583767e6338d3d3bee825adf76?s=96&d=mm&r=g\",\"contentUrl\":\"https:\\\/\\\/secure.gravatar.com\\\/avatar\\\/f0c7c47fc7146d19828273b9b8eda651c9c7ab583767e6338d3d3bee825adf76?s=96&d=mm&r=g\",\"caption\":\"Diario del Sur Digital\"},\"url\":\"https:\\\/\\\/diariodelsurdigital.com.ar\\\/?author=4\"}]}<\/script>\n<!-- \/ Yoast SEO plugin. -->","yoast_head_json":{"title":"El Gobierno provincial se prepara para dar inicio a las paritarias - Diario del Sur","robots":{"index":"index","follow":"follow","max-snippet":"max-snippet:-1","max-image-preview":"max-image-preview:large","max-video-preview":"max-video-preview:-1"},"canonical":"https:\/\/diariodelsurdigital.com.ar\/?p=805","og_locale":"es_ES","og_type":"article","og_title":"El Gobierno provincial se prepara para dar inicio a las paritarias - Diario del Sur","og_description":"El Secretario de Trabajo, Mariano Camoirano, inform\u00f3 que el sector docente ser\u00eda convocado el viernes 7 de febrero, d\u00eda en que vence el plazo dispuesto en el \u00faltimo acta paritaria. En tanto, para llamar a los gremios estatales \u201chay un poco m\u00e1s de tiempo\u201d, se\u00f1al\u00f3. \u201cTenemos todo febrero para convocarlos\u201d, sostuvo. Tras el primer a\u00f1o [&hellip;]","og_url":"https:\/\/diariodelsurdigital.com.ar\/?p=805","og_site_name":"Diario del Sur","article_published_time":"2025-01-30T14:47:29+00:00","article_modified_time":"2025-01-30T14:47:30+00:00","og_image":[{"width":992,"height":659,"url":"https:\/\/diariodelsurdigital.com.ar\/wp-content\/uploads\/2025\/01\/md-2025-01-30T114545.392.webp","type":"image\/webp"}],"author":"Diario del Sur Digital","twitter_card":"summary_large_image","twitter_misc":{"Escrito por":"Diario del Sur Digital","Tiempo de lectura":"2 minutos"},"schema":{"@context":"https:\/\/schema.org","@graph":[{"@type":"Article","@id":"https:\/\/diariodelsurdigital.com.ar\/?p=805#article","isPartOf":{"@id":"https:\/\/diariodelsurdigital.com.ar\/?p=805"},"author":{"name":"Diario del Sur Digital","@id":"https:\/\/diariodelsurdigital.com.ar\/#\/schema\/person\/1a4992532ed62965c968031b49195c81"},"headline":"El Gobierno provincial se prepara para dar inicio a las paritarias","datePublished":"2025-01-30T14:47:29+00:00","dateModified":"2025-01-30T14:47:30+00:00","mainEntityOfPage":{"@id":"https:\/\/diariodelsurdigital.com.ar\/?p=805"},"wordCount":340,"commentCount":0,"image":{"@id":"https:\/\/diariodelsurdigital.com.ar\/?p=805#primaryimage"},"thumbnailUrl":"https:\/\/diariodelsurdigital.com.ar\/wp-content\/uploads\/2025\/01\/md-2025-01-30T114545.392.webp","articleSection":["Inter\u00e9s General","Provinciales"],"inLanguage":"es","potentialAction":[{"@type":"CommentAction","name":"Comment","target":["https:\/\/diariodelsurdigital.com.ar\/?p=805#respond"]}]},{"@type":"WebPage","@id":"https:\/\/diariodelsurdigital.com.ar\/?p=805","url":"https:\/\/diariodelsurdigital.com.ar\/?p=805","name":"El Gobierno provincial se prepara para dar inicio a las paritarias - Diario del Sur","isPartOf":{"@id":"https:\/\/diariodelsurdigital.com.ar\/#website"},"primaryImageOfPage":{"@id":"https:\/\/diariodelsurdigital.com.ar\/?p=805#primaryimage"},"image":{"@id":"https:\/\/diariodelsurdigital.com.ar\/?p=805#primaryimage"},"thumbnailUrl":"https:\/\/diariodelsurdigital.com.ar\/wp-content\/uploads\/2025\/01\/md-2025-01-30T114545.392.webp","datePublished":"2025-01-30T14:47:29+00:00","dateModified":"2025-01-30T14:47:30+00:00","author":{"@id":"https:\/\/diariodelsurdigital.com.ar\/#\/schema\/person\/1a4992532ed62965c968031b49195c81"},"breadcrumb":{"@id":"https:\/\/diariodelsurdigital.com.ar\/?p=805#breadcrumb"},"inLanguage":"es","potentialAction":[{"@type":"ReadAction","target":["https:\/\/diariodelsurdigital.com.ar\/?p=805"]}]},{"@type":"ImageObject","inLanguage":"es","@id":"https:\/\/diariodelsurdigital.com.ar\/?p=805#primaryimage","url":"https:\/\/diariodelsurdigital.com.ar\/wp-content\/uploads\/2025\/01\/md-2025-01-30T114545.392.webp","contentUrl":"https:\/\/diariodelsurdigital.com.ar\/wp-content\/uploads\/2025\/01\/md-2025-01-30T114545.392.webp","width":992,"height":659},{"@type":"BreadcrumbList","@id":"https:\/\/diariodelsurdigital.com.ar\/?p=805#breadcrumb","itemListElement":[{"@type":"ListItem","position":1,"name":"Portada","item":"https:\/\/diariodelsurdigital.com.ar\/"},{"@type":"ListItem","position":2,"name":"El Gobierno provincial se prepara para dar inicio a las paritarias"}]},{"@type":"WebSite","@id":"https:\/\/diariodelsurdigital.com.ar\/#website","url":"https:\/\/diariodelsurdigital.com.ar\/","name":"Diario del Sur","description":"Digital","potentialAction":[{"@type":"SearchAction","target":{"@type":"EntryPoint","urlTemplate":"https:\/\/diariodelsurdigital.com.ar\/?s={search_term_string}"},"query-input":{"@type":"PropertyValueSpecification","valueRequired":true,"valueName":"search_term_string"}}],"inLanguage":"es"},{"@type":"Person","@id":"https:\/\/diariodelsurdigital.com.ar\/#\/schema\/person\/1a4992532ed62965c968031b49195c81","name":"Diario del Sur Digital","image":{"@type":"ImageObject","inLanguage":"es","@id":"https:\/\/secure.gravatar.com\/avatar\/f0c7c47fc7146d19828273b9b8eda651c9c7ab583767e6338d3d3bee825adf76?s=96&d=mm&r=g","url":"https:\/\/secure.gravatar.com\/avatar\/f0c7c47fc7146d19828273b9b8eda651c9c7ab583767e6338d3d3bee825adf76?s=96&d=mm&r=g","contentUrl":"https:\/\/secure.gravatar.com\/avatar\/f0c7c47fc7146d19828273b9b8eda651c9c7ab583767e6338d3d3bee825adf76?s=96&d=mm&r=g","caption":"Diario del Sur Digital"},"url":"https:\/\/diariodelsurdigital.com.ar\/?author=4"}]}},"_links":{"self":[{"href":"https:\/\/diariodelsurdigital.com.ar\/index.php?rest_route=\/wp\/v2\/posts\/805","targetHints":{"allow":["GET"]}}],"collection":[{"href":"https:\/\/diariodelsurdigital.com.ar\/index.php?rest_route=\/wp\/v2\/posts"}],"about":[{"href":"https:\/\/diariodelsurdigital.com.ar\/index.php?rest_route=\/wp\/v2\/types\/post"}],"author":[{"embeddable":true,"href":"https:\/\/diariodelsurdigital.com.ar\/index.php?rest_route=\/wp\/v2\/users\/4"}],"replies":[{"embeddable":true,"href":"https:\/\/diariodelsurdigital.com.ar\/index.php?rest_route=%2Fwp%2Fv2%2Fcomments&post=805"}],"version-history":[{"count":1,"href":"https:\/\/diariodelsurdigital.com.ar\/index.php?rest_route=\/wp\/v2\/posts\/805\/revisions"}],"predecessor-version":[{"id":807,"href":"https:\/\/diariodelsurdigital.com.ar\/index.php?rest_route=\/wp\/v2\/posts\/805\/revisions\/807"}],"wp:featuredmedia":[{"embeddable":true,"href":"https:\/\/diariodelsurdigital.com.ar\/index.php?rest_route=\/wp\/v2\/media\/806"}],"wp:attachment":[{"href":"https:\/\/diariodelsurdigital.com.ar\/index.php?rest_route=%2Fwp%2Fv2%2Fmedia&parent=805"}],"wp:term":[{"taxonomy":"category","embeddable":true,"href":"https:\/\/diariodelsurdigital.com.ar\/index.php?rest_route=%2Fwp%2Fv2%2Fcategories&post=805"},{"taxonomy":"post_tag","embeddable":true,"href":"https:\/\/diariodelsurdigital.com.ar\/index.php?rest_route=%2Fwp%2Fv2%2Ftags&post=805"}],"curies":[{"name":"wp","href":"https:\/\/api.w.org\/{rel}","templated":true}]}}