{"id":819,"date":"2025-01-31T11:42:30","date_gmt":"2025-01-31T14:42:30","guid":{"rendered":"https:\/\/diariodelsurdigital.com.ar\/?p=819"},"modified":"2025-01-31T11:42:31","modified_gmt":"2025-01-31T14:42:31","slug":"petri-confirmo-que-impulsa-el-cierre-de-la-conadi","status":"publish","type":"post","link":"https:\/\/diariodelsurdigital.com.ar\/?p=819","title":{"rendered":"Petri confirm\u00f3 que impulsa el cierre de la Conadi"},"content":{"rendered":"\n<p>El ministro de Defensa, Luis Petri, sali\u00f3 a desligarse de la\u00a0<a href=\"https:\/\/www.eldiarioar.com\/politica\/petri-dio-baja-23-militares-condenados-delitos-lesa-humanidad_1_12004232.html\" target=\"_blank\" rel=\"noreferrer noopener\">baja de oficiales retirados de las Fuerzas Armadas que fueron condenados por delitos de lesa humanidad<\/a>\u00a0y asegur\u00f3 que la medida no responde a una \u201cdecisi\u00f3n pol\u00edtica\u201d sino al \u201ccumplimiento de sentencias firmes\u201d. En el mismo posteo de su cuenta de X (Twitter) dijo que impulsa\u00a0<strong>el cierre de la Comisi\u00f3n Nacional por el Derecho a la Identidad (Conadi)<\/strong>, un organismo estatal creado hace 33 a\u00f1os considerado clave en el trabajo de resitutuci\u00f3n de la identidad de personas secuestradas durante la dictadura.<\/p>\n\n\n\n<p>\u201cLa historia completa es uno de los pilares de nuestra gesti\u00f3n. Homenajeamos e indemnizamos a nuestros soldados en Formosa y los reivindicamos en Azul y en Villa Mar\u00eda. Desmantelamos los &#8216;grupos de trabajo&#8217; parajudiciales que serv\u00edan para perseguir a las Fuerzas. Impulsamos, junto al Ministerio de Justicia, el cierre de la Conadi\u201d, tuite\u00f3 el funcionario de Javier Milei.<\/p>\n\n\n\n<p>Sobre la baja de oficiales retirados, Petri busc\u00f3 quitarse responsabilidad, despu\u00e9s de que en algunos sectores cercanos a la visi\u00f3n negacionista del gobierno libertario cayera mal la medida, y se\u00f1al\u00f3: \u201cNo es una decisi\u00f3n pol\u00edtica sino el cumplimiento de sentencias firmes en procesos que han agotado todas sus instancias de revisi\u00f3n y apelaci\u00f3n. Son bajas ordenadas por la Justicia\u201d, remarc\u00f3.<\/p>\n\n\n\n<p>\u201cCon el liderazgo del presidente Milei, asumimos el desaf\u00edo de reconstruir la Argentina desde sus cimientos, revalorizando el rol de nuestras Fuerzas Armadas. Muchos de los que hoy critican esta medida se rasgan las vestiduras hablando de divisi\u00f3n de poderes y Rep\u00fablica. Podemos estar o no de acuerdo con las decisiones judiciales, pero cumplir con la ley no es una opci\u00f3n: es una obligaci\u00f3n\u201d, dijo el ministro de Defensa.<\/p>\n\n\n\n<p>El posible cierre de la Conadi viene siendo alertado por organizaciones pol\u00edticas, civiles y de derechos humanos, que advierten que podr\u00eda&nbsp;<strong>dificultar la restituci\u00f3n de identidad de cientos de personas secuestradas durante la dictadura y que&nbsp;<\/strong>implica borrar el pasado y favorecer la impunidad.<\/p>\n\n\n\n<p>La&nbsp;<strong>Conadi&nbsp;<\/strong>es un organismo estatal creado en&nbsp;<strong>1992<\/strong>&nbsp;con el objetivo de&nbsp;<strong>colaborar en la b\u00fasqueda e identificaci\u00f3n de personas apropiadas durante la \u00faltima dictadura militar (1976-1983)<\/strong>. Funciona bajo la \u00f3rbita del Ministerio de Justicia, que actualmente conduce Mariano C\u00faneo Libarona.<\/p>\n\n\n\n<p>El organismo fue importante en la identificaci\u00f3n de personas que fueron apropiadas y criadas con una identidad falsa, muchas de ellas en familias vinculadas con las Fuerzas Armadas. Hasta la fecha,&nbsp;<strong>139 nietos han recuperado su identidad<\/strong>&nbsp;gracias a investigaciones que incluyen an\u00e1lisis gen\u00e9ticos, documentaci\u00f3n y testimonios.<\/p>\n\n\n\n<p>Respecto de la baja de represores de las filas del Ej\u00e9rcito, medida dispuesta el mi\u00e9rcoles por Petri, se trata de<strong>&nbsp;cuatro generales y 19 coroneles, todos retirados, que hab\u00edan recibido condenas firmes de la Justicia por delitos de lesa humanidad en una decisi\u00f3n que gener\u00f3 malestar en algunos sectores<\/strong>. La medida fue dispuesta mediante la resoluci\u00f3n 72\/2025, a instancias de la&nbsp;Procuradur\u00eda de Investigaciones Administrativas (PIA).<\/p>\n\n\n\n<p>Entre los militares comprendidos en la resoluci\u00f3n se encuentran el&nbsp;general de divisi\u00f3n Eduardo Rodolfo Cabanillas, condenado a prisi\u00f3n perpetua por su participaci\u00f3n en el centro clandestino Automotores Orletti, y los&nbsp;generales de brigada N\u00e9stor Rub\u00e9n Castelli, Te\u00f3filo Sa\u00e1 y Federico Antonio Minicucci.<\/p>\n\n\n\n<p>Entre los fundamentos de la resoluci\u00f3n firmada por Petri este lunes se se\u00f1ala que la Procuradur\u00eda de Investigaciones Administrativas solicit\u00f3 el 30 de octubre del a\u00f1o pasado, mediante un oficio,&nbsp;\u201cdisponer la baja del personal de oficiales jefe y oficiales subalternos que han recibido sentencia judicial firme&nbsp;por causas de lesa humanidad\u201d, de acuerdo con lo prescripto en la Constituci\u00f3n Nacional. Se cita, adem\u00e1s, el decreto 721\/2016, que delega en el ministro de Defensa la disposici\u00f3n de los \u201cretiros y bajas obligatorias de los oficiales superiores de las Fuerzas Armadas\u201d.<\/p>\n\n\n\n<p>La Procuradur\u00eda de Investigaciones Administrativas le record\u00f3 al ministro de Defensa que \u201cl<strong>a obligaci\u00f3n de separar de sus cargos a los agentes implicados en graves violaciones a los derechos humanos constituye una&nbsp;obligaci\u00f3n aut\u00f3noma del Estado argentino<\/strong>, conforme al derecho Internacional\u201d. Sin embargo, trascendi\u00f3 que la medida no cay\u00f3 bien en algunos sectores del Ej\u00e9rcito.<\/p>\n\n\n\n<p>A los cuatro generales dados de baja se suman los coroneles retirados Miguel \u00c1ngel Fern\u00e1ndez Gez, Humberto Jos\u00e9 Rom\u00e1n Lobaza, Mario Alberto G\u00f3mez Arena, Pascual Oscar Guerrieri, Oscar Lorenzo Reinhold, Ram\u00f3n \u00c1ngel Puebla, Carlos Alberto Ozaran, Gustavo Fontana, Horacio Hugo Maderna, Jorge Omar Lazarte, Jos\u00e9 H\u00e9ctor Fidalgo, Jorge Daniel Rafael Carnero Sabol, H\u00e9ctor Salvador Girbone, Carlos Enrique Pav\u00f3n, Horacio Losito, Ricardo Guillermo Reyes, Rafael Julio Manuel Barreiro, Carlos Alberto Arias y Luis \u00c1ngel Gaspar Z\u00edrpolo.<\/p>\n","protected":false},"excerpt":{"rendered":"<p>El ministro de Defensa, Luis Petri, sali\u00f3 a desligarse de la\u00a0baja de oficiales retirados de las Fuerzas Armadas que fueron condenados por delitos de lesa humanidad\u00a0y asegur\u00f3 que la medida no responde a una \u201cdecisi\u00f3n pol\u00edtica\u201d sino al \u201ccumplimiento de sentencias firmes\u201d. En el mismo posteo de su cuenta de X (Twitter) dijo que impulsa\u00a0el [&hellip;]<\/p>\n","protected":false},"author":4,"featured_media":820,"comment_status":"open","ping_status":"open","sticky":false,"template":"","format":"standard","meta":{"footnotes":""},"categories":[18],"tags":[],"class_list":{"0":"post-819","1":"post","2":"type-post","3":"status-publish","4":"format-standard","5":"has-post-thumbnail","7":"category-nacionales"},"yoast_head":"<!-- This site is optimized with the Yoast SEO plugin v27.4 - https:\/\/yoast.com\/product\/yoast-seo-wordpress\/ -->\n<title>Petri confirm\u00f3 que impulsa el cierre de la Conadi - Diario del Sur<\/title>\n<meta name=\"robots\" content=\"index, follow, max-snippet:-1, max-image-preview:large, max-video-preview:-1\" \/>\n<link rel=\"canonical\" href=\"https:\/\/diariodelsurdigital.com.ar\/?p=819\" \/>\n<meta property=\"og:locale\" content=\"es_ES\" \/>\n<meta property=\"og:type\" content=\"article\" \/>\n<meta property=\"og:title\" content=\"Petri confirm\u00f3 que impulsa el cierre de la Conadi - Diario del Sur\" \/>\n<meta property=\"og:description\" content=\"El ministro de Defensa, Luis Petri, sali\u00f3 a desligarse de la\u00a0baja de oficiales retirados de las Fuerzas Armadas que fueron condenados por delitos de lesa humanidad\u00a0y asegur\u00f3 que la medida no responde a una \u201cdecisi\u00f3n pol\u00edtica\u201d sino al \u201ccumplimiento de sentencias firmes\u201d. En el mismo posteo de su cuenta de X (Twitter) dijo que impulsa\u00a0el [&hellip;]\" \/>\n<meta property=\"og:url\" content=\"https:\/\/diariodelsurdigital.com.ar\/?p=819\" \/>\n<meta property=\"og:site_name\" content=\"Diario del Sur\" \/>\n<meta property=\"article:published_time\" content=\"2025-01-31T14:42:30+00:00\" \/>\n<meta property=\"article:modified_time\" content=\"2025-01-31T14:42:31+00:00\" \/>\n<meta property=\"og:image\" content=\"https:\/\/diariodelsurdigital.com.ar\/wp-content\/uploads\/2025\/01\/6006a51b-f917-445c-a8b4-ef9dad26ae02_16-9-discover-aspect-ratio_default_0.webp\" \/>\n\t<meta property=\"og:image:width\" content=\"1200\" \/>\n\t<meta property=\"og:image:height\" content=\"675\" \/>\n\t<meta property=\"og:image:type\" content=\"image\/webp\" \/>\n<meta name=\"author\" content=\"Diario del Sur Digital\" \/>\n<meta name=\"twitter:card\" content=\"summary_large_image\" \/>\n<meta name=\"twitter:label1\" content=\"Escrito por\" \/>\n\t<meta name=\"twitter:data1\" content=\"Diario del Sur Digital\" \/>\n\t<meta name=\"twitter:label2\" content=\"Tiempo de lectura\" \/>\n\t<meta name=\"twitter:data2\" content=\"4 minutos\" \/>\n<script type=\"application\/ld+json\" class=\"yoast-schema-graph\">{\"@context\":\"https:\\\/\\\/schema.org\",\"@graph\":[{\"@type\":\"Article\",\"@id\":\"https:\\\/\\\/diariodelsurdigital.com.ar\\\/?p=819#article\",\"isPartOf\":{\"@id\":\"https:\\\/\\\/diariodelsurdigital.com.ar\\\/?p=819\"},\"author\":{\"name\":\"Diario del Sur Digital\",\"@id\":\"https:\\\/\\\/diariodelsurdigital.com.ar\\\/#\\\/schema\\\/person\\\/1a4992532ed62965c968031b49195c81\"},\"headline\":\"Petri confirm\u00f3 que impulsa el cierre de la Conadi\",\"datePublished\":\"2025-01-31T14:42:30+00:00\",\"dateModified\":\"2025-01-31T14:42:31+00:00\",\"mainEntityOfPage\":{\"@id\":\"https:\\\/\\\/diariodelsurdigital.com.ar\\\/?p=819\"},\"wordCount\":823,\"commentCount\":0,\"image\":{\"@id\":\"https:\\\/\\\/diariodelsurdigital.com.ar\\\/?p=819#primaryimage\"},\"thumbnailUrl\":\"https:\\\/\\\/diariodelsurdigital.com.ar\\\/wp-content\\\/uploads\\\/2025\\\/01\\\/6006a51b-f917-445c-a8b4-ef9dad26ae02_16-9-discover-aspect-ratio_default_0.webp\",\"articleSection\":[\"Nacionales\"],\"inLanguage\":\"es\",\"potentialAction\":[{\"@type\":\"CommentAction\",\"name\":\"Comment\",\"target\":[\"https:\\\/\\\/diariodelsurdigital.com.ar\\\/?p=819#respond\"]}]},{\"@type\":\"WebPage\",\"@id\":\"https:\\\/\\\/diariodelsurdigital.com.ar\\\/?p=819\",\"url\":\"https:\\\/\\\/diariodelsurdigital.com.ar\\\/?p=819\",\"name\":\"Petri confirm\u00f3 que impulsa el cierre de la Conadi - Diario del Sur\",\"isPartOf\":{\"@id\":\"https:\\\/\\\/diariodelsurdigital.com.ar\\\/#website\"},\"primaryImageOfPage\":{\"@id\":\"https:\\\/\\\/diariodelsurdigital.com.ar\\\/?p=819#primaryimage\"},\"image\":{\"@id\":\"https:\\\/\\\/diariodelsurdigital.com.ar\\\/?p=819#primaryimage\"},\"thumbnailUrl\":\"https:\\\/\\\/diariodelsurdigital.com.ar\\\/wp-content\\\/uploads\\\/2025\\\/01\\\/6006a51b-f917-445c-a8b4-ef9dad26ae02_16-9-discover-aspect-ratio_default_0.webp\",\"datePublished\":\"2025-01-31T14:42:30+00:00\",\"dateModified\":\"2025-01-31T14:42:31+00:00\",\"author\":{\"@id\":\"https:\\\/\\\/diariodelsurdigital.com.ar\\\/#\\\/schema\\\/person\\\/1a4992532ed62965c968031b49195c81\"},\"breadcrumb\":{\"@id\":\"https:\\\/\\\/diariodelsurdigital.com.ar\\\/?p=819#breadcrumb\"},\"inLanguage\":\"es\",\"potentialAction\":[{\"@type\":\"ReadAction\",\"target\":[\"https:\\\/\\\/diariodelsurdigital.com.ar\\\/?p=819\"]}]},{\"@type\":\"ImageObject\",\"inLanguage\":\"es\",\"@id\":\"https:\\\/\\\/diariodelsurdigital.com.ar\\\/?p=819#primaryimage\",\"url\":\"https:\\\/\\\/diariodelsurdigital.com.ar\\\/wp-content\\\/uploads\\\/2025\\\/01\\\/6006a51b-f917-445c-a8b4-ef9dad26ae02_16-9-discover-aspect-ratio_default_0.webp\",\"contentUrl\":\"https:\\\/\\\/diariodelsurdigital.com.ar\\\/wp-content\\\/uploads\\\/2025\\\/01\\\/6006a51b-f917-445c-a8b4-ef9dad26ae02_16-9-discover-aspect-ratio_default_0.webp\",\"width\":1200,\"height\":675},{\"@type\":\"BreadcrumbList\",\"@id\":\"https:\\\/\\\/diariodelsurdigital.com.ar\\\/?p=819#breadcrumb\",\"itemListElement\":[{\"@type\":\"ListItem\",\"position\":1,\"name\":\"Portada\",\"item\":\"https:\\\/\\\/diariodelsurdigital.com.ar\\\/\"},{\"@type\":\"ListItem\",\"position\":2,\"name\":\"Petri confirm\u00f3 que impulsa el cierre de la Conadi\"}]},{\"@type\":\"WebSite\",\"@id\":\"https:\\\/\\\/diariodelsurdigital.com.ar\\\/#website\",\"url\":\"https:\\\/\\\/diariodelsurdigital.com.ar\\\/\",\"name\":\"Diario del Sur\",\"description\":\"Digital\",\"potentialAction\":[{\"@type\":\"SearchAction\",\"target\":{\"@type\":\"EntryPoint\",\"urlTemplate\":\"https:\\\/\\\/diariodelsurdigital.com.ar\\\/?s={search_term_string}\"},\"query-input\":{\"@type\":\"PropertyValueSpecification\",\"valueRequired\":true,\"valueName\":\"search_term_string\"}}],\"inLanguage\":\"es\"},{\"@type\":\"Person\",\"@id\":\"https:\\\/\\\/diariodelsurdigital.com.ar\\\/#\\\/schema\\\/person\\\/1a4992532ed62965c968031b49195c81\",\"name\":\"Diario del Sur Digital\",\"image\":{\"@type\":\"ImageObject\",\"inLanguage\":\"es\",\"@id\":\"https:\\\/\\\/secure.gravatar.com\\\/avatar\\\/f0c7c47fc7146d19828273b9b8eda651c9c7ab583767e6338d3d3bee825adf76?s=96&d=mm&r=g\",\"url\":\"https:\\\/\\\/secure.gravatar.com\\\/avatar\\\/f0c7c47fc7146d19828273b9b8eda651c9c7ab583767e6338d3d3bee825adf76?s=96&d=mm&r=g\",\"contentUrl\":\"https:\\\/\\\/secure.gravatar.com\\\/avatar\\\/f0c7c47fc7146d19828273b9b8eda651c9c7ab583767e6338d3d3bee825adf76?s=96&d=mm&r=g\",\"caption\":\"Diario del Sur Digital\"},\"url\":\"https:\\\/\\\/diariodelsurdigital.com.ar\\\/?author=4\"}]}<\/script>\n<!-- \/ Yoast SEO plugin. -->","yoast_head_json":{"title":"Petri confirm\u00f3 que impulsa el cierre de la Conadi - Diario del Sur","robots":{"index":"index","follow":"follow","max-snippet":"max-snippet:-1","max-image-preview":"max-image-preview:large","max-video-preview":"max-video-preview:-1"},"canonical":"https:\/\/diariodelsurdigital.com.ar\/?p=819","og_locale":"es_ES","og_type":"article","og_title":"Petri confirm\u00f3 que impulsa el cierre de la Conadi - Diario del Sur","og_description":"El ministro de Defensa, Luis Petri, sali\u00f3 a desligarse de la\u00a0baja de oficiales retirados de las Fuerzas Armadas que fueron condenados por delitos de lesa humanidad\u00a0y asegur\u00f3 que la medida no responde a una \u201cdecisi\u00f3n pol\u00edtica\u201d sino al \u201ccumplimiento de sentencias firmes\u201d. En el mismo posteo de su cuenta de X (Twitter) dijo que impulsa\u00a0el [&hellip;]","og_url":"https:\/\/diariodelsurdigital.com.ar\/?p=819","og_site_name":"Diario del Sur","article_published_time":"2025-01-31T14:42:30+00:00","article_modified_time":"2025-01-31T14:42:31+00:00","og_image":[{"width":1200,"height":675,"url":"https:\/\/diariodelsurdigital.com.ar\/wp-content\/uploads\/2025\/01\/6006a51b-f917-445c-a8b4-ef9dad26ae02_16-9-discover-aspect-ratio_default_0.webp","type":"image\/webp"}],"author":"Diario del Sur Digital","twitter_card":"summary_large_image","twitter_misc":{"Escrito por":"Diario del Sur Digital","Tiempo de lectura":"4 minutos"},"schema":{"@context":"https:\/\/schema.org","@graph":[{"@type":"Article","@id":"https:\/\/diariodelsurdigital.com.ar\/?p=819#article","isPartOf":{"@id":"https:\/\/diariodelsurdigital.com.ar\/?p=819"},"author":{"name":"Diario del Sur Digital","@id":"https:\/\/diariodelsurdigital.com.ar\/#\/schema\/person\/1a4992532ed62965c968031b49195c81"},"headline":"Petri confirm\u00f3 que impulsa el cierre de la Conadi","datePublished":"2025-01-31T14:42:30+00:00","dateModified":"2025-01-31T14:42:31+00:00","mainEntityOfPage":{"@id":"https:\/\/diariodelsurdigital.com.ar\/?p=819"},"wordCount":823,"commentCount":0,"image":{"@id":"https:\/\/diariodelsurdigital.com.ar\/?p=819#primaryimage"},"thumbnailUrl":"https:\/\/diariodelsurdigital.com.ar\/wp-content\/uploads\/2025\/01\/6006a51b-f917-445c-a8b4-ef9dad26ae02_16-9-discover-aspect-ratio_default_0.webp","articleSection":["Nacionales"],"inLanguage":"es","potentialAction":[{"@type":"CommentAction","name":"Comment","target":["https:\/\/diariodelsurdigital.com.ar\/?p=819#respond"]}]},{"@type":"WebPage","@id":"https:\/\/diariodelsurdigital.com.ar\/?p=819","url":"https:\/\/diariodelsurdigital.com.ar\/?p=819","name":"Petri confirm\u00f3 que impulsa el cierre de la Conadi - Diario del Sur","isPartOf":{"@id":"https:\/\/diariodelsurdigital.com.ar\/#website"},"primaryImageOfPage":{"@id":"https:\/\/diariodelsurdigital.com.ar\/?p=819#primaryimage"},"image":{"@id":"https:\/\/diariodelsurdigital.com.ar\/?p=819#primaryimage"},"thumbnailUrl":"https:\/\/diariodelsurdigital.com.ar\/wp-content\/uploads\/2025\/01\/6006a51b-f917-445c-a8b4-ef9dad26ae02_16-9-discover-aspect-ratio_default_0.webp","datePublished":"2025-01-31T14:42:30+00:00","dateModified":"2025-01-31T14:42:31+00:00","author":{"@id":"https:\/\/diariodelsurdigital.com.ar\/#\/schema\/person\/1a4992532ed62965c968031b49195c81"},"breadcrumb":{"@id":"https:\/\/diariodelsurdigital.com.ar\/?p=819#breadcrumb"},"inLanguage":"es","potentialAction":[{"@type":"ReadAction","target":["https:\/\/diariodelsurdigital.com.ar\/?p=819"]}]},{"@type":"ImageObject","inLanguage":"es","@id":"https:\/\/diariodelsurdigital.com.ar\/?p=819#primaryimage","url":"https:\/\/diariodelsurdigital.com.ar\/wp-content\/uploads\/2025\/01\/6006a51b-f917-445c-a8b4-ef9dad26ae02_16-9-discover-aspect-ratio_default_0.webp","contentUrl":"https:\/\/diariodelsurdigital.com.ar\/wp-content\/uploads\/2025\/01\/6006a51b-f917-445c-a8b4-ef9dad26ae02_16-9-discover-aspect-ratio_default_0.webp","width":1200,"height":675},{"@type":"BreadcrumbList","@id":"https:\/\/diariodelsurdigital.com.ar\/?p=819#breadcrumb","itemListElement":[{"@type":"ListItem","position":1,"name":"Portada","item":"https:\/\/diariodelsurdigital.com.ar\/"},{"@type":"ListItem","position":2,"name":"Petri confirm\u00f3 que impulsa el cierre de la Conadi"}]},{"@type":"WebSite","@id":"https:\/\/diariodelsurdigital.com.ar\/#website","url":"https:\/\/diariodelsurdigital.com.ar\/","name":"Diario del Sur","description":"Digital","potentialAction":[{"@type":"SearchAction","target":{"@type":"EntryPoint","urlTemplate":"https:\/\/diariodelsurdigital.com.ar\/?s={search_term_string}"},"query-input":{"@type":"PropertyValueSpecification","valueRequired":true,"valueName":"search_term_string"}}],"inLanguage":"es"},{"@type":"Person","@id":"https:\/\/diariodelsurdigital.com.ar\/#\/schema\/person\/1a4992532ed62965c968031b49195c81","name":"Diario del Sur Digital","image":{"@type":"ImageObject","inLanguage":"es","@id":"https:\/\/secure.gravatar.com\/avatar\/f0c7c47fc7146d19828273b9b8eda651c9c7ab583767e6338d3d3bee825adf76?s=96&d=mm&r=g","url":"https:\/\/secure.gravatar.com\/avatar\/f0c7c47fc7146d19828273b9b8eda651c9c7ab583767e6338d3d3bee825adf76?s=96&d=mm&r=g","contentUrl":"https:\/\/secure.gravatar.com\/avatar\/f0c7c47fc7146d19828273b9b8eda651c9c7ab583767e6338d3d3bee825adf76?s=96&d=mm&r=g","caption":"Diario del Sur Digital"},"url":"https:\/\/diariodelsurdigital.com.ar\/?author=4"}]}},"_links":{"self":[{"href":"https:\/\/diariodelsurdigital.com.ar\/index.php?rest_route=\/wp\/v2\/posts\/819","targetHints":{"allow":["GET"]}}],"collection":[{"href":"https:\/\/diariodelsurdigital.com.ar\/index.php?rest_route=\/wp\/v2\/posts"}],"about":[{"href":"https:\/\/diariodelsurdigital.com.ar\/index.php?rest_route=\/wp\/v2\/types\/post"}],"author":[{"embeddable":true,"href":"https:\/\/diariodelsurdigital.com.ar\/index.php?rest_route=\/wp\/v2\/users\/4"}],"replies":[{"embeddable":true,"href":"https:\/\/diariodelsurdigital.com.ar\/index.php?rest_route=%2Fwp%2Fv2%2Fcomments&post=819"}],"version-history":[{"count":1,"href":"https:\/\/diariodelsurdigital.com.ar\/index.php?rest_route=\/wp\/v2\/posts\/819\/revisions"}],"predecessor-version":[{"id":821,"href":"https:\/\/diariodelsurdigital.com.ar\/index.php?rest_route=\/wp\/v2\/posts\/819\/revisions\/821"}],"wp:featuredmedia":[{"embeddable":true,"href":"https:\/\/diariodelsurdigital.com.ar\/index.php?rest_route=\/wp\/v2\/media\/820"}],"wp:attachment":[{"href":"https:\/\/diariodelsurdigital.com.ar\/index.php?rest_route=%2Fwp%2Fv2%2Fmedia&parent=819"}],"wp:term":[{"taxonomy":"category","embeddable":true,"href":"https:\/\/diariodelsurdigital.com.ar\/index.php?rest_route=%2Fwp%2Fv2%2Fcategories&post=819"},{"taxonomy":"post_tag","embeddable":true,"href":"https:\/\/diariodelsurdigital.com.ar\/index.php?rest_route=%2Fwp%2Fv2%2Ftags&post=819"}],"curies":[{"name":"wp","href":"https:\/\/api.w.org\/{rel}","templated":true}]}}