{"id":822,"date":"2025-01-31T11:45:35","date_gmt":"2025-01-31T14:45:35","guid":{"rendered":"https:\/\/diariodelsurdigital.com.ar\/?p=822"},"modified":"2025-01-31T11:45:36","modified_gmt":"2025-01-31T14:45:36","slug":"denuncian-el-despido-del-40-de-la-planta-de-la-direccion-de-vih-y-del-30-de-la-direccion-de-vacunas","status":"publish","type":"post","link":"https:\/\/diariodelsurdigital.com.ar\/?p=822","title":{"rendered":"Denuncian el despido del 40% de la planta de la Direcci\u00f3n de VIH y del 30% de la Direcci\u00f3n de Vacunas"},"content":{"rendered":"\n<p>Fundaci\u00f3n Hu\u00e9sped denunci\u00f3 este jueves por la noche que el Ministerio de Salud de la Naci\u00f3n \u201cdespidi\u00f3 al 40% de la planta de la Direcci\u00f3n de VIH y al 30% de la Direcci\u00f3n de Vacunas\u201d.<\/p>\n\n\n\n<p>A trav\u00e9s de un posteo en la red social X advirti\u00f3: \u201cEsto afecta gravemente la capacidad y alcance de ambas. Exigimos que se informe c\u00f3mo se va a garantizar su funcionamiento. Hablamos de la salud de millones de personas\u201d.<\/p>\n\n\n\n<p>En tanto, desde el Frente VIH, Hepatisis y Tuberculosis denunciaron que los trabajadores despedidos son \u201cprofesionales que desde hace a\u00f1os aportan su experiencia y dedicaci\u00f3n para la respuesta sostenida a estas pandemias. \u00c9stos se suman a 1.400 despidos que implica el desguace del Ministerio de Salud y de la Salud P\u00fablica en consecuencia\u201d.<\/p>\n\n\n\n<p>Adem\u00e1s, agregan que en un contexto donde los diagn\u00f3sticos de VIH y Tuberculosis \u201cno dejan de aumentar y las Hepatitis virales contin\u00faan siendo prevalentes, el desmantelamiento de las direcciones y la eliminaci\u00f3n de las coordinaciones que desarrollan pol\u00edticas p\u00fablicas para la salud resulta criminal\u201d. Y detallan: \u201cEstas reparticiones no solo se encargaban de adquirir y distribuir los medicamentos y tratamientos para las personas en todo el pa\u00eds; de planificar y ejecutar acciones de prevenci\u00f3n, sino que tambi\u00e9n realizaban estimaciones y estudios sobre las poblaciones m\u00e1s vulnerables, lo que permit\u00eda dise\u00f1ar estrategias efectivas de intervenci\u00f3n. Los despidos masivos dejan sin capacidad al Ministerio para dar respuesta a las enfermedades\u201d, expresan en un comunicado.<\/p>\n\n\n\n<p>La situaci\u00f3n fue alertada por los trabajadores de la cartera sanitaria desde comienzos de enero. Como anticip\u00f3 elDiarioAR, al d\u00eda 16 del mes muchos de ellos no sab\u00edan nada sobre su continuidad. Incluso, se les hab\u00edan renovado los contratos solamente por 15 d\u00edas, hasta el 31 de enero, un dato que los trabajadores hab\u00edan tomado como indicador de que las autoridades ministeriales estaban preparando un recorte que incluir\u00eda despidos.<\/p>\n\n\n\n<p>Despu\u00e9s de esa ausencia del personal de Vacunas y VIH en los listados de futuros contratados, los gremios mantuvieron una reuni\u00f3n con la viceministra, Maria Cecilia Loccisano. Dicha funcionaria libertaria fue echada de la gesti\u00f3n de Cambiemos del Ministerio de Salud como consecuencia, en aquel momento, del faltante de antirretrovirales, la medicaci\u00f3n vital para que pacientes con VIH no desarrollen el sida y puedan llevar una vida normal.<\/p>\n\n\n\n<p>\u201cEs muy simb\u00f3lico que las \u00fanicas dos direcciones donde no renovaron los contratos sean esas\u201d, dijo un trabajador del Ministerio de Salud a este medio y expres\u00f3 su preocupaci\u00f3n por el achicamiento de personal.<\/p>\n\n\n\n<p>\u201cEl ajuste produce una desprofesionalizaci\u00f3n del Sistema Salud, precariza la gesti\u00f3n en Salud. Hay pa\u00edses sin pol\u00edtica de Salud. El nuestro, hasta ahora, la tiene. En otros pa\u00edses como Guatemala, El Salvador, Nicaragua, la pol\u00edtica de salud depende mucho de la OPS (Organizaci\u00f3n Panamericana de la Salud), de la OMS (Organizaci\u00f3n Mundial de la Salud), porque no tienen capacidad t\u00e9cnica. El nuestro s\u00ed la tiene. Por eso esta motosierra sin la debida evaluaci\u00f3n del caso ataca el coraz\u00f3n de la tradici\u00f3n argentina de salud p\u00fablica\u201d, dijo un trabajador del Ministerio consultado por este medio.<\/p>\n\n\n\n<p><strong>El comunicado del Frente VIH, Hepatisis y Tuberculosis<\/strong><br>Hoy el Ministro de Salud Mario Lugones hizo efectivo el despido del 40% de la planta de la Direcci\u00f3n de Respuesta al VIH, Hepatitis y Tuberculosis.<\/p>\n\n\n\n<p>Profesionales que desde hace a\u00f1os aportan su experiencia y dedicaci\u00f3n para la respuesta sostenida a estas pandemias. \u00c9stos se suman a 1400 despidos que implica el desguace del Ministerio de Salud y de la Salud P\u00fablica en consecuencia.<\/p>\n\n\n\n<p>En un contexto donde los diagn\u00f3sticos de VIH y Tuberculosis no dejan de aumentar y las Hepatitis virales contin\u00faan siendo prevalentes, el desmantelamiento de las direcciones y la eliminaci\u00f3n de las coordinaciones que desarrollan pol\u00edticas p\u00fablicas para la salud resulta criminal.<\/p>\n\n\n\n<p>Estas reparticiones no solo se encargaban de adquirir y distribuir los medicamentos y tratamientos para las personas en todo el pa\u00eds; de planificar y ejecutar acciones de prevenci\u00f3n, sino que tambi\u00e9n realizaban estimaciones y estudios sobre las poblaciones m\u00e1s vulnerables, lo que permit\u00eda dise\u00f1ar estrategias efectivas de intervenci\u00f3n.<\/p>\n\n\n\n<p>Los despidos masivos dejan sin capacidad al Ministerio para dar respuesta a las enfermedades.<\/p>\n\n\n\n<p>La responsabilidad, por disposici\u00f3n de la ley 27.675, de garantizar la provisi\u00f3n de medicamentos e insumos a toda la poblaci\u00f3n es del Gobierno Nacional. La pretendida delegaci\u00f3n de este rol a las provincias atenta contra la \u00f3ptima utilizaci\u00f3n de los recursos p\u00fablicos que deber\u00edan estar disponibles para atender las necesidades de la comunidad.<\/p>\n\n\n\n<p>Las compras descentralizadas de medicamentos e insumos producir\u00e1n un mayor d\u00e9ficit fiscal.<\/p>\n\n\n\n<p>La salud p\u00fablica no puede ser desmantelada ni desfinanciada, ya que esto pone en peligro la vida de miles y miles de personas y aumenta la propagaci\u00f3n de enfermedades. Estamos asistiendo a la planificaci\u00f3n de un genocidio.<\/p>\n\n\n\n<p>La salud y la vida de las personas que tenemos VIH, Hepatitis y Tuberculosis est\u00e1 en riesgo a causa del desfinanciamiento y el desmantelamiento de la Salud P\u00fablica del gobierno de Milei.<\/p>\n\n\n\n<p>La responsabilidad es del Estado Nacional. Cumplan con la Ley 27675, \u00a1Ya!<\/p>\n","protected":false},"excerpt":{"rendered":"<p>Fundaci\u00f3n Hu\u00e9sped denunci\u00f3 este jueves por la noche que el Ministerio de Salud de la Naci\u00f3n \u201cdespidi\u00f3 al 40% de la planta de la Direcci\u00f3n de VIH y al 30% de la Direcci\u00f3n de Vacunas\u201d. A trav\u00e9s de un posteo en la red social X advirti\u00f3: \u201cEsto afecta gravemente la capacidad y alcance de ambas. [&hellip;]<\/p>\n","protected":false},"author":4,"featured_media":823,"comment_status":"open","ping_status":"open","sticky":false,"template":"","format":"standard","meta":{"footnotes":""},"categories":[18,22],"tags":[],"class_list":{"0":"post-822","1":"post","2":"type-post","3":"status-publish","4":"format-standard","5":"has-post-thumbnail","7":"category-nacionales","8":"category-politica"},"yoast_head":"<!-- This site is optimized with the Yoast SEO plugin v27.4 - https:\/\/yoast.com\/product\/yoast-seo-wordpress\/ -->\n<title>Denuncian el despido del 40% de la planta de la Direcci\u00f3n de VIH y del 30% de la Direcci\u00f3n de Vacunas - Diario del Sur<\/title>\n<meta name=\"robots\" content=\"index, follow, max-snippet:-1, max-image-preview:large, max-video-preview:-1\" \/>\n<link rel=\"canonical\" href=\"https:\/\/diariodelsurdigital.com.ar\/?p=822\" \/>\n<meta property=\"og:locale\" content=\"es_ES\" \/>\n<meta property=\"og:type\" content=\"article\" \/>\n<meta property=\"og:title\" content=\"Denuncian el despido del 40% de la planta de la Direcci\u00f3n de VIH y del 30% de la Direcci\u00f3n de Vacunas - Diario del Sur\" \/>\n<meta property=\"og:description\" content=\"Fundaci\u00f3n Hu\u00e9sped denunci\u00f3 este jueves por la noche que el Ministerio de Salud de la Naci\u00f3n \u201cdespidi\u00f3 al 40% de la planta de la Direcci\u00f3n de VIH y al 30% de la Direcci\u00f3n de Vacunas\u201d. A trav\u00e9s de un posteo en la red social X advirti\u00f3: \u201cEsto afecta gravemente la capacidad y alcance de ambas. [&hellip;]\" \/>\n<meta property=\"og:url\" content=\"https:\/\/diariodelsurdigital.com.ar\/?p=822\" \/>\n<meta property=\"og:site_name\" content=\"Diario del Sur\" \/>\n<meta property=\"article:published_time\" content=\"2025-01-31T14:45:35+00:00\" \/>\n<meta property=\"article:modified_time\" content=\"2025-01-31T14:45:36+00:00\" \/>\n<meta property=\"og:image\" content=\"https:\/\/diariodelsurdigital.com.ar\/wp-content\/uploads\/2025\/01\/987b7b2f-82ef-4db4-8ac4-d885e1dfdeb8_16-9-discover-aspect-ratio_default_0.webp\" \/>\n\t<meta property=\"og:image:width\" content=\"1200\" \/>\n\t<meta property=\"og:image:height\" content=\"675\" \/>\n\t<meta property=\"og:image:type\" content=\"image\/webp\" \/>\n<meta name=\"author\" content=\"Diario del Sur Digital\" \/>\n<meta name=\"twitter:card\" content=\"summary_large_image\" \/>\n<meta name=\"twitter:label1\" content=\"Escrito por\" \/>\n\t<meta name=\"twitter:data1\" content=\"Diario del Sur Digital\" \/>\n\t<meta name=\"twitter:label2\" content=\"Tiempo de lectura\" \/>\n\t<meta name=\"twitter:data2\" content=\"4 minutos\" \/>\n<script type=\"application\/ld+json\" class=\"yoast-schema-graph\">{\"@context\":\"https:\\\/\\\/schema.org\",\"@graph\":[{\"@type\":\"Article\",\"@id\":\"https:\\\/\\\/diariodelsurdigital.com.ar\\\/?p=822#article\",\"isPartOf\":{\"@id\":\"https:\\\/\\\/diariodelsurdigital.com.ar\\\/?p=822\"},\"author\":{\"name\":\"Diario del Sur Digital\",\"@id\":\"https:\\\/\\\/diariodelsurdigital.com.ar\\\/#\\\/schema\\\/person\\\/1a4992532ed62965c968031b49195c81\"},\"headline\":\"Denuncian el despido del 40% de la planta de la Direcci\u00f3n de VIH y del 30% de la Direcci\u00f3n de Vacunas\",\"datePublished\":\"2025-01-31T14:45:35+00:00\",\"dateModified\":\"2025-01-31T14:45:36+00:00\",\"mainEntityOfPage\":{\"@id\":\"https:\\\/\\\/diariodelsurdigital.com.ar\\\/?p=822\"},\"wordCount\":914,\"commentCount\":0,\"image\":{\"@id\":\"https:\\\/\\\/diariodelsurdigital.com.ar\\\/?p=822#primaryimage\"},\"thumbnailUrl\":\"https:\\\/\\\/diariodelsurdigital.com.ar\\\/wp-content\\\/uploads\\\/2025\\\/01\\\/987b7b2f-82ef-4db4-8ac4-d885e1dfdeb8_16-9-discover-aspect-ratio_default_0.webp\",\"articleSection\":[\"Nacionales\",\"Pol\u00edtica\"],\"inLanguage\":\"es\",\"potentialAction\":[{\"@type\":\"CommentAction\",\"name\":\"Comment\",\"target\":[\"https:\\\/\\\/diariodelsurdigital.com.ar\\\/?p=822#respond\"]}]},{\"@type\":\"WebPage\",\"@id\":\"https:\\\/\\\/diariodelsurdigital.com.ar\\\/?p=822\",\"url\":\"https:\\\/\\\/diariodelsurdigital.com.ar\\\/?p=822\",\"name\":\"Denuncian el despido del 40% de la planta de la Direcci\u00f3n de VIH y del 30% de la Direcci\u00f3n de Vacunas - Diario del Sur\",\"isPartOf\":{\"@id\":\"https:\\\/\\\/diariodelsurdigital.com.ar\\\/#website\"},\"primaryImageOfPage\":{\"@id\":\"https:\\\/\\\/diariodelsurdigital.com.ar\\\/?p=822#primaryimage\"},\"image\":{\"@id\":\"https:\\\/\\\/diariodelsurdigital.com.ar\\\/?p=822#primaryimage\"},\"thumbnailUrl\":\"https:\\\/\\\/diariodelsurdigital.com.ar\\\/wp-content\\\/uploads\\\/2025\\\/01\\\/987b7b2f-82ef-4db4-8ac4-d885e1dfdeb8_16-9-discover-aspect-ratio_default_0.webp\",\"datePublished\":\"2025-01-31T14:45:35+00:00\",\"dateModified\":\"2025-01-31T14:45:36+00:00\",\"author\":{\"@id\":\"https:\\\/\\\/diariodelsurdigital.com.ar\\\/#\\\/schema\\\/person\\\/1a4992532ed62965c968031b49195c81\"},\"breadcrumb\":{\"@id\":\"https:\\\/\\\/diariodelsurdigital.com.ar\\\/?p=822#breadcrumb\"},\"inLanguage\":\"es\",\"potentialAction\":[{\"@type\":\"ReadAction\",\"target\":[\"https:\\\/\\\/diariodelsurdigital.com.ar\\\/?p=822\"]}]},{\"@type\":\"ImageObject\",\"inLanguage\":\"es\",\"@id\":\"https:\\\/\\\/diariodelsurdigital.com.ar\\\/?p=822#primaryimage\",\"url\":\"https:\\\/\\\/diariodelsurdigital.com.ar\\\/wp-content\\\/uploads\\\/2025\\\/01\\\/987b7b2f-82ef-4db4-8ac4-d885e1dfdeb8_16-9-discover-aspect-ratio_default_0.webp\",\"contentUrl\":\"https:\\\/\\\/diariodelsurdigital.com.ar\\\/wp-content\\\/uploads\\\/2025\\\/01\\\/987b7b2f-82ef-4db4-8ac4-d885e1dfdeb8_16-9-discover-aspect-ratio_default_0.webp\",\"width\":1200,\"height\":675},{\"@type\":\"BreadcrumbList\",\"@id\":\"https:\\\/\\\/diariodelsurdigital.com.ar\\\/?p=822#breadcrumb\",\"itemListElement\":[{\"@type\":\"ListItem\",\"position\":1,\"name\":\"Portada\",\"item\":\"https:\\\/\\\/diariodelsurdigital.com.ar\\\/\"},{\"@type\":\"ListItem\",\"position\":2,\"name\":\"Denuncian el despido del 40% de la planta de la Direcci\u00f3n de VIH y del 30% de la Direcci\u00f3n de Vacunas\"}]},{\"@type\":\"WebSite\",\"@id\":\"https:\\\/\\\/diariodelsurdigital.com.ar\\\/#website\",\"url\":\"https:\\\/\\\/diariodelsurdigital.com.ar\\\/\",\"name\":\"Diario del Sur\",\"description\":\"Digital\",\"potentialAction\":[{\"@type\":\"SearchAction\",\"target\":{\"@type\":\"EntryPoint\",\"urlTemplate\":\"https:\\\/\\\/diariodelsurdigital.com.ar\\\/?s={search_term_string}\"},\"query-input\":{\"@type\":\"PropertyValueSpecification\",\"valueRequired\":true,\"valueName\":\"search_term_string\"}}],\"inLanguage\":\"es\"},{\"@type\":\"Person\",\"@id\":\"https:\\\/\\\/diariodelsurdigital.com.ar\\\/#\\\/schema\\\/person\\\/1a4992532ed62965c968031b49195c81\",\"name\":\"Diario del Sur Digital\",\"image\":{\"@type\":\"ImageObject\",\"inLanguage\":\"es\",\"@id\":\"https:\\\/\\\/secure.gravatar.com\\\/avatar\\\/f0c7c47fc7146d19828273b9b8eda651c9c7ab583767e6338d3d3bee825adf76?s=96&d=mm&r=g\",\"url\":\"https:\\\/\\\/secure.gravatar.com\\\/avatar\\\/f0c7c47fc7146d19828273b9b8eda651c9c7ab583767e6338d3d3bee825adf76?s=96&d=mm&r=g\",\"contentUrl\":\"https:\\\/\\\/secure.gravatar.com\\\/avatar\\\/f0c7c47fc7146d19828273b9b8eda651c9c7ab583767e6338d3d3bee825adf76?s=96&d=mm&r=g\",\"caption\":\"Diario del Sur Digital\"},\"url\":\"https:\\\/\\\/diariodelsurdigital.com.ar\\\/?author=4\"}]}<\/script>\n<!-- \/ Yoast SEO plugin. -->","yoast_head_json":{"title":"Denuncian el despido del 40% de la planta de la Direcci\u00f3n de VIH y del 30% de la Direcci\u00f3n de Vacunas - Diario del Sur","robots":{"index":"index","follow":"follow","max-snippet":"max-snippet:-1","max-image-preview":"max-image-preview:large","max-video-preview":"max-video-preview:-1"},"canonical":"https:\/\/diariodelsurdigital.com.ar\/?p=822","og_locale":"es_ES","og_type":"article","og_title":"Denuncian el despido del 40% de la planta de la Direcci\u00f3n de VIH y del 30% de la Direcci\u00f3n de Vacunas - Diario del Sur","og_description":"Fundaci\u00f3n Hu\u00e9sped denunci\u00f3 este jueves por la noche que el Ministerio de Salud de la Naci\u00f3n \u201cdespidi\u00f3 al 40% de la planta de la Direcci\u00f3n de VIH y al 30% de la Direcci\u00f3n de Vacunas\u201d. A trav\u00e9s de un posteo en la red social X advirti\u00f3: \u201cEsto afecta gravemente la capacidad y alcance de ambas. [&hellip;]","og_url":"https:\/\/diariodelsurdigital.com.ar\/?p=822","og_site_name":"Diario del Sur","article_published_time":"2025-01-31T14:45:35+00:00","article_modified_time":"2025-01-31T14:45:36+00:00","og_image":[{"width":1200,"height":675,"url":"https:\/\/diariodelsurdigital.com.ar\/wp-content\/uploads\/2025\/01\/987b7b2f-82ef-4db4-8ac4-d885e1dfdeb8_16-9-discover-aspect-ratio_default_0.webp","type":"image\/webp"}],"author":"Diario del Sur Digital","twitter_card":"summary_large_image","twitter_misc":{"Escrito por":"Diario del Sur Digital","Tiempo de lectura":"4 minutos"},"schema":{"@context":"https:\/\/schema.org","@graph":[{"@type":"Article","@id":"https:\/\/diariodelsurdigital.com.ar\/?p=822#article","isPartOf":{"@id":"https:\/\/diariodelsurdigital.com.ar\/?p=822"},"author":{"name":"Diario del Sur Digital","@id":"https:\/\/diariodelsurdigital.com.ar\/#\/schema\/person\/1a4992532ed62965c968031b49195c81"},"headline":"Denuncian el despido del 40% de la planta de la Direcci\u00f3n de VIH y del 30% de la Direcci\u00f3n de Vacunas","datePublished":"2025-01-31T14:45:35+00:00","dateModified":"2025-01-31T14:45:36+00:00","mainEntityOfPage":{"@id":"https:\/\/diariodelsurdigital.com.ar\/?p=822"},"wordCount":914,"commentCount":0,"image":{"@id":"https:\/\/diariodelsurdigital.com.ar\/?p=822#primaryimage"},"thumbnailUrl":"https:\/\/diariodelsurdigital.com.ar\/wp-content\/uploads\/2025\/01\/987b7b2f-82ef-4db4-8ac4-d885e1dfdeb8_16-9-discover-aspect-ratio_default_0.webp","articleSection":["Nacionales","Pol\u00edtica"],"inLanguage":"es","potentialAction":[{"@type":"CommentAction","name":"Comment","target":["https:\/\/diariodelsurdigital.com.ar\/?p=822#respond"]}]},{"@type":"WebPage","@id":"https:\/\/diariodelsurdigital.com.ar\/?p=822","url":"https:\/\/diariodelsurdigital.com.ar\/?p=822","name":"Denuncian el despido del 40% de la planta de la Direcci\u00f3n de VIH y del 30% de la Direcci\u00f3n de Vacunas - Diario del Sur","isPartOf":{"@id":"https:\/\/diariodelsurdigital.com.ar\/#website"},"primaryImageOfPage":{"@id":"https:\/\/diariodelsurdigital.com.ar\/?p=822#primaryimage"},"image":{"@id":"https:\/\/diariodelsurdigital.com.ar\/?p=822#primaryimage"},"thumbnailUrl":"https:\/\/diariodelsurdigital.com.ar\/wp-content\/uploads\/2025\/01\/987b7b2f-82ef-4db4-8ac4-d885e1dfdeb8_16-9-discover-aspect-ratio_default_0.webp","datePublished":"2025-01-31T14:45:35+00:00","dateModified":"2025-01-31T14:45:36+00:00","author":{"@id":"https:\/\/diariodelsurdigital.com.ar\/#\/schema\/person\/1a4992532ed62965c968031b49195c81"},"breadcrumb":{"@id":"https:\/\/diariodelsurdigital.com.ar\/?p=822#breadcrumb"},"inLanguage":"es","potentialAction":[{"@type":"ReadAction","target":["https:\/\/diariodelsurdigital.com.ar\/?p=822"]}]},{"@type":"ImageObject","inLanguage":"es","@id":"https:\/\/diariodelsurdigital.com.ar\/?p=822#primaryimage","url":"https:\/\/diariodelsurdigital.com.ar\/wp-content\/uploads\/2025\/01\/987b7b2f-82ef-4db4-8ac4-d885e1dfdeb8_16-9-discover-aspect-ratio_default_0.webp","contentUrl":"https:\/\/diariodelsurdigital.com.ar\/wp-content\/uploads\/2025\/01\/987b7b2f-82ef-4db4-8ac4-d885e1dfdeb8_16-9-discover-aspect-ratio_default_0.webp","width":1200,"height":675},{"@type":"BreadcrumbList","@id":"https:\/\/diariodelsurdigital.com.ar\/?p=822#breadcrumb","itemListElement":[{"@type":"ListItem","position":1,"name":"Portada","item":"https:\/\/diariodelsurdigital.com.ar\/"},{"@type":"ListItem","position":2,"name":"Denuncian el despido del 40% de la planta de la Direcci\u00f3n de VIH y del 30% de la Direcci\u00f3n de Vacunas"}]},{"@type":"WebSite","@id":"https:\/\/diariodelsurdigital.com.ar\/#website","url":"https:\/\/diariodelsurdigital.com.ar\/","name":"Diario del Sur","description":"Digital","potentialAction":[{"@type":"SearchAction","target":{"@type":"EntryPoint","urlTemplate":"https:\/\/diariodelsurdigital.com.ar\/?s={search_term_string}"},"query-input":{"@type":"PropertyValueSpecification","valueRequired":true,"valueName":"search_term_string"}}],"inLanguage":"es"},{"@type":"Person","@id":"https:\/\/diariodelsurdigital.com.ar\/#\/schema\/person\/1a4992532ed62965c968031b49195c81","name":"Diario del Sur Digital","image":{"@type":"ImageObject","inLanguage":"es","@id":"https:\/\/secure.gravatar.com\/avatar\/f0c7c47fc7146d19828273b9b8eda651c9c7ab583767e6338d3d3bee825adf76?s=96&d=mm&r=g","url":"https:\/\/secure.gravatar.com\/avatar\/f0c7c47fc7146d19828273b9b8eda651c9c7ab583767e6338d3d3bee825adf76?s=96&d=mm&r=g","contentUrl":"https:\/\/secure.gravatar.com\/avatar\/f0c7c47fc7146d19828273b9b8eda651c9c7ab583767e6338d3d3bee825adf76?s=96&d=mm&r=g","caption":"Diario del Sur Digital"},"url":"https:\/\/diariodelsurdigital.com.ar\/?author=4"}]}},"_links":{"self":[{"href":"https:\/\/diariodelsurdigital.com.ar\/index.php?rest_route=\/wp\/v2\/posts\/822","targetHints":{"allow":["GET"]}}],"collection":[{"href":"https:\/\/diariodelsurdigital.com.ar\/index.php?rest_route=\/wp\/v2\/posts"}],"about":[{"href":"https:\/\/diariodelsurdigital.com.ar\/index.php?rest_route=\/wp\/v2\/types\/post"}],"author":[{"embeddable":true,"href":"https:\/\/diariodelsurdigital.com.ar\/index.php?rest_route=\/wp\/v2\/users\/4"}],"replies":[{"embeddable":true,"href":"https:\/\/diariodelsurdigital.com.ar\/index.php?rest_route=%2Fwp%2Fv2%2Fcomments&post=822"}],"version-history":[{"count":1,"href":"https:\/\/diariodelsurdigital.com.ar\/index.php?rest_route=\/wp\/v2\/posts\/822\/revisions"}],"predecessor-version":[{"id":824,"href":"https:\/\/diariodelsurdigital.com.ar\/index.php?rest_route=\/wp\/v2\/posts\/822\/revisions\/824"}],"wp:featuredmedia":[{"embeddable":true,"href":"https:\/\/diariodelsurdigital.com.ar\/index.php?rest_route=\/wp\/v2\/media\/823"}],"wp:attachment":[{"href":"https:\/\/diariodelsurdigital.com.ar\/index.php?rest_route=%2Fwp%2Fv2%2Fmedia&parent=822"}],"wp:term":[{"taxonomy":"category","embeddable":true,"href":"https:\/\/diariodelsurdigital.com.ar\/index.php?rest_route=%2Fwp%2Fv2%2Fcategories&post=822"},{"taxonomy":"post_tag","embeddable":true,"href":"https:\/\/diariodelsurdigital.com.ar\/index.php?rest_route=%2Fwp%2Fv2%2Ftags&post=822"}],"curies":[{"name":"wp","href":"https:\/\/api.w.org\/{rel}","templated":true}]}}