{"id":8237,"date":"2026-04-26T17:45:46","date_gmt":"2026-04-26T20:45:46","guid":{"rendered":"https:\/\/diariodelsurdigital.com.ar\/?p=8237"},"modified":"2026-04-26T17:45:47","modified_gmt":"2026-04-26T20:45:47","slug":"a-40-anos-de-accidente-de-chernobil-la-tragedia-nuclear-que-cambio-al-mundo","status":"publish","type":"post","link":"https:\/\/diariodelsurdigital.com.ar\/?p=8237","title":{"rendered":"A 40 a\u00f1os de Accidente de Chern\u00f3bil: la tragedia nuclear que cambi\u00f3 al mundo"},"content":{"rendered":"\n<p><strong>A 40 a\u00f1os del desastre que marc\u00f3 un antes y un despu\u00e9s en la historia de la energ\u00eda nuclear, el recuerdo del Accidente de Chern\u00f3bil sigue vigente como una advertencia global sobre los riesgos de la tecnolog\u00eda cuando falla la gesti\u00f3n humana.<\/strong><\/p>\n\n\n\n<figure class=\"wp-block-image\"><img decoding=\"async\" src=\"https:\/\/cdnartic.ar\/YUMJKJny9wrPw2SotOnFItfhUh0=\/1500x0\/filters:no_upscale():format(webp):quality(40)\/https:\/\/elheraldocdn.eleco.com.ar\/media\/2026\/04\/a_40_anos_de_accidente_de_chernobil_la_tragedia_nuclear_que_cambio_al_mundo.png\" alt=\"A 40 a\u00f1os de Accidente de Chern\u00f3bil: la tragedia nuclear que cambi\u00f3 al mundo\"\/><\/figure>\n\n\n\n<p>El\u00a0<strong>26 de abril de 1986<\/strong>, en la entonces Uni\u00f3n Sovi\u00e9tica, una prueba de seguridad mal ejecutada en el reactor n\u00famero 4 de la Central Nuclear de Chern\u00f3bil desencaden\u00f3 una explosi\u00f3n seguida de un incendio que liber\u00f3 enormes cantidades de material radiactivo a la atm\u00f3sfera. La ciudad de Pr\u00edpiat, construida para albergar a los trabajadores de la planta, fue evacuada horas despu\u00e9s, en medio de la confusi\u00f3n y sin dimensionar a\u00fan la magnitud del desastre.<\/p>\n\n\n\n<p>Las consecuencias fueron devastadoras. Decenas de trabajadores y bomberos murieron en las primeras semanas debido a la exposici\u00f3n directa a altos niveles de radiaci\u00f3n, mientras que miles de personas se vieron afectadas a largo plazo por enfermedades vinculadas a la contaminaci\u00f3n. La nube radiactiva se expandi\u00f3 por gran parte de Europa, generando alarma internacional y obligando a revisar los protocolos de seguridad en centrales nucleares de todo el mundo.<\/p>\n\n\n\n<p>Cuatro d\u00e9cadas despu\u00e9s, Chern\u00f3bil permanece como una zona de exclusi\u00f3n, donde la naturaleza ha avanzado sobre el abandono humano, pero donde la radiaci\u00f3n a\u00fan representa un peligro. El sitio, sin embargo, tambi\u00e9n se ha convertido en un s\u00edmbolo de memoria, estudio cient\u00edfico y reflexi\u00f3n sobre los costos del progreso sin control.<\/p>\n\n\n\n<p>Fuente: El Heraldo<\/p>\n","protected":false},"excerpt":{"rendered":"<p>A 40 a\u00f1os del desastre que marc\u00f3 un antes y un despu\u00e9s en la historia de la energ\u00eda nuclear, el recuerdo del Accidente de Chern\u00f3bil sigue vigente como una advertencia global sobre los riesgos de la tecnolog\u00eda cuando falla la gesti\u00f3n humana. El\u00a026 de abril de 1986, en la entonces Uni\u00f3n Sovi\u00e9tica, una prueba de [&hellip;]<\/p>\n","protected":false},"author":3,"featured_media":8238,"comment_status":"open","ping_status":"open","sticky":false,"template":"","format":"standard","meta":{"footnotes":""},"categories":[19],"tags":[],"class_list":{"0":"post-8237","1":"post","2":"type-post","3":"status-publish","4":"format-standard","5":"has-post-thumbnail","7":"category-interes-general"},"yoast_head":"<!-- This site is optimized with the Yoast SEO plugin v27.4 - https:\/\/yoast.com\/product\/yoast-seo-wordpress\/ -->\n<title>A 40 a\u00f1os de Accidente de Chern\u00f3bil: la tragedia nuclear que cambi\u00f3 al mundo - Diario del Sur<\/title>\n<meta name=\"robots\" content=\"index, follow, max-snippet:-1, max-image-preview:large, max-video-preview:-1\" \/>\n<link rel=\"canonical\" href=\"https:\/\/diariodelsurdigital.com.ar\/?p=8237\" \/>\n<meta property=\"og:locale\" content=\"es_ES\" \/>\n<meta property=\"og:type\" content=\"article\" \/>\n<meta property=\"og:title\" content=\"A 40 a\u00f1os de Accidente de Chern\u00f3bil: la tragedia nuclear que cambi\u00f3 al mundo - Diario del Sur\" \/>\n<meta property=\"og:description\" content=\"A 40 a\u00f1os del desastre que marc\u00f3 un antes y un despu\u00e9s en la historia de la energ\u00eda nuclear, el recuerdo del Accidente de Chern\u00f3bil sigue vigente como una advertencia global sobre los riesgos de la tecnolog\u00eda cuando falla la gesti\u00f3n humana. El\u00a026 de abril de 1986, en la entonces Uni\u00f3n Sovi\u00e9tica, una prueba de [&hellip;]\" \/>\n<meta property=\"og:url\" content=\"https:\/\/diariodelsurdigital.com.ar\/?p=8237\" \/>\n<meta property=\"og:site_name\" content=\"Diario del Sur\" \/>\n<meta property=\"article:published_time\" content=\"2026-04-26T20:45:46+00:00\" \/>\n<meta property=\"article:modified_time\" content=\"2026-04-26T20:45:47+00:00\" \/>\n<meta property=\"og:image\" content=\"https:\/\/diariodelsurdigital.com.ar\/wp-content\/uploads\/2026\/04\/a_40_anos_de_accidente_de_chernobil_la_tragedia_nuclear_que_cambio_al_mundo.webp\" \/>\n\t<meta property=\"og:image:width\" content=\"971\" \/>\n\t<meta property=\"og:image:height\" content=\"541\" \/>\n\t<meta property=\"og:image:type\" content=\"image\/webp\" \/>\n<meta name=\"author\" content=\"Diario del Sur Digital\" \/>\n<meta name=\"twitter:card\" content=\"summary_large_image\" \/>\n<meta name=\"twitter:label1\" content=\"Escrito por\" \/>\n\t<meta name=\"twitter:data1\" content=\"Diario del Sur Digital\" \/>\n\t<meta name=\"twitter:label2\" content=\"Tiempo de lectura\" \/>\n\t<meta name=\"twitter:data2\" content=\"2 minutos\" \/>\n<script type=\"application\/ld+json\" class=\"yoast-schema-graph\">{\"@context\":\"https:\\\/\\\/schema.org\",\"@graph\":[{\"@type\":\"Article\",\"@id\":\"https:\\\/\\\/diariodelsurdigital.com.ar\\\/?p=8237#article\",\"isPartOf\":{\"@id\":\"https:\\\/\\\/diariodelsurdigital.com.ar\\\/?p=8237\"},\"author\":{\"name\":\"Diario del Sur Digital\",\"@id\":\"https:\\\/\\\/diariodelsurdigital.com.ar\\\/#\\\/schema\\\/person\\\/d794acb23337e88c6e4004a39c32be62\"},\"headline\":\"A 40 a\u00f1os de Accidente de Chern\u00f3bil: la tragedia nuclear que cambi\u00f3 al mundo\",\"datePublished\":\"2026-04-26T20:45:46+00:00\",\"dateModified\":\"2026-04-26T20:45:47+00:00\",\"mainEntityOfPage\":{\"@id\":\"https:\\\/\\\/diariodelsurdigital.com.ar\\\/?p=8237\"},\"wordCount\":280,\"commentCount\":0,\"image\":{\"@id\":\"https:\\\/\\\/diariodelsurdigital.com.ar\\\/?p=8237#primaryimage\"},\"thumbnailUrl\":\"https:\\\/\\\/diariodelsurdigital.com.ar\\\/wp-content\\\/uploads\\\/2026\\\/04\\\/a_40_anos_de_accidente_de_chernobil_la_tragedia_nuclear_que_cambio_al_mundo.webp\",\"articleSection\":[\"Inter\u00e9s General\"],\"inLanguage\":\"es\",\"potentialAction\":[{\"@type\":\"CommentAction\",\"name\":\"Comment\",\"target\":[\"https:\\\/\\\/diariodelsurdigital.com.ar\\\/?p=8237#respond\"]}]},{\"@type\":\"WebPage\",\"@id\":\"https:\\\/\\\/diariodelsurdigital.com.ar\\\/?p=8237\",\"url\":\"https:\\\/\\\/diariodelsurdigital.com.ar\\\/?p=8237\",\"name\":\"A 40 a\u00f1os de Accidente de Chern\u00f3bil: la tragedia nuclear que cambi\u00f3 al mundo - Diario del Sur\",\"isPartOf\":{\"@id\":\"https:\\\/\\\/diariodelsurdigital.com.ar\\\/#website\"},\"primaryImageOfPage\":{\"@id\":\"https:\\\/\\\/diariodelsurdigital.com.ar\\\/?p=8237#primaryimage\"},\"image\":{\"@id\":\"https:\\\/\\\/diariodelsurdigital.com.ar\\\/?p=8237#primaryimage\"},\"thumbnailUrl\":\"https:\\\/\\\/diariodelsurdigital.com.ar\\\/wp-content\\\/uploads\\\/2026\\\/04\\\/a_40_anos_de_accidente_de_chernobil_la_tragedia_nuclear_que_cambio_al_mundo.webp\",\"datePublished\":\"2026-04-26T20:45:46+00:00\",\"dateModified\":\"2026-04-26T20:45:47+00:00\",\"author\":{\"@id\":\"https:\\\/\\\/diariodelsurdigital.com.ar\\\/#\\\/schema\\\/person\\\/d794acb23337e88c6e4004a39c32be62\"},\"breadcrumb\":{\"@id\":\"https:\\\/\\\/diariodelsurdigital.com.ar\\\/?p=8237#breadcrumb\"},\"inLanguage\":\"es\",\"potentialAction\":[{\"@type\":\"ReadAction\",\"target\":[\"https:\\\/\\\/diariodelsurdigital.com.ar\\\/?p=8237\"]}]},{\"@type\":\"ImageObject\",\"inLanguage\":\"es\",\"@id\":\"https:\\\/\\\/diariodelsurdigital.com.ar\\\/?p=8237#primaryimage\",\"url\":\"https:\\\/\\\/diariodelsurdigital.com.ar\\\/wp-content\\\/uploads\\\/2026\\\/04\\\/a_40_anos_de_accidente_de_chernobil_la_tragedia_nuclear_que_cambio_al_mundo.webp\",\"contentUrl\":\"https:\\\/\\\/diariodelsurdigital.com.ar\\\/wp-content\\\/uploads\\\/2026\\\/04\\\/a_40_anos_de_accidente_de_chernobil_la_tragedia_nuclear_que_cambio_al_mundo.webp\",\"width\":971,\"height\":541},{\"@type\":\"BreadcrumbList\",\"@id\":\"https:\\\/\\\/diariodelsurdigital.com.ar\\\/?p=8237#breadcrumb\",\"itemListElement\":[{\"@type\":\"ListItem\",\"position\":1,\"name\":\"Portada\",\"item\":\"https:\\\/\\\/diariodelsurdigital.com.ar\\\/\"},{\"@type\":\"ListItem\",\"position\":2,\"name\":\"A 40 a\u00f1os de Accidente de Chern\u00f3bil: la tragedia nuclear que cambi\u00f3 al mundo\"}]},{\"@type\":\"WebSite\",\"@id\":\"https:\\\/\\\/diariodelsurdigital.com.ar\\\/#website\",\"url\":\"https:\\\/\\\/diariodelsurdigital.com.ar\\\/\",\"name\":\"Diario del Sur\",\"description\":\"Digital\",\"potentialAction\":[{\"@type\":\"SearchAction\",\"target\":{\"@type\":\"EntryPoint\",\"urlTemplate\":\"https:\\\/\\\/diariodelsurdigital.com.ar\\\/?s={search_term_string}\"},\"query-input\":{\"@type\":\"PropertyValueSpecification\",\"valueRequired\":true,\"valueName\":\"search_term_string\"}}],\"inLanguage\":\"es\"},{\"@type\":\"Person\",\"@id\":\"https:\\\/\\\/diariodelsurdigital.com.ar\\\/#\\\/schema\\\/person\\\/d794acb23337e88c6e4004a39c32be62\",\"name\":\"Diario del Sur Digital\",\"image\":{\"@type\":\"ImageObject\",\"inLanguage\":\"es\",\"@id\":\"https:\\\/\\\/secure.gravatar.com\\\/avatar\\\/47679bcfa15734cfdefc176b6ad58adeeccac22b2e03e095ada6c622af2b463a?s=96&d=mm&r=g\",\"url\":\"https:\\\/\\\/secure.gravatar.com\\\/avatar\\\/47679bcfa15734cfdefc176b6ad58adeeccac22b2e03e095ada6c622af2b463a?s=96&d=mm&r=g\",\"contentUrl\":\"https:\\\/\\\/secure.gravatar.com\\\/avatar\\\/47679bcfa15734cfdefc176b6ad58adeeccac22b2e03e095ada6c622af2b463a?s=96&d=mm&r=g\",\"caption\":\"Diario del Sur Digital\"},\"url\":\"https:\\\/\\\/diariodelsurdigital.com.ar\\\/?author=3\"}]}<\/script>\n<!-- \/ Yoast SEO plugin. -->","yoast_head_json":{"title":"A 40 a\u00f1os de Accidente de Chern\u00f3bil: la tragedia nuclear que cambi\u00f3 al mundo - Diario del Sur","robots":{"index":"index","follow":"follow","max-snippet":"max-snippet:-1","max-image-preview":"max-image-preview:large","max-video-preview":"max-video-preview:-1"},"canonical":"https:\/\/diariodelsurdigital.com.ar\/?p=8237","og_locale":"es_ES","og_type":"article","og_title":"A 40 a\u00f1os de Accidente de Chern\u00f3bil: la tragedia nuclear que cambi\u00f3 al mundo - Diario del Sur","og_description":"A 40 a\u00f1os del desastre que marc\u00f3 un antes y un despu\u00e9s en la historia de la energ\u00eda nuclear, el recuerdo del Accidente de Chern\u00f3bil sigue vigente como una advertencia global sobre los riesgos de la tecnolog\u00eda cuando falla la gesti\u00f3n humana. El\u00a026 de abril de 1986, en la entonces Uni\u00f3n Sovi\u00e9tica, una prueba de [&hellip;]","og_url":"https:\/\/diariodelsurdigital.com.ar\/?p=8237","og_site_name":"Diario del Sur","article_published_time":"2026-04-26T20:45:46+00:00","article_modified_time":"2026-04-26T20:45:47+00:00","og_image":[{"width":971,"height":541,"url":"https:\/\/diariodelsurdigital.com.ar\/wp-content\/uploads\/2026\/04\/a_40_anos_de_accidente_de_chernobil_la_tragedia_nuclear_que_cambio_al_mundo.webp","type":"image\/webp"}],"author":"Diario del Sur Digital","twitter_card":"summary_large_image","twitter_misc":{"Escrito por":"Diario del Sur Digital","Tiempo de lectura":"2 minutos"},"schema":{"@context":"https:\/\/schema.org","@graph":[{"@type":"Article","@id":"https:\/\/diariodelsurdigital.com.ar\/?p=8237#article","isPartOf":{"@id":"https:\/\/diariodelsurdigital.com.ar\/?p=8237"},"author":{"name":"Diario del Sur Digital","@id":"https:\/\/diariodelsurdigital.com.ar\/#\/schema\/person\/d794acb23337e88c6e4004a39c32be62"},"headline":"A 40 a\u00f1os de Accidente de Chern\u00f3bil: la tragedia nuclear que cambi\u00f3 al mundo","datePublished":"2026-04-26T20:45:46+00:00","dateModified":"2026-04-26T20:45:47+00:00","mainEntityOfPage":{"@id":"https:\/\/diariodelsurdigital.com.ar\/?p=8237"},"wordCount":280,"commentCount":0,"image":{"@id":"https:\/\/diariodelsurdigital.com.ar\/?p=8237#primaryimage"},"thumbnailUrl":"https:\/\/diariodelsurdigital.com.ar\/wp-content\/uploads\/2026\/04\/a_40_anos_de_accidente_de_chernobil_la_tragedia_nuclear_que_cambio_al_mundo.webp","articleSection":["Inter\u00e9s General"],"inLanguage":"es","potentialAction":[{"@type":"CommentAction","name":"Comment","target":["https:\/\/diariodelsurdigital.com.ar\/?p=8237#respond"]}]},{"@type":"WebPage","@id":"https:\/\/diariodelsurdigital.com.ar\/?p=8237","url":"https:\/\/diariodelsurdigital.com.ar\/?p=8237","name":"A 40 a\u00f1os de Accidente de Chern\u00f3bil: la tragedia nuclear que cambi\u00f3 al mundo - Diario del Sur","isPartOf":{"@id":"https:\/\/diariodelsurdigital.com.ar\/#website"},"primaryImageOfPage":{"@id":"https:\/\/diariodelsurdigital.com.ar\/?p=8237#primaryimage"},"image":{"@id":"https:\/\/diariodelsurdigital.com.ar\/?p=8237#primaryimage"},"thumbnailUrl":"https:\/\/diariodelsurdigital.com.ar\/wp-content\/uploads\/2026\/04\/a_40_anos_de_accidente_de_chernobil_la_tragedia_nuclear_que_cambio_al_mundo.webp","datePublished":"2026-04-26T20:45:46+00:00","dateModified":"2026-04-26T20:45:47+00:00","author":{"@id":"https:\/\/diariodelsurdigital.com.ar\/#\/schema\/person\/d794acb23337e88c6e4004a39c32be62"},"breadcrumb":{"@id":"https:\/\/diariodelsurdigital.com.ar\/?p=8237#breadcrumb"},"inLanguage":"es","potentialAction":[{"@type":"ReadAction","target":["https:\/\/diariodelsurdigital.com.ar\/?p=8237"]}]},{"@type":"ImageObject","inLanguage":"es","@id":"https:\/\/diariodelsurdigital.com.ar\/?p=8237#primaryimage","url":"https:\/\/diariodelsurdigital.com.ar\/wp-content\/uploads\/2026\/04\/a_40_anos_de_accidente_de_chernobil_la_tragedia_nuclear_que_cambio_al_mundo.webp","contentUrl":"https:\/\/diariodelsurdigital.com.ar\/wp-content\/uploads\/2026\/04\/a_40_anos_de_accidente_de_chernobil_la_tragedia_nuclear_que_cambio_al_mundo.webp","width":971,"height":541},{"@type":"BreadcrumbList","@id":"https:\/\/diariodelsurdigital.com.ar\/?p=8237#breadcrumb","itemListElement":[{"@type":"ListItem","position":1,"name":"Portada","item":"https:\/\/diariodelsurdigital.com.ar\/"},{"@type":"ListItem","position":2,"name":"A 40 a\u00f1os de Accidente de Chern\u00f3bil: la tragedia nuclear que cambi\u00f3 al mundo"}]},{"@type":"WebSite","@id":"https:\/\/diariodelsurdigital.com.ar\/#website","url":"https:\/\/diariodelsurdigital.com.ar\/","name":"Diario del Sur","description":"Digital","potentialAction":[{"@type":"SearchAction","target":{"@type":"EntryPoint","urlTemplate":"https:\/\/diariodelsurdigital.com.ar\/?s={search_term_string}"},"query-input":{"@type":"PropertyValueSpecification","valueRequired":true,"valueName":"search_term_string"}}],"inLanguage":"es"},{"@type":"Person","@id":"https:\/\/diariodelsurdigital.com.ar\/#\/schema\/person\/d794acb23337e88c6e4004a39c32be62","name":"Diario del Sur Digital","image":{"@type":"ImageObject","inLanguage":"es","@id":"https:\/\/secure.gravatar.com\/avatar\/47679bcfa15734cfdefc176b6ad58adeeccac22b2e03e095ada6c622af2b463a?s=96&d=mm&r=g","url":"https:\/\/secure.gravatar.com\/avatar\/47679bcfa15734cfdefc176b6ad58adeeccac22b2e03e095ada6c622af2b463a?s=96&d=mm&r=g","contentUrl":"https:\/\/secure.gravatar.com\/avatar\/47679bcfa15734cfdefc176b6ad58adeeccac22b2e03e095ada6c622af2b463a?s=96&d=mm&r=g","caption":"Diario del Sur Digital"},"url":"https:\/\/diariodelsurdigital.com.ar\/?author=3"}]}},"_links":{"self":[{"href":"https:\/\/diariodelsurdigital.com.ar\/index.php?rest_route=\/wp\/v2\/posts\/8237","targetHints":{"allow":["GET"]}}],"collection":[{"href":"https:\/\/diariodelsurdigital.com.ar\/index.php?rest_route=\/wp\/v2\/posts"}],"about":[{"href":"https:\/\/diariodelsurdigital.com.ar\/index.php?rest_route=\/wp\/v2\/types\/post"}],"author":[{"embeddable":true,"href":"https:\/\/diariodelsurdigital.com.ar\/index.php?rest_route=\/wp\/v2\/users\/3"}],"replies":[{"embeddable":true,"href":"https:\/\/diariodelsurdigital.com.ar\/index.php?rest_route=%2Fwp%2Fv2%2Fcomments&post=8237"}],"version-history":[{"count":1,"href":"https:\/\/diariodelsurdigital.com.ar\/index.php?rest_route=\/wp\/v2\/posts\/8237\/revisions"}],"predecessor-version":[{"id":8239,"href":"https:\/\/diariodelsurdigital.com.ar\/index.php?rest_route=\/wp\/v2\/posts\/8237\/revisions\/8239"}],"wp:featuredmedia":[{"embeddable":true,"href":"https:\/\/diariodelsurdigital.com.ar\/index.php?rest_route=\/wp\/v2\/media\/8238"}],"wp:attachment":[{"href":"https:\/\/diariodelsurdigital.com.ar\/index.php?rest_route=%2Fwp%2Fv2%2Fmedia&parent=8237"}],"wp:term":[{"taxonomy":"category","embeddable":true,"href":"https:\/\/diariodelsurdigital.com.ar\/index.php?rest_route=%2Fwp%2Fv2%2Fcategories&post=8237"},{"taxonomy":"post_tag","embeddable":true,"href":"https:\/\/diariodelsurdigital.com.ar\/index.php?rest_route=%2Fwp%2Fv2%2Ftags&post=8237"}],"curies":[{"name":"wp","href":"https:\/\/api.w.org\/{rel}","templated":true}]}}