{"id":8247,"date":"2026-04-27T09:46:14","date_gmt":"2026-04-27T12:46:14","guid":{"rendered":"https:\/\/diariodelsurdigital.com.ar\/?p=8247"},"modified":"2026-04-27T09:46:15","modified_gmt":"2026-04-27T12:46:15","slug":"vecinos-de-gualeguaychu-concordia-y-colon-marcharon-en-defensa-del-rio-uruguay","status":"publish","type":"post","link":"https:\/\/diariodelsurdigital.com.ar\/?p=8247","title":{"rendered":"Vecinos de Gualeguaych\u00fa, Concordia y Col\u00f3n marcharon en defensa del r\u00edo Uruguay"},"content":{"rendered":"\n<p>Vecinos y organizaciones ambientalistas volvieron a movilizarse este domingo en Gualeguaych\u00fa en el marco de una nueva marcha en defensa del r\u00edo Uruguay. La convocatoria, impulsada por la Asamblea Ambiental Gualeguaych\u00fa, correspondi\u00f3 a la 5\u00aa edici\u00f3n de la hist\u00f3rica protesta que cada a\u00f1o re\u00fane a cientos de personas. Tambi\u00e9n hubo acciones en Concordia y Col\u00f3n.<\/p>\n\n\n\n<p>La jornada comenz\u00f3 en Arroyo Verde con la tradicional caravana hacia el Puente Internacional General San Mart\u00edn, donde se desarroll\u00f3 el acto central. All\u00ed se dio lectura a una proclama en la que se reiter\u00f3 el reclamo por la preservaci\u00f3n del r\u00edo Uruguay y los humedales de la regi\u00f3n.<\/p>\n\n\n\n<p>La iniciativa se replic\u00f3 en el Puente Internacional Artigas, que une Col\u00f3n con Paysand\u00fa, adem\u00e1s de Concordia.<\/p>\n\n\n\n<p>La iniciativa se desarroll\u00f3 bajo los lemas \u00ab\u00a1El r\u00edo no se negocia!\u00bb; \u00ab\u00a1La salud no se negocia!\u00bb; \u00ab\u00a1Esta lucha la gana el pueblo!\u00bb y \u00abFuera HIF Global del r\u00edo Uruguay!\u00bb.<\/p>\n\n\n\n<p>Proclama<br>Los manifestantes remarcaron que \u201cseguimos en alerta y movilizaci\u00f3n defendiendo el R\u00edo Uruguay\u201d y advirtieron que el conflicto \u201cno empez\u00f3 hoy\u201d, sino a partir del anuncio de la planta de HIF Global en Paysand\u00fa, frente a Col\u00f3n.<\/p>\n\n\n\n<p>Tambi\u00e9n cuestionaron que el proyecto se haya impulsado \u201csin informaci\u00f3n clara, sin consulta a las comunidades afectadas, sin cumplir el Estatuto del R\u00edo Uruguay\u201d, y se\u00f1alaron que el estudio de impacto ambiental \u201cno dice nada\u201d sobre las consecuencias en la regi\u00f3n, public\u00f3 Elonce.<\/p>\n\n\n\n<p>En ese marco, expresaron su preocupaci\u00f3n por la falta de definiciones: \u201cNo sabemos si se va, no sabemos a d\u00f3nde\u201d, afirmaron, en relaci\u00f3n a una posible relocalizaci\u00f3n de la planta.<\/p>\n\n\n\n<p>Finalmente, reforzaron el reclamo colectivo: \u201cQue ninguna industria ponga en riesgo el R\u00edo Uruguay. Que se respete la salud de nuestras comunidades\u201d, y destacaron que se trata de \u201cun grito colectivo que recorre toda la costa del R\u00edo Uruguay\u201d.<\/p>\n","protected":false},"excerpt":{"rendered":"<p>Vecinos y organizaciones ambientalistas volvieron a movilizarse este domingo en Gualeguaych\u00fa en el marco de una nueva marcha en defensa del r\u00edo Uruguay. La convocatoria, impulsada por la Asamblea Ambiental Gualeguaych\u00fa, correspondi\u00f3 a la 5\u00aa edici\u00f3n de la hist\u00f3rica protesta que cada a\u00f1o re\u00fane a cientos de personas. Tambi\u00e9n hubo acciones en Concordia y Col\u00f3n. [&hellip;]<\/p>\n","protected":false},"author":4,"featured_media":8248,"comment_status":"open","ping_status":"open","sticky":false,"template":"","format":"standard","meta":{"footnotes":""},"categories":[19,17],"tags":[],"class_list":{"0":"post-8247","1":"post","2":"type-post","3":"status-publish","4":"format-standard","5":"has-post-thumbnail","7":"category-interes-general","8":"category-provinciales"},"yoast_head":"<!-- This site is optimized with the Yoast SEO plugin v27.4 - https:\/\/yoast.com\/product\/yoast-seo-wordpress\/ -->\n<title>Vecinos de Gualeguaych\u00fa, Concordia y Col\u00f3n marcharon en defensa del r\u00edo Uruguay - Diario del Sur<\/title>\n<meta name=\"robots\" content=\"index, follow, max-snippet:-1, max-image-preview:large, max-video-preview:-1\" \/>\n<link rel=\"canonical\" href=\"https:\/\/diariodelsurdigital.com.ar\/?p=8247\" \/>\n<meta property=\"og:locale\" content=\"es_ES\" \/>\n<meta property=\"og:type\" content=\"article\" \/>\n<meta property=\"og:title\" content=\"Vecinos de Gualeguaych\u00fa, Concordia y Col\u00f3n marcharon en defensa del r\u00edo Uruguay - Diario del Sur\" \/>\n<meta property=\"og:description\" content=\"Vecinos y organizaciones ambientalistas volvieron a movilizarse este domingo en Gualeguaych\u00fa en el marco de una nueva marcha en defensa del r\u00edo Uruguay. La convocatoria, impulsada por la Asamblea Ambiental Gualeguaych\u00fa, correspondi\u00f3 a la 5\u00aa edici\u00f3n de la hist\u00f3rica protesta que cada a\u00f1o re\u00fane a cientos de personas. Tambi\u00e9n hubo acciones en Concordia y Col\u00f3n. [&hellip;]\" \/>\n<meta property=\"og:url\" content=\"https:\/\/diariodelsurdigital.com.ar\/?p=8247\" \/>\n<meta property=\"og:site_name\" content=\"Diario del Sur\" \/>\n<meta property=\"article:published_time\" content=\"2026-04-27T12:46:14+00:00\" \/>\n<meta property=\"article:modified_time\" content=\"2026-04-27T12:46:15+00:00\" \/>\n<meta property=\"og:image\" content=\"https:\/\/diariodelsurdigital.com.ar\/wp-content\/uploads\/2026\/04\/md-2026-04-27T094410.716.webp\" \/>\n\t<meta property=\"og:image:width\" content=\"992\" \/>\n\t<meta property=\"og:image:height\" content=\"610\" \/>\n\t<meta property=\"og:image:type\" content=\"image\/webp\" \/>\n<meta name=\"author\" content=\"Diario del Sur Digital\" \/>\n<meta name=\"twitter:card\" content=\"summary_large_image\" \/>\n<meta name=\"twitter:label1\" content=\"Escrito por\" \/>\n\t<meta name=\"twitter:data1\" content=\"Diario del Sur Digital\" \/>\n\t<meta name=\"twitter:label2\" content=\"Tiempo de lectura\" \/>\n\t<meta name=\"twitter:data2\" content=\"2 minutos\" \/>\n<script type=\"application\/ld+json\" class=\"yoast-schema-graph\">{\"@context\":\"https:\\\/\\\/schema.org\",\"@graph\":[{\"@type\":\"Article\",\"@id\":\"https:\\\/\\\/diariodelsurdigital.com.ar\\\/?p=8247#article\",\"isPartOf\":{\"@id\":\"https:\\\/\\\/diariodelsurdigital.com.ar\\\/?p=8247\"},\"author\":{\"name\":\"Diario del Sur Digital\",\"@id\":\"https:\\\/\\\/diariodelsurdigital.com.ar\\\/#\\\/schema\\\/person\\\/1a4992532ed62965c968031b49195c81\"},\"headline\":\"Vecinos de Gualeguaych\u00fa, Concordia y Col\u00f3n marcharon en defensa del r\u00edo Uruguay\",\"datePublished\":\"2026-04-27T12:46:14+00:00\",\"dateModified\":\"2026-04-27T12:46:15+00:00\",\"mainEntityOfPage\":{\"@id\":\"https:\\\/\\\/diariodelsurdigital.com.ar\\\/?p=8247\"},\"wordCount\":342,\"commentCount\":0,\"image\":{\"@id\":\"https:\\\/\\\/diariodelsurdigital.com.ar\\\/?p=8247#primaryimage\"},\"thumbnailUrl\":\"https:\\\/\\\/diariodelsurdigital.com.ar\\\/wp-content\\\/uploads\\\/2026\\\/04\\\/md-2026-04-27T094410.716.webp\",\"articleSection\":[\"Inter\u00e9s General\",\"Provinciales\"],\"inLanguage\":\"es\",\"potentialAction\":[{\"@type\":\"CommentAction\",\"name\":\"Comment\",\"target\":[\"https:\\\/\\\/diariodelsurdigital.com.ar\\\/?p=8247#respond\"]}]},{\"@type\":\"WebPage\",\"@id\":\"https:\\\/\\\/diariodelsurdigital.com.ar\\\/?p=8247\",\"url\":\"https:\\\/\\\/diariodelsurdigital.com.ar\\\/?p=8247\",\"name\":\"Vecinos de Gualeguaych\u00fa, Concordia y Col\u00f3n marcharon en defensa del r\u00edo Uruguay - Diario del Sur\",\"isPartOf\":{\"@id\":\"https:\\\/\\\/diariodelsurdigital.com.ar\\\/#website\"},\"primaryImageOfPage\":{\"@id\":\"https:\\\/\\\/diariodelsurdigital.com.ar\\\/?p=8247#primaryimage\"},\"image\":{\"@id\":\"https:\\\/\\\/diariodelsurdigital.com.ar\\\/?p=8247#primaryimage\"},\"thumbnailUrl\":\"https:\\\/\\\/diariodelsurdigital.com.ar\\\/wp-content\\\/uploads\\\/2026\\\/04\\\/md-2026-04-27T094410.716.webp\",\"datePublished\":\"2026-04-27T12:46:14+00:00\",\"dateModified\":\"2026-04-27T12:46:15+00:00\",\"author\":{\"@id\":\"https:\\\/\\\/diariodelsurdigital.com.ar\\\/#\\\/schema\\\/person\\\/1a4992532ed62965c968031b49195c81\"},\"breadcrumb\":{\"@id\":\"https:\\\/\\\/diariodelsurdigital.com.ar\\\/?p=8247#breadcrumb\"},\"inLanguage\":\"es\",\"potentialAction\":[{\"@type\":\"ReadAction\",\"target\":[\"https:\\\/\\\/diariodelsurdigital.com.ar\\\/?p=8247\"]}]},{\"@type\":\"ImageObject\",\"inLanguage\":\"es\",\"@id\":\"https:\\\/\\\/diariodelsurdigital.com.ar\\\/?p=8247#primaryimage\",\"url\":\"https:\\\/\\\/diariodelsurdigital.com.ar\\\/wp-content\\\/uploads\\\/2026\\\/04\\\/md-2026-04-27T094410.716.webp\",\"contentUrl\":\"https:\\\/\\\/diariodelsurdigital.com.ar\\\/wp-content\\\/uploads\\\/2026\\\/04\\\/md-2026-04-27T094410.716.webp\",\"width\":992,\"height\":610},{\"@type\":\"BreadcrumbList\",\"@id\":\"https:\\\/\\\/diariodelsurdigital.com.ar\\\/?p=8247#breadcrumb\",\"itemListElement\":[{\"@type\":\"ListItem\",\"position\":1,\"name\":\"Portada\",\"item\":\"https:\\\/\\\/diariodelsurdigital.com.ar\\\/\"},{\"@type\":\"ListItem\",\"position\":2,\"name\":\"Vecinos de Gualeguaych\u00fa, Concordia y Col\u00f3n marcharon en defensa del r\u00edo Uruguay\"}]},{\"@type\":\"WebSite\",\"@id\":\"https:\\\/\\\/diariodelsurdigital.com.ar\\\/#website\",\"url\":\"https:\\\/\\\/diariodelsurdigital.com.ar\\\/\",\"name\":\"Diario del Sur\",\"description\":\"Digital\",\"potentialAction\":[{\"@type\":\"SearchAction\",\"target\":{\"@type\":\"EntryPoint\",\"urlTemplate\":\"https:\\\/\\\/diariodelsurdigital.com.ar\\\/?s={search_term_string}\"},\"query-input\":{\"@type\":\"PropertyValueSpecification\",\"valueRequired\":true,\"valueName\":\"search_term_string\"}}],\"inLanguage\":\"es\"},{\"@type\":\"Person\",\"@id\":\"https:\\\/\\\/diariodelsurdigital.com.ar\\\/#\\\/schema\\\/person\\\/1a4992532ed62965c968031b49195c81\",\"name\":\"Diario del Sur Digital\",\"image\":{\"@type\":\"ImageObject\",\"inLanguage\":\"es\",\"@id\":\"https:\\\/\\\/secure.gravatar.com\\\/avatar\\\/f0c7c47fc7146d19828273b9b8eda651c9c7ab583767e6338d3d3bee825adf76?s=96&d=mm&r=g\",\"url\":\"https:\\\/\\\/secure.gravatar.com\\\/avatar\\\/f0c7c47fc7146d19828273b9b8eda651c9c7ab583767e6338d3d3bee825adf76?s=96&d=mm&r=g\",\"contentUrl\":\"https:\\\/\\\/secure.gravatar.com\\\/avatar\\\/f0c7c47fc7146d19828273b9b8eda651c9c7ab583767e6338d3d3bee825adf76?s=96&d=mm&r=g\",\"caption\":\"Diario del Sur Digital\"},\"url\":\"https:\\\/\\\/diariodelsurdigital.com.ar\\\/?author=4\"}]}<\/script>\n<!-- \/ Yoast SEO plugin. -->","yoast_head_json":{"title":"Vecinos de Gualeguaych\u00fa, Concordia y Col\u00f3n marcharon en defensa del r\u00edo Uruguay - Diario del Sur","robots":{"index":"index","follow":"follow","max-snippet":"max-snippet:-1","max-image-preview":"max-image-preview:large","max-video-preview":"max-video-preview:-1"},"canonical":"https:\/\/diariodelsurdigital.com.ar\/?p=8247","og_locale":"es_ES","og_type":"article","og_title":"Vecinos de Gualeguaych\u00fa, Concordia y Col\u00f3n marcharon en defensa del r\u00edo Uruguay - Diario del Sur","og_description":"Vecinos y organizaciones ambientalistas volvieron a movilizarse este domingo en Gualeguaych\u00fa en el marco de una nueva marcha en defensa del r\u00edo Uruguay. La convocatoria, impulsada por la Asamblea Ambiental Gualeguaych\u00fa, correspondi\u00f3 a la 5\u00aa edici\u00f3n de la hist\u00f3rica protesta que cada a\u00f1o re\u00fane a cientos de personas. Tambi\u00e9n hubo acciones en Concordia y Col\u00f3n. [&hellip;]","og_url":"https:\/\/diariodelsurdigital.com.ar\/?p=8247","og_site_name":"Diario del Sur","article_published_time":"2026-04-27T12:46:14+00:00","article_modified_time":"2026-04-27T12:46:15+00:00","og_image":[{"width":992,"height":610,"url":"https:\/\/diariodelsurdigital.com.ar\/wp-content\/uploads\/2026\/04\/md-2026-04-27T094410.716.webp","type":"image\/webp"}],"author":"Diario del Sur Digital","twitter_card":"summary_large_image","twitter_misc":{"Escrito por":"Diario del Sur Digital","Tiempo de lectura":"2 minutos"},"schema":{"@context":"https:\/\/schema.org","@graph":[{"@type":"Article","@id":"https:\/\/diariodelsurdigital.com.ar\/?p=8247#article","isPartOf":{"@id":"https:\/\/diariodelsurdigital.com.ar\/?p=8247"},"author":{"name":"Diario del Sur Digital","@id":"https:\/\/diariodelsurdigital.com.ar\/#\/schema\/person\/1a4992532ed62965c968031b49195c81"},"headline":"Vecinos de Gualeguaych\u00fa, Concordia y Col\u00f3n marcharon en defensa del r\u00edo Uruguay","datePublished":"2026-04-27T12:46:14+00:00","dateModified":"2026-04-27T12:46:15+00:00","mainEntityOfPage":{"@id":"https:\/\/diariodelsurdigital.com.ar\/?p=8247"},"wordCount":342,"commentCount":0,"image":{"@id":"https:\/\/diariodelsurdigital.com.ar\/?p=8247#primaryimage"},"thumbnailUrl":"https:\/\/diariodelsurdigital.com.ar\/wp-content\/uploads\/2026\/04\/md-2026-04-27T094410.716.webp","articleSection":["Inter\u00e9s General","Provinciales"],"inLanguage":"es","potentialAction":[{"@type":"CommentAction","name":"Comment","target":["https:\/\/diariodelsurdigital.com.ar\/?p=8247#respond"]}]},{"@type":"WebPage","@id":"https:\/\/diariodelsurdigital.com.ar\/?p=8247","url":"https:\/\/diariodelsurdigital.com.ar\/?p=8247","name":"Vecinos de Gualeguaych\u00fa, Concordia y Col\u00f3n marcharon en defensa del r\u00edo Uruguay - Diario del Sur","isPartOf":{"@id":"https:\/\/diariodelsurdigital.com.ar\/#website"},"primaryImageOfPage":{"@id":"https:\/\/diariodelsurdigital.com.ar\/?p=8247#primaryimage"},"image":{"@id":"https:\/\/diariodelsurdigital.com.ar\/?p=8247#primaryimage"},"thumbnailUrl":"https:\/\/diariodelsurdigital.com.ar\/wp-content\/uploads\/2026\/04\/md-2026-04-27T094410.716.webp","datePublished":"2026-04-27T12:46:14+00:00","dateModified":"2026-04-27T12:46:15+00:00","author":{"@id":"https:\/\/diariodelsurdigital.com.ar\/#\/schema\/person\/1a4992532ed62965c968031b49195c81"},"breadcrumb":{"@id":"https:\/\/diariodelsurdigital.com.ar\/?p=8247#breadcrumb"},"inLanguage":"es","potentialAction":[{"@type":"ReadAction","target":["https:\/\/diariodelsurdigital.com.ar\/?p=8247"]}]},{"@type":"ImageObject","inLanguage":"es","@id":"https:\/\/diariodelsurdigital.com.ar\/?p=8247#primaryimage","url":"https:\/\/diariodelsurdigital.com.ar\/wp-content\/uploads\/2026\/04\/md-2026-04-27T094410.716.webp","contentUrl":"https:\/\/diariodelsurdigital.com.ar\/wp-content\/uploads\/2026\/04\/md-2026-04-27T094410.716.webp","width":992,"height":610},{"@type":"BreadcrumbList","@id":"https:\/\/diariodelsurdigital.com.ar\/?p=8247#breadcrumb","itemListElement":[{"@type":"ListItem","position":1,"name":"Portada","item":"https:\/\/diariodelsurdigital.com.ar\/"},{"@type":"ListItem","position":2,"name":"Vecinos de Gualeguaych\u00fa, Concordia y Col\u00f3n marcharon en defensa del r\u00edo Uruguay"}]},{"@type":"WebSite","@id":"https:\/\/diariodelsurdigital.com.ar\/#website","url":"https:\/\/diariodelsurdigital.com.ar\/","name":"Diario del Sur","description":"Digital","potentialAction":[{"@type":"SearchAction","target":{"@type":"EntryPoint","urlTemplate":"https:\/\/diariodelsurdigital.com.ar\/?s={search_term_string}"},"query-input":{"@type":"PropertyValueSpecification","valueRequired":true,"valueName":"search_term_string"}}],"inLanguage":"es"},{"@type":"Person","@id":"https:\/\/diariodelsurdigital.com.ar\/#\/schema\/person\/1a4992532ed62965c968031b49195c81","name":"Diario del Sur Digital","image":{"@type":"ImageObject","inLanguage":"es","@id":"https:\/\/secure.gravatar.com\/avatar\/f0c7c47fc7146d19828273b9b8eda651c9c7ab583767e6338d3d3bee825adf76?s=96&d=mm&r=g","url":"https:\/\/secure.gravatar.com\/avatar\/f0c7c47fc7146d19828273b9b8eda651c9c7ab583767e6338d3d3bee825adf76?s=96&d=mm&r=g","contentUrl":"https:\/\/secure.gravatar.com\/avatar\/f0c7c47fc7146d19828273b9b8eda651c9c7ab583767e6338d3d3bee825adf76?s=96&d=mm&r=g","caption":"Diario del Sur Digital"},"url":"https:\/\/diariodelsurdigital.com.ar\/?author=4"}]}},"_links":{"self":[{"href":"https:\/\/diariodelsurdigital.com.ar\/index.php?rest_route=\/wp\/v2\/posts\/8247","targetHints":{"allow":["GET"]}}],"collection":[{"href":"https:\/\/diariodelsurdigital.com.ar\/index.php?rest_route=\/wp\/v2\/posts"}],"about":[{"href":"https:\/\/diariodelsurdigital.com.ar\/index.php?rest_route=\/wp\/v2\/types\/post"}],"author":[{"embeddable":true,"href":"https:\/\/diariodelsurdigital.com.ar\/index.php?rest_route=\/wp\/v2\/users\/4"}],"replies":[{"embeddable":true,"href":"https:\/\/diariodelsurdigital.com.ar\/index.php?rest_route=%2Fwp%2Fv2%2Fcomments&post=8247"}],"version-history":[{"count":1,"href":"https:\/\/diariodelsurdigital.com.ar\/index.php?rest_route=\/wp\/v2\/posts\/8247\/revisions"}],"predecessor-version":[{"id":8249,"href":"https:\/\/diariodelsurdigital.com.ar\/index.php?rest_route=\/wp\/v2\/posts\/8247\/revisions\/8249"}],"wp:featuredmedia":[{"embeddable":true,"href":"https:\/\/diariodelsurdigital.com.ar\/index.php?rest_route=\/wp\/v2\/media\/8248"}],"wp:attachment":[{"href":"https:\/\/diariodelsurdigital.com.ar\/index.php?rest_route=%2Fwp%2Fv2%2Fmedia&parent=8247"}],"wp:term":[{"taxonomy":"category","embeddable":true,"href":"https:\/\/diariodelsurdigital.com.ar\/index.php?rest_route=%2Fwp%2Fv2%2Fcategories&post=8247"},{"taxonomy":"post_tag","embeddable":true,"href":"https:\/\/diariodelsurdigital.com.ar\/index.php?rest_route=%2Fwp%2Fv2%2Ftags&post=8247"}],"curies":[{"name":"wp","href":"https:\/\/api.w.org\/{rel}","templated":true}]}}