{"id":825,"date":"2025-01-31T11:48:19","date_gmt":"2025-01-31T14:48:19","guid":{"rendered":"https:\/\/diariodelsurdigital.com.ar\/?p=825"},"modified":"2025-01-31T11:48:20","modified_gmt":"2025-01-31T14:48:20","slug":"desde-ushuaia-hasta-berlin-la-marcha-antifascista-suma-130-convocatorias-en-el-pais-y-en-mas-de-15-ciudades-del-mundo","status":"publish","type":"post","link":"https:\/\/diariodelsurdigital.com.ar\/?p=825","title":{"rendered":"Desde Ushuaia hasta Berl\u00edn, la marcha antifascista suma 130 convocatorias en el pa\u00eds y en m\u00e1s de 15 ciudades del mundo"},"content":{"rendered":"\n<p>Los organizadores de la Marcha Federal LGBTIQ+ Antifascista y Antirracista elaboraron un mapeo colaborativo de los lugares de la Argentina y del mundo donde se realizar\u00e1n movilizaciones este s\u00e1bado\u00a0<a href=\"https:\/\/www.eldiarioar.com\/economia\/milei-pidio-davos-occidente-grande-nuevamente-eliminar-virus-ideologia-woke_1_11986397.html\">en contra de las expresiones de odio del presidente Javier Milei<\/a>\u00a0y de acciones concretas de su gobierno contra las minor\u00edas sexuales.<\/p>\n\n\n\n<p>Adem\u00e1s de la ciudad de Buenos Aires, donde la convocatoria es a las 16 en la plaza del Congreso para marchar desde all\u00ed hacia la Plaza de Mayo, en nuestro pa\u00eds habr\u00e1\u00a0<a href=\"https:\/\/docs.google.com\/spreadsheets\/d\/1dMfKseOPkqCpf_kpGZEBfyvSRNFW5KEaKZrzjgKisQg\/edit?usp=sharing\" target=\"_blank\" rel=\"noreferrer noopener\">otras 130 manifestaciones<\/a>\u00a0m\u00e1s de acuerdo con este relevamiento, adem\u00e1s de las convocatorias internacionales en solidaridad con la comunidad LGBTQ+.<\/p>\n\n\n\n<p>De las manifestaciones que se realizar\u00e1n en el exterior se cuentan por ahora m\u00e1s de 15 e incluyen ciudades de Sudam\u00e9rica, como Santiago, en Chile; Montevideo y Colonia del Sacramento, en Uruguay, y Florian\u00f3polis, R\u00edo de Janeiro y San Pablo, en Brasil; de Norteam\u00e9rica, como la Ciudad de M\u00e9xico y Nueva York, y de Europa, como Lisboa, Madrid, Barcelona, Roma, \u00c1msterdam, Par\u00eds, Londres y Berl\u00edn.<\/p>\n\n\n\n<p>Estas movilizaciones son la respuesta a las declaraciones del presidente Javier Milei en el Foro Econ\u00f3mico Mundial de Davos, el pasado 23 de enero. All\u00ed dijo: \u201cEl gran yunque que aparece como denominador com\u00fan en los pa\u00edses e instituciones que fracasa es el virus mental de la ideol\u00f3gica woke. Es la gran epidemia de nuestra \u00e9poca que debe ser curada,<strong>&nbsp;es el c\u00e1ncer que hay que extirpa<\/strong>r\u201d. Pero ademas, compar\u00f3 la homosexualidad con la pedofilia. De inmediato, los colectivos LGBTIQ+ convocaron a una Asamblea Antifascista en Parque Lezama desde la que se hizo un llamado para marchar este s\u00e1bado.<\/p>\n\n\n\n<p>Poco a poco, la convocatoria trascendi\u00f3 a la comunidad LGBTIQ+ y, en la ciudad de Buenos Aires, se espera una movilizaci\u00f3n masiva y transversal para este s\u00e1bado. \u201cNo hace falta que seas LGBTIQ+ para marchar. Es clave unirnos todes\u201d, es una de las frases que lanzaron desde la asamblea de Parque Lezama para convocar a marchar.<\/p>\n\n\n\n<p>Madres de Plaza de Mayo, la CGT y las dos CTA&nbsp;adelanton su participaron a los que sum\u00f3 el bloque de Mujeres Trabajadoras de la central,&nbsp;<a href=\"https:\/\/www.eldiarioar.com\/politica\/dirigentes-primera-linea-politica-nacional-confirmaron-iran-marcha-federal-antifascista_1_12004460.html\">en tanto numerosos dirigentes de la oposicion ya anunciaron su partipaci\u00f3n en la marcha.<\/a><\/p>\n\n\n\n<p>El mapeo no incluye nombres de organizaciones convocantes \u201cpor una cuesti\u00f3n de cuidado y responsabilidad\u201d. \u201cNo queremos exponer organizaciones y nombres ni contribuir a la huella digital de las mismas\u201d, se aclara en&nbsp;<a href=\"https:\/\/umap.openstreetmap.fr\/es\/map\/marcha-lgbtiq-antifacista-y-antirracista_1170544#2\/2.5\/-104.4\" target=\"_blank\" rel=\"noreferrer noopener\">el sitio web del mapa<\/a>.<\/p>\n\n\n\n<p>En la Argentina hay convocatorias en 9 de Julio, Adolfo Gonz\u00e1les Ch\u00e1vez, Arist\u00f3bulo del Valle, Azul, Bah\u00eda Blanca, Caleta Olivia, Ca\u00f1uelas, Chivilcoy, Cipolletti, Col\u00f3n, Comodoro Rivadavia, Concepci\u00f3n del Uruguay, Concordia, C\u00f3rdoba Capital, Coronel Dorrego, Coronel Su\u00e1rez, Corrientes, Curuz\u00fa Cuati\u00e1, El Bols\u00f3n, El Calafate, El Chalt\u00e9n, El Soberbio, Eldorado, Esquel, Esquina, Fiske Menuco, Formosa, Furilofche, General Alvear, General Belgrano, General Juan Madariaga, General La Madrid, General Pico, General Villegas, Goya, Grand Bourg, Gualeguay, Gualeguaych\u00fa e Ingeniero Jacobacci.<\/p>\n\n\n\n<figure class=\"wp-block-image\"><img decoding=\"async\" src=\"https:\/\/static.eldiario.es\/clip\/3ef1888f-943a-400f-b721-a92b12e7a5ff_source-aspect-ratio_default_0.jpg\" alt=\"\"\/><figcaption class=\"wp-element-caption\">Convocatoria a la marcha de Berl\u00edn. En al menos 15 ciudades del mundo habr\u00e1 movilizaci\u00f3nes contra Javier Milei.<\/figcaption><\/figure>\n\n\n\n<p>Tambi\u00e9n, en Jos\u00e9 C. Paz, Jun\u00edn, La Paz, La Plata, Laboulaye, Las Grutas, Lomas de Zamora, Los Toldos, Magdalena, Mar Chiquita, Mar de Aj\u00f3, Mar del Plata, Mendoza, Mercedes, Merlo, Miramar, Monte Hermoso, Moreno, Mor\u00f3n, Necochea, Neuqu\u00e9n, Ober\u00e1, Olavarr\u00eda, Paran\u00e1, Pergamino, Pico Truncado, Piedrabuena, Pig\u00fc\u00e9, Posadas, Puerto Deseado, Puerto Iguaz\u00fa, Puerto Madryn, Puerto San Juli\u00e1n, Puerto Santa Cruz, Punta Alta, Rafaela y Reconquista.<\/p>\n\n\n\n<p>Adem\u00e1s, habr\u00e1 manifestaciones en Resistencia, R\u00edo Gallegos, R\u00edo Grande, Rosario, Saladillo, Salta, Salto, San Fernando del Valle de Catamarca, San Francisco, San Juan, San Luis, San Marcos Sierras, San Mart\u00edn de los Andes, San Miguel de Tucum\u00e1n, San Pedro, San Rafael, Santa Elena, Santa Fe, Santa Mar\u00eda, Santa Rosa, Santa Rosa de Calamuchita, Sierra de la Ventana, Tandil, Tartagal, Trelew, Tres Arroyos, Ushuaia, Venado Tuerto, Viedma, Villa de Merlo, Villa Gesell, Villa La Angostura, Villa Mar\u00eda.<\/p>\n","protected":false},"excerpt":{"rendered":"<p>Los organizadores de la Marcha Federal LGBTIQ+ Antifascista y Antirracista elaboraron un mapeo colaborativo de los lugares de la Argentina y del mundo donde se realizar\u00e1n movilizaciones este s\u00e1bado\u00a0en contra de las expresiones de odio del presidente Javier Milei\u00a0y de acciones concretas de su gobierno contra las minor\u00edas sexuales. Adem\u00e1s de la ciudad de Buenos [&hellip;]<\/p>\n","protected":false},"author":4,"featured_media":826,"comment_status":"open","ping_status":"open","sticky":false,"template":"","format":"standard","meta":{"footnotes":""},"categories":[19,18],"tags":[],"class_list":{"0":"post-825","1":"post","2":"type-post","3":"status-publish","4":"format-standard","5":"has-post-thumbnail","7":"category-interes-general","8":"category-nacionales"},"yoast_head":"<!-- This site is optimized with the Yoast SEO plugin v27.4 - https:\/\/yoast.com\/product\/yoast-seo-wordpress\/ -->\n<title>Desde Ushuaia hasta Berl\u00edn, la marcha antifascista suma 130 convocatorias en el pa\u00eds y en m\u00e1s de 15 ciudades del mundo - Diario del Sur<\/title>\n<meta name=\"robots\" content=\"index, follow, max-snippet:-1, max-image-preview:large, max-video-preview:-1\" \/>\n<link rel=\"canonical\" href=\"https:\/\/diariodelsurdigital.com.ar\/?p=825\" \/>\n<meta property=\"og:locale\" content=\"es_ES\" \/>\n<meta property=\"og:type\" content=\"article\" \/>\n<meta property=\"og:title\" content=\"Desde Ushuaia hasta Berl\u00edn, la marcha antifascista suma 130 convocatorias en el pa\u00eds y en m\u00e1s de 15 ciudades del mundo - Diario del Sur\" \/>\n<meta property=\"og:description\" content=\"Los organizadores de la Marcha Federal LGBTIQ+ Antifascista y Antirracista elaboraron un mapeo colaborativo de los lugares de la Argentina y del mundo donde se realizar\u00e1n movilizaciones este s\u00e1bado\u00a0en contra de las expresiones de odio del presidente Javier Milei\u00a0y de acciones concretas de su gobierno contra las minor\u00edas sexuales. Adem\u00e1s de la ciudad de Buenos [&hellip;]\" \/>\n<meta property=\"og:url\" content=\"https:\/\/diariodelsurdigital.com.ar\/?p=825\" \/>\n<meta property=\"og:site_name\" content=\"Diario del Sur\" \/>\n<meta property=\"article:published_time\" content=\"2025-01-31T14:48:19+00:00\" \/>\n<meta property=\"article:modified_time\" content=\"2025-01-31T14:48:20+00:00\" \/>\n<meta property=\"og:image\" content=\"https:\/\/diariodelsurdigital.com.ar\/wp-content\/uploads\/2025\/01\/6e9bbb33-25fb-45c6-aea7-0c6cc159a9e1_16-9-discover-aspect-ratio_default_0.webp\" \/>\n\t<meta property=\"og:image:width\" content=\"1200\" \/>\n\t<meta property=\"og:image:height\" content=\"675\" \/>\n\t<meta property=\"og:image:type\" content=\"image\/webp\" \/>\n<meta name=\"author\" content=\"Diario del Sur Digital\" \/>\n<meta name=\"twitter:card\" content=\"summary_large_image\" \/>\n<meta name=\"twitter:label1\" content=\"Escrito por\" \/>\n\t<meta name=\"twitter:data1\" content=\"Diario del Sur Digital\" \/>\n\t<meta name=\"twitter:label2\" content=\"Tiempo de lectura\" \/>\n\t<meta name=\"twitter:data2\" content=\"4 minutos\" \/>\n<script type=\"application\/ld+json\" class=\"yoast-schema-graph\">{\"@context\":\"https:\\\/\\\/schema.org\",\"@graph\":[{\"@type\":\"Article\",\"@id\":\"https:\\\/\\\/diariodelsurdigital.com.ar\\\/?p=825#article\",\"isPartOf\":{\"@id\":\"https:\\\/\\\/diariodelsurdigital.com.ar\\\/?p=825\"},\"author\":{\"name\":\"Diario del Sur Digital\",\"@id\":\"https:\\\/\\\/diariodelsurdigital.com.ar\\\/#\\\/schema\\\/person\\\/1a4992532ed62965c968031b49195c81\"},\"headline\":\"Desde Ushuaia hasta Berl\u00edn, la marcha antifascista suma 130 convocatorias en el pa\u00eds y en m\u00e1s de 15 ciudades del mundo\",\"datePublished\":\"2025-01-31T14:48:19+00:00\",\"dateModified\":\"2025-01-31T14:48:20+00:00\",\"mainEntityOfPage\":{\"@id\":\"https:\\\/\\\/diariodelsurdigital.com.ar\\\/?p=825\"},\"wordCount\":706,\"commentCount\":0,\"image\":{\"@id\":\"https:\\\/\\\/diariodelsurdigital.com.ar\\\/?p=825#primaryimage\"},\"thumbnailUrl\":\"https:\\\/\\\/diariodelsurdigital.com.ar\\\/wp-content\\\/uploads\\\/2025\\\/01\\\/6e9bbb33-25fb-45c6-aea7-0c6cc159a9e1_16-9-discover-aspect-ratio_default_0.webp\",\"articleSection\":[\"Inter\u00e9s General\",\"Nacionales\"],\"inLanguage\":\"es\",\"potentialAction\":[{\"@type\":\"CommentAction\",\"name\":\"Comment\",\"target\":[\"https:\\\/\\\/diariodelsurdigital.com.ar\\\/?p=825#respond\"]}]},{\"@type\":\"WebPage\",\"@id\":\"https:\\\/\\\/diariodelsurdigital.com.ar\\\/?p=825\",\"url\":\"https:\\\/\\\/diariodelsurdigital.com.ar\\\/?p=825\",\"name\":\"Desde Ushuaia hasta Berl\u00edn, la marcha antifascista suma 130 convocatorias en el pa\u00eds y en m\u00e1s de 15 ciudades del mundo - Diario del Sur\",\"isPartOf\":{\"@id\":\"https:\\\/\\\/diariodelsurdigital.com.ar\\\/#website\"},\"primaryImageOfPage\":{\"@id\":\"https:\\\/\\\/diariodelsurdigital.com.ar\\\/?p=825#primaryimage\"},\"image\":{\"@id\":\"https:\\\/\\\/diariodelsurdigital.com.ar\\\/?p=825#primaryimage\"},\"thumbnailUrl\":\"https:\\\/\\\/diariodelsurdigital.com.ar\\\/wp-content\\\/uploads\\\/2025\\\/01\\\/6e9bbb33-25fb-45c6-aea7-0c6cc159a9e1_16-9-discover-aspect-ratio_default_0.webp\",\"datePublished\":\"2025-01-31T14:48:19+00:00\",\"dateModified\":\"2025-01-31T14:48:20+00:00\",\"author\":{\"@id\":\"https:\\\/\\\/diariodelsurdigital.com.ar\\\/#\\\/schema\\\/person\\\/1a4992532ed62965c968031b49195c81\"},\"breadcrumb\":{\"@id\":\"https:\\\/\\\/diariodelsurdigital.com.ar\\\/?p=825#breadcrumb\"},\"inLanguage\":\"es\",\"potentialAction\":[{\"@type\":\"ReadAction\",\"target\":[\"https:\\\/\\\/diariodelsurdigital.com.ar\\\/?p=825\"]}]},{\"@type\":\"ImageObject\",\"inLanguage\":\"es\",\"@id\":\"https:\\\/\\\/diariodelsurdigital.com.ar\\\/?p=825#primaryimage\",\"url\":\"https:\\\/\\\/diariodelsurdigital.com.ar\\\/wp-content\\\/uploads\\\/2025\\\/01\\\/6e9bbb33-25fb-45c6-aea7-0c6cc159a9e1_16-9-discover-aspect-ratio_default_0.webp\",\"contentUrl\":\"https:\\\/\\\/diariodelsurdigital.com.ar\\\/wp-content\\\/uploads\\\/2025\\\/01\\\/6e9bbb33-25fb-45c6-aea7-0c6cc159a9e1_16-9-discover-aspect-ratio_default_0.webp\",\"width\":1200,\"height\":675},{\"@type\":\"BreadcrumbList\",\"@id\":\"https:\\\/\\\/diariodelsurdigital.com.ar\\\/?p=825#breadcrumb\",\"itemListElement\":[{\"@type\":\"ListItem\",\"position\":1,\"name\":\"Portada\",\"item\":\"https:\\\/\\\/diariodelsurdigital.com.ar\\\/\"},{\"@type\":\"ListItem\",\"position\":2,\"name\":\"Desde Ushuaia hasta Berl\u00edn, la marcha antifascista suma 130 convocatorias en el pa\u00eds y en m\u00e1s de 15 ciudades del mundo\"}]},{\"@type\":\"WebSite\",\"@id\":\"https:\\\/\\\/diariodelsurdigital.com.ar\\\/#website\",\"url\":\"https:\\\/\\\/diariodelsurdigital.com.ar\\\/\",\"name\":\"Diario del Sur\",\"description\":\"Digital\",\"potentialAction\":[{\"@type\":\"SearchAction\",\"target\":{\"@type\":\"EntryPoint\",\"urlTemplate\":\"https:\\\/\\\/diariodelsurdigital.com.ar\\\/?s={search_term_string}\"},\"query-input\":{\"@type\":\"PropertyValueSpecification\",\"valueRequired\":true,\"valueName\":\"search_term_string\"}}],\"inLanguage\":\"es\"},{\"@type\":\"Person\",\"@id\":\"https:\\\/\\\/diariodelsurdigital.com.ar\\\/#\\\/schema\\\/person\\\/1a4992532ed62965c968031b49195c81\",\"name\":\"Diario del Sur Digital\",\"image\":{\"@type\":\"ImageObject\",\"inLanguage\":\"es\",\"@id\":\"https:\\\/\\\/secure.gravatar.com\\\/avatar\\\/f0c7c47fc7146d19828273b9b8eda651c9c7ab583767e6338d3d3bee825adf76?s=96&d=mm&r=g\",\"url\":\"https:\\\/\\\/secure.gravatar.com\\\/avatar\\\/f0c7c47fc7146d19828273b9b8eda651c9c7ab583767e6338d3d3bee825adf76?s=96&d=mm&r=g\",\"contentUrl\":\"https:\\\/\\\/secure.gravatar.com\\\/avatar\\\/f0c7c47fc7146d19828273b9b8eda651c9c7ab583767e6338d3d3bee825adf76?s=96&d=mm&r=g\",\"caption\":\"Diario del Sur Digital\"},\"url\":\"https:\\\/\\\/diariodelsurdigital.com.ar\\\/?author=4\"}]}<\/script>\n<!-- \/ Yoast SEO plugin. -->","yoast_head_json":{"title":"Desde Ushuaia hasta Berl\u00edn, la marcha antifascista suma 130 convocatorias en el pa\u00eds y en m\u00e1s de 15 ciudades del mundo - Diario del Sur","robots":{"index":"index","follow":"follow","max-snippet":"max-snippet:-1","max-image-preview":"max-image-preview:large","max-video-preview":"max-video-preview:-1"},"canonical":"https:\/\/diariodelsurdigital.com.ar\/?p=825","og_locale":"es_ES","og_type":"article","og_title":"Desde Ushuaia hasta Berl\u00edn, la marcha antifascista suma 130 convocatorias en el pa\u00eds y en m\u00e1s de 15 ciudades del mundo - Diario del Sur","og_description":"Los organizadores de la Marcha Federal LGBTIQ+ Antifascista y Antirracista elaboraron un mapeo colaborativo de los lugares de la Argentina y del mundo donde se realizar\u00e1n movilizaciones este s\u00e1bado\u00a0en contra de las expresiones de odio del presidente Javier Milei\u00a0y de acciones concretas de su gobierno contra las minor\u00edas sexuales. Adem\u00e1s de la ciudad de Buenos [&hellip;]","og_url":"https:\/\/diariodelsurdigital.com.ar\/?p=825","og_site_name":"Diario del Sur","article_published_time":"2025-01-31T14:48:19+00:00","article_modified_time":"2025-01-31T14:48:20+00:00","og_image":[{"width":1200,"height":675,"url":"https:\/\/diariodelsurdigital.com.ar\/wp-content\/uploads\/2025\/01\/6e9bbb33-25fb-45c6-aea7-0c6cc159a9e1_16-9-discover-aspect-ratio_default_0.webp","type":"image\/webp"}],"author":"Diario del Sur Digital","twitter_card":"summary_large_image","twitter_misc":{"Escrito por":"Diario del Sur Digital","Tiempo de lectura":"4 minutos"},"schema":{"@context":"https:\/\/schema.org","@graph":[{"@type":"Article","@id":"https:\/\/diariodelsurdigital.com.ar\/?p=825#article","isPartOf":{"@id":"https:\/\/diariodelsurdigital.com.ar\/?p=825"},"author":{"name":"Diario del Sur Digital","@id":"https:\/\/diariodelsurdigital.com.ar\/#\/schema\/person\/1a4992532ed62965c968031b49195c81"},"headline":"Desde Ushuaia hasta Berl\u00edn, la marcha antifascista suma 130 convocatorias en el pa\u00eds y en m\u00e1s de 15 ciudades del mundo","datePublished":"2025-01-31T14:48:19+00:00","dateModified":"2025-01-31T14:48:20+00:00","mainEntityOfPage":{"@id":"https:\/\/diariodelsurdigital.com.ar\/?p=825"},"wordCount":706,"commentCount":0,"image":{"@id":"https:\/\/diariodelsurdigital.com.ar\/?p=825#primaryimage"},"thumbnailUrl":"https:\/\/diariodelsurdigital.com.ar\/wp-content\/uploads\/2025\/01\/6e9bbb33-25fb-45c6-aea7-0c6cc159a9e1_16-9-discover-aspect-ratio_default_0.webp","articleSection":["Inter\u00e9s General","Nacionales"],"inLanguage":"es","potentialAction":[{"@type":"CommentAction","name":"Comment","target":["https:\/\/diariodelsurdigital.com.ar\/?p=825#respond"]}]},{"@type":"WebPage","@id":"https:\/\/diariodelsurdigital.com.ar\/?p=825","url":"https:\/\/diariodelsurdigital.com.ar\/?p=825","name":"Desde Ushuaia hasta Berl\u00edn, la marcha antifascista suma 130 convocatorias en el pa\u00eds y en m\u00e1s de 15 ciudades del mundo - Diario del Sur","isPartOf":{"@id":"https:\/\/diariodelsurdigital.com.ar\/#website"},"primaryImageOfPage":{"@id":"https:\/\/diariodelsurdigital.com.ar\/?p=825#primaryimage"},"image":{"@id":"https:\/\/diariodelsurdigital.com.ar\/?p=825#primaryimage"},"thumbnailUrl":"https:\/\/diariodelsurdigital.com.ar\/wp-content\/uploads\/2025\/01\/6e9bbb33-25fb-45c6-aea7-0c6cc159a9e1_16-9-discover-aspect-ratio_default_0.webp","datePublished":"2025-01-31T14:48:19+00:00","dateModified":"2025-01-31T14:48:20+00:00","author":{"@id":"https:\/\/diariodelsurdigital.com.ar\/#\/schema\/person\/1a4992532ed62965c968031b49195c81"},"breadcrumb":{"@id":"https:\/\/diariodelsurdigital.com.ar\/?p=825#breadcrumb"},"inLanguage":"es","potentialAction":[{"@type":"ReadAction","target":["https:\/\/diariodelsurdigital.com.ar\/?p=825"]}]},{"@type":"ImageObject","inLanguage":"es","@id":"https:\/\/diariodelsurdigital.com.ar\/?p=825#primaryimage","url":"https:\/\/diariodelsurdigital.com.ar\/wp-content\/uploads\/2025\/01\/6e9bbb33-25fb-45c6-aea7-0c6cc159a9e1_16-9-discover-aspect-ratio_default_0.webp","contentUrl":"https:\/\/diariodelsurdigital.com.ar\/wp-content\/uploads\/2025\/01\/6e9bbb33-25fb-45c6-aea7-0c6cc159a9e1_16-9-discover-aspect-ratio_default_0.webp","width":1200,"height":675},{"@type":"BreadcrumbList","@id":"https:\/\/diariodelsurdigital.com.ar\/?p=825#breadcrumb","itemListElement":[{"@type":"ListItem","position":1,"name":"Portada","item":"https:\/\/diariodelsurdigital.com.ar\/"},{"@type":"ListItem","position":2,"name":"Desde Ushuaia hasta Berl\u00edn, la marcha antifascista suma 130 convocatorias en el pa\u00eds y en m\u00e1s de 15 ciudades del mundo"}]},{"@type":"WebSite","@id":"https:\/\/diariodelsurdigital.com.ar\/#website","url":"https:\/\/diariodelsurdigital.com.ar\/","name":"Diario del Sur","description":"Digital","potentialAction":[{"@type":"SearchAction","target":{"@type":"EntryPoint","urlTemplate":"https:\/\/diariodelsurdigital.com.ar\/?s={search_term_string}"},"query-input":{"@type":"PropertyValueSpecification","valueRequired":true,"valueName":"search_term_string"}}],"inLanguage":"es"},{"@type":"Person","@id":"https:\/\/diariodelsurdigital.com.ar\/#\/schema\/person\/1a4992532ed62965c968031b49195c81","name":"Diario del Sur Digital","image":{"@type":"ImageObject","inLanguage":"es","@id":"https:\/\/secure.gravatar.com\/avatar\/f0c7c47fc7146d19828273b9b8eda651c9c7ab583767e6338d3d3bee825adf76?s=96&d=mm&r=g","url":"https:\/\/secure.gravatar.com\/avatar\/f0c7c47fc7146d19828273b9b8eda651c9c7ab583767e6338d3d3bee825adf76?s=96&d=mm&r=g","contentUrl":"https:\/\/secure.gravatar.com\/avatar\/f0c7c47fc7146d19828273b9b8eda651c9c7ab583767e6338d3d3bee825adf76?s=96&d=mm&r=g","caption":"Diario del Sur Digital"},"url":"https:\/\/diariodelsurdigital.com.ar\/?author=4"}]}},"_links":{"self":[{"href":"https:\/\/diariodelsurdigital.com.ar\/index.php?rest_route=\/wp\/v2\/posts\/825","targetHints":{"allow":["GET"]}}],"collection":[{"href":"https:\/\/diariodelsurdigital.com.ar\/index.php?rest_route=\/wp\/v2\/posts"}],"about":[{"href":"https:\/\/diariodelsurdigital.com.ar\/index.php?rest_route=\/wp\/v2\/types\/post"}],"author":[{"embeddable":true,"href":"https:\/\/diariodelsurdigital.com.ar\/index.php?rest_route=\/wp\/v2\/users\/4"}],"replies":[{"embeddable":true,"href":"https:\/\/diariodelsurdigital.com.ar\/index.php?rest_route=%2Fwp%2Fv2%2Fcomments&post=825"}],"version-history":[{"count":1,"href":"https:\/\/diariodelsurdigital.com.ar\/index.php?rest_route=\/wp\/v2\/posts\/825\/revisions"}],"predecessor-version":[{"id":827,"href":"https:\/\/diariodelsurdigital.com.ar\/index.php?rest_route=\/wp\/v2\/posts\/825\/revisions\/827"}],"wp:featuredmedia":[{"embeddable":true,"href":"https:\/\/diariodelsurdigital.com.ar\/index.php?rest_route=\/wp\/v2\/media\/826"}],"wp:attachment":[{"href":"https:\/\/diariodelsurdigital.com.ar\/index.php?rest_route=%2Fwp%2Fv2%2Fmedia&parent=825"}],"wp:term":[{"taxonomy":"category","embeddable":true,"href":"https:\/\/diariodelsurdigital.com.ar\/index.php?rest_route=%2Fwp%2Fv2%2Fcategories&post=825"},{"taxonomy":"post_tag","embeddable":true,"href":"https:\/\/diariodelsurdigital.com.ar\/index.php?rest_route=%2Fwp%2Fv2%2Ftags&post=825"}],"curies":[{"name":"wp","href":"https:\/\/api.w.org\/{rel}","templated":true}]}}