{"id":8256,"date":"2026-04-27T09:54:36","date_gmt":"2026-04-27T12:54:36","guid":{"rendered":"https:\/\/diariodelsurdigital.com.ar\/?p=8256"},"modified":"2026-04-27T09:54:37","modified_gmt":"2026-04-27T12:54:37","slug":"advierten-que-las-coberturas-de-vacunacion-en-argentina-estan-por-debajo-de-los-niveles-recomendados","status":"publish","type":"post","link":"https:\/\/diariodelsurdigital.com.ar\/?p=8256","title":{"rendered":"Advierten que las coberturas de vacunaci\u00f3n en Argentina est\u00e1n por debajo de los niveles recomendados"},"content":{"rendered":"\n<p>Un informe del Centro de Implementaci\u00f3n de Pol\u00edticas P\u00fablicas para la Equidad y el Crecimiento (Cippec), alert\u00f3 que las coberturas de vacunaci\u00f3n en Argentina se mantienen por debajo del umbral necesario para garantizar la inmunidad colectiva, lo que aumenta el riesgo de reaparici\u00f3n de enfermedades que ya estaban controladas.<\/p>\n\n\n\n<p>El relevamiento, difundido en el marco de la Semana Mundial de la Inmunizaci\u00f3n, se\u00f1ala que desde 2018 se registra una ca\u00edda sostenida en la aplicaci\u00f3n de vacunas del Calendario Nacional, gratuito y obligatorio. Seg\u00fan los datos, ninguna de las coberturas alcanza el 95% recomendado para asegurar la protecci\u00f3n comunitaria.<\/p>\n\n\n\n<p>Entre 2022 y 2024, alrededor de 1,7 millones de ni\u00f1os y ni\u00f1as no recibieron alguna de las vacunas correspondientes a su edad. La situaci\u00f3n es especialmente cr\u00edtica en los refuerzos: la cobertura de la vacuna triple viral en ni\u00f1os de 5 a\u00f1os descendi\u00f3 al 46,7%, mientras que la de poliomielitis cay\u00f3 al 47,6%. En adolescentes, la vacunaci\u00f3n contra el Virus del Papiloma Humano (VPH) alcanz\u00f3 el 55,5% en mujeres y el 50,9% en varones.<\/p>\n\n\n\n<p>El informe tambi\u00e9n advierte que las bajas coberturas no se limitan a la infancia. En adultos y personas mayores, la vacunaci\u00f3n presenta dificultades vinculadas a la organizaci\u00f3n del sistema de salud y a la falta de percepci\u00f3n de riesgo, incluso en personas con enfermedades cr\u00f3nicas.<\/p>\n\n\n\n<p>En cuanto a la confianza, Argentina mantiene niveles relativamente altos \u2014cercanos al 86%\u2014, pero el problema radica en una \u201creticencia difusa\u201d, asociada a la desinformaci\u00f3n en redes sociales y a la falta de recomendaci\u00f3n activa por parte de profesionales de la salud. Esta situaci\u00f3n se observa con mayor fuerza en j\u00f3venes de entre 15 y 25 a\u00f1os.<\/p>\n\n\n\n<p>Entre las causas de la ca\u00edda tambi\u00e9n se identifican barreras de acceso, como horarios restringidos en centros de salud, dificultades laborales y distancia a los vacunatorios, adem\u00e1s de una menor percepci\u00f3n del riesgo debido al \u00e9xito hist\u00f3rico de las campa\u00f1as de inmunizaci\u00f3n.<\/p>\n\n\n\n<p>El informe advierte que esta tendencia puede tener consecuencias significativas: la vacunaci\u00f3n evita entre 3,5 y 5 millones de muertes por a\u00f1o a nivel global y fue clave para la erradicaci\u00f3n de enfermedades como la viruela y la dr\u00e1stica reducci\u00f3n de otras como la poliomielitis y el sarampi\u00f3n.<\/p>\n\n\n\n<p>En ese marco, especialistas subrayaron la necesidad de fortalecer estrategias que promuevan la vacunaci\u00f3n a lo largo de toda la vida, con mayor presencia territorial y campa\u00f1as de comunicaci\u00f3n orientadas a distintos grupos etarios.<\/p>\n","protected":false},"excerpt":{"rendered":"<p>Un informe del Centro de Implementaci\u00f3n de Pol\u00edticas P\u00fablicas para la Equidad y el Crecimiento (Cippec), alert\u00f3 que las coberturas de vacunaci\u00f3n en Argentina se mantienen por debajo del umbral necesario para garantizar la inmunidad colectiva, lo que aumenta el riesgo de reaparici\u00f3n de enfermedades que ya estaban controladas. El relevamiento, difundido en el marco [&hellip;]<\/p>\n","protected":false},"author":4,"featured_media":8257,"comment_status":"open","ping_status":"open","sticky":false,"template":"","format":"standard","meta":{"footnotes":""},"categories":[19,18],"tags":[],"class_list":{"0":"post-8256","1":"post","2":"type-post","3":"status-publish","4":"format-standard","5":"has-post-thumbnail","7":"category-interes-general","8":"category-nacionales"},"yoast_head":"<!-- This site is optimized with the Yoast SEO plugin v27.4 - https:\/\/yoast.com\/product\/yoast-seo-wordpress\/ -->\n<title>Advierten que las coberturas de vacunaci\u00f3n en Argentina est\u00e1n por debajo de los niveles recomendados - Diario del Sur<\/title>\n<meta name=\"robots\" content=\"index, follow, max-snippet:-1, max-image-preview:large, max-video-preview:-1\" \/>\n<link rel=\"canonical\" href=\"https:\/\/diariodelsurdigital.com.ar\/?p=8256\" \/>\n<meta property=\"og:locale\" content=\"es_ES\" \/>\n<meta property=\"og:type\" content=\"article\" \/>\n<meta property=\"og:title\" content=\"Advierten que las coberturas de vacunaci\u00f3n en Argentina est\u00e1n por debajo de los niveles recomendados - Diario del Sur\" \/>\n<meta property=\"og:description\" content=\"Un informe del Centro de Implementaci\u00f3n de Pol\u00edticas P\u00fablicas para la Equidad y el Crecimiento (Cippec), alert\u00f3 que las coberturas de vacunaci\u00f3n en Argentina se mantienen por debajo del umbral necesario para garantizar la inmunidad colectiva, lo que aumenta el riesgo de reaparici\u00f3n de enfermedades que ya estaban controladas. El relevamiento, difundido en el marco [&hellip;]\" \/>\n<meta property=\"og:url\" content=\"https:\/\/diariodelsurdigital.com.ar\/?p=8256\" \/>\n<meta property=\"og:site_name\" content=\"Diario del Sur\" \/>\n<meta property=\"article:published_time\" content=\"2026-04-27T12:54:36+00:00\" \/>\n<meta property=\"article:modified_time\" content=\"2026-04-27T12:54:37+00:00\" \/>\n<meta property=\"og:image\" content=\"https:\/\/diariodelsurdigital.com.ar\/wp-content\/uploads\/2026\/04\/md-2026-04-27T095258.196.webp\" \/>\n\t<meta property=\"og:image:width\" content=\"992\" \/>\n\t<meta property=\"og:image:height\" content=\"686\" \/>\n\t<meta property=\"og:image:type\" content=\"image\/webp\" \/>\n<meta name=\"author\" content=\"Diario del Sur Digital\" \/>\n<meta name=\"twitter:card\" content=\"summary_large_image\" \/>\n<meta name=\"twitter:label1\" content=\"Escrito por\" \/>\n\t<meta name=\"twitter:data1\" content=\"Diario del Sur Digital\" \/>\n\t<meta name=\"twitter:label2\" content=\"Tiempo de lectura\" \/>\n\t<meta name=\"twitter:data2\" content=\"3 minutos\" \/>\n<script type=\"application\/ld+json\" class=\"yoast-schema-graph\">{\"@context\":\"https:\\\/\\\/schema.org\",\"@graph\":[{\"@type\":\"Article\",\"@id\":\"https:\\\/\\\/diariodelsurdigital.com.ar\\\/?p=8256#article\",\"isPartOf\":{\"@id\":\"https:\\\/\\\/diariodelsurdigital.com.ar\\\/?p=8256\"},\"author\":{\"name\":\"Diario del Sur Digital\",\"@id\":\"https:\\\/\\\/diariodelsurdigital.com.ar\\\/#\\\/schema\\\/person\\\/1a4992532ed62965c968031b49195c81\"},\"headline\":\"Advierten que las coberturas de vacunaci\u00f3n en Argentina est\u00e1n por debajo de los niveles recomendados\",\"datePublished\":\"2026-04-27T12:54:36+00:00\",\"dateModified\":\"2026-04-27T12:54:37+00:00\",\"mainEntityOfPage\":{\"@id\":\"https:\\\/\\\/diariodelsurdigital.com.ar\\\/?p=8256\"},\"wordCount\":444,\"commentCount\":0,\"image\":{\"@id\":\"https:\\\/\\\/diariodelsurdigital.com.ar\\\/?p=8256#primaryimage\"},\"thumbnailUrl\":\"https:\\\/\\\/diariodelsurdigital.com.ar\\\/wp-content\\\/uploads\\\/2026\\\/04\\\/md-2026-04-27T095258.196.webp\",\"articleSection\":[\"Inter\u00e9s General\",\"Nacionales\"],\"inLanguage\":\"es\",\"potentialAction\":[{\"@type\":\"CommentAction\",\"name\":\"Comment\",\"target\":[\"https:\\\/\\\/diariodelsurdigital.com.ar\\\/?p=8256#respond\"]}]},{\"@type\":\"WebPage\",\"@id\":\"https:\\\/\\\/diariodelsurdigital.com.ar\\\/?p=8256\",\"url\":\"https:\\\/\\\/diariodelsurdigital.com.ar\\\/?p=8256\",\"name\":\"Advierten que las coberturas de vacunaci\u00f3n en Argentina est\u00e1n por debajo de los niveles recomendados - Diario del Sur\",\"isPartOf\":{\"@id\":\"https:\\\/\\\/diariodelsurdigital.com.ar\\\/#website\"},\"primaryImageOfPage\":{\"@id\":\"https:\\\/\\\/diariodelsurdigital.com.ar\\\/?p=8256#primaryimage\"},\"image\":{\"@id\":\"https:\\\/\\\/diariodelsurdigital.com.ar\\\/?p=8256#primaryimage\"},\"thumbnailUrl\":\"https:\\\/\\\/diariodelsurdigital.com.ar\\\/wp-content\\\/uploads\\\/2026\\\/04\\\/md-2026-04-27T095258.196.webp\",\"datePublished\":\"2026-04-27T12:54:36+00:00\",\"dateModified\":\"2026-04-27T12:54:37+00:00\",\"author\":{\"@id\":\"https:\\\/\\\/diariodelsurdigital.com.ar\\\/#\\\/schema\\\/person\\\/1a4992532ed62965c968031b49195c81\"},\"breadcrumb\":{\"@id\":\"https:\\\/\\\/diariodelsurdigital.com.ar\\\/?p=8256#breadcrumb\"},\"inLanguage\":\"es\",\"potentialAction\":[{\"@type\":\"ReadAction\",\"target\":[\"https:\\\/\\\/diariodelsurdigital.com.ar\\\/?p=8256\"]}]},{\"@type\":\"ImageObject\",\"inLanguage\":\"es\",\"@id\":\"https:\\\/\\\/diariodelsurdigital.com.ar\\\/?p=8256#primaryimage\",\"url\":\"https:\\\/\\\/diariodelsurdigital.com.ar\\\/wp-content\\\/uploads\\\/2026\\\/04\\\/md-2026-04-27T095258.196.webp\",\"contentUrl\":\"https:\\\/\\\/diariodelsurdigital.com.ar\\\/wp-content\\\/uploads\\\/2026\\\/04\\\/md-2026-04-27T095258.196.webp\",\"width\":992,\"height\":686},{\"@type\":\"BreadcrumbList\",\"@id\":\"https:\\\/\\\/diariodelsurdigital.com.ar\\\/?p=8256#breadcrumb\",\"itemListElement\":[{\"@type\":\"ListItem\",\"position\":1,\"name\":\"Portada\",\"item\":\"https:\\\/\\\/diariodelsurdigital.com.ar\\\/\"},{\"@type\":\"ListItem\",\"position\":2,\"name\":\"Advierten que las coberturas de vacunaci\u00f3n en Argentina est\u00e1n por debajo de los niveles recomendados\"}]},{\"@type\":\"WebSite\",\"@id\":\"https:\\\/\\\/diariodelsurdigital.com.ar\\\/#website\",\"url\":\"https:\\\/\\\/diariodelsurdigital.com.ar\\\/\",\"name\":\"Diario del Sur\",\"description\":\"Digital\",\"potentialAction\":[{\"@type\":\"SearchAction\",\"target\":{\"@type\":\"EntryPoint\",\"urlTemplate\":\"https:\\\/\\\/diariodelsurdigital.com.ar\\\/?s={search_term_string}\"},\"query-input\":{\"@type\":\"PropertyValueSpecification\",\"valueRequired\":true,\"valueName\":\"search_term_string\"}}],\"inLanguage\":\"es\"},{\"@type\":\"Person\",\"@id\":\"https:\\\/\\\/diariodelsurdigital.com.ar\\\/#\\\/schema\\\/person\\\/1a4992532ed62965c968031b49195c81\",\"name\":\"Diario del Sur Digital\",\"image\":{\"@type\":\"ImageObject\",\"inLanguage\":\"es\",\"@id\":\"https:\\\/\\\/secure.gravatar.com\\\/avatar\\\/f0c7c47fc7146d19828273b9b8eda651c9c7ab583767e6338d3d3bee825adf76?s=96&d=mm&r=g\",\"url\":\"https:\\\/\\\/secure.gravatar.com\\\/avatar\\\/f0c7c47fc7146d19828273b9b8eda651c9c7ab583767e6338d3d3bee825adf76?s=96&d=mm&r=g\",\"contentUrl\":\"https:\\\/\\\/secure.gravatar.com\\\/avatar\\\/f0c7c47fc7146d19828273b9b8eda651c9c7ab583767e6338d3d3bee825adf76?s=96&d=mm&r=g\",\"caption\":\"Diario del Sur Digital\"},\"url\":\"https:\\\/\\\/diariodelsurdigital.com.ar\\\/?author=4\"}]}<\/script>\n<!-- \/ Yoast SEO plugin. -->","yoast_head_json":{"title":"Advierten que las coberturas de vacunaci\u00f3n en Argentina est\u00e1n por debajo de los niveles recomendados - Diario del Sur","robots":{"index":"index","follow":"follow","max-snippet":"max-snippet:-1","max-image-preview":"max-image-preview:large","max-video-preview":"max-video-preview:-1"},"canonical":"https:\/\/diariodelsurdigital.com.ar\/?p=8256","og_locale":"es_ES","og_type":"article","og_title":"Advierten que las coberturas de vacunaci\u00f3n en Argentina est\u00e1n por debajo de los niveles recomendados - Diario del Sur","og_description":"Un informe del Centro de Implementaci\u00f3n de Pol\u00edticas P\u00fablicas para la Equidad y el Crecimiento (Cippec), alert\u00f3 que las coberturas de vacunaci\u00f3n en Argentina se mantienen por debajo del umbral necesario para garantizar la inmunidad colectiva, lo que aumenta el riesgo de reaparici\u00f3n de enfermedades que ya estaban controladas. El relevamiento, difundido en el marco [&hellip;]","og_url":"https:\/\/diariodelsurdigital.com.ar\/?p=8256","og_site_name":"Diario del Sur","article_published_time":"2026-04-27T12:54:36+00:00","article_modified_time":"2026-04-27T12:54:37+00:00","og_image":[{"width":992,"height":686,"url":"https:\/\/diariodelsurdigital.com.ar\/wp-content\/uploads\/2026\/04\/md-2026-04-27T095258.196.webp","type":"image\/webp"}],"author":"Diario del Sur Digital","twitter_card":"summary_large_image","twitter_misc":{"Escrito por":"Diario del Sur Digital","Tiempo de lectura":"3 minutos"},"schema":{"@context":"https:\/\/schema.org","@graph":[{"@type":"Article","@id":"https:\/\/diariodelsurdigital.com.ar\/?p=8256#article","isPartOf":{"@id":"https:\/\/diariodelsurdigital.com.ar\/?p=8256"},"author":{"name":"Diario del Sur Digital","@id":"https:\/\/diariodelsurdigital.com.ar\/#\/schema\/person\/1a4992532ed62965c968031b49195c81"},"headline":"Advierten que las coberturas de vacunaci\u00f3n en Argentina est\u00e1n por debajo de los niveles recomendados","datePublished":"2026-04-27T12:54:36+00:00","dateModified":"2026-04-27T12:54:37+00:00","mainEntityOfPage":{"@id":"https:\/\/diariodelsurdigital.com.ar\/?p=8256"},"wordCount":444,"commentCount":0,"image":{"@id":"https:\/\/diariodelsurdigital.com.ar\/?p=8256#primaryimage"},"thumbnailUrl":"https:\/\/diariodelsurdigital.com.ar\/wp-content\/uploads\/2026\/04\/md-2026-04-27T095258.196.webp","articleSection":["Inter\u00e9s General","Nacionales"],"inLanguage":"es","potentialAction":[{"@type":"CommentAction","name":"Comment","target":["https:\/\/diariodelsurdigital.com.ar\/?p=8256#respond"]}]},{"@type":"WebPage","@id":"https:\/\/diariodelsurdigital.com.ar\/?p=8256","url":"https:\/\/diariodelsurdigital.com.ar\/?p=8256","name":"Advierten que las coberturas de vacunaci\u00f3n en Argentina est\u00e1n por debajo de los niveles recomendados - Diario del Sur","isPartOf":{"@id":"https:\/\/diariodelsurdigital.com.ar\/#website"},"primaryImageOfPage":{"@id":"https:\/\/diariodelsurdigital.com.ar\/?p=8256#primaryimage"},"image":{"@id":"https:\/\/diariodelsurdigital.com.ar\/?p=8256#primaryimage"},"thumbnailUrl":"https:\/\/diariodelsurdigital.com.ar\/wp-content\/uploads\/2026\/04\/md-2026-04-27T095258.196.webp","datePublished":"2026-04-27T12:54:36+00:00","dateModified":"2026-04-27T12:54:37+00:00","author":{"@id":"https:\/\/diariodelsurdigital.com.ar\/#\/schema\/person\/1a4992532ed62965c968031b49195c81"},"breadcrumb":{"@id":"https:\/\/diariodelsurdigital.com.ar\/?p=8256#breadcrumb"},"inLanguage":"es","potentialAction":[{"@type":"ReadAction","target":["https:\/\/diariodelsurdigital.com.ar\/?p=8256"]}]},{"@type":"ImageObject","inLanguage":"es","@id":"https:\/\/diariodelsurdigital.com.ar\/?p=8256#primaryimage","url":"https:\/\/diariodelsurdigital.com.ar\/wp-content\/uploads\/2026\/04\/md-2026-04-27T095258.196.webp","contentUrl":"https:\/\/diariodelsurdigital.com.ar\/wp-content\/uploads\/2026\/04\/md-2026-04-27T095258.196.webp","width":992,"height":686},{"@type":"BreadcrumbList","@id":"https:\/\/diariodelsurdigital.com.ar\/?p=8256#breadcrumb","itemListElement":[{"@type":"ListItem","position":1,"name":"Portada","item":"https:\/\/diariodelsurdigital.com.ar\/"},{"@type":"ListItem","position":2,"name":"Advierten que las coberturas de vacunaci\u00f3n en Argentina est\u00e1n por debajo de los niveles recomendados"}]},{"@type":"WebSite","@id":"https:\/\/diariodelsurdigital.com.ar\/#website","url":"https:\/\/diariodelsurdigital.com.ar\/","name":"Diario del Sur","description":"Digital","potentialAction":[{"@type":"SearchAction","target":{"@type":"EntryPoint","urlTemplate":"https:\/\/diariodelsurdigital.com.ar\/?s={search_term_string}"},"query-input":{"@type":"PropertyValueSpecification","valueRequired":true,"valueName":"search_term_string"}}],"inLanguage":"es"},{"@type":"Person","@id":"https:\/\/diariodelsurdigital.com.ar\/#\/schema\/person\/1a4992532ed62965c968031b49195c81","name":"Diario del Sur Digital","image":{"@type":"ImageObject","inLanguage":"es","@id":"https:\/\/secure.gravatar.com\/avatar\/f0c7c47fc7146d19828273b9b8eda651c9c7ab583767e6338d3d3bee825adf76?s=96&d=mm&r=g","url":"https:\/\/secure.gravatar.com\/avatar\/f0c7c47fc7146d19828273b9b8eda651c9c7ab583767e6338d3d3bee825adf76?s=96&d=mm&r=g","contentUrl":"https:\/\/secure.gravatar.com\/avatar\/f0c7c47fc7146d19828273b9b8eda651c9c7ab583767e6338d3d3bee825adf76?s=96&d=mm&r=g","caption":"Diario del Sur Digital"},"url":"https:\/\/diariodelsurdigital.com.ar\/?author=4"}]}},"_links":{"self":[{"href":"https:\/\/diariodelsurdigital.com.ar\/index.php?rest_route=\/wp\/v2\/posts\/8256","targetHints":{"allow":["GET"]}}],"collection":[{"href":"https:\/\/diariodelsurdigital.com.ar\/index.php?rest_route=\/wp\/v2\/posts"}],"about":[{"href":"https:\/\/diariodelsurdigital.com.ar\/index.php?rest_route=\/wp\/v2\/types\/post"}],"author":[{"embeddable":true,"href":"https:\/\/diariodelsurdigital.com.ar\/index.php?rest_route=\/wp\/v2\/users\/4"}],"replies":[{"embeddable":true,"href":"https:\/\/diariodelsurdigital.com.ar\/index.php?rest_route=%2Fwp%2Fv2%2Fcomments&post=8256"}],"version-history":[{"count":1,"href":"https:\/\/diariodelsurdigital.com.ar\/index.php?rest_route=\/wp\/v2\/posts\/8256\/revisions"}],"predecessor-version":[{"id":8258,"href":"https:\/\/diariodelsurdigital.com.ar\/index.php?rest_route=\/wp\/v2\/posts\/8256\/revisions\/8258"}],"wp:featuredmedia":[{"embeddable":true,"href":"https:\/\/diariodelsurdigital.com.ar\/index.php?rest_route=\/wp\/v2\/media\/8257"}],"wp:attachment":[{"href":"https:\/\/diariodelsurdigital.com.ar\/index.php?rest_route=%2Fwp%2Fv2%2Fmedia&parent=8256"}],"wp:term":[{"taxonomy":"category","embeddable":true,"href":"https:\/\/diariodelsurdigital.com.ar\/index.php?rest_route=%2Fwp%2Fv2%2Fcategories&post=8256"},{"taxonomy":"post_tag","embeddable":true,"href":"https:\/\/diariodelsurdigital.com.ar\/index.php?rest_route=%2Fwp%2Fv2%2Ftags&post=8256"}],"curies":[{"name":"wp","href":"https:\/\/api.w.org\/{rel}","templated":true}]}}