{"id":8259,"date":"2026-04-27T14:28:35","date_gmt":"2026-04-27T17:28:35","guid":{"rendered":"https:\/\/diariodelsurdigital.com.ar\/?p=8259"},"modified":"2026-04-27T14:28:36","modified_gmt":"2026-04-27T17:28:36","slug":"las-cuentas-de-ferreyra-que-huelen-peor-que-la-basura-que-no-junta-azcue","status":"publish","type":"post","link":"https:\/\/diariodelsurdigital.com.ar\/?p=8259","title":{"rendered":"Las cuentas de Ferreyra que huelen peor que la basura que no junta Azcu\u00e9"},"content":{"rendered":"\n<h1 class=\"wp-block-heading\"><\/h1>\n\n\n\n<p><\/p>\n\n\n\n<p><strong>En Concordia, el Secretario de Hacienda, Pablo Ferreyra, parece haber descubierto la piedra filosofal de la administraci\u00f3n p\u00fablica: c\u00f3mo pagar m\u00e1s por un servicio que presta menos, y tener el tup\u00e9 de llamarlo \u00abeficiencia\u00bb. En un despliegue de equilibrismo verbal que roza lo ins\u00f3lito, el contador municipal intenta convencernos de que vaciarle el bolsillo al vecino para llenar los camiones de un privado es, en realidad, un ahorro patri\u00f3tico de 3.000 millones de pesos.<\/strong><\/p>\n\n\n\n<h3 class=\"wp-block-heading\">Las matem\u00e1ticas del absurdo<\/h3>\n\n\n\n<p>Las cifras que maneja el Palacio Municipal no resisten el menor an\u00e1lisis de un alumno de primaria. Los concordienses aportamos, a trav\u00e9s de la tasa de recolecci\u00f3n, unos&nbsp;<strong>396 millones de pesos<\/strong>. Pero, en un rapto de generosidad con la billetera ajena, la gesti\u00f3n decidi\u00f3 entregarle mensualmente&nbsp;<strong>250 millones de pesos<\/strong>&nbsp;a una empresa privada por limpiar apenas unas pocas zonas de la ciudad.<\/p>\n\n\n\n<p>Hagamos la cuenta que Ferreyra evita: si sumamos este desembolso al costo de mantener la misma planta de empleados municipales \u2014a quienes no se dej\u00f3 de pagarles un solo peso\u2014, el gasto adicional para la comuna trepa a los&nbsp;<strong>3.000 millones de pesos anuales<\/strong>.<\/p>\n\n\n\n<p>\u00bfSabe usted, vecino, qu\u00e9 se hace con ese dinero? Con lo que se le regala mensualmente a esta empresa, la Municipalidad podr\u00eda comprar un cami\u00f3n recolector y medio cada mes. En un a\u00f1o, Concordia tendr\u00eda una flota propia de \u00faltima generaci\u00f3n, nueva y eficiente, sin necesidad de tercerizar ni un gramo de basura. Pero claro, comprar camiones propios no parece ser tan \u00abatractivo\u00bb como alimentar la caja de un privado.<\/p>\n\n\n\n<h3 class=\"wp-block-heading\">Una empresa \u00abfantasma\u00bb con camiones de descarte<\/h3>\n\n\n\n<p>Lo m\u00e1s escandaloso no es solo cu\u00e1nto pagamos, sino a qui\u00e9n se lo pagamos. El rigor period\u00edstico nos obliga a poner la lupa sobre la beneficiaria: una empresa que, seg\u00fan trascendidos, ni siquiera estar\u00eda habilitada ni inscripta correctamente como proveedora.<\/p>\n\n\n\n<p>El \u00abmodelo de eficiencia\u00bb de Ferreyra se presta con unidades viejas y destartaladas. Es el mundo del rev\u00e9s: se justifica una \u00abemergencia ambiental\u00bb para contratar de apuro \u2014y a dedo\u2014 a una firma que no re\u00fane los requisitos m\u00ednimos para limpiar una vereda, bajo la rid\u00edcula promesa de que con apenas seis camiones se va a recolectar el residuo de toda la ciudad. Es una burla que roza lo delictivo.<\/p>\n\n\n\n<h3 class=\"wp-block-heading\">El estigma como cortina de humo<\/h3>\n\n\n\n<p>Para montar este escenario, el Cr. Ferreyra y el Intendente han recurrido a la receta m\u00e1s vieja y cobarde: estigmatizar al empleado p\u00fablico. Se instal\u00f3 el relato de la ineficiencia estatal para pavimentar el camino hacia un negocio privado.<\/p>\n\n\n\n<p>Ac\u00e1 nunca hubo una emergencia ambiental real; lo que hubo fue una&nbsp;<strong>emergencia de caja<\/strong>. Se cre\u00f3 un problema para vender una \u00absoluci\u00f3n\u00bb que nos sale m\u00e1s cara a todos. La maniobra es tan burda, tan grosera, que lo \u00fanico que supera la indignaci\u00f3n de los vecinos es el atronador silencio de la Justicia, que parece estar mirando para otro lado mientras el patrimonio de los concordienses se escurre entre bolsas de residuos y contratos dudosos.<\/p>\n\n\n\n<h3 class=\"wp-block-heading\">Sem\u00e1ntica para el saqueo: no es privatizaci\u00f3n, es \u00ablocaci\u00f3n\u00bb<\/h3>\n\n\n\n<p>Ferreyra, con la elegancia de quien oculta un elefante bajo la alfombra, se apresur\u00f3 a aclarar que esto no es una privatizaci\u00f3n ni una concesi\u00f3n. No, se\u00f1ores. T\u00e9cnicamente es una \u00ablocaci\u00f3n de servicio\u00bb. Es fascinante c\u00f3mo la terminolog\u00eda t\u00e9cnica puede usarse para maquillar la realidad: es como si un n\u00e1ufrago dijera que no se est\u00e1 hundiendo, sino que est\u00e1 realizando una \u00abinmersi\u00f3n prolongada no programada\u00bb.<\/p>\n\n\n\n<h3 class=\"wp-block-heading\">\u00bfEficiencia o incapacidad?<\/h3>\n\n\n\n<p>Ferreyra se pregunta con iron\u00eda:&nbsp;<em>\u201c\u00bfSi se puede prestar el servicio con seis camiones, por qu\u00e9 voy a tener 20?\u201d<\/em>. La pregunta correcta, se\u00f1or Secretario, es:&nbsp;<strong>\u00bfPor qu\u00e9 su gesti\u00f3n es tan incapaz de hacer funcionar 20 camiones propios que tiene que salir a pedirle permiso a un privado para que use seis?<\/strong>&nbsp;Hablar de \u00abeficiencia\u00bb cuando se admite que se redujo la calidad del servicio y que se est\u00e1 pagando por encima de lo que ingresa por tasa es, por lo menos, una falta de respeto a la inteligencia del ciudadano.<\/p>\n\n\n\n<p>Concordia asiste a un \u00abcambio cultural\u00bb, dice el funcionario. Y tiene raz\u00f3n. Es la cultura de la tercerizaci\u00f3n bajo sospecha, donde lo p\u00fablico se achica, el servicio empeora y el dinero de los contribuyentes termina en una \u00ablocaci\u00f3n\u00bb cuyos beneficios solo parecen ver los que firman el cheque desde el escritorio de Hacienda. Mientras tanto, el vecino se queda con el olor, la cuenta m\u00e1s cara y el relato de un ahorro que, al igual que el cami\u00f3n de basura, parece que nunca va a pasar.<\/p>\n\n\n\n<p><\/p>\n","protected":false},"excerpt":{"rendered":"<p>En Concordia, el Secretario de Hacienda, Pablo Ferreyra, parece haber descubierto la piedra filosofal de la administraci\u00f3n p\u00fablica: c\u00f3mo pagar m\u00e1s por un servicio que presta menos, y tener el tup\u00e9 de llamarlo \u00abeficiencia\u00bb. En un despliegue de equilibrismo verbal que roza lo ins\u00f3lito, el contador municipal intenta convencernos de que vaciarle el bolsillo al [&hellip;]<\/p>\n","protected":false},"author":3,"featured_media":8260,"comment_status":"open","ping_status":"open","sticky":false,"template":"","format":"standard","meta":{"footnotes":""},"categories":[19,16],"tags":[],"class_list":{"0":"post-8259","1":"post","2":"type-post","3":"status-publish","4":"format-standard","5":"has-post-thumbnail","7":"category-interes-general","8":"category-locales"},"yoast_head":"<!-- This site is optimized with the Yoast SEO plugin v27.4 - https:\/\/yoast.com\/product\/yoast-seo-wordpress\/ -->\n<title>Las cuentas de Ferreyra que huelen peor que la basura que no junta Azcu\u00e9 - Diario del Sur<\/title>\n<meta name=\"robots\" content=\"index, follow, max-snippet:-1, max-image-preview:large, max-video-preview:-1\" \/>\n<link rel=\"canonical\" href=\"https:\/\/diariodelsurdigital.com.ar\/?p=8259\" \/>\n<meta property=\"og:locale\" content=\"es_ES\" \/>\n<meta property=\"og:type\" content=\"article\" \/>\n<meta property=\"og:title\" content=\"Las cuentas de Ferreyra que huelen peor que la basura que no junta Azcu\u00e9 - Diario del Sur\" \/>\n<meta property=\"og:description\" content=\"En Concordia, el Secretario de Hacienda, Pablo Ferreyra, parece haber descubierto la piedra filosofal de la administraci\u00f3n p\u00fablica: c\u00f3mo pagar m\u00e1s por un servicio que presta menos, y tener el tup\u00e9 de llamarlo \u00abeficiencia\u00bb. En un despliegue de equilibrismo verbal que roza lo ins\u00f3lito, el contador municipal intenta convencernos de que vaciarle el bolsillo al [&hellip;]\" \/>\n<meta property=\"og:url\" content=\"https:\/\/diariodelsurdigital.com.ar\/?p=8259\" \/>\n<meta property=\"og:site_name\" content=\"Diario del Sur\" \/>\n<meta property=\"article:published_time\" content=\"2026-04-27T17:28:35+00:00\" \/>\n<meta property=\"article:modified_time\" content=\"2026-04-27T17:28:36+00:00\" \/>\n<meta property=\"og:image\" content=\"https:\/\/diariodelsurdigital.com.ar\/wp-content\/uploads\/2026\/04\/news_1777296425_8292949b70af60ed.jpg\" \/>\n\t<meta property=\"og:image:width\" content=\"615\" \/>\n\t<meta property=\"og:image:height\" content=\"328\" \/>\n\t<meta property=\"og:image:type\" content=\"image\/jpeg\" \/>\n<meta name=\"author\" content=\"Diario del Sur Digital\" \/>\n<meta name=\"twitter:card\" content=\"summary_large_image\" \/>\n<meta name=\"twitter:label1\" content=\"Escrito por\" \/>\n\t<meta name=\"twitter:data1\" content=\"Diario del Sur Digital\" \/>\n\t<meta name=\"twitter:label2\" content=\"Tiempo de lectura\" \/>\n\t<meta name=\"twitter:data2\" content=\"4 minutos\" \/>\n<script type=\"application\/ld+json\" class=\"yoast-schema-graph\">{\"@context\":\"https:\\\/\\\/schema.org\",\"@graph\":[{\"@type\":\"Article\",\"@id\":\"https:\\\/\\\/diariodelsurdigital.com.ar\\\/?p=8259#article\",\"isPartOf\":{\"@id\":\"https:\\\/\\\/diariodelsurdigital.com.ar\\\/?p=8259\"},\"author\":{\"name\":\"Diario del Sur Digital\",\"@id\":\"https:\\\/\\\/diariodelsurdigital.com.ar\\\/#\\\/schema\\\/person\\\/d794acb23337e88c6e4004a39c32be62\"},\"headline\":\"Las cuentas de Ferreyra que huelen peor que la basura que no junta Azcu\u00e9\",\"datePublished\":\"2026-04-27T17:28:35+00:00\",\"dateModified\":\"2026-04-27T17:28:36+00:00\",\"mainEntityOfPage\":{\"@id\":\"https:\\\/\\\/diariodelsurdigital.com.ar\\\/?p=8259\"},\"wordCount\":818,\"commentCount\":0,\"image\":{\"@id\":\"https:\\\/\\\/diariodelsurdigital.com.ar\\\/?p=8259#primaryimage\"},\"thumbnailUrl\":\"https:\\\/\\\/diariodelsurdigital.com.ar\\\/wp-content\\\/uploads\\\/2026\\\/04\\\/news_1777296425_8292949b70af60ed.jpg\",\"articleSection\":[\"Inter\u00e9s General\",\"Locales\"],\"inLanguage\":\"es\",\"potentialAction\":[{\"@type\":\"CommentAction\",\"name\":\"Comment\",\"target\":[\"https:\\\/\\\/diariodelsurdigital.com.ar\\\/?p=8259#respond\"]}]},{\"@type\":\"WebPage\",\"@id\":\"https:\\\/\\\/diariodelsurdigital.com.ar\\\/?p=8259\",\"url\":\"https:\\\/\\\/diariodelsurdigital.com.ar\\\/?p=8259\",\"name\":\"Las cuentas de Ferreyra que huelen peor que la basura que no junta Azcu\u00e9 - Diario del Sur\",\"isPartOf\":{\"@id\":\"https:\\\/\\\/diariodelsurdigital.com.ar\\\/#website\"},\"primaryImageOfPage\":{\"@id\":\"https:\\\/\\\/diariodelsurdigital.com.ar\\\/?p=8259#primaryimage\"},\"image\":{\"@id\":\"https:\\\/\\\/diariodelsurdigital.com.ar\\\/?p=8259#primaryimage\"},\"thumbnailUrl\":\"https:\\\/\\\/diariodelsurdigital.com.ar\\\/wp-content\\\/uploads\\\/2026\\\/04\\\/news_1777296425_8292949b70af60ed.jpg\",\"datePublished\":\"2026-04-27T17:28:35+00:00\",\"dateModified\":\"2026-04-27T17:28:36+00:00\",\"author\":{\"@id\":\"https:\\\/\\\/diariodelsurdigital.com.ar\\\/#\\\/schema\\\/person\\\/d794acb23337e88c6e4004a39c32be62\"},\"breadcrumb\":{\"@id\":\"https:\\\/\\\/diariodelsurdigital.com.ar\\\/?p=8259#breadcrumb\"},\"inLanguage\":\"es\",\"potentialAction\":[{\"@type\":\"ReadAction\",\"target\":[\"https:\\\/\\\/diariodelsurdigital.com.ar\\\/?p=8259\"]}]},{\"@type\":\"ImageObject\",\"inLanguage\":\"es\",\"@id\":\"https:\\\/\\\/diariodelsurdigital.com.ar\\\/?p=8259#primaryimage\",\"url\":\"https:\\\/\\\/diariodelsurdigital.com.ar\\\/wp-content\\\/uploads\\\/2026\\\/04\\\/news_1777296425_8292949b70af60ed.jpg\",\"contentUrl\":\"https:\\\/\\\/diariodelsurdigital.com.ar\\\/wp-content\\\/uploads\\\/2026\\\/04\\\/news_1777296425_8292949b70af60ed.jpg\",\"width\":615,\"height\":328},{\"@type\":\"BreadcrumbList\",\"@id\":\"https:\\\/\\\/diariodelsurdigital.com.ar\\\/?p=8259#breadcrumb\",\"itemListElement\":[{\"@type\":\"ListItem\",\"position\":1,\"name\":\"Portada\",\"item\":\"https:\\\/\\\/diariodelsurdigital.com.ar\\\/\"},{\"@type\":\"ListItem\",\"position\":2,\"name\":\"Las cuentas de Ferreyra que huelen peor que la basura que no junta Azcu\u00e9\"}]},{\"@type\":\"WebSite\",\"@id\":\"https:\\\/\\\/diariodelsurdigital.com.ar\\\/#website\",\"url\":\"https:\\\/\\\/diariodelsurdigital.com.ar\\\/\",\"name\":\"Diario del Sur\",\"description\":\"Digital\",\"potentialAction\":[{\"@type\":\"SearchAction\",\"target\":{\"@type\":\"EntryPoint\",\"urlTemplate\":\"https:\\\/\\\/diariodelsurdigital.com.ar\\\/?s={search_term_string}\"},\"query-input\":{\"@type\":\"PropertyValueSpecification\",\"valueRequired\":true,\"valueName\":\"search_term_string\"}}],\"inLanguage\":\"es\"},{\"@type\":\"Person\",\"@id\":\"https:\\\/\\\/diariodelsurdigital.com.ar\\\/#\\\/schema\\\/person\\\/d794acb23337e88c6e4004a39c32be62\",\"name\":\"Diario del Sur Digital\",\"image\":{\"@type\":\"ImageObject\",\"inLanguage\":\"es\",\"@id\":\"https:\\\/\\\/secure.gravatar.com\\\/avatar\\\/47679bcfa15734cfdefc176b6ad58adeeccac22b2e03e095ada6c622af2b463a?s=96&d=mm&r=g\",\"url\":\"https:\\\/\\\/secure.gravatar.com\\\/avatar\\\/47679bcfa15734cfdefc176b6ad58adeeccac22b2e03e095ada6c622af2b463a?s=96&d=mm&r=g\",\"contentUrl\":\"https:\\\/\\\/secure.gravatar.com\\\/avatar\\\/47679bcfa15734cfdefc176b6ad58adeeccac22b2e03e095ada6c622af2b463a?s=96&d=mm&r=g\",\"caption\":\"Diario del Sur Digital\"},\"url\":\"https:\\\/\\\/diariodelsurdigital.com.ar\\\/?author=3\"}]}<\/script>\n<!-- \/ Yoast SEO plugin. -->","yoast_head_json":{"title":"Las cuentas de Ferreyra que huelen peor que la basura que no junta Azcu\u00e9 - Diario del Sur","robots":{"index":"index","follow":"follow","max-snippet":"max-snippet:-1","max-image-preview":"max-image-preview:large","max-video-preview":"max-video-preview:-1"},"canonical":"https:\/\/diariodelsurdigital.com.ar\/?p=8259","og_locale":"es_ES","og_type":"article","og_title":"Las cuentas de Ferreyra que huelen peor que la basura que no junta Azcu\u00e9 - Diario del Sur","og_description":"En Concordia, el Secretario de Hacienda, Pablo Ferreyra, parece haber descubierto la piedra filosofal de la administraci\u00f3n p\u00fablica: c\u00f3mo pagar m\u00e1s por un servicio que presta menos, y tener el tup\u00e9 de llamarlo \u00abeficiencia\u00bb. En un despliegue de equilibrismo verbal que roza lo ins\u00f3lito, el contador municipal intenta convencernos de que vaciarle el bolsillo al [&hellip;]","og_url":"https:\/\/diariodelsurdigital.com.ar\/?p=8259","og_site_name":"Diario del Sur","article_published_time":"2026-04-27T17:28:35+00:00","article_modified_time":"2026-04-27T17:28:36+00:00","og_image":[{"width":615,"height":328,"url":"https:\/\/diariodelsurdigital.com.ar\/wp-content\/uploads\/2026\/04\/news_1777296425_8292949b70af60ed.jpg","type":"image\/jpeg"}],"author":"Diario del Sur Digital","twitter_card":"summary_large_image","twitter_misc":{"Escrito por":"Diario del Sur Digital","Tiempo de lectura":"4 minutos"},"schema":{"@context":"https:\/\/schema.org","@graph":[{"@type":"Article","@id":"https:\/\/diariodelsurdigital.com.ar\/?p=8259#article","isPartOf":{"@id":"https:\/\/diariodelsurdigital.com.ar\/?p=8259"},"author":{"name":"Diario del Sur Digital","@id":"https:\/\/diariodelsurdigital.com.ar\/#\/schema\/person\/d794acb23337e88c6e4004a39c32be62"},"headline":"Las cuentas de Ferreyra que huelen peor que la basura que no junta Azcu\u00e9","datePublished":"2026-04-27T17:28:35+00:00","dateModified":"2026-04-27T17:28:36+00:00","mainEntityOfPage":{"@id":"https:\/\/diariodelsurdigital.com.ar\/?p=8259"},"wordCount":818,"commentCount":0,"image":{"@id":"https:\/\/diariodelsurdigital.com.ar\/?p=8259#primaryimage"},"thumbnailUrl":"https:\/\/diariodelsurdigital.com.ar\/wp-content\/uploads\/2026\/04\/news_1777296425_8292949b70af60ed.jpg","articleSection":["Inter\u00e9s General","Locales"],"inLanguage":"es","potentialAction":[{"@type":"CommentAction","name":"Comment","target":["https:\/\/diariodelsurdigital.com.ar\/?p=8259#respond"]}]},{"@type":"WebPage","@id":"https:\/\/diariodelsurdigital.com.ar\/?p=8259","url":"https:\/\/diariodelsurdigital.com.ar\/?p=8259","name":"Las cuentas de Ferreyra que huelen peor que la basura que no junta Azcu\u00e9 - Diario del Sur","isPartOf":{"@id":"https:\/\/diariodelsurdigital.com.ar\/#website"},"primaryImageOfPage":{"@id":"https:\/\/diariodelsurdigital.com.ar\/?p=8259#primaryimage"},"image":{"@id":"https:\/\/diariodelsurdigital.com.ar\/?p=8259#primaryimage"},"thumbnailUrl":"https:\/\/diariodelsurdigital.com.ar\/wp-content\/uploads\/2026\/04\/news_1777296425_8292949b70af60ed.jpg","datePublished":"2026-04-27T17:28:35+00:00","dateModified":"2026-04-27T17:28:36+00:00","author":{"@id":"https:\/\/diariodelsurdigital.com.ar\/#\/schema\/person\/d794acb23337e88c6e4004a39c32be62"},"breadcrumb":{"@id":"https:\/\/diariodelsurdigital.com.ar\/?p=8259#breadcrumb"},"inLanguage":"es","potentialAction":[{"@type":"ReadAction","target":["https:\/\/diariodelsurdigital.com.ar\/?p=8259"]}]},{"@type":"ImageObject","inLanguage":"es","@id":"https:\/\/diariodelsurdigital.com.ar\/?p=8259#primaryimage","url":"https:\/\/diariodelsurdigital.com.ar\/wp-content\/uploads\/2026\/04\/news_1777296425_8292949b70af60ed.jpg","contentUrl":"https:\/\/diariodelsurdigital.com.ar\/wp-content\/uploads\/2026\/04\/news_1777296425_8292949b70af60ed.jpg","width":615,"height":328},{"@type":"BreadcrumbList","@id":"https:\/\/diariodelsurdigital.com.ar\/?p=8259#breadcrumb","itemListElement":[{"@type":"ListItem","position":1,"name":"Portada","item":"https:\/\/diariodelsurdigital.com.ar\/"},{"@type":"ListItem","position":2,"name":"Las cuentas de Ferreyra que huelen peor que la basura que no junta Azcu\u00e9"}]},{"@type":"WebSite","@id":"https:\/\/diariodelsurdigital.com.ar\/#website","url":"https:\/\/diariodelsurdigital.com.ar\/","name":"Diario del Sur","description":"Digital","potentialAction":[{"@type":"SearchAction","target":{"@type":"EntryPoint","urlTemplate":"https:\/\/diariodelsurdigital.com.ar\/?s={search_term_string}"},"query-input":{"@type":"PropertyValueSpecification","valueRequired":true,"valueName":"search_term_string"}}],"inLanguage":"es"},{"@type":"Person","@id":"https:\/\/diariodelsurdigital.com.ar\/#\/schema\/person\/d794acb23337e88c6e4004a39c32be62","name":"Diario del Sur Digital","image":{"@type":"ImageObject","inLanguage":"es","@id":"https:\/\/secure.gravatar.com\/avatar\/47679bcfa15734cfdefc176b6ad58adeeccac22b2e03e095ada6c622af2b463a?s=96&d=mm&r=g","url":"https:\/\/secure.gravatar.com\/avatar\/47679bcfa15734cfdefc176b6ad58adeeccac22b2e03e095ada6c622af2b463a?s=96&d=mm&r=g","contentUrl":"https:\/\/secure.gravatar.com\/avatar\/47679bcfa15734cfdefc176b6ad58adeeccac22b2e03e095ada6c622af2b463a?s=96&d=mm&r=g","caption":"Diario del Sur Digital"},"url":"https:\/\/diariodelsurdigital.com.ar\/?author=3"}]}},"_links":{"self":[{"href":"https:\/\/diariodelsurdigital.com.ar\/index.php?rest_route=\/wp\/v2\/posts\/8259","targetHints":{"allow":["GET"]}}],"collection":[{"href":"https:\/\/diariodelsurdigital.com.ar\/index.php?rest_route=\/wp\/v2\/posts"}],"about":[{"href":"https:\/\/diariodelsurdigital.com.ar\/index.php?rest_route=\/wp\/v2\/types\/post"}],"author":[{"embeddable":true,"href":"https:\/\/diariodelsurdigital.com.ar\/index.php?rest_route=\/wp\/v2\/users\/3"}],"replies":[{"embeddable":true,"href":"https:\/\/diariodelsurdigital.com.ar\/index.php?rest_route=%2Fwp%2Fv2%2Fcomments&post=8259"}],"version-history":[{"count":1,"href":"https:\/\/diariodelsurdigital.com.ar\/index.php?rest_route=\/wp\/v2\/posts\/8259\/revisions"}],"predecessor-version":[{"id":8261,"href":"https:\/\/diariodelsurdigital.com.ar\/index.php?rest_route=\/wp\/v2\/posts\/8259\/revisions\/8261"}],"wp:featuredmedia":[{"embeddable":true,"href":"https:\/\/diariodelsurdigital.com.ar\/index.php?rest_route=\/wp\/v2\/media\/8260"}],"wp:attachment":[{"href":"https:\/\/diariodelsurdigital.com.ar\/index.php?rest_route=%2Fwp%2Fv2%2Fmedia&parent=8259"}],"wp:term":[{"taxonomy":"category","embeddable":true,"href":"https:\/\/diariodelsurdigital.com.ar\/index.php?rest_route=%2Fwp%2Fv2%2Fcategories&post=8259"},{"taxonomy":"post_tag","embeddable":true,"href":"https:\/\/diariodelsurdigital.com.ar\/index.php?rest_route=%2Fwp%2Fv2%2Ftags&post=8259"}],"curies":[{"name":"wp","href":"https:\/\/api.w.org\/{rel}","templated":true}]}}