{"id":8263,"date":"2026-04-28T10:54:07","date_gmt":"2026-04-28T13:54:07","guid":{"rendered":"https:\/\/diariodelsurdigital.com.ar\/?p=8263"},"modified":"2026-04-28T10:54:08","modified_gmt":"2026-04-28T13:54:08","slug":"correo-argentino-el-gremio-denuncia-despidos-masivos-y-ratifica-el-paro-de-48-horas","status":"publish","type":"post","link":"https:\/\/diariodelsurdigital.com.ar\/?p=8263","title":{"rendered":"Correo Argentino: El gremio denuncia despidos masivos y ratifica el paro de 48 horas"},"content":{"rendered":"\n<p>La Federaci\u00f3n de Obreros y Empleados de Correos y Telecomunicaciones (Foecyt) calific\u00f3 de \u201cmercenarios\u201d a los directivos de la empresa estatal tras el env\u00edo de telegramas de despidos en todo el pa\u00eds. Exigen la reincorporaci\u00f3n inmediata y un bono de $840.000 para paliar salarios de \u201cindigencia\u201d.<\/p>\n\n\n\n<p>El conflicto en el Correo Argentino cruz\u00f3 un punto de no retorno. En las \u00faltimas horas, Foecyt denunci\u00f3 una ola de despidos masivos que afecta a sucursales de todo el territorio nacional. Seg\u00fan el gremio, la empresa comenz\u00f3 a enviar telegramas bajo la figura de \u201cinjurias laborales graves\u201d, una maniobra que la organizaci\u00f3n califica como una \u201ccampa\u00f1a del terror\u201d in\u00e9dita en tiempos democr\u00e1ticos. Desde la organizaci\u00f3n aseguran que la empresa busca disciplinar a los trabajadores tras las medidas de fuerza anunciadas este lunes.<\/p>\n\n\n\n<p>La situaci\u00f3n no solo afecta la estabilidad de las familias trabajadoras, sino que, seg\u00fan el comunicado oficial emitido este lunes, la magnitud de las cesant\u00edas dej\u00f3 \u00absin operaci\u00f3n plantas enteras\u00bb, lo que anticipa un colapso inminente en el servicio postal p\u00fablico.<\/p>\n\n\n\n<p>Un plan de lucha con fecha de huelga general<br>El gremio hab\u00eda lanzado esta ma\u00f1ana un paquete de medidas de fuerza, respaldado por el reciente Congreso Nacional de la entidad realizado en Santa Fe, que, no solo se sostendr\u00e1 tras los despidos, sino que ir\u00e1 en aumento:<\/p>\n\n\n\n<p>Desde el 27 de abril: Estado de alerta permanente y trabajo a reglamento.<br>30 de abril: Movilizaci\u00f3n masiva en conjunto con la CGT.<br>4 y 5 de mayo: Paro total de actividades por 48 horas sin asistencia a los lugares de trabajo.<br>6 al 8 de mayo: Continuidad del trabajo a reglamento.<br>\u201cSalarios de indigencia\u201d y promesas rotas<br>Desde la conducci\u00f3n que encabeza Alberto Cejas, se\u00f1alan que el trasfondo de estos despidos es un intento de disciplinar el leg\u00edtimo reclamo por una recomposici\u00f3n de ingresos. El gremio sostiene que los trabajadores perciben hoy \u201csalarios de indigencia\u201d y denuncian el cinismo de los directivos mientras ajustan la plantilla, hablando de alcanzar un supuesto \u201cpunto de equilibrio\u201d y mejoras en la productividad.<\/p>\n\n\n\n<p>\u00abNuestro m\u00e1ximo pecado fue levantar la voz ante la injusticia de un salario de indigencia y la decepci\u00f3n por las promesas incumplidas de un Directorio\u00bb, apuntaron desde la entidad gremial en su descargo.<\/p>\n\n\n\n<p>Las exigencias: Bono de 840 mil pesos y paritarias<br>M\u00e1s all\u00e1 de la urgencia por las reincorporaciones, Foecyt mantiene firme su pliego de reivindicaciones. La organizaci\u00f3n exige el pago de un bono extraordinario de $840.000, distribuido en cuatro cuotas, para intentar frenar la licuaci\u00f3n del poder adquisitivo del sector.<\/p>\n\n\n\n<p>Asimismo, rechazan cualquier imposici\u00f3n unilateral de la empresa y demandan la reapertura inmediata de las paritarias. Con plantas paralizadas y el env\u00edo de telegramas a\u00fan en curso, el sindicato advirti\u00f3 que no habr\u00e1 tregua: \u201cNo vamos a resignar puestos de trabajo, vamos a luchar por la reincorporaci\u00f3n de todos y cada uno de los afectados\u201d, public\u00f3 Mundo Gremial.<\/p>\n","protected":false},"excerpt":{"rendered":"<p>La Federaci\u00f3n de Obreros y Empleados de Correos y Telecomunicaciones (Foecyt) calific\u00f3 de \u201cmercenarios\u201d a los directivos de la empresa estatal tras el env\u00edo de telegramas de despidos en todo el pa\u00eds. Exigen la reincorporaci\u00f3n inmediata y un bono de $840.000 para paliar salarios de \u201cindigencia\u201d. El conflicto en el Correo Argentino cruz\u00f3 un punto [&hellip;]<\/p>\n","protected":false},"author":4,"featured_media":8264,"comment_status":"open","ping_status":"open","sticky":false,"template":"","format":"standard","meta":{"footnotes":""},"categories":[19,18],"tags":[],"class_list":{"0":"post-8263","1":"post","2":"type-post","3":"status-publish","4":"format-standard","5":"has-post-thumbnail","7":"category-interes-general","8":"category-nacionales"},"yoast_head":"<!-- This site is optimized with the Yoast SEO plugin v27.4 - https:\/\/yoast.com\/product\/yoast-seo-wordpress\/ -->\n<title>Correo Argentino: El gremio denuncia despidos masivos y ratifica el paro de 48 horas - Diario del Sur<\/title>\n<meta name=\"robots\" content=\"index, follow, max-snippet:-1, max-image-preview:large, max-video-preview:-1\" \/>\n<link rel=\"canonical\" href=\"https:\/\/diariodelsurdigital.com.ar\/?p=8263\" \/>\n<meta property=\"og:locale\" content=\"es_ES\" \/>\n<meta property=\"og:type\" content=\"article\" \/>\n<meta property=\"og:title\" content=\"Correo Argentino: El gremio denuncia despidos masivos y ratifica el paro de 48 horas - Diario del Sur\" \/>\n<meta property=\"og:description\" content=\"La Federaci\u00f3n de Obreros y Empleados de Correos y Telecomunicaciones (Foecyt) calific\u00f3 de \u201cmercenarios\u201d a los directivos de la empresa estatal tras el env\u00edo de telegramas de despidos en todo el pa\u00eds. Exigen la reincorporaci\u00f3n inmediata y un bono de $840.000 para paliar salarios de \u201cindigencia\u201d. El conflicto en el Correo Argentino cruz\u00f3 un punto [&hellip;]\" \/>\n<meta property=\"og:url\" content=\"https:\/\/diariodelsurdigital.com.ar\/?p=8263\" \/>\n<meta property=\"og:site_name\" content=\"Diario del Sur\" \/>\n<meta property=\"article:published_time\" content=\"2026-04-28T13:54:07+00:00\" \/>\n<meta property=\"article:modified_time\" content=\"2026-04-28T13:54:08+00:00\" \/>\n<meta property=\"og:image\" content=\"https:\/\/diariodelsurdigital.com.ar\/wp-content\/uploads\/2026\/04\/md-2026-04-28T105245.163.webp\" \/>\n\t<meta property=\"og:image:width\" content=\"992\" \/>\n\t<meta property=\"og:image:height\" content=\"628\" \/>\n\t<meta property=\"og:image:type\" content=\"image\/webp\" \/>\n<meta name=\"author\" content=\"Diario del Sur Digital\" \/>\n<meta name=\"twitter:card\" content=\"summary_large_image\" \/>\n<meta name=\"twitter:label1\" content=\"Escrito por\" \/>\n\t<meta name=\"twitter:data1\" content=\"Diario del Sur Digital\" \/>\n\t<meta name=\"twitter:label2\" content=\"Tiempo de lectura\" \/>\n\t<meta name=\"twitter:data2\" content=\"3 minutos\" \/>\n<script type=\"application\/ld+json\" class=\"yoast-schema-graph\">{\"@context\":\"https:\\\/\\\/schema.org\",\"@graph\":[{\"@type\":\"Article\",\"@id\":\"https:\\\/\\\/diariodelsurdigital.com.ar\\\/?p=8263#article\",\"isPartOf\":{\"@id\":\"https:\\\/\\\/diariodelsurdigital.com.ar\\\/?p=8263\"},\"author\":{\"name\":\"Diario del Sur Digital\",\"@id\":\"https:\\\/\\\/diariodelsurdigital.com.ar\\\/#\\\/schema\\\/person\\\/1a4992532ed62965c968031b49195c81\"},\"headline\":\"Correo Argentino: El gremio denuncia despidos masivos y ratifica el paro de 48 horas\",\"datePublished\":\"2026-04-28T13:54:07+00:00\",\"dateModified\":\"2026-04-28T13:54:08+00:00\",\"mainEntityOfPage\":{\"@id\":\"https:\\\/\\\/diariodelsurdigital.com.ar\\\/?p=8263\"},\"wordCount\":508,\"commentCount\":0,\"image\":{\"@id\":\"https:\\\/\\\/diariodelsurdigital.com.ar\\\/?p=8263#primaryimage\"},\"thumbnailUrl\":\"https:\\\/\\\/diariodelsurdigital.com.ar\\\/wp-content\\\/uploads\\\/2026\\\/04\\\/md-2026-04-28T105245.163.webp\",\"articleSection\":[\"Inter\u00e9s General\",\"Nacionales\"],\"inLanguage\":\"es\",\"potentialAction\":[{\"@type\":\"CommentAction\",\"name\":\"Comment\",\"target\":[\"https:\\\/\\\/diariodelsurdigital.com.ar\\\/?p=8263#respond\"]}]},{\"@type\":\"WebPage\",\"@id\":\"https:\\\/\\\/diariodelsurdigital.com.ar\\\/?p=8263\",\"url\":\"https:\\\/\\\/diariodelsurdigital.com.ar\\\/?p=8263\",\"name\":\"Correo Argentino: El gremio denuncia despidos masivos y ratifica el paro de 48 horas - Diario del Sur\",\"isPartOf\":{\"@id\":\"https:\\\/\\\/diariodelsurdigital.com.ar\\\/#website\"},\"primaryImageOfPage\":{\"@id\":\"https:\\\/\\\/diariodelsurdigital.com.ar\\\/?p=8263#primaryimage\"},\"image\":{\"@id\":\"https:\\\/\\\/diariodelsurdigital.com.ar\\\/?p=8263#primaryimage\"},\"thumbnailUrl\":\"https:\\\/\\\/diariodelsurdigital.com.ar\\\/wp-content\\\/uploads\\\/2026\\\/04\\\/md-2026-04-28T105245.163.webp\",\"datePublished\":\"2026-04-28T13:54:07+00:00\",\"dateModified\":\"2026-04-28T13:54:08+00:00\",\"author\":{\"@id\":\"https:\\\/\\\/diariodelsurdigital.com.ar\\\/#\\\/schema\\\/person\\\/1a4992532ed62965c968031b49195c81\"},\"breadcrumb\":{\"@id\":\"https:\\\/\\\/diariodelsurdigital.com.ar\\\/?p=8263#breadcrumb\"},\"inLanguage\":\"es\",\"potentialAction\":[{\"@type\":\"ReadAction\",\"target\":[\"https:\\\/\\\/diariodelsurdigital.com.ar\\\/?p=8263\"]}]},{\"@type\":\"ImageObject\",\"inLanguage\":\"es\",\"@id\":\"https:\\\/\\\/diariodelsurdigital.com.ar\\\/?p=8263#primaryimage\",\"url\":\"https:\\\/\\\/diariodelsurdigital.com.ar\\\/wp-content\\\/uploads\\\/2026\\\/04\\\/md-2026-04-28T105245.163.webp\",\"contentUrl\":\"https:\\\/\\\/diariodelsurdigital.com.ar\\\/wp-content\\\/uploads\\\/2026\\\/04\\\/md-2026-04-28T105245.163.webp\",\"width\":992,\"height\":628},{\"@type\":\"BreadcrumbList\",\"@id\":\"https:\\\/\\\/diariodelsurdigital.com.ar\\\/?p=8263#breadcrumb\",\"itemListElement\":[{\"@type\":\"ListItem\",\"position\":1,\"name\":\"Portada\",\"item\":\"https:\\\/\\\/diariodelsurdigital.com.ar\\\/\"},{\"@type\":\"ListItem\",\"position\":2,\"name\":\"Correo Argentino: El gremio denuncia despidos masivos y ratifica el paro de 48 horas\"}]},{\"@type\":\"WebSite\",\"@id\":\"https:\\\/\\\/diariodelsurdigital.com.ar\\\/#website\",\"url\":\"https:\\\/\\\/diariodelsurdigital.com.ar\\\/\",\"name\":\"Diario del Sur\",\"description\":\"Digital\",\"potentialAction\":[{\"@type\":\"SearchAction\",\"target\":{\"@type\":\"EntryPoint\",\"urlTemplate\":\"https:\\\/\\\/diariodelsurdigital.com.ar\\\/?s={search_term_string}\"},\"query-input\":{\"@type\":\"PropertyValueSpecification\",\"valueRequired\":true,\"valueName\":\"search_term_string\"}}],\"inLanguage\":\"es\"},{\"@type\":\"Person\",\"@id\":\"https:\\\/\\\/diariodelsurdigital.com.ar\\\/#\\\/schema\\\/person\\\/1a4992532ed62965c968031b49195c81\",\"name\":\"Diario del Sur Digital\",\"image\":{\"@type\":\"ImageObject\",\"inLanguage\":\"es\",\"@id\":\"https:\\\/\\\/secure.gravatar.com\\\/avatar\\\/f0c7c47fc7146d19828273b9b8eda651c9c7ab583767e6338d3d3bee825adf76?s=96&d=mm&r=g\",\"url\":\"https:\\\/\\\/secure.gravatar.com\\\/avatar\\\/f0c7c47fc7146d19828273b9b8eda651c9c7ab583767e6338d3d3bee825adf76?s=96&d=mm&r=g\",\"contentUrl\":\"https:\\\/\\\/secure.gravatar.com\\\/avatar\\\/f0c7c47fc7146d19828273b9b8eda651c9c7ab583767e6338d3d3bee825adf76?s=96&d=mm&r=g\",\"caption\":\"Diario del Sur Digital\"},\"url\":\"https:\\\/\\\/diariodelsurdigital.com.ar\\\/?author=4\"}]}<\/script>\n<!-- \/ Yoast SEO plugin. -->","yoast_head_json":{"title":"Correo Argentino: El gremio denuncia despidos masivos y ratifica el paro de 48 horas - Diario del Sur","robots":{"index":"index","follow":"follow","max-snippet":"max-snippet:-1","max-image-preview":"max-image-preview:large","max-video-preview":"max-video-preview:-1"},"canonical":"https:\/\/diariodelsurdigital.com.ar\/?p=8263","og_locale":"es_ES","og_type":"article","og_title":"Correo Argentino: El gremio denuncia despidos masivos y ratifica el paro de 48 horas - Diario del Sur","og_description":"La Federaci\u00f3n de Obreros y Empleados de Correos y Telecomunicaciones (Foecyt) calific\u00f3 de \u201cmercenarios\u201d a los directivos de la empresa estatal tras el env\u00edo de telegramas de despidos en todo el pa\u00eds. Exigen la reincorporaci\u00f3n inmediata y un bono de $840.000 para paliar salarios de \u201cindigencia\u201d. El conflicto en el Correo Argentino cruz\u00f3 un punto [&hellip;]","og_url":"https:\/\/diariodelsurdigital.com.ar\/?p=8263","og_site_name":"Diario del Sur","article_published_time":"2026-04-28T13:54:07+00:00","article_modified_time":"2026-04-28T13:54:08+00:00","og_image":[{"width":992,"height":628,"url":"https:\/\/diariodelsurdigital.com.ar\/wp-content\/uploads\/2026\/04\/md-2026-04-28T105245.163.webp","type":"image\/webp"}],"author":"Diario del Sur Digital","twitter_card":"summary_large_image","twitter_misc":{"Escrito por":"Diario del Sur Digital","Tiempo de lectura":"3 minutos"},"schema":{"@context":"https:\/\/schema.org","@graph":[{"@type":"Article","@id":"https:\/\/diariodelsurdigital.com.ar\/?p=8263#article","isPartOf":{"@id":"https:\/\/diariodelsurdigital.com.ar\/?p=8263"},"author":{"name":"Diario del Sur Digital","@id":"https:\/\/diariodelsurdigital.com.ar\/#\/schema\/person\/1a4992532ed62965c968031b49195c81"},"headline":"Correo Argentino: El gremio denuncia despidos masivos y ratifica el paro de 48 horas","datePublished":"2026-04-28T13:54:07+00:00","dateModified":"2026-04-28T13:54:08+00:00","mainEntityOfPage":{"@id":"https:\/\/diariodelsurdigital.com.ar\/?p=8263"},"wordCount":508,"commentCount":0,"image":{"@id":"https:\/\/diariodelsurdigital.com.ar\/?p=8263#primaryimage"},"thumbnailUrl":"https:\/\/diariodelsurdigital.com.ar\/wp-content\/uploads\/2026\/04\/md-2026-04-28T105245.163.webp","articleSection":["Inter\u00e9s General","Nacionales"],"inLanguage":"es","potentialAction":[{"@type":"CommentAction","name":"Comment","target":["https:\/\/diariodelsurdigital.com.ar\/?p=8263#respond"]}]},{"@type":"WebPage","@id":"https:\/\/diariodelsurdigital.com.ar\/?p=8263","url":"https:\/\/diariodelsurdigital.com.ar\/?p=8263","name":"Correo Argentino: El gremio denuncia despidos masivos y ratifica el paro de 48 horas - Diario del Sur","isPartOf":{"@id":"https:\/\/diariodelsurdigital.com.ar\/#website"},"primaryImageOfPage":{"@id":"https:\/\/diariodelsurdigital.com.ar\/?p=8263#primaryimage"},"image":{"@id":"https:\/\/diariodelsurdigital.com.ar\/?p=8263#primaryimage"},"thumbnailUrl":"https:\/\/diariodelsurdigital.com.ar\/wp-content\/uploads\/2026\/04\/md-2026-04-28T105245.163.webp","datePublished":"2026-04-28T13:54:07+00:00","dateModified":"2026-04-28T13:54:08+00:00","author":{"@id":"https:\/\/diariodelsurdigital.com.ar\/#\/schema\/person\/1a4992532ed62965c968031b49195c81"},"breadcrumb":{"@id":"https:\/\/diariodelsurdigital.com.ar\/?p=8263#breadcrumb"},"inLanguage":"es","potentialAction":[{"@type":"ReadAction","target":["https:\/\/diariodelsurdigital.com.ar\/?p=8263"]}]},{"@type":"ImageObject","inLanguage":"es","@id":"https:\/\/diariodelsurdigital.com.ar\/?p=8263#primaryimage","url":"https:\/\/diariodelsurdigital.com.ar\/wp-content\/uploads\/2026\/04\/md-2026-04-28T105245.163.webp","contentUrl":"https:\/\/diariodelsurdigital.com.ar\/wp-content\/uploads\/2026\/04\/md-2026-04-28T105245.163.webp","width":992,"height":628},{"@type":"BreadcrumbList","@id":"https:\/\/diariodelsurdigital.com.ar\/?p=8263#breadcrumb","itemListElement":[{"@type":"ListItem","position":1,"name":"Portada","item":"https:\/\/diariodelsurdigital.com.ar\/"},{"@type":"ListItem","position":2,"name":"Correo Argentino: El gremio denuncia despidos masivos y ratifica el paro de 48 horas"}]},{"@type":"WebSite","@id":"https:\/\/diariodelsurdigital.com.ar\/#website","url":"https:\/\/diariodelsurdigital.com.ar\/","name":"Diario del Sur","description":"Digital","potentialAction":[{"@type":"SearchAction","target":{"@type":"EntryPoint","urlTemplate":"https:\/\/diariodelsurdigital.com.ar\/?s={search_term_string}"},"query-input":{"@type":"PropertyValueSpecification","valueRequired":true,"valueName":"search_term_string"}}],"inLanguage":"es"},{"@type":"Person","@id":"https:\/\/diariodelsurdigital.com.ar\/#\/schema\/person\/1a4992532ed62965c968031b49195c81","name":"Diario del Sur Digital","image":{"@type":"ImageObject","inLanguage":"es","@id":"https:\/\/secure.gravatar.com\/avatar\/f0c7c47fc7146d19828273b9b8eda651c9c7ab583767e6338d3d3bee825adf76?s=96&d=mm&r=g","url":"https:\/\/secure.gravatar.com\/avatar\/f0c7c47fc7146d19828273b9b8eda651c9c7ab583767e6338d3d3bee825adf76?s=96&d=mm&r=g","contentUrl":"https:\/\/secure.gravatar.com\/avatar\/f0c7c47fc7146d19828273b9b8eda651c9c7ab583767e6338d3d3bee825adf76?s=96&d=mm&r=g","caption":"Diario del Sur Digital"},"url":"https:\/\/diariodelsurdigital.com.ar\/?author=4"}]}},"_links":{"self":[{"href":"https:\/\/diariodelsurdigital.com.ar\/index.php?rest_route=\/wp\/v2\/posts\/8263","targetHints":{"allow":["GET"]}}],"collection":[{"href":"https:\/\/diariodelsurdigital.com.ar\/index.php?rest_route=\/wp\/v2\/posts"}],"about":[{"href":"https:\/\/diariodelsurdigital.com.ar\/index.php?rest_route=\/wp\/v2\/types\/post"}],"author":[{"embeddable":true,"href":"https:\/\/diariodelsurdigital.com.ar\/index.php?rest_route=\/wp\/v2\/users\/4"}],"replies":[{"embeddable":true,"href":"https:\/\/diariodelsurdigital.com.ar\/index.php?rest_route=%2Fwp%2Fv2%2Fcomments&post=8263"}],"version-history":[{"count":1,"href":"https:\/\/diariodelsurdigital.com.ar\/index.php?rest_route=\/wp\/v2\/posts\/8263\/revisions"}],"predecessor-version":[{"id":8265,"href":"https:\/\/diariodelsurdigital.com.ar\/index.php?rest_route=\/wp\/v2\/posts\/8263\/revisions\/8265"}],"wp:featuredmedia":[{"embeddable":true,"href":"https:\/\/diariodelsurdigital.com.ar\/index.php?rest_route=\/wp\/v2\/media\/8264"}],"wp:attachment":[{"href":"https:\/\/diariodelsurdigital.com.ar\/index.php?rest_route=%2Fwp%2Fv2%2Fmedia&parent=8263"}],"wp:term":[{"taxonomy":"category","embeddable":true,"href":"https:\/\/diariodelsurdigital.com.ar\/index.php?rest_route=%2Fwp%2Fv2%2Fcategories&post=8263"},{"taxonomy":"post_tag","embeddable":true,"href":"https:\/\/diariodelsurdigital.com.ar\/index.php?rest_route=%2Fwp%2Fv2%2Ftags&post=8263"}],"curies":[{"name":"wp","href":"https:\/\/api.w.org\/{rel}","templated":true}]}}